{"id":1104,"date":"2018-09-20T09:48:05","date_gmt":"2018-09-20T12:48:05","guid":{"rendered":"https:\/\/previews.elleven.digital\/acocearense\/?p=1104"},"modified":"2025-05-07T09:48:50","modified_gmt":"2025-05-07T12:48:50","slug":"corte-e-dobra-de-chapas-de-aco-como-agregar-valor-ao-seu-negocio","status":"publish","type":"post","link":"https:\/\/previews.elleven.digital\/acocearense\/corte-e-dobra-de-chapas-de-aco-como-agregar-valor-ao-seu-negocio\/","title":{"rendered":"Corte e dobra de chapas de a\u00e7o: como agregar valor ao seu neg\u00f3cio"},"content":{"rendered":"<p>Diversos projetos industriais exigem pe\u00e7as extremamente espec\u00edficas para cada finalidade. Mesmo que algumas partes sejam fabricadas\u00a0em massa, o objeto que ser\u00e1 produzido\u00a0pode\u00a0ser feito sob medida. Para isso, \u00e9 realizado um processo de corte e dobra de\u00a0<a href=\"https:\/\/previews.elleven.digital\/acocearense\/blog\/gestao-de-estoque\/conheca-os-principais-perfis-estruturais-do-aco\/\" target=\"_blank\" rel=\"noopener noreferrer\">chapas de a\u00e7o<\/a>, at\u00e9 que a estrutura seja a mais adequada poss\u00edvel \u00e0s exig\u00eancias feitas.<\/p>\n<p>A boa execu\u00e7\u00e3o desse processo \u00e9 fundamental para a qualidade de qualquer mecanismo, estrutura met\u00e1lica e pe\u00e7a que voc\u00ea venha a produzir ou utilizar em seu neg\u00f3cio; seja para prop\u00f3sitos industriais ou para desenvolvimentos mais \u201cartesanais\u201d.<\/p>\n<p>Quer entender melhor sobre o processo\u00a0para agregar mais valor \u00e0 sua empresa? Basta continuar a leitura para conferir!<\/p>\n<h2>Mais servi\u00e7os elevam suas oportunidades de ganho<\/h2>\n<p>Tudo come\u00e7a com o planejamento adequado da pe\u00e7a. Para isso, \u00e9 criada uma planta com base nas dimens\u00f5es e dobras que essa estrutura deve ter, o que facilita o corte e dobra de chapas de a\u00e7o. A partir disso, \u00e9 poss\u00edvel definir a ordem na qual essas dobras devem ser realizadas para otimizar o processo.<\/p>\n<p>Em neg\u00f3cios que lidam com metais regularmente, como lojas de ferragens e materiais de constru\u00e7\u00e3o, pode ser \u00fatil conseguir produzir ou manusear as pr\u00f3prias pe\u00e7as, mesmo que apenas de forma simples. Isso permite expandir bastante a quantidade de clientes, al\u00e9m de possibilitar servi\u00e7os feitos sob medida para um p\u00fablico mais exigente.<\/p>\n<h2>Cortes e dobras tradicionais<\/h2>\n<p>O m\u00e9todo tradicional de corte e dobra de chapas envolve processos mais simples. Por\u00e9m, isso depende bastante da habilidade e precis\u00e3o do profissional envolvido. Primeiro \u00e9 feito um corte a frio por meio\u00a0de uma guilhotina ou ferramenta autom\u00e1tica, mais eficaz em pe\u00e7as menores. Al\u00e9m de consumir menos energia e apresentar menor risco, esse trabalho tamb\u00e9m pode ser feito com mais rapidez.<\/p>\n<p>Em seguida, as dobras podem ser feitas por for\u00e7a humana simples ou enquanto o material est\u00e1 aquecido, usando marcas na chapa de a\u00e7o em quest\u00e3o para guiar o trabalho. Se feito de forma puramente manual, o processo estar\u00e1 sujeito a v\u00e1rios erros, ent\u00e3o,\u00a0\u00e9 usada uma viradeira para modificar a forma da pe\u00e7a.<\/p>\n<h2>Cortes e dobras complexos<\/h2>\n<p>Em alguns casos, o processo de corte e dobra de chapas de a\u00e7o pode apresentar muito mais detalhamento; exigindo um n\u00edvel de precis\u00e3o bem cir\u00fargico. Nesses casos, s\u00e3o usados equipamentos espec\u00edficos.<\/p>\n<p>A m\u00e1quina mais conhecida para a tarefa \u00e9 a cortadora a laser ou plasma, a mais comum nos \u00faltimos anos. Trata-se de um aparelho que pode usar o desenho do projeto como base para realizar cortes extremamente precisos; garantindo o melhor encaixe poss\u00edvel para uma pe\u00e7a complexa..<\/p>\n<p>Em seguida, tamb\u00e9m \u00e9 usada uma viradeira computadorizada: voc\u00ea insere as coordenadas de cada dobra na m\u00e1quina e ela manipula a chapa de a\u00e7o at\u00e9 que as dobras estejam no \u00e2ngulo correto.<\/p>\n<p>Com essas informa\u00e7\u00f5es, j\u00e1 d\u00e1 para ter uma ideia de como funcionam esses processos e voc\u00ea poder\u00e1, certamente, optar pelo melhor servi\u00e7o. Afinal, \u00e9 preciso buscar os diferenciais do setor de\u00a0corte e dobra de chapas de a\u00e7o que envolvem, al\u00e9m da qualidade, credibilidade na entrega!<\/p>\n<p>Se quiser aprender mais sobre o tema ou como utilizar e adquirir a\u00e7o de qualidade para sua empresa;\u00a0<a href=\"http:\/\/www.grupoacocearense.com.br\/contato\" target=\"_blank\" rel=\"noopener noreferrer\">entre em contato<\/a>\u00a0e veja como podemos lhe ajudar.<\/p>\n","protected":false},"excerpt":{"rendered":"<p>Diversos projetos industriais exigem pe\u00e7as extremamente espec\u00edficas para cada finalidade. Mesmo que algumas partes sejam(&#8230;)<\/p>\n","protected":false},"author":1,"featured_media":1114,"comment_status":"open","ping_status":"open","sticky":false,"template":"","format":"standard","meta":{"_acf_changed":false,"inline_featured_image":false,"footnotes":""},"categories":[27],"tags":[],"class_list":["post-1104","post","type-post","status-publish","format-standard","has-post-thumbnail","hentry","category-abrindo-o-negocio"],"acf":[],"yoast_head":"<!-- This site is optimized with the Yoast SEO plugin v25.9 - https:\/\/yoast.com\/wordpress\/plugins\/seo\/ -->\n<title>Corte e dobra de chapas de a\u00e7o: como agregar valor ao seu neg\u00f3cio - Grupo A\u00e7o Cearense<\/title>\n<meta name=\"robots\" content=\"index, follow, max-snippet:-1, max-image-preview:large, max-video-preview:-1\" \/>\n<link rel=\"canonical\" href=\"https:\/\/previews.elleven.digital\/acocearense\/corte-e-dobra-de-chapas-de-aco-como-agregar-valor-ao-seu-negocio\/\" \/>\n<meta property=\"og:locale\" content=\"pt_BR\" \/>\n<meta property=\"og:type\" content=\"article\" \/>\n<meta property=\"og:title\" content=\"Corte e dobra de chapas de a\u00e7o: como agregar valor ao seu neg\u00f3cio - Grupo A\u00e7o Cearense\" \/>\n<meta property=\"og:description\" content=\"Diversos projetos industriais exigem pe\u00e7as extremamente espec\u00edficas para cada finalidade. Mesmo que algumas partes sejam(...)\" \/>\n<meta property=\"og:url\" content=\"https:\/\/previews.elleven.digital\/acocearense\/corte-e-dobra-de-chapas-de-aco-como-agregar-valor-ao-seu-negocio\/\" \/>\n<meta property=\"og:site_name\" content=\"Grupo A\u00e7o Cearense\" \/>\n<meta property=\"article:published_time\" content=\"2018-09-20T12:48:05+00:00\" \/>\n<meta property=\"article:modified_time\" content=\"2025-05-07T12:48:50+00:00\" \/>\n<meta property=\"og:image\" content=\"https:\/\/previews.elleven.digital\/acocearense\/wp-content\/uploads\/2025\/05\/Corte-e-dobra-de-chapas-de-aco-como-agregar-valor-ao-seu-negocio.png\" \/>\n\t<meta property=\"og:image:width\" content=\"800\" \/>\n\t<meta property=\"og:image:height\" content=\"600\" \/>\n\t<meta property=\"og:image:type\" content=\"image\/png\" \/>\n<meta name=\"author\" content=\"elleven\" \/>\n<meta name=\"twitter:card\" content=\"summary_large_image\" \/>\n<meta name=\"twitter:label1\" content=\"Escrito por\" \/>\n\t<meta name=\"twitter:data1\" content=\"elleven\" \/>\n\t<meta name=\"twitter:label2\" content=\"Est. tempo de leitura\" \/>\n\t<meta name=\"twitter:data2\" content=\"4 minutos\" \/>\n<script type=\"application\/ld+json\" class=\"yoast-schema-graph\">{\"@context\":\"https:\/\/schema.org\",\"@graph\":[{\"@type\":\"WebPage\",\"@id\":\"https:\/\/previews.elleven.digital\/acocearense\/corte-e-dobra-de-chapas-de-aco-como-agregar-valor-ao-seu-negocio\/\",\"url\":\"https:\/\/previews.elleven.digital\/acocearense\/corte-e-dobra-de-chapas-de-aco-como-agregar-valor-ao-seu-negocio\/\",\"name\":\"Corte e dobra de chapas de a\u00e7o: como agregar valor ao seu neg\u00f3cio - Grupo A\u00e7o Cearense\",\"isPartOf\":{\"@id\":\"https:\/\/previews.elleven.digital\/acocearense\/#website\"},\"primaryImageOfPage\":{\"@id\":\"https:\/\/previews.elleven.digital\/acocearense\/corte-e-dobra-de-chapas-de-aco-como-agregar-valor-ao-seu-negocio\/#primaryimage\"},\"image\":{\"@id\":\"https:\/\/previews.elleven.digital\/acocearense\/corte-e-dobra-de-chapas-de-aco-como-agregar-valor-ao-seu-negocio\/#primaryimage\"},\"thumbnailUrl\":\"https:\/\/previews.elleven.digital\/acocearense\/wp-content\/uploads\/2025\/05\/Corte-e-dobra-de-chapas-de-aco-como-agregar-valor-ao-seu-negocio.png\",\"datePublished\":\"2018-09-20T12:48:05+00:00\",\"dateModified\":\"2025-05-07T12:48:50+00:00\",\"author\":{\"@id\":\"https:\/\/previews.elleven.digital\/acocearense\/#\/schema\/person\/8e9165eb3c33e0860485c7c5fc06a701\"},\"breadcrumb\":{\"@id\":\"https:\/\/previews.elleven.digital\/acocearense\/corte-e-dobra-de-chapas-de-aco-como-agregar-valor-ao-seu-negocio\/#breadcrumb\"},\"inLanguage\":\"pt-BR\",\"potentialAction\":[{\"@type\":\"ReadAction\",\"target\":[\"https:\/\/previews.elleven.digital\/acocearense\/corte-e-dobra-de-chapas-de-aco-como-agregar-valor-ao-seu-negocio\/\"]}]},{\"@type\":\"ImageObject\",\"inLanguage\":\"pt-BR\",\"@id\":\"https:\/\/previews.elleven.digital\/acocearense\/corte-e-dobra-de-chapas-de-aco-como-agregar-valor-ao-seu-negocio\/#primaryimage\",\"url\":\"https:\/\/previews.elleven.digital\/acocearense\/wp-content\/uploads\/2025\/05\/Corte-e-dobra-de-chapas-de-aco-como-agregar-valor-ao-seu-negocio.png\",\"contentUrl\":\"https:\/\/previews.elleven.digital\/acocearense\/wp-content\/uploads\/2025\/05\/Corte-e-dobra-de-chapas-de-aco-como-agregar-valor-ao-seu-negocio.png\",\"width\":800,\"height\":600},{\"@type\":\"BreadcrumbList\",\"@id\":\"https:\/\/previews.elleven.digital\/acocearense\/corte-e-dobra-de-chapas-de-aco-como-agregar-valor-ao-seu-negocio\/#breadcrumb\",\"itemListElement\":[{\"@type\":\"ListItem\",\"position\":1,\"name\":\"In\u00edcio\",\"item\":\"https:\/\/previews.elleven.digital\/acocearense\/\"},{\"@type\":\"ListItem\",\"position\":2,\"name\":\"Corte e dobra de chapas de a\u00e7o: como agregar valor ao seu neg\u00f3cio\"}]},{\"@type\":\"WebSite\",\"@id\":\"https:\/\/previews.elleven.digital\/acocearense\/#website\",\"url\":\"https:\/\/previews.elleven.digital\/acocearense\/\",\"name\":\"A\u00e7o Cearense\",\"description\":\"H\u00e1 mais de 45 anos no mercado brasileiro do a\u00e7o.\",\"alternateName\":\"A\u00e7o Cearense\",\"potentialAction\":[{\"@type\":\"SearchAction\",\"target\":{\"@type\":\"EntryPoint\",\"urlTemplate\":\"https:\/\/previews.elleven.digital\/acocearense\/?s={search_term_string}\"},\"query-input\":{\"@type\":\"PropertyValueSpecification\",\"valueRequired\":true,\"valueName\":\"search_term_string\"}}],\"inLanguage\":\"pt-BR\"},{\"@type\":\"Person\",\"@id\":\"https:\/\/previews.elleven.digital\/acocearense\/#\/schema\/person\/8e9165eb3c33e0860485c7c5fc06a701\",\"name\":\"elleven\",\"image\":{\"@type\":\"ImageObject\",\"inLanguage\":\"pt-BR\",\"@id\":\"https:\/\/previews.elleven.digital\/acocearense\/#\/schema\/person\/image\/\",\"url\":\"https:\/\/secure.gravatar.com\/avatar\/2a6afb49d9ecfed5dbc6c9606ce318b8bd07c077835179bddfd5d8209c03cb29?s=96&d=mm&r=g\",\"contentUrl\":\"https:\/\/secure.gravatar.com\/avatar\/2a6afb49d9ecfed5dbc6c9606ce318b8bd07c077835179bddfd5d8209c03cb29?s=96&d=mm&r=g\",\"caption\":\"elleven\"},\"sameAs\":[\"http:\/\/localhost\/acocearense\"],\"url\":\"https:\/\/previews.elleven.digital\/acocearense\/author\/elleven\/\"}]}<\/script>\n<!-- \/ Yoast SEO plugin. -->","yoast_head_json":{"title":"Corte e dobra de chapas de a\u00e7o: como agregar valor ao seu neg\u00f3cio - Grupo A\u00e7o Cearense","robots":{"index":"index","follow":"follow","max-snippet":"max-snippet:-1","max-image-preview":"max-image-preview:large","max-video-preview":"max-video-preview:-1"},"canonical":"https:\/\/previews.elleven.digital\/acocearense\/corte-e-dobra-de-chapas-de-aco-como-agregar-valor-ao-seu-negocio\/","og_locale":"pt_BR","og_type":"article","og_title":"Corte e dobra de chapas de a\u00e7o: como agregar valor ao seu neg\u00f3cio - Grupo A\u00e7o Cearense","og_description":"Diversos projetos industriais exigem pe\u00e7as extremamente espec\u00edficas para cada finalidade. Mesmo que algumas partes sejam(...)","og_url":"https:\/\/previews.elleven.digital\/acocearense\/corte-e-dobra-de-chapas-de-aco-como-agregar-valor-ao-seu-negocio\/","og_site_name":"Grupo A\u00e7o Cearense","article_published_time":"2018-09-20T12:48:05+00:00","article_modified_time":"2025-05-07T12:48:50+00:00","og_image":[{"width":800,"height":600,"url":"https:\/\/previews.elleven.digital\/acocearense\/wp-content\/uploads\/2025\/05\/Corte-e-dobra-de-chapas-de-aco-como-agregar-valor-ao-seu-negocio.png","type":"image\/png"}],"author":"elleven","twitter_card":"summary_large_image","twitter_misc":{"Escrito por":"elleven","Est. tempo de leitura":"4 minutos"},"schema":{"@context":"https:\/\/schema.org","@graph":[{"@type":"WebPage","@id":"https:\/\/previews.elleven.digital\/acocearense\/corte-e-dobra-de-chapas-de-aco-como-agregar-valor-ao-seu-negocio\/","url":"https:\/\/previews.elleven.digital\/acocearense\/corte-e-dobra-de-chapas-de-aco-como-agregar-valor-ao-seu-negocio\/","name":"Corte e dobra de chapas de a\u00e7o: como agregar valor ao seu neg\u00f3cio - Grupo A\u00e7o Cearense","isPartOf":{"@id":"https:\/\/previews.elleven.digital\/acocearense\/#website"},"primaryImageOfPage":{"@id":"https:\/\/previews.elleven.digital\/acocearense\/corte-e-dobra-de-chapas-de-aco-como-agregar-valor-ao-seu-negocio\/#primaryimage"},"image":{"@id":"https:\/\/previews.elleven.digital\/acocearense\/corte-e-dobra-de-chapas-de-aco-como-agregar-valor-ao-seu-negocio\/#primaryimage"},"thumbnailUrl":"https:\/\/previews.elleven.digital\/acocearense\/wp-content\/uploads\/2025\/05\/Corte-e-dobra-de-chapas-de-aco-como-agregar-valor-ao-seu-negocio.png","datePublished":"2018-09-20T12:48:05+00:00","dateModified":"2025-05-07T12:48:50+00:00","author":{"@id":"https:\/\/previews.elleven.digital\/acocearense\/#\/schema\/person\/8e9165eb3c33e0860485c7c5fc06a701"},"breadcrumb":{"@id":"https:\/\/previews.elleven.digital\/acocearense\/corte-e-dobra-de-chapas-de-aco-como-agregar-valor-ao-seu-negocio\/#breadcrumb"},"inLanguage":"pt-BR","potentialAction":[{"@type":"ReadAction","target":["https:\/\/previews.elleven.digital\/acocearense\/corte-e-dobra-de-chapas-de-aco-como-agregar-valor-ao-seu-negocio\/"]}]},{"@type":"ImageObject","inLanguage":"pt-BR","@id":"https:\/\/previews.elleven.digital\/acocearense\/corte-e-dobra-de-chapas-de-aco-como-agregar-valor-ao-seu-negocio\/#primaryimage","url":"https:\/\/previews.elleven.digital\/acocearense\/wp-content\/uploads\/2025\/05\/Corte-e-dobra-de-chapas-de-aco-como-agregar-valor-ao-seu-negocio.png","contentUrl":"https:\/\/previews.elleven.digital\/acocearense\/wp-content\/uploads\/2025\/05\/Corte-e-dobra-de-chapas-de-aco-como-agregar-valor-ao-seu-negocio.png","width":800,"height":600},{"@type":"BreadcrumbList","@id":"https:\/\/previews.elleven.digital\/acocearense\/corte-e-dobra-de-chapas-de-aco-como-agregar-valor-ao-seu-negocio\/#breadcrumb","itemListElement":[{"@type":"ListItem","position":1,"name":"In\u00edcio","item":"https:\/\/previews.elleven.digital\/acocearense\/"},{"@type":"ListItem","position":2,"name":"Corte e dobra de chapas de a\u00e7o: como agregar valor ao seu neg\u00f3cio"}]},{"@type":"WebSite","@id":"https:\/\/previews.elleven.digital\/acocearense\/#website","url":"https:\/\/previews.elleven.digital\/acocearense\/","name":"A\u00e7o Cearense","description":"H\u00e1 mais de 45 anos no mercado brasileiro do a\u00e7o.","alternateName":"A\u00e7o Cearense","potentialAction":[{"@type":"SearchAction","target":{"@type":"EntryPoint","urlTemplate":"https:\/\/previews.elleven.digital\/acocearense\/?s={search_term_string}"},"query-input":{"@type":"PropertyValueSpecification","valueRequired":true,"valueName":"search_term_string"}}],"inLanguage":"pt-BR"},{"@type":"Person","@id":"https:\/\/previews.elleven.digital\/acocearense\/#\/schema\/person\/8e9165eb3c33e0860485c7c5fc06a701","name":"elleven","image":{"@type":"ImageObject","inLanguage":"pt-BR","@id":"https:\/\/previews.elleven.digital\/acocearense\/#\/schema\/person\/image\/","url":"https:\/\/secure.gravatar.com\/avatar\/2a6afb49d9ecfed5dbc6c9606ce318b8bd07c077835179bddfd5d8209c03cb29?s=96&d=mm&r=g","contentUrl":"https:\/\/secure.gravatar.com\/avatar\/2a6afb49d9ecfed5dbc6c9606ce318b8bd07c077835179bddfd5d8209c03cb29?s=96&d=mm&r=g","caption":"elleven"},"sameAs":["http:\/\/localhost\/acocearense"],"url":"https:\/\/previews.elleven.digital\/acocearense\/author\/elleven\/"}]}},"_links":{"self":[{"href":"https:\/\/previews.elleven.digital\/acocearense\/wp-json\/wp\/v2\/posts\/1104","targetHints":{"allow":["GET"]}}],"collection":[{"href":"https:\/\/previews.elleven.digital\/acocearense\/wp-json\/wp\/v2\/posts"}],"about":[{"href":"https:\/\/previews.elleven.digital\/acocearense\/wp-json\/wp\/v2\/types\/post"}],"author":[{"embeddable":true,"href":"https:\/\/previews.elleven.digital\/acocearense\/wp-json\/wp\/v2\/users\/1"}],"replies":[{"embeddable":true,"href":"https:\/\/previews.elleven.digital\/acocearense\/wp-json\/wp\/v2\/comments?post=1104"}],"version-history":[{"count":1,"href":"https:\/\/previews.elleven.digital\/acocearense\/wp-json\/wp\/v2\/posts\/1104\/revisions"}],"predecessor-version":[{"id":1115,"href":"https:\/\/previews.elleven.digital\/acocearense\/wp-json\/wp\/v2\/posts\/1104\/revisions\/1115"}],"wp:featuredmedia":[{"embeddable":true,"href":"https:\/\/previews.elleven.digital\/acocearense\/wp-json\/wp\/v2\/media\/1114"}],"wp:attachment":[{"href":"https:\/\/previews.elleven.digital\/acocearense\/wp-json\/wp\/v2\/media?parent=1104"}],"wp:term":[{"taxonomy":"category","embeddable":true,"href":"https:\/\/previews.elleven.digital\/acocearense\/wp-json\/wp\/v2\/categories?post=1104"},{"taxonomy":"post_tag","embeddable":true,"href":"https:\/\/previews.elleven.digital\/acocearense\/wp-json\/wp\/v2\/tags?post=1104"}],"curies":[{"name":"wp","href":"https:\/\/api.w.org\/{rel}","templated":true}]}}