{"id":1100,"date":"2018-09-13T09:44:14","date_gmt":"2018-09-13T12:44:14","guid":{"rendered":"https:\/\/previews.elleven.digital\/acocearense\/?p=1100"},"modified":"2025-05-07T09:44:45","modified_gmt":"2025-05-07T12:44:45","slug":"tipos-de-lideres-quais-sao-e-por-que-sua-empresa-precisa-de-um","status":"publish","type":"post","link":"https:\/\/previews.elleven.digital\/acocearense\/tipos-de-lideres-quais-sao-e-por-que-sua-empresa-precisa-de-um\/","title":{"rendered":"Tipos de l\u00edderes: quais s\u00e3o e por que sua empresa precisa de um?"},"content":{"rendered":"<p>O l\u00edder \u00e9 uma pe\u00e7a-chave para o sucesso das equipes e da empresa como um todo. Afinal, ele \u00e9 o respons\u00e1vel por direcionar\u00a0todos em uma mesma dire\u00e7\u00e3o, aumentando as chances de conquistar objetivos espec\u00edficos. Sua empresa sempre vai precisar desse profissional, mas a\u00a0quest\u00e3o \u00e9: quais s\u00e3o os tipos de l\u00edderes que existem no mercado?<\/p>\n<p>\u00c9 fato que existem diversos tipos de lideran\u00e7a, que podem variar bastante de acordo com o perfil comportamental do l\u00edder, com a compet\u00eancia t\u00e9cnica dos seus subordinados e com o pr\u00f3prio\u00a0<a href=\"https:\/\/previews.elleven.digital\/acocearense\/blog\/vender-mais\/5-boas-praticas-para-tornar-a-sua-empresa-competitiva-no-mercado\/\" target=\"_blank\" rel=\"noopener noreferrer\">contexto mercadol\u00f3gico<\/a>\u00a0no qual o neg\u00f3cio se encontra. Atualmente, \u00e9 poss\u00edvel encontrar l\u00edderes com tend\u00eancia autorit\u00e1ria, liberal ou democr\u00e1tica, por exemplo.<\/p>\n<p>Neste post, reunimos as principais informa\u00e7\u00f5es sobre o assunto e apresentamos os 4\u00a0principais tipos de l\u00edderes para que voc\u00ea entenda qual \u00e9 o melhor perfil para a sua empresa. Boa leitura!<\/p>\n<h2>L\u00edder autorit\u00e1rio<\/h2>\n<p>O primeiro tipo de l\u00edder \u00e9 centralizador e gosta de tomar decis\u00f5es de forma arbitr\u00e1ria, com pouco envolvimento dos outros. Nesse sentido, tem um forte senso de independ\u00eancia. O l\u00edder autorit\u00e1rio \u00e9 o que mais se parece\u00a0<a href=\"https:\/\/previews.elleven.digital\/acocearense\/blog\/abrindo-o-negocio\/5-motivos-para-sua-empresa-formar-lideres-e-nao-chefes\/\" target=\"_blank\" rel=\"noopener noreferrer\">com o tradicional chefe<\/a>.<\/p>\n<p>Se esse tipo de lideran\u00e7a pode parecer nocivo num primeiro momento \u2014\u00a0afinal\u00a0n\u00e3o \u00e9 colaborativo \u2014, ele\u00a0certamente tamb\u00e9m apresenta vantagens \u00fanicas; como tomada de decis\u00f5es com maior rapidez e a\u00e7\u00f5es mais precisas em tempos de crise e urg\u00eancia.<\/p>\n<h2>L\u00edder empreendedor<\/h2>\n<p>H\u00e1 um segundo modelo interessante e cada vez mais procurado: o l\u00edder com perfil empreendedor. Ele \u00e9 conhecido por ter \u201ccabe\u00e7a de dono\u201d e agir como se o neg\u00f3cio fosse seu, comprometendo-se pessoalmente com os resultados que deseja alcan\u00e7ar.<\/p>\n<p>\u00c9 comum que esse l\u00edder incentive o empreendedorismo interno, isto \u00e9, que os funcion\u00e1rios sejam mais inovadores e despertos para solucionar demandas da loja.<\/p>\n<h2>L\u00edder democr\u00e1tico<\/h2>\n<p>Voc\u00ea j\u00e1 deve ter visto o tipo de l\u00edder que gosta de ouvir sua equipe antes de decidir qualquer coisa, n\u00e3o \u00e9? Pois esse \u00e9 o l\u00edder democr\u00e1tico. Dentro da empresa, institui um \u201cregime de democracia\u201d, no qual todos possuem voz, podem opinar e colaborar ativamente.<\/p>\n<p>Ele n\u00e3o \u00e9 o extremo oposto do l\u00edder autorit\u00e1ria, pois a decis\u00e3o final ainda \u00e9 com ele. A diferen\u00e7a \u00e9 que, antes de decidir, costuma ouvir o que os outros t\u00eam a dizer. Seus principais benef\u00edcios s\u00e3o: envolvimento do time e vis\u00e3o hol\u00edstica no trabalho (afinal, ouve as diferentes partes).<\/p>\n<h2>L\u00edder liberal<\/h2>\n<p>\u00c9 o oposto do l\u00edder autorit\u00e1rio, pois gosta de descentralizar o poder e permite que seus subordinados hajam com independ\u00eancia. O l\u00edder liberal n\u00e3o se preocupa em direcionar a equipe, somente da liberdade e permite que atuem por conta pr\u00f3pria.<\/p>\n<p>Entre seus principais benef\u00edcios est\u00e1 a liberdade criativa e de atua\u00e7\u00e3o, bem como a\u00a0<a href=\"https:\/\/previews.elleven.digital\/acocearense\/blog\/abrindo-o-negocio\/o-que-e-e-como-fazer-uma-pesquisa-de-clima-organizacional\/\" target=\"_blank\" rel=\"noopener noreferrer\">melhora do clima de trabalho<\/a>\u00a0e do senso de confian\u00e7a. Para que funcione na pr\u00e1tica, precisa de um neg\u00f3cio com processos claros e cultura de autorresponsabilidade. Assim, cada talento compromete-se pessoalmente com o que deve ser feito.<\/p>\n<p>Como voc\u00ea p\u00f4de ver, s\u00e3o muitos os perfis de lideran\u00e7a, e o ideal vai variar de acordo com\u00a0<a href=\"https:\/\/previews.elleven.digital\/acocearense\/blog\/abrindo-o-negocio\/o-que-e-cultura-organizacional-saiba-fazer-um-diagnostico-na-empresa\/\" target=\"_blank\" rel=\"noopener noreferrer\">a cultura da empresa<\/a>, a equipe de trabalho e o pr\u00f3prio contexto mercadol\u00f3gico. Em geral, no entanto, as empresas precisam de um l\u00edder democr\u00e1tico, que tenha a habilidade de ouvir a sua equipe e o compromisso com resultados espec\u00edficos.<\/p>\n<p>Gostou de entender quais s\u00e3o os diferentes tipos de l\u00edderes? Ent\u00e3o compartilhe este artigo nas suas redes sociais e ajude os colegas gestores a ficar\u00a0por dentro desse assunto!<\/p>\n","protected":false},"excerpt":{"rendered":"<p>O l\u00edder \u00e9 uma pe\u00e7a-chave para o sucesso das equipes e da empresa como um(&#8230;)<\/p>\n","protected":false},"author":1,"featured_media":1071,"comment_status":"open","ping_status":"open","sticky":false,"template":"","format":"standard","meta":{"_acf_changed":false,"inline_featured_image":false,"footnotes":""},"categories":[28],"tags":[],"class_list":["post-1100","post","type-post","status-publish","format-standard","has-post-thumbnail","hentry","category-gestao"],"acf":[],"yoast_head":"<!-- This site is optimized with the Yoast SEO plugin v25.9 - https:\/\/yoast.com\/wordpress\/plugins\/seo\/ -->\n<title>Tipos de l\u00edderes: quais s\u00e3o e por que sua empresa precisa de um? - Grupo A\u00e7o Cearense<\/title>\n<meta name=\"robots\" content=\"index, follow, max-snippet:-1, max-image-preview:large, max-video-preview:-1\" \/>\n<link rel=\"canonical\" href=\"https:\/\/previews.elleven.digital\/acocearense\/tipos-de-lideres-quais-sao-e-por-que-sua-empresa-precisa-de-um\/\" \/>\n<meta property=\"og:locale\" content=\"pt_BR\" \/>\n<meta property=\"og:type\" content=\"article\" \/>\n<meta property=\"og:title\" content=\"Tipos de l\u00edderes: quais s\u00e3o e por que sua empresa precisa de um? - Grupo A\u00e7o Cearense\" \/>\n<meta property=\"og:description\" content=\"O l\u00edder \u00e9 uma pe\u00e7a-chave para o sucesso das equipes e da empresa como um(...)\" \/>\n<meta property=\"og:url\" content=\"https:\/\/previews.elleven.digital\/acocearense\/tipos-de-lideres-quais-sao-e-por-que-sua-empresa-precisa-de-um\/\" \/>\n<meta property=\"og:site_name\" content=\"Grupo A\u00e7o Cearense\" \/>\n<meta property=\"article:published_time\" content=\"2018-09-13T12:44:14+00:00\" \/>\n<meta property=\"article:modified_time\" content=\"2025-05-07T12:44:45+00:00\" \/>\n<meta property=\"og:image\" content=\"https:\/\/previews.elleven.digital\/acocearense\/wp-content\/uploads\/2025\/05\/227438-tipos-de-lideres-quais-sao-e-porque-sua-empresa-precisa-de-um.jpg\" \/>\n\t<meta property=\"og:image:width\" content=\"999\" \/>\n\t<meta property=\"og:image:height\" content=\"666\" \/>\n\t<meta property=\"og:image:type\" content=\"image\/jpeg\" \/>\n<meta name=\"author\" content=\"elleven\" \/>\n<meta name=\"twitter:card\" content=\"summary_large_image\" \/>\n<meta name=\"twitter:label1\" content=\"Escrito por\" \/>\n\t<meta name=\"twitter:data1\" content=\"elleven\" \/>\n\t<meta name=\"twitter:label2\" content=\"Est. tempo de leitura\" \/>\n\t<meta name=\"twitter:data2\" content=\"4 minutos\" \/>\n<script type=\"application\/ld+json\" class=\"yoast-schema-graph\">{\"@context\":\"https:\/\/schema.org\",\"@graph\":[{\"@type\":\"WebPage\",\"@id\":\"https:\/\/previews.elleven.digital\/acocearense\/tipos-de-lideres-quais-sao-e-por-que-sua-empresa-precisa-de-um\/\",\"url\":\"https:\/\/previews.elleven.digital\/acocearense\/tipos-de-lideres-quais-sao-e-por-que-sua-empresa-precisa-de-um\/\",\"name\":\"Tipos de l\u00edderes: quais s\u00e3o e por que sua empresa precisa de um? - Grupo A\u00e7o Cearense\",\"isPartOf\":{\"@id\":\"https:\/\/previews.elleven.digital\/acocearense\/#website\"},\"primaryImageOfPage\":{\"@id\":\"https:\/\/previews.elleven.digital\/acocearense\/tipos-de-lideres-quais-sao-e-por-que-sua-empresa-precisa-de-um\/#primaryimage\"},\"image\":{\"@id\":\"https:\/\/previews.elleven.digital\/acocearense\/tipos-de-lideres-quais-sao-e-por-que-sua-empresa-precisa-de-um\/#primaryimage\"},\"thumbnailUrl\":\"https:\/\/previews.elleven.digital\/acocearense\/wp-content\/uploads\/2025\/05\/227438-tipos-de-lideres-quais-sao-e-porque-sua-empresa-precisa-de-um.jpg\",\"datePublished\":\"2018-09-13T12:44:14+00:00\",\"dateModified\":\"2025-05-07T12:44:45+00:00\",\"author\":{\"@id\":\"https:\/\/previews.elleven.digital\/acocearense\/#\/schema\/person\/8e9165eb3c33e0860485c7c5fc06a701\"},\"breadcrumb\":{\"@id\":\"https:\/\/previews.elleven.digital\/acocearense\/tipos-de-lideres-quais-sao-e-por-que-sua-empresa-precisa-de-um\/#breadcrumb\"},\"inLanguage\":\"pt-BR\",\"potentialAction\":[{\"@type\":\"ReadAction\",\"target\":[\"https:\/\/previews.elleven.digital\/acocearense\/tipos-de-lideres-quais-sao-e-por-que-sua-empresa-precisa-de-um\/\"]}]},{\"@type\":\"ImageObject\",\"inLanguage\":\"pt-BR\",\"@id\":\"https:\/\/previews.elleven.digital\/acocearense\/tipos-de-lideres-quais-sao-e-por-que-sua-empresa-precisa-de-um\/#primaryimage\",\"url\":\"https:\/\/previews.elleven.digital\/acocearense\/wp-content\/uploads\/2025\/05\/227438-tipos-de-lideres-quais-sao-e-porque-sua-empresa-precisa-de-um.jpg\",\"contentUrl\":\"https:\/\/previews.elleven.digital\/acocearense\/wp-content\/uploads\/2025\/05\/227438-tipos-de-lideres-quais-sao-e-porque-sua-empresa-precisa-de-um.jpg\",\"width\":999,\"height\":666},{\"@type\":\"BreadcrumbList\",\"@id\":\"https:\/\/previews.elleven.digital\/acocearense\/tipos-de-lideres-quais-sao-e-por-que-sua-empresa-precisa-de-um\/#breadcrumb\",\"itemListElement\":[{\"@type\":\"ListItem\",\"position\":1,\"name\":\"In\u00edcio\",\"item\":\"https:\/\/previews.elleven.digital\/acocearense\/\"},{\"@type\":\"ListItem\",\"position\":2,\"name\":\"Tipos de l\u00edderes: quais s\u00e3o e por que sua empresa precisa de um?\"}]},{\"@type\":\"WebSite\",\"@id\":\"https:\/\/previews.elleven.digital\/acocearense\/#website\",\"url\":\"https:\/\/previews.elleven.digital\/acocearense\/\",\"name\":\"A\u00e7o Cearense\",\"description\":\"H\u00e1 mais de 45 anos no mercado brasileiro do a\u00e7o.\",\"alternateName\":\"A\u00e7o Cearense\",\"potentialAction\":[{\"@type\":\"SearchAction\",\"target\":{\"@type\":\"EntryPoint\",\"urlTemplate\":\"https:\/\/previews.elleven.digital\/acocearense\/?s={search_term_string}\"},\"query-input\":{\"@type\":\"PropertyValueSpecification\",\"valueRequired\":true,\"valueName\":\"search_term_string\"}}],\"inLanguage\":\"pt-BR\"},{\"@type\":\"Person\",\"@id\":\"https:\/\/previews.elleven.digital\/acocearense\/#\/schema\/person\/8e9165eb3c33e0860485c7c5fc06a701\",\"name\":\"elleven\",\"image\":{\"@type\":\"ImageObject\",\"inLanguage\":\"pt-BR\",\"@id\":\"https:\/\/previews.elleven.digital\/acocearense\/#\/schema\/person\/image\/\",\"url\":\"https:\/\/secure.gravatar.com\/avatar\/2a6afb49d9ecfed5dbc6c9606ce318b8bd07c077835179bddfd5d8209c03cb29?s=96&d=mm&r=g\",\"contentUrl\":\"https:\/\/secure.gravatar.com\/avatar\/2a6afb49d9ecfed5dbc6c9606ce318b8bd07c077835179bddfd5d8209c03cb29?s=96&d=mm&r=g\",\"caption\":\"elleven\"},\"sameAs\":[\"http:\/\/localhost\/acocearense\"],\"url\":\"https:\/\/previews.elleven.digital\/acocearense\/author\/elleven\/\"}]}<\/script>\n<!-- \/ Yoast SEO plugin. -->","yoast_head_json":{"title":"Tipos de l\u00edderes: quais s\u00e3o e por que sua empresa precisa de um? - Grupo A\u00e7o Cearense","robots":{"index":"index","follow":"follow","max-snippet":"max-snippet:-1","max-image-preview":"max-image-preview:large","max-video-preview":"max-video-preview:-1"},"canonical":"https:\/\/previews.elleven.digital\/acocearense\/tipos-de-lideres-quais-sao-e-por-que-sua-empresa-precisa-de-um\/","og_locale":"pt_BR","og_type":"article","og_title":"Tipos de l\u00edderes: quais s\u00e3o e por que sua empresa precisa de um? - Grupo A\u00e7o Cearense","og_description":"O l\u00edder \u00e9 uma pe\u00e7a-chave para o sucesso das equipes e da empresa como um(...)","og_url":"https:\/\/previews.elleven.digital\/acocearense\/tipos-de-lideres-quais-sao-e-por-que-sua-empresa-precisa-de-um\/","og_site_name":"Grupo A\u00e7o Cearense","article_published_time":"2018-09-13T12:44:14+00:00","article_modified_time":"2025-05-07T12:44:45+00:00","og_image":[{"width":999,"height":666,"url":"https:\/\/previews.elleven.digital\/acocearense\/wp-content\/uploads\/2025\/05\/227438-tipos-de-lideres-quais-sao-e-porque-sua-empresa-precisa-de-um.jpg","type":"image\/jpeg"}],"author":"elleven","twitter_card":"summary_large_image","twitter_misc":{"Escrito por":"elleven","Est. tempo de leitura":"4 minutos"},"schema":{"@context":"https:\/\/schema.org","@graph":[{"@type":"WebPage","@id":"https:\/\/previews.elleven.digital\/acocearense\/tipos-de-lideres-quais-sao-e-por-que-sua-empresa-precisa-de-um\/","url":"https:\/\/previews.elleven.digital\/acocearense\/tipos-de-lideres-quais-sao-e-por-que-sua-empresa-precisa-de-um\/","name":"Tipos de l\u00edderes: quais s\u00e3o e por que sua empresa precisa de um? - Grupo A\u00e7o Cearense","isPartOf":{"@id":"https:\/\/previews.elleven.digital\/acocearense\/#website"},"primaryImageOfPage":{"@id":"https:\/\/previews.elleven.digital\/acocearense\/tipos-de-lideres-quais-sao-e-por-que-sua-empresa-precisa-de-um\/#primaryimage"},"image":{"@id":"https:\/\/previews.elleven.digital\/acocearense\/tipos-de-lideres-quais-sao-e-por-que-sua-empresa-precisa-de-um\/#primaryimage"},"thumbnailUrl":"https:\/\/previews.elleven.digital\/acocearense\/wp-content\/uploads\/2025\/05\/227438-tipos-de-lideres-quais-sao-e-porque-sua-empresa-precisa-de-um.jpg","datePublished":"2018-09-13T12:44:14+00:00","dateModified":"2025-05-07T12:44:45+00:00","author":{"@id":"https:\/\/previews.elleven.digital\/acocearense\/#\/schema\/person\/8e9165eb3c33e0860485c7c5fc06a701"},"breadcrumb":{"@id":"https:\/\/previews.elleven.digital\/acocearense\/tipos-de-lideres-quais-sao-e-por-que-sua-empresa-precisa-de-um\/#breadcrumb"},"inLanguage":"pt-BR","potentialAction":[{"@type":"ReadAction","target":["https:\/\/previews.elleven.digital\/acocearense\/tipos-de-lideres-quais-sao-e-por-que-sua-empresa-precisa-de-um\/"]}]},{"@type":"ImageObject","inLanguage":"pt-BR","@id":"https:\/\/previews.elleven.digital\/acocearense\/tipos-de-lideres-quais-sao-e-por-que-sua-empresa-precisa-de-um\/#primaryimage","url":"https:\/\/previews.elleven.digital\/acocearense\/wp-content\/uploads\/2025\/05\/227438-tipos-de-lideres-quais-sao-e-porque-sua-empresa-precisa-de-um.jpg","contentUrl":"https:\/\/previews.elleven.digital\/acocearense\/wp-content\/uploads\/2025\/05\/227438-tipos-de-lideres-quais-sao-e-porque-sua-empresa-precisa-de-um.jpg","width":999,"height":666},{"@type":"BreadcrumbList","@id":"https:\/\/previews.elleven.digital\/acocearense\/tipos-de-lideres-quais-sao-e-por-que-sua-empresa-precisa-de-um\/#breadcrumb","itemListElement":[{"@type":"ListItem","position":1,"name":"In\u00edcio","item":"https:\/\/previews.elleven.digital\/acocearense\/"},{"@type":"ListItem","position":2,"name":"Tipos de l\u00edderes: quais s\u00e3o e por que sua empresa precisa de um?"}]},{"@type":"WebSite","@id":"https:\/\/previews.elleven.digital\/acocearense\/#website","url":"https:\/\/previews.elleven.digital\/acocearense\/","name":"A\u00e7o Cearense","description":"H\u00e1 mais de 45 anos no mercado brasileiro do a\u00e7o.","alternateName":"A\u00e7o Cearense","potentialAction":[{"@type":"SearchAction","target":{"@type":"EntryPoint","urlTemplate":"https:\/\/previews.elleven.digital\/acocearense\/?s={search_term_string}"},"query-input":{"@type":"PropertyValueSpecification","valueRequired":true,"valueName":"search_term_string"}}],"inLanguage":"pt-BR"},{"@type":"Person","@id":"https:\/\/previews.elleven.digital\/acocearense\/#\/schema\/person\/8e9165eb3c33e0860485c7c5fc06a701","name":"elleven","image":{"@type":"ImageObject","inLanguage":"pt-BR","@id":"https:\/\/previews.elleven.digital\/acocearense\/#\/schema\/person\/image\/","url":"https:\/\/secure.gravatar.com\/avatar\/2a6afb49d9ecfed5dbc6c9606ce318b8bd07c077835179bddfd5d8209c03cb29?s=96&d=mm&r=g","contentUrl":"https:\/\/secure.gravatar.com\/avatar\/2a6afb49d9ecfed5dbc6c9606ce318b8bd07c077835179bddfd5d8209c03cb29?s=96&d=mm&r=g","caption":"elleven"},"sameAs":["http:\/\/localhost\/acocearense"],"url":"https:\/\/previews.elleven.digital\/acocearense\/author\/elleven\/"}]}},"_links":{"self":[{"href":"https:\/\/previews.elleven.digital\/acocearense\/wp-json\/wp\/v2\/posts\/1100","targetHints":{"allow":["GET"]}}],"collection":[{"href":"https:\/\/previews.elleven.digital\/acocearense\/wp-json\/wp\/v2\/posts"}],"about":[{"href":"https:\/\/previews.elleven.digital\/acocearense\/wp-json\/wp\/v2\/types\/post"}],"author":[{"embeddable":true,"href":"https:\/\/previews.elleven.digital\/acocearense\/wp-json\/wp\/v2\/users\/1"}],"replies":[{"embeddable":true,"href":"https:\/\/previews.elleven.digital\/acocearense\/wp-json\/wp\/v2\/comments?post=1100"}],"version-history":[{"count":1,"href":"https:\/\/previews.elleven.digital\/acocearense\/wp-json\/wp\/v2\/posts\/1100\/revisions"}],"predecessor-version":[{"id":1101,"href":"https:\/\/previews.elleven.digital\/acocearense\/wp-json\/wp\/v2\/posts\/1100\/revisions\/1101"}],"wp:featuredmedia":[{"embeddable":true,"href":"https:\/\/previews.elleven.digital\/acocearense\/wp-json\/wp\/v2\/media\/1071"}],"wp:attachment":[{"href":"https:\/\/previews.elleven.digital\/acocearense\/wp-json\/wp\/v2\/media?parent=1100"}],"wp:term":[{"taxonomy":"category","embeddable":true,"href":"https:\/\/previews.elleven.digital\/acocearense\/wp-json\/wp\/v2\/categories?post=1100"},{"taxonomy":"post_tag","embeddable":true,"href":"https:\/\/previews.elleven.digital\/acocearense\/wp-json\/wp\/v2\/tags?post=1100"}],"curies":[{"name":"wp","href":"https:\/\/api.w.org\/{rel}","templated":true}]}}