{"id":1090,"date":"2018-07-15T09:41:44","date_gmt":"2018-07-15T12:41:44","guid":{"rendered":"https:\/\/previews.elleven.digital\/acocearense\/?p=1090"},"modified":"2025-05-07T09:42:11","modified_gmt":"2025-05-07T12:42:11","slug":"conheca-os-principais-perfis-estruturais-do-aco","status":"publish","type":"post","link":"https:\/\/previews.elleven.digital\/acocearense\/conheca-os-principais-perfis-estruturais-do-aco\/","title":{"rendered":"Conhe\u00e7a os principais perfis estruturais do a\u00e7o"},"content":{"rendered":"<p>Pelo mundo, junto com o concreto e o cimento, o a\u00e7o \u00e9 um dos\u00a0<a href=\"https:\/\/previews.elleven.digital\/acocearense\/blog\/abrindo-o-negocio\/conheca-os-5-principais-materiais-para-construcao-civil\/\"><u>materiais<\/u><\/a>\u00a0mais utilizados na\u00a0<a href=\"https:\/\/previews.elleven.digital\/acocearense\/blog\/abrindo-o-negocio\/quais-sao-as-vantagens-e-aplicacoes-do-aco-na-construcao-civil\/\"><u>constru\u00e7\u00e3o civil<\/u><\/a>. Sua composi\u00e7\u00e3o o torna bastante resistente e leve, o que \u00e9 perfeito para sustentar grandes pr\u00e9dios.<\/p>\n<p>O formato do material e a maneira como \u00e9 aplicado tamb\u00e9m s\u00e3o fatores relevantes. Nesse sentido, existem diferentes perfis estruturais para as pe\u00e7as de a\u00e7o usadas em constru\u00e7\u00f5es.<\/p>\n<p>De forma bem simples, o perfil de uma viga ou outra pe\u00e7a de a\u00e7o \u00e9 o seu formato, o que afeta a maneira como o peso se distribui pela pe\u00e7a. Algumas formas s\u00e3o mais resistentes \u00e0 press\u00e3o de determinados \u00e2ngulos, tornando cada perfil mais adequado a um tipo espec\u00edfico de demanda.<\/p>\n<p>Dependendo da constru\u00e7\u00e3o, certamente ser\u00e3o usados v\u00e1rios tipos em conjunto. Existem tr\u00eas perfis estruturais do a\u00e7o que s\u00e3o mais comuns: o cantoneira (tamb\u00e9m chamado de L), o U simples e o U enrijecido.<\/p>\n<p>Ficou interessado e quer entender mais sobre cada um deles e suas aplica\u00e7\u00f5es?\u00a0Continue lendo o texto e descubra exatamente o que precisa saber!<\/p>\n<h2>Cantoneira ou L<\/h2>\n<p>Os nomes dos perfis das pe\u00e7as de a\u00e7o s\u00e3o refer\u00eancias diretas ao formato delas. Sendo assim, uma pe\u00e7a do tipo L \u00e9 uma viga que tem exatamente este formato, com duas chapas perpendiculares entre si.<\/p>\n<p>A fun\u00e7\u00e3o das\u00a0<a href=\"http:\/\/www.grupoacocearense.com.br\/produtos\/cantoneira\"><u>cantoneiras<\/u><\/a>\u00a0n\u00e3o \u00e9 servir como fonte principal de sustento, mas sim como um refor\u00e7o para as vigas principais. Voc\u00ea ver\u00e1 algumas dessas pe\u00e7as servindo de apoio para outras ou ligando diferentes partes principais da estrutura, como pilares ou vigas.<\/p>\n<p>Isso evita que essas partes se flexionem al\u00e9m do normal e distribui a for\u00e7a aplicada por toda a estrutura. Dessa forma, \u00e9 poss\u00edvel prevenir danos, diminuir as tor\u00e7\u00f5es nas pe\u00e7as e aumentar a durabilidade da estrutura.<\/p>\n<h2>U simples<\/h2>\n<p>De todos os perfis estruturais do\u00a0<a href=\"https:\/\/previews.elleven.digital\/acocearense\/blog\/abrindo-o-negocio\/corrosao-do-aco-entenda-como-acontece-e-o-que-e-feito-para-evitar-2\/\"><u>a\u00e7o<\/u><\/a>, o U \u00e9 um dos mais comuns, especialmente por possuir tr\u00eas varia\u00e7\u00f5es: simples, enrijecido e laminado, de acordo com sua aplica\u00e7\u00e3o. Por\u00e9m, os dois primeiros tendem a ser mais utilizados.<\/p>\n<p>O modelo\u00a0<a href=\"http:\/\/www.grupoacocearense.com.br\/produtos\/perfil-u-simples\"><u>U simples<\/u><\/a>\u00a0segue a mesma l\u00f3gica de formato do L, tendo tr\u00eas chapas que d\u00e3o origem \u00e0 sua forma. \u00c9 uma das pe\u00e7as mais vers\u00e1teis dispon\u00edveis, servindo tanto para grandes constru\u00e7\u00f5es quanto para pequenos projetos dom\u00e9sticos. Al\u00e9m do mais, \u00e9 altamente resistente, sendo bastante utilizado em instala\u00e7\u00f5es mec\u00e2nicas e sinaliza\u00e7\u00f5es de tr\u00e2nsito.<\/p>\n<h2>U enrijecido<\/h2>\n<p>Esta varia\u00e7\u00e3o do perfil em U \u00e9 feita a partir de uma placa de a\u00e7o laminado, a qual \u00e9 dobrada no formato de U. \u00c9 bem semelhante ao anterior, mas com dobras internas na parte que fica aberta.<\/p>\n<p>O modelo\u00a0<a href=\"http:\/\/www.grupoacocearense.com.br\/produtos\/perfil-u-enrijecido\"><u>U enrijecido<\/u><\/a>, como o nome d\u00e1 a entender, \u00e9 ainda mais resistente do que o simples. Ele \u00e9 ideal para a maioria das grandes constru\u00e7\u00f5es e dos estabelecimentos comerciais com muitas estruturas mec\u00e2nicas pesadas. Seu peso \u00e9 similar ao do modelo simples, ent\u00e3o n\u00e3o h\u00e1 press\u00e3o extra sobre a estrutura.<\/p>\n<p>Agora que voc\u00ea conhece os principais perfis estruturais do a\u00e7o, pode escolher aquele que melhor se ad\u00e9qua \u00e0s suas necessidades. Se quiser aprender ainda mais sobre o tema e conferir outros perfis poss\u00edveis; entre em contato com o\u00a0<a href=\"http:\/\/www.grupoacocearense.com.br\/contato\"><u>Grupo A\u00e7o Cearense<\/u><\/a>\u00a0e veja como podemos ajud\u00e1-lo!<\/p>\n","protected":false},"excerpt":{"rendered":"<p>Pelo mundo, junto com o concreto e o cimento, o a\u00e7o \u00e9 um dos\u00a0materiais\u00a0mais utilizados(&#8230;)<\/p>\n","protected":false},"author":1,"featured_media":1076,"comment_status":"open","ping_status":"open","sticky":false,"template":"","format":"standard","meta":{"_acf_changed":false,"inline_featured_image":false,"footnotes":""},"categories":[8],"tags":[],"class_list":["post-1090","post","type-post","status-publish","format-standard","has-post-thumbnail","hentry","category-gestao-de-estoque"],"acf":[],"yoast_head":"<!-- This site is optimized with the Yoast SEO plugin v25.9 - https:\/\/yoast.com\/wordpress\/plugins\/seo\/ -->\n<title>Conhe\u00e7a os principais perfis estruturais do a\u00e7o - Grupo A\u00e7o Cearense<\/title>\n<meta name=\"robots\" content=\"index, follow, max-snippet:-1, max-image-preview:large, max-video-preview:-1\" \/>\n<link rel=\"canonical\" href=\"https:\/\/previews.elleven.digital\/acocearense\/conheca-os-principais-perfis-estruturais-do-aco\/\" \/>\n<meta property=\"og:locale\" content=\"pt_BR\" \/>\n<meta property=\"og:type\" content=\"article\" \/>\n<meta property=\"og:title\" content=\"Conhe\u00e7a os principais perfis estruturais do a\u00e7o - Grupo A\u00e7o Cearense\" \/>\n<meta property=\"og:description\" content=\"Pelo mundo, junto com o concreto e o cimento, o a\u00e7o \u00e9 um dos\u00a0materiais\u00a0mais utilizados(...)\" \/>\n<meta property=\"og:url\" content=\"https:\/\/previews.elleven.digital\/acocearense\/conheca-os-principais-perfis-estruturais-do-aco\/\" \/>\n<meta property=\"og:site_name\" content=\"Grupo A\u00e7o Cearense\" \/>\n<meta property=\"article:published_time\" content=\"2018-07-15T12:41:44+00:00\" \/>\n<meta property=\"article:modified_time\" content=\"2025-05-07T12:42:11+00:00\" \/>\n<meta property=\"og:image\" content=\"https:\/\/previews.elleven.digital\/acocearense\/wp-content\/uploads\/2025\/05\/212340-conheca-os-principais-perfis-estruturais-do-aco-1090x720-1.jpg\" \/>\n\t<meta property=\"og:image:width\" content=\"1090\" \/>\n\t<meta property=\"og:image:height\" content=\"720\" \/>\n\t<meta property=\"og:image:type\" content=\"image\/jpeg\" \/>\n<meta name=\"author\" content=\"elleven\" \/>\n<meta name=\"twitter:card\" content=\"summary_large_image\" \/>\n<meta name=\"twitter:label1\" content=\"Escrito por\" \/>\n\t<meta name=\"twitter:data1\" content=\"elleven\" \/>\n\t<meta name=\"twitter:label2\" content=\"Est. tempo de leitura\" \/>\n\t<meta name=\"twitter:data2\" content=\"4 minutos\" \/>\n<script type=\"application\/ld+json\" class=\"yoast-schema-graph\">{\"@context\":\"https:\/\/schema.org\",\"@graph\":[{\"@type\":\"WebPage\",\"@id\":\"https:\/\/previews.elleven.digital\/acocearense\/conheca-os-principais-perfis-estruturais-do-aco\/\",\"url\":\"https:\/\/previews.elleven.digital\/acocearense\/conheca-os-principais-perfis-estruturais-do-aco\/\",\"name\":\"Conhe\u00e7a os principais perfis estruturais do a\u00e7o - Grupo A\u00e7o Cearense\",\"isPartOf\":{\"@id\":\"https:\/\/previews.elleven.digital\/acocearense\/#website\"},\"primaryImageOfPage\":{\"@id\":\"https:\/\/previews.elleven.digital\/acocearense\/conheca-os-principais-perfis-estruturais-do-aco\/#primaryimage\"},\"image\":{\"@id\":\"https:\/\/previews.elleven.digital\/acocearense\/conheca-os-principais-perfis-estruturais-do-aco\/#primaryimage\"},\"thumbnailUrl\":\"https:\/\/previews.elleven.digital\/acocearense\/wp-content\/uploads\/2025\/05\/212340-conheca-os-principais-perfis-estruturais-do-aco-1090x720-1.jpg\",\"datePublished\":\"2018-07-15T12:41:44+00:00\",\"dateModified\":\"2025-05-07T12:42:11+00:00\",\"author\":{\"@id\":\"https:\/\/previews.elleven.digital\/acocearense\/#\/schema\/person\/8e9165eb3c33e0860485c7c5fc06a701\"},\"breadcrumb\":{\"@id\":\"https:\/\/previews.elleven.digital\/acocearense\/conheca-os-principais-perfis-estruturais-do-aco\/#breadcrumb\"},\"inLanguage\":\"pt-BR\",\"potentialAction\":[{\"@type\":\"ReadAction\",\"target\":[\"https:\/\/previews.elleven.digital\/acocearense\/conheca-os-principais-perfis-estruturais-do-aco\/\"]}]},{\"@type\":\"ImageObject\",\"inLanguage\":\"pt-BR\",\"@id\":\"https:\/\/previews.elleven.digital\/acocearense\/conheca-os-principais-perfis-estruturais-do-aco\/#primaryimage\",\"url\":\"https:\/\/previews.elleven.digital\/acocearense\/wp-content\/uploads\/2025\/05\/212340-conheca-os-principais-perfis-estruturais-do-aco-1090x720-1.jpg\",\"contentUrl\":\"https:\/\/previews.elleven.digital\/acocearense\/wp-content\/uploads\/2025\/05\/212340-conheca-os-principais-perfis-estruturais-do-aco-1090x720-1.jpg\",\"width\":1090,\"height\":720},{\"@type\":\"BreadcrumbList\",\"@id\":\"https:\/\/previews.elleven.digital\/acocearense\/conheca-os-principais-perfis-estruturais-do-aco\/#breadcrumb\",\"itemListElement\":[{\"@type\":\"ListItem\",\"position\":1,\"name\":\"In\u00edcio\",\"item\":\"https:\/\/previews.elleven.digital\/acocearense\/\"},{\"@type\":\"ListItem\",\"position\":2,\"name\":\"Conhe\u00e7a os principais perfis estruturais do a\u00e7o\"}]},{\"@type\":\"WebSite\",\"@id\":\"https:\/\/previews.elleven.digital\/acocearense\/#website\",\"url\":\"https:\/\/previews.elleven.digital\/acocearense\/\",\"name\":\"A\u00e7o Cearense\",\"description\":\"H\u00e1 mais de 45 anos no mercado brasileiro do a\u00e7o.\",\"alternateName\":\"A\u00e7o Cearense\",\"potentialAction\":[{\"@type\":\"SearchAction\",\"target\":{\"@type\":\"EntryPoint\",\"urlTemplate\":\"https:\/\/previews.elleven.digital\/acocearense\/?s={search_term_string}\"},\"query-input\":{\"@type\":\"PropertyValueSpecification\",\"valueRequired\":true,\"valueName\":\"search_term_string\"}}],\"inLanguage\":\"pt-BR\"},{\"@type\":\"Person\",\"@id\":\"https:\/\/previews.elleven.digital\/acocearense\/#\/schema\/person\/8e9165eb3c33e0860485c7c5fc06a701\",\"name\":\"elleven\",\"image\":{\"@type\":\"ImageObject\",\"inLanguage\":\"pt-BR\",\"@id\":\"https:\/\/previews.elleven.digital\/acocearense\/#\/schema\/person\/image\/\",\"url\":\"https:\/\/secure.gravatar.com\/avatar\/2a6afb49d9ecfed5dbc6c9606ce318b8bd07c077835179bddfd5d8209c03cb29?s=96&d=mm&r=g\",\"contentUrl\":\"https:\/\/secure.gravatar.com\/avatar\/2a6afb49d9ecfed5dbc6c9606ce318b8bd07c077835179bddfd5d8209c03cb29?s=96&d=mm&r=g\",\"caption\":\"elleven\"},\"sameAs\":[\"http:\/\/localhost\/acocearense\"],\"url\":\"https:\/\/previews.elleven.digital\/acocearense\/author\/elleven\/\"}]}<\/script>\n<!-- \/ Yoast SEO plugin. -->","yoast_head_json":{"title":"Conhe\u00e7a os principais perfis estruturais do a\u00e7o - Grupo A\u00e7o Cearense","robots":{"index":"index","follow":"follow","max-snippet":"max-snippet:-1","max-image-preview":"max-image-preview:large","max-video-preview":"max-video-preview:-1"},"canonical":"https:\/\/previews.elleven.digital\/acocearense\/conheca-os-principais-perfis-estruturais-do-aco\/","og_locale":"pt_BR","og_type":"article","og_title":"Conhe\u00e7a os principais perfis estruturais do a\u00e7o - Grupo A\u00e7o Cearense","og_description":"Pelo mundo, junto com o concreto e o cimento, o a\u00e7o \u00e9 um dos\u00a0materiais\u00a0mais utilizados(...)","og_url":"https:\/\/previews.elleven.digital\/acocearense\/conheca-os-principais-perfis-estruturais-do-aco\/","og_site_name":"Grupo A\u00e7o Cearense","article_published_time":"2018-07-15T12:41:44+00:00","article_modified_time":"2025-05-07T12:42:11+00:00","og_image":[{"width":1090,"height":720,"url":"https:\/\/previews.elleven.digital\/acocearense\/wp-content\/uploads\/2025\/05\/212340-conheca-os-principais-perfis-estruturais-do-aco-1090x720-1.jpg","type":"image\/jpeg"}],"author":"elleven","twitter_card":"summary_large_image","twitter_misc":{"Escrito por":"elleven","Est. tempo de leitura":"4 minutos"},"schema":{"@context":"https:\/\/schema.org","@graph":[{"@type":"WebPage","@id":"https:\/\/previews.elleven.digital\/acocearense\/conheca-os-principais-perfis-estruturais-do-aco\/","url":"https:\/\/previews.elleven.digital\/acocearense\/conheca-os-principais-perfis-estruturais-do-aco\/","name":"Conhe\u00e7a os principais perfis estruturais do a\u00e7o - Grupo A\u00e7o Cearense","isPartOf":{"@id":"https:\/\/previews.elleven.digital\/acocearense\/#website"},"primaryImageOfPage":{"@id":"https:\/\/previews.elleven.digital\/acocearense\/conheca-os-principais-perfis-estruturais-do-aco\/#primaryimage"},"image":{"@id":"https:\/\/previews.elleven.digital\/acocearense\/conheca-os-principais-perfis-estruturais-do-aco\/#primaryimage"},"thumbnailUrl":"https:\/\/previews.elleven.digital\/acocearense\/wp-content\/uploads\/2025\/05\/212340-conheca-os-principais-perfis-estruturais-do-aco-1090x720-1.jpg","datePublished":"2018-07-15T12:41:44+00:00","dateModified":"2025-05-07T12:42:11+00:00","author":{"@id":"https:\/\/previews.elleven.digital\/acocearense\/#\/schema\/person\/8e9165eb3c33e0860485c7c5fc06a701"},"breadcrumb":{"@id":"https:\/\/previews.elleven.digital\/acocearense\/conheca-os-principais-perfis-estruturais-do-aco\/#breadcrumb"},"inLanguage":"pt-BR","potentialAction":[{"@type":"ReadAction","target":["https:\/\/previews.elleven.digital\/acocearense\/conheca-os-principais-perfis-estruturais-do-aco\/"]}]},{"@type":"ImageObject","inLanguage":"pt-BR","@id":"https:\/\/previews.elleven.digital\/acocearense\/conheca-os-principais-perfis-estruturais-do-aco\/#primaryimage","url":"https:\/\/previews.elleven.digital\/acocearense\/wp-content\/uploads\/2025\/05\/212340-conheca-os-principais-perfis-estruturais-do-aco-1090x720-1.jpg","contentUrl":"https:\/\/previews.elleven.digital\/acocearense\/wp-content\/uploads\/2025\/05\/212340-conheca-os-principais-perfis-estruturais-do-aco-1090x720-1.jpg","width":1090,"height":720},{"@type":"BreadcrumbList","@id":"https:\/\/previews.elleven.digital\/acocearense\/conheca-os-principais-perfis-estruturais-do-aco\/#breadcrumb","itemListElement":[{"@type":"ListItem","position":1,"name":"In\u00edcio","item":"https:\/\/previews.elleven.digital\/acocearense\/"},{"@type":"ListItem","position":2,"name":"Conhe\u00e7a os principais perfis estruturais do a\u00e7o"}]},{"@type":"WebSite","@id":"https:\/\/previews.elleven.digital\/acocearense\/#website","url":"https:\/\/previews.elleven.digital\/acocearense\/","name":"A\u00e7o Cearense","description":"H\u00e1 mais de 45 anos no mercado brasileiro do a\u00e7o.","alternateName":"A\u00e7o Cearense","potentialAction":[{"@type":"SearchAction","target":{"@type":"EntryPoint","urlTemplate":"https:\/\/previews.elleven.digital\/acocearense\/?s={search_term_string}"},"query-input":{"@type":"PropertyValueSpecification","valueRequired":true,"valueName":"search_term_string"}}],"inLanguage":"pt-BR"},{"@type":"Person","@id":"https:\/\/previews.elleven.digital\/acocearense\/#\/schema\/person\/8e9165eb3c33e0860485c7c5fc06a701","name":"elleven","image":{"@type":"ImageObject","inLanguage":"pt-BR","@id":"https:\/\/previews.elleven.digital\/acocearense\/#\/schema\/person\/image\/","url":"https:\/\/secure.gravatar.com\/avatar\/2a6afb49d9ecfed5dbc6c9606ce318b8bd07c077835179bddfd5d8209c03cb29?s=96&d=mm&r=g","contentUrl":"https:\/\/secure.gravatar.com\/avatar\/2a6afb49d9ecfed5dbc6c9606ce318b8bd07c077835179bddfd5d8209c03cb29?s=96&d=mm&r=g","caption":"elleven"},"sameAs":["http:\/\/localhost\/acocearense"],"url":"https:\/\/previews.elleven.digital\/acocearense\/author\/elleven\/"}]}},"_links":{"self":[{"href":"https:\/\/previews.elleven.digital\/acocearense\/wp-json\/wp\/v2\/posts\/1090","targetHints":{"allow":["GET"]}}],"collection":[{"href":"https:\/\/previews.elleven.digital\/acocearense\/wp-json\/wp\/v2\/posts"}],"about":[{"href":"https:\/\/previews.elleven.digital\/acocearense\/wp-json\/wp\/v2\/types\/post"}],"author":[{"embeddable":true,"href":"https:\/\/previews.elleven.digital\/acocearense\/wp-json\/wp\/v2\/users\/1"}],"replies":[{"embeddable":true,"href":"https:\/\/previews.elleven.digital\/acocearense\/wp-json\/wp\/v2\/comments?post=1090"}],"version-history":[{"count":1,"href":"https:\/\/previews.elleven.digital\/acocearense\/wp-json\/wp\/v2\/posts\/1090\/revisions"}],"predecessor-version":[{"id":1091,"href":"https:\/\/previews.elleven.digital\/acocearense\/wp-json\/wp\/v2\/posts\/1090\/revisions\/1091"}],"wp:featuredmedia":[{"embeddable":true,"href":"https:\/\/previews.elleven.digital\/acocearense\/wp-json\/wp\/v2\/media\/1076"}],"wp:attachment":[{"href":"https:\/\/previews.elleven.digital\/acocearense\/wp-json\/wp\/v2\/media?parent=1090"}],"wp:term":[{"taxonomy":"category","embeddable":true,"href":"https:\/\/previews.elleven.digital\/acocearense\/wp-json\/wp\/v2\/categories?post=1090"},{"taxonomy":"post_tag","embeddable":true,"href":"https:\/\/previews.elleven.digital\/acocearense\/wp-json\/wp\/v2\/tags?post=1090"}],"curies":[{"name":"wp","href":"https:\/\/api.w.org\/{rel}","templated":true}]}}