{"id":1084,"date":"2018-05-30T09:40:46","date_gmt":"2018-05-30T12:40:46","guid":{"rendered":"https:\/\/previews.elleven.digital\/acocearense\/?p=1084"},"modified":"2025-05-07T09:41:11","modified_gmt":"2025-05-07T12:41:11","slug":"5-boas-praticas-para-tornar-a-sua-empresa-competitiva-no-mercado","status":"publish","type":"post","link":"https:\/\/previews.elleven.digital\/acocearense\/5-boas-praticas-para-tornar-a-sua-empresa-competitiva-no-mercado\/","title":{"rendered":"5 boas pr\u00e1ticas para tornar a sua empresa competitiva no mercado"},"content":{"rendered":"<p>\u00c9 muito raro, atualmente, uma organiza\u00e7\u00e3o que n\u00e3o enfrente uma competi\u00e7\u00e3o acirrada no mercado. Por isso, \u00e9 fundamental adotar uma postura diferenciada para tornar a empresa competitiva.<\/p>\n<p>No entanto, ao contr\u00e1rio do que se pode pensar, manter uma vantagem competitiva n\u00e3o depende apenas de pre\u00e7o ou das caracter\u00edsticas do pr\u00f3prio produto ou servi\u00e7o. A verdade \u00e9 que muitas empresas tendem a ignorar\u00a0outros fatores bem mais valorizados no mercado atual.<\/p>\n<p>Neste post, apresentamos 5 maneiras de deixar a sua empresa competitiva a partir da ado\u00e7\u00e3o de algumas pr\u00e1ticas. Acompanhe!<\/p>\n<h2>1. Explore os diferenciais da sua empresa<\/h2>\n<p>\u00c9 fato que nenhuma empresa \u00e9 exatamente igual \u00e0\u00a0outra. Mesmo as organiza\u00e7\u00f5es mais tradicionais\u00a0sempre possuem algo que possa ser definido como um diferencial.<\/p>\n<p>Assim,\u00a0localiza\u00e7\u00e3o, medidas sustent\u00e1veis, algum programa comunit\u00e1rio, enfim, qualquer coisa que acrescente valor \u00e0\u00a0empresa pode se tornar um fator de competitividade. \u00c9 importante saber apenas explorar esse diferencial no momento e no contexto corretos, para que n\u00e3o soe oportunista, ou seja, irrelevante.<\/p>\n<h2>2. Conhe\u00e7a bem o mercado e seus competidores<\/h2>\n<p>Se voc\u00ea resolve explorar algum diferencial, \u00e9 preciso conhecer bem seus competidores, os consumidores e quaisquer outros envolvidos no seu mercado. Afinal, n\u00e3o adianta tentar se diferenciar ou investir em qualquer estrat\u00e9gia sem antes entender o cen\u00e1rio.<\/p>\n<p>Nesse sentido, fa\u00e7a o\u00a0<a href=\"https:\/\/previews.elleven.digital\/acocearense\/blog\/abrindo-o-negocio\/analise-de-concorrencia-passo-a-passo-para-coloca-la-em-pratica\/\" target=\"_blank\" rel=\"noopener noreferrer\">benchmarking<\/a>\u00a0para saber mais sobre seus concorrentes. J\u00e1 para entender os seus p\u00fablicos, s\u00e3o necess\u00e1rias pesquisas de mercado, sejam elas mais simples ou mais elaboradas. A partir da\u00ed voc\u00ea poder\u00e1 tomar algumas medidas de acordo com o mercado.<\/p>\n<h2>3. Invista em campanhas de marketing<\/h2>\n<p>O marketing, tanto por meio de a\u00e7\u00f5es de intelig\u00eancia de mercado quanto de campanhas, \u00e9 o seu principal aliado para tornar a empresa competitiva. Por isso, nunca deve ser visto como um custo, mas como um investimento.<\/p>\n<p>Depois de descobrir seus diferenciais e potenciais, pode divulg\u00e1-los por meio de campanhas que dialogam com os diferentes p\u00fablicos da empresa. Apenas tenha o cuidado de planejar bastante e investir nos canais mais adequados para cada situa\u00e7\u00e3o.<\/p>\n<h2>4. Conquiste novos clientes e mantenha os antigos<\/h2>\n<p>Toda empresa sempre deseja conquistar novos clientes. No entanto, muitas esquecem de focar tamb\u00e9m na\u00a0<a href=\"https:\/\/previews.elleven.digital\/acocearense\/blog\/abrindo-o-negocio\/afinal-e-possivel-fidelizar-clientes-em-uma-loja-de-ferro-e-aco-3\/\" target=\"_blank\" rel=\"noopener noreferrer\">fideliza\u00e7\u00e3o<\/a>\u00a0dos antigos, algo bem mais eficiente e barato, uma vez que, se estiverem satisfeitos, eles mesmos v\u00e3o ajudar na conquista de outros, por meio do boca a boca e das redes sociais.<\/p>\n<p>Para tanto, realize pesquisas de satisfa\u00e7\u00e3o e a\u00e7\u00f5es de marketing de relacionamento, como envio de e-mails direcionados. O mais importante \u00e9 manter um fluxo ativo de comunica\u00e7\u00e3o com os clientes, de modo que eles sempre se lembrem da sua empresa.<\/p>\n<h2>5. Seja um bom empregador para seus funcion\u00e1rios<\/h2>\n<p>Por fim, lembramos da necessidade de cuidar tamb\u00e9m de um p\u00fablico extremamente exigente: o interno. Seus colaboradores s\u00e3o os principais divulgadores da sua empresa, ajudando a aumentar a competitividade.<\/p>\n<p>Dessa forma, al\u00e9m de oferecer boas condi\u00e7\u00f5es de trabalho e uma remunera\u00e7\u00e3o digna, realize a\u00e7\u00f5es para desenvolver neles um sentimento de pertencimento \u00e0\u00a0<a href=\"https:\/\/previews.elleven.digital\/acocearense\/blog\/abrindo-o-negocio\/o-que-e-cultura-organizacional-saiba-fazer-um-diagnostico-na-empresa\/\" target=\"_blank\" rel=\"noopener noreferrer\">cultura da organiza\u00e7\u00e3o<\/a>.<\/p>\n<p>Enfim, ter uma empresa competitiva depende de muito trabalho e tamb\u00e9m do entendimento de que n\u00e3o d\u00e1 para construir uma marca s\u00f3lida e respeitada sozinho. Afinal, existem v\u00e1rios fatores e p\u00fablicos convergindo para isso.<\/p>\n<p>Gostou de saber como tornar sua empresa competitiva? Ent\u00e3o, compartilhe o post nas redes sociais, pois o assunto pode interessar a outras pessoas!<\/p>\n","protected":false},"excerpt":{"rendered":"<p>\u00c9 muito raro, atualmente, uma organiza\u00e7\u00e3o que n\u00e3o enfrente uma competi\u00e7\u00e3o acirrada no mercado. Por(&#8230;)<\/p>\n","protected":false},"author":1,"featured_media":1078,"comment_status":"open","ping_status":"open","sticky":false,"template":"","format":"standard","meta":{"_acf_changed":false,"inline_featured_image":false,"footnotes":""},"categories":[32],"tags":[],"class_list":["post-1084","post","type-post","status-publish","format-standard","has-post-thumbnail","hentry","category-vender-mais"],"acf":[],"yoast_head":"<!-- This site is optimized with the Yoast SEO plugin v25.9 - https:\/\/yoast.com\/wordpress\/plugins\/seo\/ -->\n<title>5 boas pr\u00e1ticas para tornar a sua empresa competitiva no mercado - Grupo A\u00e7o Cearense<\/title>\n<meta name=\"robots\" content=\"index, follow, max-snippet:-1, max-image-preview:large, max-video-preview:-1\" \/>\n<link rel=\"canonical\" href=\"https:\/\/previews.elleven.digital\/acocearense\/5-boas-praticas-para-tornar-a-sua-empresa-competitiva-no-mercado\/\" \/>\n<meta property=\"og:locale\" content=\"pt_BR\" \/>\n<meta property=\"og:type\" content=\"article\" \/>\n<meta property=\"og:title\" content=\"5 boas pr\u00e1ticas para tornar a sua empresa competitiva no mercado - Grupo A\u00e7o Cearense\" \/>\n<meta property=\"og:description\" content=\"\u00c9 muito raro, atualmente, uma organiza\u00e7\u00e3o que n\u00e3o enfrente uma competi\u00e7\u00e3o acirrada no mercado. Por(...)\" \/>\n<meta property=\"og:url\" content=\"https:\/\/previews.elleven.digital\/acocearense\/5-boas-praticas-para-tornar-a-sua-empresa-competitiva-no-mercado\/\" \/>\n<meta property=\"og:site_name\" content=\"Grupo A\u00e7o Cearense\" \/>\n<meta property=\"article:published_time\" content=\"2018-05-30T12:40:46+00:00\" \/>\n<meta property=\"article:modified_time\" content=\"2025-05-07T12:41:11+00:00\" \/>\n<meta property=\"og:image\" content=\"https:\/\/previews.elleven.digital\/acocearense\/wp-content\/uploads\/2025\/05\/197625-5-boas-praticas-para-tornar-a-sua-empresa-competitiva-no-mercado.jpg\" \/>\n\t<meta property=\"og:image:width\" content=\"999\" \/>\n\t<meta property=\"og:image:height\" content=\"667\" \/>\n\t<meta property=\"og:image:type\" content=\"image\/jpeg\" \/>\n<meta name=\"author\" content=\"elleven\" \/>\n<meta name=\"twitter:card\" content=\"summary_large_image\" \/>\n<meta name=\"twitter:label1\" content=\"Escrito por\" \/>\n\t<meta name=\"twitter:data1\" content=\"elleven\" \/>\n\t<meta name=\"twitter:label2\" content=\"Est. tempo de leitura\" \/>\n\t<meta name=\"twitter:data2\" content=\"4 minutos\" \/>\n<script type=\"application\/ld+json\" class=\"yoast-schema-graph\">{\"@context\":\"https:\/\/schema.org\",\"@graph\":[{\"@type\":\"WebPage\",\"@id\":\"https:\/\/previews.elleven.digital\/acocearense\/5-boas-praticas-para-tornar-a-sua-empresa-competitiva-no-mercado\/\",\"url\":\"https:\/\/previews.elleven.digital\/acocearense\/5-boas-praticas-para-tornar-a-sua-empresa-competitiva-no-mercado\/\",\"name\":\"5 boas pr\u00e1ticas para tornar a sua empresa competitiva no mercado - Grupo A\u00e7o Cearense\",\"isPartOf\":{\"@id\":\"https:\/\/previews.elleven.digital\/acocearense\/#website\"},\"primaryImageOfPage\":{\"@id\":\"https:\/\/previews.elleven.digital\/acocearense\/5-boas-praticas-para-tornar-a-sua-empresa-competitiva-no-mercado\/#primaryimage\"},\"image\":{\"@id\":\"https:\/\/previews.elleven.digital\/acocearense\/5-boas-praticas-para-tornar-a-sua-empresa-competitiva-no-mercado\/#primaryimage\"},\"thumbnailUrl\":\"https:\/\/previews.elleven.digital\/acocearense\/wp-content\/uploads\/2025\/05\/197625-5-boas-praticas-para-tornar-a-sua-empresa-competitiva-no-mercado.jpg\",\"datePublished\":\"2018-05-30T12:40:46+00:00\",\"dateModified\":\"2025-05-07T12:41:11+00:00\",\"author\":{\"@id\":\"https:\/\/previews.elleven.digital\/acocearense\/#\/schema\/person\/8e9165eb3c33e0860485c7c5fc06a701\"},\"breadcrumb\":{\"@id\":\"https:\/\/previews.elleven.digital\/acocearense\/5-boas-praticas-para-tornar-a-sua-empresa-competitiva-no-mercado\/#breadcrumb\"},\"inLanguage\":\"pt-BR\",\"potentialAction\":[{\"@type\":\"ReadAction\",\"target\":[\"https:\/\/previews.elleven.digital\/acocearense\/5-boas-praticas-para-tornar-a-sua-empresa-competitiva-no-mercado\/\"]}]},{\"@type\":\"ImageObject\",\"inLanguage\":\"pt-BR\",\"@id\":\"https:\/\/previews.elleven.digital\/acocearense\/5-boas-praticas-para-tornar-a-sua-empresa-competitiva-no-mercado\/#primaryimage\",\"url\":\"https:\/\/previews.elleven.digital\/acocearense\/wp-content\/uploads\/2025\/05\/197625-5-boas-praticas-para-tornar-a-sua-empresa-competitiva-no-mercado.jpg\",\"contentUrl\":\"https:\/\/previews.elleven.digital\/acocearense\/wp-content\/uploads\/2025\/05\/197625-5-boas-praticas-para-tornar-a-sua-empresa-competitiva-no-mercado.jpg\",\"width\":999,\"height\":667},{\"@type\":\"BreadcrumbList\",\"@id\":\"https:\/\/previews.elleven.digital\/acocearense\/5-boas-praticas-para-tornar-a-sua-empresa-competitiva-no-mercado\/#breadcrumb\",\"itemListElement\":[{\"@type\":\"ListItem\",\"position\":1,\"name\":\"In\u00edcio\",\"item\":\"https:\/\/previews.elleven.digital\/acocearense\/\"},{\"@type\":\"ListItem\",\"position\":2,\"name\":\"5 boas pr\u00e1ticas para tornar a sua empresa competitiva no mercado\"}]},{\"@type\":\"WebSite\",\"@id\":\"https:\/\/previews.elleven.digital\/acocearense\/#website\",\"url\":\"https:\/\/previews.elleven.digital\/acocearense\/\",\"name\":\"A\u00e7o Cearense\",\"description\":\"H\u00e1 mais de 45 anos no mercado brasileiro do a\u00e7o.\",\"alternateName\":\"A\u00e7o Cearense\",\"potentialAction\":[{\"@type\":\"SearchAction\",\"target\":{\"@type\":\"EntryPoint\",\"urlTemplate\":\"https:\/\/previews.elleven.digital\/acocearense\/?s={search_term_string}\"},\"query-input\":{\"@type\":\"PropertyValueSpecification\",\"valueRequired\":true,\"valueName\":\"search_term_string\"}}],\"inLanguage\":\"pt-BR\"},{\"@type\":\"Person\",\"@id\":\"https:\/\/previews.elleven.digital\/acocearense\/#\/schema\/person\/8e9165eb3c33e0860485c7c5fc06a701\",\"name\":\"elleven\",\"image\":{\"@type\":\"ImageObject\",\"inLanguage\":\"pt-BR\",\"@id\":\"https:\/\/previews.elleven.digital\/acocearense\/#\/schema\/person\/image\/\",\"url\":\"https:\/\/secure.gravatar.com\/avatar\/2a6afb49d9ecfed5dbc6c9606ce318b8bd07c077835179bddfd5d8209c03cb29?s=96&d=mm&r=g\",\"contentUrl\":\"https:\/\/secure.gravatar.com\/avatar\/2a6afb49d9ecfed5dbc6c9606ce318b8bd07c077835179bddfd5d8209c03cb29?s=96&d=mm&r=g\",\"caption\":\"elleven\"},\"sameAs\":[\"http:\/\/localhost\/acocearense\"],\"url\":\"https:\/\/previews.elleven.digital\/acocearense\/author\/elleven\/\"}]}<\/script>\n<!-- \/ Yoast SEO plugin. -->","yoast_head_json":{"title":"5 boas pr\u00e1ticas para tornar a sua empresa competitiva no mercado - Grupo A\u00e7o Cearense","robots":{"index":"index","follow":"follow","max-snippet":"max-snippet:-1","max-image-preview":"max-image-preview:large","max-video-preview":"max-video-preview:-1"},"canonical":"https:\/\/previews.elleven.digital\/acocearense\/5-boas-praticas-para-tornar-a-sua-empresa-competitiva-no-mercado\/","og_locale":"pt_BR","og_type":"article","og_title":"5 boas pr\u00e1ticas para tornar a sua empresa competitiva no mercado - Grupo A\u00e7o Cearense","og_description":"\u00c9 muito raro, atualmente, uma organiza\u00e7\u00e3o que n\u00e3o enfrente uma competi\u00e7\u00e3o acirrada no mercado. Por(...)","og_url":"https:\/\/previews.elleven.digital\/acocearense\/5-boas-praticas-para-tornar-a-sua-empresa-competitiva-no-mercado\/","og_site_name":"Grupo A\u00e7o Cearense","article_published_time":"2018-05-30T12:40:46+00:00","article_modified_time":"2025-05-07T12:41:11+00:00","og_image":[{"width":999,"height":667,"url":"https:\/\/previews.elleven.digital\/acocearense\/wp-content\/uploads\/2025\/05\/197625-5-boas-praticas-para-tornar-a-sua-empresa-competitiva-no-mercado.jpg","type":"image\/jpeg"}],"author":"elleven","twitter_card":"summary_large_image","twitter_misc":{"Escrito por":"elleven","Est. tempo de leitura":"4 minutos"},"schema":{"@context":"https:\/\/schema.org","@graph":[{"@type":"WebPage","@id":"https:\/\/previews.elleven.digital\/acocearense\/5-boas-praticas-para-tornar-a-sua-empresa-competitiva-no-mercado\/","url":"https:\/\/previews.elleven.digital\/acocearense\/5-boas-praticas-para-tornar-a-sua-empresa-competitiva-no-mercado\/","name":"5 boas pr\u00e1ticas para tornar a sua empresa competitiva no mercado - Grupo A\u00e7o Cearense","isPartOf":{"@id":"https:\/\/previews.elleven.digital\/acocearense\/#website"},"primaryImageOfPage":{"@id":"https:\/\/previews.elleven.digital\/acocearense\/5-boas-praticas-para-tornar-a-sua-empresa-competitiva-no-mercado\/#primaryimage"},"image":{"@id":"https:\/\/previews.elleven.digital\/acocearense\/5-boas-praticas-para-tornar-a-sua-empresa-competitiva-no-mercado\/#primaryimage"},"thumbnailUrl":"https:\/\/previews.elleven.digital\/acocearense\/wp-content\/uploads\/2025\/05\/197625-5-boas-praticas-para-tornar-a-sua-empresa-competitiva-no-mercado.jpg","datePublished":"2018-05-30T12:40:46+00:00","dateModified":"2025-05-07T12:41:11+00:00","author":{"@id":"https:\/\/previews.elleven.digital\/acocearense\/#\/schema\/person\/8e9165eb3c33e0860485c7c5fc06a701"},"breadcrumb":{"@id":"https:\/\/previews.elleven.digital\/acocearense\/5-boas-praticas-para-tornar-a-sua-empresa-competitiva-no-mercado\/#breadcrumb"},"inLanguage":"pt-BR","potentialAction":[{"@type":"ReadAction","target":["https:\/\/previews.elleven.digital\/acocearense\/5-boas-praticas-para-tornar-a-sua-empresa-competitiva-no-mercado\/"]}]},{"@type":"ImageObject","inLanguage":"pt-BR","@id":"https:\/\/previews.elleven.digital\/acocearense\/5-boas-praticas-para-tornar-a-sua-empresa-competitiva-no-mercado\/#primaryimage","url":"https:\/\/previews.elleven.digital\/acocearense\/wp-content\/uploads\/2025\/05\/197625-5-boas-praticas-para-tornar-a-sua-empresa-competitiva-no-mercado.jpg","contentUrl":"https:\/\/previews.elleven.digital\/acocearense\/wp-content\/uploads\/2025\/05\/197625-5-boas-praticas-para-tornar-a-sua-empresa-competitiva-no-mercado.jpg","width":999,"height":667},{"@type":"BreadcrumbList","@id":"https:\/\/previews.elleven.digital\/acocearense\/5-boas-praticas-para-tornar-a-sua-empresa-competitiva-no-mercado\/#breadcrumb","itemListElement":[{"@type":"ListItem","position":1,"name":"In\u00edcio","item":"https:\/\/previews.elleven.digital\/acocearense\/"},{"@type":"ListItem","position":2,"name":"5 boas pr\u00e1ticas para tornar a sua empresa competitiva no mercado"}]},{"@type":"WebSite","@id":"https:\/\/previews.elleven.digital\/acocearense\/#website","url":"https:\/\/previews.elleven.digital\/acocearense\/","name":"A\u00e7o Cearense","description":"H\u00e1 mais de 45 anos no mercado brasileiro do a\u00e7o.","alternateName":"A\u00e7o Cearense","potentialAction":[{"@type":"SearchAction","target":{"@type":"EntryPoint","urlTemplate":"https:\/\/previews.elleven.digital\/acocearense\/?s={search_term_string}"},"query-input":{"@type":"PropertyValueSpecification","valueRequired":true,"valueName":"search_term_string"}}],"inLanguage":"pt-BR"},{"@type":"Person","@id":"https:\/\/previews.elleven.digital\/acocearense\/#\/schema\/person\/8e9165eb3c33e0860485c7c5fc06a701","name":"elleven","image":{"@type":"ImageObject","inLanguage":"pt-BR","@id":"https:\/\/previews.elleven.digital\/acocearense\/#\/schema\/person\/image\/","url":"https:\/\/secure.gravatar.com\/avatar\/2a6afb49d9ecfed5dbc6c9606ce318b8bd07c077835179bddfd5d8209c03cb29?s=96&d=mm&r=g","contentUrl":"https:\/\/secure.gravatar.com\/avatar\/2a6afb49d9ecfed5dbc6c9606ce318b8bd07c077835179bddfd5d8209c03cb29?s=96&d=mm&r=g","caption":"elleven"},"sameAs":["http:\/\/localhost\/acocearense"],"url":"https:\/\/previews.elleven.digital\/acocearense\/author\/elleven\/"}]}},"_links":{"self":[{"href":"https:\/\/previews.elleven.digital\/acocearense\/wp-json\/wp\/v2\/posts\/1084","targetHints":{"allow":["GET"]}}],"collection":[{"href":"https:\/\/previews.elleven.digital\/acocearense\/wp-json\/wp\/v2\/posts"}],"about":[{"href":"https:\/\/previews.elleven.digital\/acocearense\/wp-json\/wp\/v2\/types\/post"}],"author":[{"embeddable":true,"href":"https:\/\/previews.elleven.digital\/acocearense\/wp-json\/wp\/v2\/users\/1"}],"replies":[{"embeddable":true,"href":"https:\/\/previews.elleven.digital\/acocearense\/wp-json\/wp\/v2\/comments?post=1084"}],"version-history":[{"count":2,"href":"https:\/\/previews.elleven.digital\/acocearense\/wp-json\/wp\/v2\/posts\/1084\/revisions"}],"predecessor-version":[{"id":1086,"href":"https:\/\/previews.elleven.digital\/acocearense\/wp-json\/wp\/v2\/posts\/1084\/revisions\/1086"}],"wp:featuredmedia":[{"embeddable":true,"href":"https:\/\/previews.elleven.digital\/acocearense\/wp-json\/wp\/v2\/media\/1078"}],"wp:attachment":[{"href":"https:\/\/previews.elleven.digital\/acocearense\/wp-json\/wp\/v2\/media?parent=1084"}],"wp:term":[{"taxonomy":"category","embeddable":true,"href":"https:\/\/previews.elleven.digital\/acocearense\/wp-json\/wp\/v2\/categories?post=1084"},{"taxonomy":"post_tag","embeddable":true,"href":"https:\/\/previews.elleven.digital\/acocearense\/wp-json\/wp\/v2\/tags?post=1084"}],"curies":[{"name":"wp","href":"https:\/\/api.w.org\/{rel}","templated":true}]}}