{"id":1066,"date":"2018-04-17T09:36:31","date_gmt":"2018-04-17T12:36:31","guid":{"rendered":"https:\/\/previews.elleven.digital\/acocearense\/?p=1066"},"modified":"2025-05-07T09:36:55","modified_gmt":"2025-05-07T12:36:55","slug":"5-desafios-do-setor-de-transporte-de-cargas-e-como-supera-los","status":"publish","type":"post","link":"https:\/\/previews.elleven.digital\/acocearense\/5-desafios-do-setor-de-transporte-de-cargas-e-como-supera-los\/","title":{"rendered":"5 desafios do setor de transporte de cargas e como super\u00e1-los"},"content":{"rendered":"<p>Cuidar da\u00a0<a href=\"https:\/\/previews.elleven.digital\/acocearense\/blog\/gestao\/4-erros-de-gestao-de-pessoas-que-prejudicam-a-sua-loja-de-ferro-e-aco\/\" target=\"_blank\" rel=\"noopener noreferrer\">gest\u00e3o<\/a>\u00a0de transporte de uma empresa\u00a0requer dedica\u00e7\u00e3o, esfor\u00e7o e vis\u00e3o estrat\u00e9gica. \u00c9 preciso melhorar\u00a0os procedimentos e encontrar solu\u00e7\u00f5es inteligentes, que caminhem em dire\u00e7\u00e3o ao cumprimento dos objetivos do neg\u00f3cio.<\/p>\n<p>Estar \u00e0 frente dessa log\u00edstica \u00e9 buscar, a todo tempo, superar algumas dificuldades muito comuns, que interferem diretamente em fatores como custos, riscos e\u00a0tempo de entrega dos produtos.<\/p>\n<p>Neste post, voc\u00ea ver\u00e1 quais s\u00e3o os 5 principais desafios que a gest\u00e3o de transporte precisa enfrentar e superar no cotidiano de trabalho. Continue a leitura!<\/p>\n<h2>1. A escolha do melhor modal<\/h2>\n<p>\u00c9 preciso analisar bem antes de decidir o modal principal de transportes que a empresa vai trabalhar. Essa decis\u00e3o envolve fatores como o custo, a agilidade e a seguran\u00e7a dos produtos no trajeto de chegada at\u00e9 o cliente.<\/p>\n<p>As op\u00e7\u00f5es se resumem a: rodovi\u00e1rio (que acaba sendo o mais comum e utilizado), aqu\u00e1tico, ferrovi\u00e1rio e a\u00e9reo (que promete o menor tempo na maioria das vezes, mas, em contrapartida, custa mais).<\/p>\n<p>Para encontrar a op\u00e7\u00e3o mais vantajosa, as empresas precisam\u00a0analisar o custo-benef\u00edcio de cada modal, levando em conta a seguran\u00e7a e acomoda\u00e7\u00e3o para as cargas, a urg\u00eancia de entrega e\u00a0outras exig\u00eancias do\u00a0<a href=\"https:\/\/previews.elleven.digital\/acocearense\/blog\/vender-mais\/confira-o-panorama-do-mercado-para-a-construcao-civil-em-2018\/\" target=\"_blank\" rel=\"noopener noreferrer\">neg\u00f3cio<\/a>. Assim \u00e9 poss\u00edvel chegar na escolha do melhor m\u00e9todo de envio.<\/p>\n<h2>2. A crescente demanda por agilidade<\/h2>\n<p>O estilo de vida moderno da sociedade faz com que cada vez mais a demanda por rapidez e agilidade seja refletida em v\u00e1rios segmentos \u2014 e o mesmo acontece nos neg\u00f3cios, afinal tempo \u00e9 dinheiro. Quanto mais r\u00e1pida \u00e9 uma entrega, maior a necessidade de\u00a0<a href=\"https:\/\/previews.elleven.digital\/acocearense\/blog\/vender-mais\/dicas-para-fazer-o-planejamento-financeiro-da-sua-loja-de-ferro-e-aco-para-2018\/\" target=\"_blank\" rel=\"noopener noreferrer\">planejamento<\/a>\u00a0e mais alto o investimento feito.<\/p>\n<p>Para quem est\u00e1 \u00e0 frente da gest\u00e3o de transportes,\u00a0\u00e9 imposs\u00edvel n\u00e3o trabalhar pressionado pela necessidade de maior agilidade nas entregas.<\/p>\n<p>Aqui, a grande solu\u00e7\u00e3o \u00e9 estudar a possibilidade de usar modais que ofere\u00e7am um menor tempo de entrega. Isso pode gerar maiores custos, mas, se h\u00e1 essa demanda, \u00e9 fundamental investir.\u00a0Foque em op\u00e7\u00f5es que aliem bom custo e servi\u00e7o de qualidade.<\/p>\n<h2>3. A depend\u00eancia excessiva dos m\u00e9todos rodovi\u00e1rios<\/h2>\n<p>Atualmente, o transporte rodovi\u00e1rio ainda \u00e9 o m\u00e9todo de entrega de produtos que apresenta a melhor rela\u00e7\u00e3o custo-benef\u00edcio. Entretanto, uma s\u00e9rie de fatores limitante do fluxo de trabalho e prejudicial \u00e0 log\u00edstica pesa contra ele.<\/p>\n<p>As rodovias com baixa qualidade, a limita\u00e7\u00e3o de rotas, a inseguran\u00e7a das estradas e diversas outras quest\u00f5es obrigam as companhias a se desdobrarem para a adapta\u00e7\u00e3o a outros modais.<\/p>\n<p>Para isso, o melhor a ser feito \u00e9 distribuir essas entregas em diferentes modais. Dessa maneira, os empecilhos das rodovias ser\u00e3o cada vez menos sentidos.<\/p>\n<h2>4. O\u00a0aumento\u00a0dos\u00a0ped\u00e1gios e do valor do combust\u00edvel<\/h2>\n<p>Problemas corriqueiros, o aumento dos ped\u00e1gios nas principais rodovias do Brasil e o custo do combust\u00edvel t\u00eam feito os gastos do transporte rodovi\u00e1rio subirem, agindo contra os benef\u00edcios que esse modal apresentava.<\/p>\n<p>A quest\u00e3o financeira sempre ser\u00e1 um problema e, com a demanda de entregas alta, esses dois custos aumentam proporcionalmente. Isso faz com que a conta feche com n\u00fameros pouco atraentes.<\/p>\n<p>Para superar essa quest\u00e3o, o melhor a ser feito \u00e9 trabalhar na log\u00edstica de encontrar rotas mais eficientes, que evitem ped\u00e1gios, quando houver a possibilidade, e que fa\u00e7am o caminho ser mais curto, economizando combust\u00edvel.<\/p>\n<h2>5. A gest\u00e3o dos riscos de trabalho<\/h2>\n<p>Faz parte de uma log\u00edstica eficiente e estrat\u00e9gica saber analisar os\u00a0<a href=\"https:\/\/previews.elleven.digital\/acocearense\/blog\/sem-categoria\/monitoramento-de-riscos-ocupacionais-o-que-e-e-por-que-fazer\/\" target=\"_blank\" rel=\"noopener noreferrer\">riscos<\/a>\u00a0envolvidos no transporte de cargas no Brasil. Esse trabalho tende a minimizar problemas, reduzir custos e, consequentemente, aumentar a efici\u00eancia dos servi\u00e7os.<\/p>\n<p>Quest\u00f5es como acidentes, problemas mec\u00e2nicos, imprevistos e roubos devem ser analisadas com cuidado e consideradas ao se tra\u00e7ar planos de distribui\u00e7\u00e3o ou entrega. Dessa forma, \u00e9 poss\u00edvel prever problemas para evit\u00e1-los ou lidar com eles de maneira inteligente.<\/p>\n<p>\u00c9 importante fazer uma a\u00e7\u00e3o preventiva, especialmente trabalhando com seguro para os bens e para os funcion\u00e1rios. Al\u00e9m de garantir que as demandas n\u00e3o sofram interrup\u00e7\u00f5es, isso evita despesas emergenciais e, consequentemente, mais altas.<\/p>\n<p>A gest\u00e3o de transporte precisa superar dificuldades e planejar a\u00a0<a href=\"https:\/\/previews.elleven.digital\/acocearense\/blog\/abrindo-o-negocio\/logistica-de-entrega-de-mercadorias-6-melhores-praticas-para-sua-loja\/\" target=\"_blank\" rel=\"noopener noreferrer\">log\u00edstica<\/a>\u00a0de entregas de maneira estrat\u00e9gica para, assim, ganhar em efici\u00eancia e em redu\u00e7\u00e3o de custos.<\/p>\n<p>Gostou de saber mais sobre esse assunto? Deixe seu coment\u00e1rio e marque algum amigo empres\u00e1rio que vai achar nosso post interessante!<\/p>\n","protected":false},"excerpt":{"rendered":"<p>Cuidar da\u00a0gest\u00e3o\u00a0de transporte de uma empresa\u00a0requer dedica\u00e7\u00e3o, esfor\u00e7o e vis\u00e3o estrat\u00e9gica. \u00c9 preciso melhorar\u00a0os procedimentos(&#8230;)<\/p>\n","protected":false},"author":1,"featured_media":1042,"comment_status":"open","ping_status":"open","sticky":false,"template":"","format":"standard","meta":{"_acf_changed":false,"inline_featured_image":false,"footnotes":""},"categories":[30],"tags":[],"class_list":["post-1066","post","type-post","status-publish","format-standard","has-post-thumbnail","hentry","category-logistica"],"acf":[],"yoast_head":"<!-- This site is optimized with the Yoast SEO plugin v25.9 - https:\/\/yoast.com\/wordpress\/plugins\/seo\/ -->\n<title>5 desafios do setor de transporte de cargas e como super\u00e1-los - Grupo A\u00e7o Cearense<\/title>\n<meta name=\"robots\" content=\"index, follow, max-snippet:-1, max-image-preview:large, max-video-preview:-1\" \/>\n<link rel=\"canonical\" href=\"https:\/\/previews.elleven.digital\/acocearense\/5-desafios-do-setor-de-transporte-de-cargas-e-como-supera-los\/\" \/>\n<meta property=\"og:locale\" content=\"pt_BR\" \/>\n<meta property=\"og:type\" content=\"article\" \/>\n<meta property=\"og:title\" content=\"5 desafios do setor de transporte de cargas e como super\u00e1-los - Grupo A\u00e7o Cearense\" \/>\n<meta property=\"og:description\" content=\"Cuidar da\u00a0gest\u00e3o\u00a0de transporte de uma empresa\u00a0requer dedica\u00e7\u00e3o, esfor\u00e7o e vis\u00e3o estrat\u00e9gica. \u00c9 preciso melhorar\u00a0os procedimentos(...)\" \/>\n<meta property=\"og:url\" content=\"https:\/\/previews.elleven.digital\/acocearense\/5-desafios-do-setor-de-transporte-de-cargas-e-como-supera-los\/\" \/>\n<meta property=\"og:site_name\" content=\"Grupo A\u00e7o Cearense\" \/>\n<meta property=\"article:published_time\" content=\"2018-04-17T12:36:31+00:00\" \/>\n<meta property=\"article:modified_time\" content=\"2025-05-07T12:36:55+00:00\" \/>\n<meta property=\"og:image\" content=\"https:\/\/previews.elleven.digital\/acocearense\/wp-content\/uploads\/2025\/05\/179722-5-desafios-do-setor-de-transporte-de-cargas-e-como-superalos-1.jpg\" \/>\n\t<meta property=\"og:image:width\" content=\"1000\" \/>\n\t<meta property=\"og:image:height\" content=\"667\" \/>\n\t<meta property=\"og:image:type\" content=\"image\/jpeg\" \/>\n<meta name=\"author\" content=\"elleven\" \/>\n<meta name=\"twitter:card\" content=\"summary_large_image\" \/>\n<meta name=\"twitter:label1\" content=\"Escrito por\" \/>\n\t<meta name=\"twitter:data1\" content=\"elleven\" \/>\n\t<meta name=\"twitter:label2\" content=\"Est. tempo de leitura\" \/>\n\t<meta name=\"twitter:data2\" content=\"4 minutos\" \/>\n<script type=\"application\/ld+json\" class=\"yoast-schema-graph\">{\"@context\":\"https:\/\/schema.org\",\"@graph\":[{\"@type\":\"WebPage\",\"@id\":\"https:\/\/previews.elleven.digital\/acocearense\/5-desafios-do-setor-de-transporte-de-cargas-e-como-supera-los\/\",\"url\":\"https:\/\/previews.elleven.digital\/acocearense\/5-desafios-do-setor-de-transporte-de-cargas-e-como-supera-los\/\",\"name\":\"5 desafios do setor de transporte de cargas e como super\u00e1-los - Grupo A\u00e7o Cearense\",\"isPartOf\":{\"@id\":\"https:\/\/previews.elleven.digital\/acocearense\/#website\"},\"primaryImageOfPage\":{\"@id\":\"https:\/\/previews.elleven.digital\/acocearense\/5-desafios-do-setor-de-transporte-de-cargas-e-como-supera-los\/#primaryimage\"},\"image\":{\"@id\":\"https:\/\/previews.elleven.digital\/acocearense\/5-desafios-do-setor-de-transporte-de-cargas-e-como-supera-los\/#primaryimage\"},\"thumbnailUrl\":\"https:\/\/previews.elleven.digital\/acocearense\/wp-content\/uploads\/2025\/05\/179722-5-desafios-do-setor-de-transporte-de-cargas-e-como-superalos-1.jpg\",\"datePublished\":\"2018-04-17T12:36:31+00:00\",\"dateModified\":\"2025-05-07T12:36:55+00:00\",\"author\":{\"@id\":\"https:\/\/previews.elleven.digital\/acocearense\/#\/schema\/person\/8e9165eb3c33e0860485c7c5fc06a701\"},\"breadcrumb\":{\"@id\":\"https:\/\/previews.elleven.digital\/acocearense\/5-desafios-do-setor-de-transporte-de-cargas-e-como-supera-los\/#breadcrumb\"},\"inLanguage\":\"pt-BR\",\"potentialAction\":[{\"@type\":\"ReadAction\",\"target\":[\"https:\/\/previews.elleven.digital\/acocearense\/5-desafios-do-setor-de-transporte-de-cargas-e-como-supera-los\/\"]}]},{\"@type\":\"ImageObject\",\"inLanguage\":\"pt-BR\",\"@id\":\"https:\/\/previews.elleven.digital\/acocearense\/5-desafios-do-setor-de-transporte-de-cargas-e-como-supera-los\/#primaryimage\",\"url\":\"https:\/\/previews.elleven.digital\/acocearense\/wp-content\/uploads\/2025\/05\/179722-5-desafios-do-setor-de-transporte-de-cargas-e-como-superalos-1.jpg\",\"contentUrl\":\"https:\/\/previews.elleven.digital\/acocearense\/wp-content\/uploads\/2025\/05\/179722-5-desafios-do-setor-de-transporte-de-cargas-e-como-superalos-1.jpg\",\"width\":1000,\"height\":667},{\"@type\":\"BreadcrumbList\",\"@id\":\"https:\/\/previews.elleven.digital\/acocearense\/5-desafios-do-setor-de-transporte-de-cargas-e-como-supera-los\/#breadcrumb\",\"itemListElement\":[{\"@type\":\"ListItem\",\"position\":1,\"name\":\"In\u00edcio\",\"item\":\"https:\/\/previews.elleven.digital\/acocearense\/\"},{\"@type\":\"ListItem\",\"position\":2,\"name\":\"5 desafios do setor de transporte de cargas e como super\u00e1-los\"}]},{\"@type\":\"WebSite\",\"@id\":\"https:\/\/previews.elleven.digital\/acocearense\/#website\",\"url\":\"https:\/\/previews.elleven.digital\/acocearense\/\",\"name\":\"A\u00e7o Cearense\",\"description\":\"H\u00e1 mais de 45 anos no mercado brasileiro do a\u00e7o.\",\"alternateName\":\"A\u00e7o Cearense\",\"potentialAction\":[{\"@type\":\"SearchAction\",\"target\":{\"@type\":\"EntryPoint\",\"urlTemplate\":\"https:\/\/previews.elleven.digital\/acocearense\/?s={search_term_string}\"},\"query-input\":{\"@type\":\"PropertyValueSpecification\",\"valueRequired\":true,\"valueName\":\"search_term_string\"}}],\"inLanguage\":\"pt-BR\"},{\"@type\":\"Person\",\"@id\":\"https:\/\/previews.elleven.digital\/acocearense\/#\/schema\/person\/8e9165eb3c33e0860485c7c5fc06a701\",\"name\":\"elleven\",\"image\":{\"@type\":\"ImageObject\",\"inLanguage\":\"pt-BR\",\"@id\":\"https:\/\/previews.elleven.digital\/acocearense\/#\/schema\/person\/image\/\",\"url\":\"https:\/\/secure.gravatar.com\/avatar\/2a6afb49d9ecfed5dbc6c9606ce318b8bd07c077835179bddfd5d8209c03cb29?s=96&d=mm&r=g\",\"contentUrl\":\"https:\/\/secure.gravatar.com\/avatar\/2a6afb49d9ecfed5dbc6c9606ce318b8bd07c077835179bddfd5d8209c03cb29?s=96&d=mm&r=g\",\"caption\":\"elleven\"},\"sameAs\":[\"http:\/\/localhost\/acocearense\"],\"url\":\"https:\/\/previews.elleven.digital\/acocearense\/author\/elleven\/\"}]}<\/script>\n<!-- \/ Yoast SEO plugin. -->","yoast_head_json":{"title":"5 desafios do setor de transporte de cargas e como super\u00e1-los - Grupo A\u00e7o Cearense","robots":{"index":"index","follow":"follow","max-snippet":"max-snippet:-1","max-image-preview":"max-image-preview:large","max-video-preview":"max-video-preview:-1"},"canonical":"https:\/\/previews.elleven.digital\/acocearense\/5-desafios-do-setor-de-transporte-de-cargas-e-como-supera-los\/","og_locale":"pt_BR","og_type":"article","og_title":"5 desafios do setor de transporte de cargas e como super\u00e1-los - Grupo A\u00e7o Cearense","og_description":"Cuidar da\u00a0gest\u00e3o\u00a0de transporte de uma empresa\u00a0requer dedica\u00e7\u00e3o, esfor\u00e7o e vis\u00e3o estrat\u00e9gica. \u00c9 preciso melhorar\u00a0os procedimentos(...)","og_url":"https:\/\/previews.elleven.digital\/acocearense\/5-desafios-do-setor-de-transporte-de-cargas-e-como-supera-los\/","og_site_name":"Grupo A\u00e7o Cearense","article_published_time":"2018-04-17T12:36:31+00:00","article_modified_time":"2025-05-07T12:36:55+00:00","og_image":[{"width":1000,"height":667,"url":"https:\/\/previews.elleven.digital\/acocearense\/wp-content\/uploads\/2025\/05\/179722-5-desafios-do-setor-de-transporte-de-cargas-e-como-superalos-1.jpg","type":"image\/jpeg"}],"author":"elleven","twitter_card":"summary_large_image","twitter_misc":{"Escrito por":"elleven","Est. tempo de leitura":"4 minutos"},"schema":{"@context":"https:\/\/schema.org","@graph":[{"@type":"WebPage","@id":"https:\/\/previews.elleven.digital\/acocearense\/5-desafios-do-setor-de-transporte-de-cargas-e-como-supera-los\/","url":"https:\/\/previews.elleven.digital\/acocearense\/5-desafios-do-setor-de-transporte-de-cargas-e-como-supera-los\/","name":"5 desafios do setor de transporte de cargas e como super\u00e1-los - Grupo A\u00e7o Cearense","isPartOf":{"@id":"https:\/\/previews.elleven.digital\/acocearense\/#website"},"primaryImageOfPage":{"@id":"https:\/\/previews.elleven.digital\/acocearense\/5-desafios-do-setor-de-transporte-de-cargas-e-como-supera-los\/#primaryimage"},"image":{"@id":"https:\/\/previews.elleven.digital\/acocearense\/5-desafios-do-setor-de-transporte-de-cargas-e-como-supera-los\/#primaryimage"},"thumbnailUrl":"https:\/\/previews.elleven.digital\/acocearense\/wp-content\/uploads\/2025\/05\/179722-5-desafios-do-setor-de-transporte-de-cargas-e-como-superalos-1.jpg","datePublished":"2018-04-17T12:36:31+00:00","dateModified":"2025-05-07T12:36:55+00:00","author":{"@id":"https:\/\/previews.elleven.digital\/acocearense\/#\/schema\/person\/8e9165eb3c33e0860485c7c5fc06a701"},"breadcrumb":{"@id":"https:\/\/previews.elleven.digital\/acocearense\/5-desafios-do-setor-de-transporte-de-cargas-e-como-supera-los\/#breadcrumb"},"inLanguage":"pt-BR","potentialAction":[{"@type":"ReadAction","target":["https:\/\/previews.elleven.digital\/acocearense\/5-desafios-do-setor-de-transporte-de-cargas-e-como-supera-los\/"]}]},{"@type":"ImageObject","inLanguage":"pt-BR","@id":"https:\/\/previews.elleven.digital\/acocearense\/5-desafios-do-setor-de-transporte-de-cargas-e-como-supera-los\/#primaryimage","url":"https:\/\/previews.elleven.digital\/acocearense\/wp-content\/uploads\/2025\/05\/179722-5-desafios-do-setor-de-transporte-de-cargas-e-como-superalos-1.jpg","contentUrl":"https:\/\/previews.elleven.digital\/acocearense\/wp-content\/uploads\/2025\/05\/179722-5-desafios-do-setor-de-transporte-de-cargas-e-como-superalos-1.jpg","width":1000,"height":667},{"@type":"BreadcrumbList","@id":"https:\/\/previews.elleven.digital\/acocearense\/5-desafios-do-setor-de-transporte-de-cargas-e-como-supera-los\/#breadcrumb","itemListElement":[{"@type":"ListItem","position":1,"name":"In\u00edcio","item":"https:\/\/previews.elleven.digital\/acocearense\/"},{"@type":"ListItem","position":2,"name":"5 desafios do setor de transporte de cargas e como super\u00e1-los"}]},{"@type":"WebSite","@id":"https:\/\/previews.elleven.digital\/acocearense\/#website","url":"https:\/\/previews.elleven.digital\/acocearense\/","name":"A\u00e7o Cearense","description":"H\u00e1 mais de 45 anos no mercado brasileiro do a\u00e7o.","alternateName":"A\u00e7o Cearense","potentialAction":[{"@type":"SearchAction","target":{"@type":"EntryPoint","urlTemplate":"https:\/\/previews.elleven.digital\/acocearense\/?s={search_term_string}"},"query-input":{"@type":"PropertyValueSpecification","valueRequired":true,"valueName":"search_term_string"}}],"inLanguage":"pt-BR"},{"@type":"Person","@id":"https:\/\/previews.elleven.digital\/acocearense\/#\/schema\/person\/8e9165eb3c33e0860485c7c5fc06a701","name":"elleven","image":{"@type":"ImageObject","inLanguage":"pt-BR","@id":"https:\/\/previews.elleven.digital\/acocearense\/#\/schema\/person\/image\/","url":"https:\/\/secure.gravatar.com\/avatar\/2a6afb49d9ecfed5dbc6c9606ce318b8bd07c077835179bddfd5d8209c03cb29?s=96&d=mm&r=g","contentUrl":"https:\/\/secure.gravatar.com\/avatar\/2a6afb49d9ecfed5dbc6c9606ce318b8bd07c077835179bddfd5d8209c03cb29?s=96&d=mm&r=g","caption":"elleven"},"sameAs":["http:\/\/localhost\/acocearense"],"url":"https:\/\/previews.elleven.digital\/acocearense\/author\/elleven\/"}]}},"_links":{"self":[{"href":"https:\/\/previews.elleven.digital\/acocearense\/wp-json\/wp\/v2\/posts\/1066","targetHints":{"allow":["GET"]}}],"collection":[{"href":"https:\/\/previews.elleven.digital\/acocearense\/wp-json\/wp\/v2\/posts"}],"about":[{"href":"https:\/\/previews.elleven.digital\/acocearense\/wp-json\/wp\/v2\/types\/post"}],"author":[{"embeddable":true,"href":"https:\/\/previews.elleven.digital\/acocearense\/wp-json\/wp\/v2\/users\/1"}],"replies":[{"embeddable":true,"href":"https:\/\/previews.elleven.digital\/acocearense\/wp-json\/wp\/v2\/comments?post=1066"}],"version-history":[{"count":1,"href":"https:\/\/previews.elleven.digital\/acocearense\/wp-json\/wp\/v2\/posts\/1066\/revisions"}],"predecessor-version":[{"id":1067,"href":"https:\/\/previews.elleven.digital\/acocearense\/wp-json\/wp\/v2\/posts\/1066\/revisions\/1067"}],"wp:featuredmedia":[{"embeddable":true,"href":"https:\/\/previews.elleven.digital\/acocearense\/wp-json\/wp\/v2\/media\/1042"}],"wp:attachment":[{"href":"https:\/\/previews.elleven.digital\/acocearense\/wp-json\/wp\/v2\/media?parent=1066"}],"wp:term":[{"taxonomy":"category","embeddable":true,"href":"https:\/\/previews.elleven.digital\/acocearense\/wp-json\/wp\/v2\/categories?post=1066"},{"taxonomy":"post_tag","embeddable":true,"href":"https:\/\/previews.elleven.digital\/acocearense\/wp-json\/wp\/v2\/tags?post=1066"}],"curies":[{"name":"wp","href":"https:\/\/api.w.org\/{rel}","templated":true}]}}