{"id":1062,"date":"2018-03-20T09:35:37","date_gmt":"2018-03-20T12:35:37","guid":{"rendered":"https:\/\/previews.elleven.digital\/acocearense\/?p=1062"},"modified":"2025-05-07T09:36:05","modified_gmt":"2025-05-07T12:36:05","slug":"o-que-e-cultura-organizacional-saiba-fazer-um-diagnostico-na-empresa","status":"publish","type":"post","link":"https:\/\/previews.elleven.digital\/acocearense\/o-que-e-cultura-organizacional-saiba-fazer-um-diagnostico-na-empresa\/","title":{"rendered":"O que \u00e9 cultura organizacional? Saiba fazer um diagn\u00f3stico na empresa"},"content":{"rendered":"<p>A cultura organizacional possui um papel de destaque cada vez maior. Ela \u00e9 respons\u00e1vel pela forma como os profissionais\u00a0atuam diariamente, definem suas prioridades e\u00a0<a href=\"https:\/\/previews.elleven.digital\/acocearense\/blog\/gestao\/gestao-de-compras-5-dicas-para-fazer-corretamente\/\" target=\"_blank\" rel=\"noopener noreferrer\">atendem aos clientes<\/a>\u00a0no expediente de trabalho. Logo, \u00e9 preciso ter bastante aten\u00e7\u00e3o ao assunto.<\/p>\n<p>Na loja de ferro e a\u00e7o, o estabelecimento de uma cultura adequada deve ser uma preocupa\u00e7\u00e3o di\u00e1ria. Por isso, \u00e9 preciso entender como fazer um diagn\u00f3stico, avaliando se todos est\u00e3o caminhando na dire\u00e7\u00e3o certa ou se mudan\u00e7as devem ser feitas.<\/p>\n<p>Sabemos da import\u00e2ncia do assunto, por isso elaboramos um artigo para voc\u00ea. Hoje, vai entender mais sobre a cultura organizacional. Continue a leitura e fique por dentro do assunto!<\/p>\n<h2>Conceito de cultura organizacional<\/h2>\n<p>Apesar de ser um assunto cada vez mais presente nas reuni\u00f5es, o conceito ainda \u00e9 pouco entendido por muitos gestores. A grosso modo, a\u00a0cultura \u00e9 o conjunto das cren\u00e7as, h\u00e1bitos e valores disseminados na empresa e vistos como o modo certo de pensar, agir e reagir.<\/p>\n<p>\u00c9 poss\u00edvel que, em uma empresa, a cultura seja orientada para o cliente: ent\u00e3o todos preocupam-se com sua satisfa\u00e7\u00e3o, fideliza\u00e7\u00e3o e engajamento. Em outra loja, no entanto, a cultura pode estar orientada para a melhoria cont\u00ednua, e todos d\u00e3o \u00eanfase a isso.<\/p>\n<p>Na sua loja de ferro e a\u00e7o, o que \u00e9 o mais importante? Os clientes, os processos, os produtos, a qualidade? \u00c9 prov\u00e1vel que esse seja o g\u00eanese da cultura organizacional, respons\u00e1vel por dar vida a forma como os talentos pensam, agem e reagem.<\/p>\n<h2>Diagn\u00f3stico da cultura no ambiente empresarial<\/h2>\n<p>Grande parte das caracter\u00edsticas da cultura s\u00e3o invis\u00edveis e, mesmo sem perceber, influenciam as tarefas di\u00e1rias, bem como os resultados de longo prazo.<\/p>\n<p>H\u00e1, no entanto, provas f\u00edsicas que facilitam o diagn\u00f3stico.<\/p>\n<p>Comece analisando a declara\u00e7\u00e3o de miss\u00e3o, vis\u00e3o e valores da sua\u00a0loja de ferro e a\u00e7o. \u00c9 prov\u00e1vel que essas declara\u00e7\u00f5es expressem os princ\u00edpios b\u00e1sicos do neg\u00f3cio, \u00fateis para arquitetar a cultura existente. Quais palavras\/frases mais se destacam?<\/p>\n<p>Aproveite, tamb\u00e9m, para conversar com os colaboradores. Pe\u00e7a que eles digam o que consideram mais importante no expediente. Muitos dir\u00e3o que s\u00e3o os processos, os clientes ou at\u00e9 mesmo o desempenho. Tome nota disso, \u00e9 uma importante \u201cpista\u201d.<\/p>\n<p>Por fim, observe o pr\u00f3prio layout da loja. Ele \u00e9 configurado para dar conforto aos clientes, maximizar as vendas,\u00a0<a href=\"https:\/\/previews.elleven.digital\/acocearense\/blog\/gestao\/como-saber-se-a-sua-empresa-e-um-bom-local-para-trabalhar\/\" target=\"_blank\" rel=\"noopener noreferrer\">entusiasmar os funcion\u00e1rios<\/a>?<\/p>\n<p>Esses e outros fatores podem ser analisados e, assim, dar uma vis\u00e3o mais n\u00edtida sobre a cultura existente. Ao entender e otimizar a cultura, ser\u00e1 poss\u00edvel motivar os empregados, melhorar os processos e encantar os clientes finais.<\/p>\n<h2>Principais resist\u00eancias \u00e0 otimiza\u00e7\u00e3o da cultura<\/h2>\n<p>N\u00e3o h\u00e1 uma cultura certa ou errada, contudo, existem culturas pouco desenvolvidas e disseminadas entre os funcion\u00e1rios. A\u00ed est\u00e1 um problema: se a equipe n\u00e3o entende o que \u00e9 prioridade na loja, dificilmente conseguir\u00e1 entregar resultados alinhados \u00e0 cultura.<\/p>\n<p>Existem diversas resist\u00eancias \u00e0 otimiza\u00e7\u00e3o da cultura, como a falta de comunica\u00e7\u00e3o interna, desmotiva\u00e7\u00e3o da equipe e at\u00e9 o pouco\u00a0<a href=\"https:\/\/previews.elleven.digital\/acocearense\/blog\/gestao\/lider-de-equipe-como-lidar-com-a-demissao-e-dispensa-de-funcionarios\/\" target=\"_blank\" rel=\"noopener noreferrer\">comprometimento dos l\u00edderes<\/a>. Esses pontos devem ser pensados individualmente e combatidos com veem\u00eancia.<\/p>\n<p>Como voc\u00ea pode observar, \u00e9 simples entender qual a cultura organizacional. Em seguida, \u00e9 preciso dissemin\u00e1-la entre os empregados, garantindo que todos a abracem\u00a0de forma consciente e com o entendimento que isso \u00e9 \u00fatil ao progresso.<\/p>\n<p>Agora, aproveite para nos seguir no\u00a0<a href=\"https:\/\/www.facebook.com\/grupoacocearense\/\" target=\"_blank\" rel=\"noopener noreferrer\">Facebook<\/a>\u00a0ou\u00a0<a href=\"https:\/\/www.linkedin.com\/company-beta\/24776982\/admin\/overview\/\" target=\"_blank\" rel=\"noopener noreferrer\">LinkedIn<\/a>\u00a0. Vamos l\u00e1!<\/p>\n","protected":false},"excerpt":{"rendered":"<p>A cultura organizacional possui um papel de destaque cada vez maior. Ela \u00e9 respons\u00e1vel pela(&#8230;)<\/p>\n","protected":false},"author":1,"featured_media":1044,"comment_status":"open","ping_status":"open","sticky":false,"template":"","format":"standard","meta":{"_acf_changed":false,"inline_featured_image":false,"footnotes":""},"categories":[27],"tags":[],"class_list":["post-1062","post","type-post","status-publish","format-standard","has-post-thumbnail","hentry","category-abrindo-o-negocio"],"acf":[],"yoast_head":"<!-- This site is optimized with the Yoast SEO plugin v25.9 - https:\/\/yoast.com\/wordpress\/plugins\/seo\/ -->\n<title>O que \u00e9 cultura organizacional? Saiba fazer um diagn\u00f3stico na empresa - Grupo A\u00e7o Cearense<\/title>\n<meta name=\"robots\" content=\"index, follow, max-snippet:-1, max-image-preview:large, max-video-preview:-1\" \/>\n<link rel=\"canonical\" href=\"https:\/\/previews.elleven.digital\/acocearense\/o-que-e-cultura-organizacional-saiba-fazer-um-diagnostico-na-empresa\/\" \/>\n<meta property=\"og:locale\" content=\"pt_BR\" \/>\n<meta property=\"og:type\" content=\"article\" \/>\n<meta property=\"og:title\" content=\"O que \u00e9 cultura organizacional? Saiba fazer um diagn\u00f3stico na empresa - Grupo A\u00e7o Cearense\" \/>\n<meta property=\"og:description\" content=\"A cultura organizacional possui um papel de destaque cada vez maior. Ela \u00e9 respons\u00e1vel pela(...)\" \/>\n<meta property=\"og:url\" content=\"https:\/\/previews.elleven.digital\/acocearense\/o-que-e-cultura-organizacional-saiba-fazer-um-diagnostico-na-empresa\/\" \/>\n<meta property=\"og:site_name\" content=\"Grupo A\u00e7o Cearense\" \/>\n<meta property=\"article:published_time\" content=\"2018-03-20T12:35:37+00:00\" \/>\n<meta property=\"article:modified_time\" content=\"2025-05-07T12:36:05+00:00\" \/>\n<meta property=\"og:image\" content=\"https:\/\/previews.elleven.digital\/acocearense\/wp-content\/uploads\/2025\/05\/180332-o-que-e-cultura-organizacional-saiba-fazer-um-diagnostico-na-empresa.jpg\" \/>\n\t<meta property=\"og:image:width\" content=\"1000\" \/>\n\t<meta property=\"og:image:height\" content=\"640\" \/>\n\t<meta property=\"og:image:type\" content=\"image\/jpeg\" \/>\n<meta name=\"author\" content=\"elleven\" \/>\n<meta name=\"twitter:card\" content=\"summary_large_image\" \/>\n<meta name=\"twitter:label1\" content=\"Escrito por\" \/>\n\t<meta name=\"twitter:data1\" content=\"elleven\" \/>\n\t<meta name=\"twitter:label2\" content=\"Est. tempo de leitura\" \/>\n\t<meta name=\"twitter:data2\" content=\"4 minutos\" \/>\n<script type=\"application\/ld+json\" class=\"yoast-schema-graph\">{\"@context\":\"https:\/\/schema.org\",\"@graph\":[{\"@type\":\"WebPage\",\"@id\":\"https:\/\/previews.elleven.digital\/acocearense\/o-que-e-cultura-organizacional-saiba-fazer-um-diagnostico-na-empresa\/\",\"url\":\"https:\/\/previews.elleven.digital\/acocearense\/o-que-e-cultura-organizacional-saiba-fazer-um-diagnostico-na-empresa\/\",\"name\":\"O que \u00e9 cultura organizacional? Saiba fazer um diagn\u00f3stico na empresa - Grupo A\u00e7o Cearense\",\"isPartOf\":{\"@id\":\"https:\/\/previews.elleven.digital\/acocearense\/#website\"},\"primaryImageOfPage\":{\"@id\":\"https:\/\/previews.elleven.digital\/acocearense\/o-que-e-cultura-organizacional-saiba-fazer-um-diagnostico-na-empresa\/#primaryimage\"},\"image\":{\"@id\":\"https:\/\/previews.elleven.digital\/acocearense\/o-que-e-cultura-organizacional-saiba-fazer-um-diagnostico-na-empresa\/#primaryimage\"},\"thumbnailUrl\":\"https:\/\/previews.elleven.digital\/acocearense\/wp-content\/uploads\/2025\/05\/180332-o-que-e-cultura-organizacional-saiba-fazer-um-diagnostico-na-empresa.jpg\",\"datePublished\":\"2018-03-20T12:35:37+00:00\",\"dateModified\":\"2025-05-07T12:36:05+00:00\",\"author\":{\"@id\":\"https:\/\/previews.elleven.digital\/acocearense\/#\/schema\/person\/8e9165eb3c33e0860485c7c5fc06a701\"},\"breadcrumb\":{\"@id\":\"https:\/\/previews.elleven.digital\/acocearense\/o-que-e-cultura-organizacional-saiba-fazer-um-diagnostico-na-empresa\/#breadcrumb\"},\"inLanguage\":\"pt-BR\",\"potentialAction\":[{\"@type\":\"ReadAction\",\"target\":[\"https:\/\/previews.elleven.digital\/acocearense\/o-que-e-cultura-organizacional-saiba-fazer-um-diagnostico-na-empresa\/\"]}]},{\"@type\":\"ImageObject\",\"inLanguage\":\"pt-BR\",\"@id\":\"https:\/\/previews.elleven.digital\/acocearense\/o-que-e-cultura-organizacional-saiba-fazer-um-diagnostico-na-empresa\/#primaryimage\",\"url\":\"https:\/\/previews.elleven.digital\/acocearense\/wp-content\/uploads\/2025\/05\/180332-o-que-e-cultura-organizacional-saiba-fazer-um-diagnostico-na-empresa.jpg\",\"contentUrl\":\"https:\/\/previews.elleven.digital\/acocearense\/wp-content\/uploads\/2025\/05\/180332-o-que-e-cultura-organizacional-saiba-fazer-um-diagnostico-na-empresa.jpg\",\"width\":1000,\"height\":640},{\"@type\":\"BreadcrumbList\",\"@id\":\"https:\/\/previews.elleven.digital\/acocearense\/o-que-e-cultura-organizacional-saiba-fazer-um-diagnostico-na-empresa\/#breadcrumb\",\"itemListElement\":[{\"@type\":\"ListItem\",\"position\":1,\"name\":\"In\u00edcio\",\"item\":\"https:\/\/previews.elleven.digital\/acocearense\/\"},{\"@type\":\"ListItem\",\"position\":2,\"name\":\"O que \u00e9 cultura organizacional? Saiba fazer um diagn\u00f3stico na empresa\"}]},{\"@type\":\"WebSite\",\"@id\":\"https:\/\/previews.elleven.digital\/acocearense\/#website\",\"url\":\"https:\/\/previews.elleven.digital\/acocearense\/\",\"name\":\"A\u00e7o Cearense\",\"description\":\"H\u00e1 mais de 45 anos no mercado brasileiro do a\u00e7o.\",\"alternateName\":\"A\u00e7o Cearense\",\"potentialAction\":[{\"@type\":\"SearchAction\",\"target\":{\"@type\":\"EntryPoint\",\"urlTemplate\":\"https:\/\/previews.elleven.digital\/acocearense\/?s={search_term_string}\"},\"query-input\":{\"@type\":\"PropertyValueSpecification\",\"valueRequired\":true,\"valueName\":\"search_term_string\"}}],\"inLanguage\":\"pt-BR\"},{\"@type\":\"Person\",\"@id\":\"https:\/\/previews.elleven.digital\/acocearense\/#\/schema\/person\/8e9165eb3c33e0860485c7c5fc06a701\",\"name\":\"elleven\",\"image\":{\"@type\":\"ImageObject\",\"inLanguage\":\"pt-BR\",\"@id\":\"https:\/\/previews.elleven.digital\/acocearense\/#\/schema\/person\/image\/\",\"url\":\"https:\/\/secure.gravatar.com\/avatar\/2a6afb49d9ecfed5dbc6c9606ce318b8bd07c077835179bddfd5d8209c03cb29?s=96&d=mm&r=g\",\"contentUrl\":\"https:\/\/secure.gravatar.com\/avatar\/2a6afb49d9ecfed5dbc6c9606ce318b8bd07c077835179bddfd5d8209c03cb29?s=96&d=mm&r=g\",\"caption\":\"elleven\"},\"sameAs\":[\"http:\/\/localhost\/acocearense\"],\"url\":\"https:\/\/previews.elleven.digital\/acocearense\/author\/elleven\/\"}]}<\/script>\n<!-- \/ Yoast SEO plugin. -->","yoast_head_json":{"title":"O que \u00e9 cultura organizacional? Saiba fazer um diagn\u00f3stico na empresa - Grupo A\u00e7o Cearense","robots":{"index":"index","follow":"follow","max-snippet":"max-snippet:-1","max-image-preview":"max-image-preview:large","max-video-preview":"max-video-preview:-1"},"canonical":"https:\/\/previews.elleven.digital\/acocearense\/o-que-e-cultura-organizacional-saiba-fazer-um-diagnostico-na-empresa\/","og_locale":"pt_BR","og_type":"article","og_title":"O que \u00e9 cultura organizacional? Saiba fazer um diagn\u00f3stico na empresa - Grupo A\u00e7o Cearense","og_description":"A cultura organizacional possui um papel de destaque cada vez maior. Ela \u00e9 respons\u00e1vel pela(...)","og_url":"https:\/\/previews.elleven.digital\/acocearense\/o-que-e-cultura-organizacional-saiba-fazer-um-diagnostico-na-empresa\/","og_site_name":"Grupo A\u00e7o Cearense","article_published_time":"2018-03-20T12:35:37+00:00","article_modified_time":"2025-05-07T12:36:05+00:00","og_image":[{"width":1000,"height":640,"url":"https:\/\/previews.elleven.digital\/acocearense\/wp-content\/uploads\/2025\/05\/180332-o-que-e-cultura-organizacional-saiba-fazer-um-diagnostico-na-empresa.jpg","type":"image\/jpeg"}],"author":"elleven","twitter_card":"summary_large_image","twitter_misc":{"Escrito por":"elleven","Est. tempo de leitura":"4 minutos"},"schema":{"@context":"https:\/\/schema.org","@graph":[{"@type":"WebPage","@id":"https:\/\/previews.elleven.digital\/acocearense\/o-que-e-cultura-organizacional-saiba-fazer-um-diagnostico-na-empresa\/","url":"https:\/\/previews.elleven.digital\/acocearense\/o-que-e-cultura-organizacional-saiba-fazer-um-diagnostico-na-empresa\/","name":"O que \u00e9 cultura organizacional? Saiba fazer um diagn\u00f3stico na empresa - Grupo A\u00e7o Cearense","isPartOf":{"@id":"https:\/\/previews.elleven.digital\/acocearense\/#website"},"primaryImageOfPage":{"@id":"https:\/\/previews.elleven.digital\/acocearense\/o-que-e-cultura-organizacional-saiba-fazer-um-diagnostico-na-empresa\/#primaryimage"},"image":{"@id":"https:\/\/previews.elleven.digital\/acocearense\/o-que-e-cultura-organizacional-saiba-fazer-um-diagnostico-na-empresa\/#primaryimage"},"thumbnailUrl":"https:\/\/previews.elleven.digital\/acocearense\/wp-content\/uploads\/2025\/05\/180332-o-que-e-cultura-organizacional-saiba-fazer-um-diagnostico-na-empresa.jpg","datePublished":"2018-03-20T12:35:37+00:00","dateModified":"2025-05-07T12:36:05+00:00","author":{"@id":"https:\/\/previews.elleven.digital\/acocearense\/#\/schema\/person\/8e9165eb3c33e0860485c7c5fc06a701"},"breadcrumb":{"@id":"https:\/\/previews.elleven.digital\/acocearense\/o-que-e-cultura-organizacional-saiba-fazer-um-diagnostico-na-empresa\/#breadcrumb"},"inLanguage":"pt-BR","potentialAction":[{"@type":"ReadAction","target":["https:\/\/previews.elleven.digital\/acocearense\/o-que-e-cultura-organizacional-saiba-fazer-um-diagnostico-na-empresa\/"]}]},{"@type":"ImageObject","inLanguage":"pt-BR","@id":"https:\/\/previews.elleven.digital\/acocearense\/o-que-e-cultura-organizacional-saiba-fazer-um-diagnostico-na-empresa\/#primaryimage","url":"https:\/\/previews.elleven.digital\/acocearense\/wp-content\/uploads\/2025\/05\/180332-o-que-e-cultura-organizacional-saiba-fazer-um-diagnostico-na-empresa.jpg","contentUrl":"https:\/\/previews.elleven.digital\/acocearense\/wp-content\/uploads\/2025\/05\/180332-o-que-e-cultura-organizacional-saiba-fazer-um-diagnostico-na-empresa.jpg","width":1000,"height":640},{"@type":"BreadcrumbList","@id":"https:\/\/previews.elleven.digital\/acocearense\/o-que-e-cultura-organizacional-saiba-fazer-um-diagnostico-na-empresa\/#breadcrumb","itemListElement":[{"@type":"ListItem","position":1,"name":"In\u00edcio","item":"https:\/\/previews.elleven.digital\/acocearense\/"},{"@type":"ListItem","position":2,"name":"O que \u00e9 cultura organizacional? Saiba fazer um diagn\u00f3stico na empresa"}]},{"@type":"WebSite","@id":"https:\/\/previews.elleven.digital\/acocearense\/#website","url":"https:\/\/previews.elleven.digital\/acocearense\/","name":"A\u00e7o Cearense","description":"H\u00e1 mais de 45 anos no mercado brasileiro do a\u00e7o.","alternateName":"A\u00e7o Cearense","potentialAction":[{"@type":"SearchAction","target":{"@type":"EntryPoint","urlTemplate":"https:\/\/previews.elleven.digital\/acocearense\/?s={search_term_string}"},"query-input":{"@type":"PropertyValueSpecification","valueRequired":true,"valueName":"search_term_string"}}],"inLanguage":"pt-BR"},{"@type":"Person","@id":"https:\/\/previews.elleven.digital\/acocearense\/#\/schema\/person\/8e9165eb3c33e0860485c7c5fc06a701","name":"elleven","image":{"@type":"ImageObject","inLanguage":"pt-BR","@id":"https:\/\/previews.elleven.digital\/acocearense\/#\/schema\/person\/image\/","url":"https:\/\/secure.gravatar.com\/avatar\/2a6afb49d9ecfed5dbc6c9606ce318b8bd07c077835179bddfd5d8209c03cb29?s=96&d=mm&r=g","contentUrl":"https:\/\/secure.gravatar.com\/avatar\/2a6afb49d9ecfed5dbc6c9606ce318b8bd07c077835179bddfd5d8209c03cb29?s=96&d=mm&r=g","caption":"elleven"},"sameAs":["http:\/\/localhost\/acocearense"],"url":"https:\/\/previews.elleven.digital\/acocearense\/author\/elleven\/"}]}},"_links":{"self":[{"href":"https:\/\/previews.elleven.digital\/acocearense\/wp-json\/wp\/v2\/posts\/1062","targetHints":{"allow":["GET"]}}],"collection":[{"href":"https:\/\/previews.elleven.digital\/acocearense\/wp-json\/wp\/v2\/posts"}],"about":[{"href":"https:\/\/previews.elleven.digital\/acocearense\/wp-json\/wp\/v2\/types\/post"}],"author":[{"embeddable":true,"href":"https:\/\/previews.elleven.digital\/acocearense\/wp-json\/wp\/v2\/users\/1"}],"replies":[{"embeddable":true,"href":"https:\/\/previews.elleven.digital\/acocearense\/wp-json\/wp\/v2\/comments?post=1062"}],"version-history":[{"count":1,"href":"https:\/\/previews.elleven.digital\/acocearense\/wp-json\/wp\/v2\/posts\/1062\/revisions"}],"predecessor-version":[{"id":1063,"href":"https:\/\/previews.elleven.digital\/acocearense\/wp-json\/wp\/v2\/posts\/1062\/revisions\/1063"}],"wp:featuredmedia":[{"embeddable":true,"href":"https:\/\/previews.elleven.digital\/acocearense\/wp-json\/wp\/v2\/media\/1044"}],"wp:attachment":[{"href":"https:\/\/previews.elleven.digital\/acocearense\/wp-json\/wp\/v2\/media?parent=1062"}],"wp:term":[{"taxonomy":"category","embeddable":true,"href":"https:\/\/previews.elleven.digital\/acocearense\/wp-json\/wp\/v2\/categories?post=1062"},{"taxonomy":"post_tag","embeddable":true,"href":"https:\/\/previews.elleven.digital\/acocearense\/wp-json\/wp\/v2\/tags?post=1062"}],"curies":[{"name":"wp","href":"https:\/\/api.w.org\/{rel}","templated":true}]}}