{"id":1058,"date":"2018-03-13T09:34:37","date_gmt":"2018-03-13T12:34:37","guid":{"rendered":"https:\/\/previews.elleven.digital\/acocearense\/?p=1058"},"modified":"2025-05-07T09:35:04","modified_gmt":"2025-05-07T12:35:04","slug":"como-a-gestao-estrategica-de-pessoas-pode-ajudar-a-reduzir-custos","status":"publish","type":"post","link":"https:\/\/previews.elleven.digital\/acocearense\/como-a-gestao-estrategica-de-pessoas-pode-ajudar-a-reduzir-custos\/","title":{"rendered":"Como a gest\u00e3o estrat\u00e9gica de pessoas pode ajudar a reduzir custos?"},"content":{"rendered":"<p>A correta gest\u00e3o de pessoas realmente contribui para construir um neg\u00f3cio mais enxuto, eliminar custos e potencializar a competitividade no mercado?<\/p>\n<p>Pensando nessa quest\u00e3o, elaboramos um artigo para voc\u00ea! Hoje, vai entender os benef\u00edcios da gest\u00e3o estrat\u00e9gica de pessoas para a redu\u00e7\u00e3o de custos na organiza\u00e7\u00e3o, de forma clara e objetiva. Continue a leitura e fique por dentro do assunto!<\/p>\n<h2>Reduz o n\u00famero de erros operacionais<\/h2>\n<p>Os erros ao longo do expediente interferem significativamente no lucro da firma, fazendo com que o custo operacional se sobressaia. Imagine as vendas perdidas por notas canceladas, os clientes mau atendidos e o n\u00famero de trabalhos refeitos.<\/p>\n<p>A gest\u00e3o estrat\u00e9gica de pessoas \u00e9 \u00fatil para manter os profissionais capacitados, atentos e alinhados ao que \u00e9 feito no expediente. Logo, os problemas citados anteriormente podem ser drasticamente reduzidos ou at\u00e9 eliminados da loja de ferro e a\u00e7o.<\/p>\n<h2>Mitiga a evas\u00e3o de profissionais da loja<\/h2>\n<p>O processo de demiss\u00e3o de empregados custa caro. Muitas vezes, mais do que um ano completo de sal\u00e1rio do profissional. Esse elevado custo desequilibra a sa\u00fade financeira do empreendimento, podendo lev\u00e1-lo ao insucesso em m\u00e9dio-longo prazo.<\/p>\n<p>A adequada gest\u00e3o de pessoas contribui para a constru\u00e7\u00e3o de um clima mais prop\u00edcio ao trabalho, eficaz \u00e0 reten\u00e7\u00e3o de talentos e redu\u00e7\u00e3o do turnover. Al\u00e9m disso, refor\u00e7a a marca empregadora da loja, tornando-a atraente para profissionais talentosos.<\/p>\n<h2>Otimiza a produtividade no expediente de trabalho<\/h2>\n<p>Em uma recente pesquisa\u00a0<a href=\"https:\/\/exame.abril.com.br\/carreira\/so-39-do-expediente-de-trabalho-e-produtivo-diz-estudo\/\" target=\"_blank\" rel=\"noopener noreferrer\">veiculada pela revista Exame<\/a>, constatou-se que apenas 39% do expediente \u00e9 produtivo \u2014 um imenso custo para a organiza\u00e7\u00e3o, visto que a produ\u00e7\u00e3o em escala \u00e9 \u00fatil para redu\u00e7\u00e3o de custos fixos na loja de ferro e a\u00e7o.<\/p>\n<p>Ao gerenciar eficazmente o capital humano, no entanto, \u00e9 poss\u00edvel potencializar a produtividade. Em uma pesquisa\u00a0<a href=\"https:\/\/exame.abril.com.br\/pme\/pesquisa-mostra-que-bem-estar-da-equipe-traz-mais-lucros\/\" target=\"_blank\" rel=\"noopener noreferrer\">da Sodexo<\/a>, constatou-se que as organiza\u00e7\u00f5es\u00a0que investem na\u00a0<a href=\"https:\/\/previews.elleven.digital\/acocearense\/blog\/gestao\/como-saber-se-a-sua-empresa-e-um-bom-local-para-trabalhar\/\" target=\"_blank\" rel=\"noopener noreferrer\">qualidade de vida dos seus colaboradores<\/a>\u00a0s\u00e3o 86% mais produtivas, em m\u00e9dia.<\/p>\n<h2>Torna os processos de recrutamento e sele\u00e7\u00e3o assertivos<\/h2>\n<p>Finalizando, \u00e9 importante destacar a import\u00e2ncia do adequado processo de recrutamento e sele\u00e7\u00e3o. Ao contratar incorretamente, o n\u00famero de\u00a0<a href=\"https:\/\/previews.elleven.digital\/acocearense\/blog\/gestao\/gestao-de-conflitos\/\" target=\"_blank\" rel=\"noopener noreferrer\">conflitos internos crescem<\/a>, bem como o n\u00famero de acidentes, erros e problemas ao longo do expediente.<\/p>\n<p>Na atualidade, h\u00e1 uma s\u00e9rie de t\u00e9cnicas aplicadas \u00e0 gest\u00e3o de pessoas e \u00fateis para a correta sele\u00e7\u00e3o. Uma das principais \u00e9 o processo de Fit Cultural, que consiste em contratar pessoas com base nos valores estabelecidos pela pr\u00f3pria institui\u00e7\u00e3o.<\/p>\n<p>Como se pode observar, h\u00e1 diversos custos que podem ser reduzidos na loja de ferro e a\u00e7o com a gest\u00e3o estrat\u00e9gica de pessoas. Logo, o investimento no capital humano \u00e9, tamb\u00e9m, uma forma de potencializar os resultados, crescimento e longevidade da firma.<\/p>\n<p>Gostou do artigo? Aproveite para receber nossos novos conte\u00fados diretamente em seu e-mail. Basta assinar nossa newsletter. Vamos l\u00e1!<\/p>\n","protected":false},"excerpt":{"rendered":"<p>A correta gest\u00e3o de pessoas realmente contribui para construir um neg\u00f3cio mais enxuto, eliminar custos(&#8230;)<\/p>\n","protected":false},"author":1,"featured_media":1046,"comment_status":"open","ping_status":"open","sticky":false,"template":"","format":"standard","meta":{"_acf_changed":false,"inline_featured_image":false,"footnotes":""},"categories":[27],"tags":[],"class_list":["post-1058","post","type-post","status-publish","format-standard","has-post-thumbnail","hentry","category-abrindo-o-negocio"],"acf":[],"yoast_head":"<!-- This site is optimized with the Yoast SEO plugin v25.9 - https:\/\/yoast.com\/wordpress\/plugins\/seo\/ -->\n<title>Como a gest\u00e3o estrat\u00e9gica de pessoas pode ajudar a reduzir custos? - Grupo A\u00e7o Cearense<\/title>\n<meta name=\"robots\" content=\"index, follow, max-snippet:-1, max-image-preview:large, max-video-preview:-1\" \/>\n<link rel=\"canonical\" href=\"https:\/\/previews.elleven.digital\/acocearense\/como-a-gestao-estrategica-de-pessoas-pode-ajudar-a-reduzir-custos\/\" \/>\n<meta property=\"og:locale\" content=\"pt_BR\" \/>\n<meta property=\"og:type\" content=\"article\" \/>\n<meta property=\"og:title\" content=\"Como a gest\u00e3o estrat\u00e9gica de pessoas pode ajudar a reduzir custos? - Grupo A\u00e7o Cearense\" \/>\n<meta property=\"og:description\" content=\"A correta gest\u00e3o de pessoas realmente contribui para construir um neg\u00f3cio mais enxuto, eliminar custos(...)\" \/>\n<meta property=\"og:url\" content=\"https:\/\/previews.elleven.digital\/acocearense\/como-a-gestao-estrategica-de-pessoas-pode-ajudar-a-reduzir-custos\/\" \/>\n<meta property=\"og:site_name\" content=\"Grupo A\u00e7o Cearense\" \/>\n<meta property=\"article:published_time\" content=\"2018-03-13T12:34:37+00:00\" \/>\n<meta property=\"article:modified_time\" content=\"2025-05-07T12:35:04+00:00\" \/>\n<meta property=\"og:image\" content=\"https:\/\/previews.elleven.digital\/acocearense\/wp-content\/uploads\/2025\/05\/178715-como-a-gestao-estrategica-de-pessoas-pode-ajudar-a-reduzir-custos.jpg\" \/>\n\t<meta property=\"og:image:width\" content=\"1000\" \/>\n\t<meta property=\"og:image:height\" content=\"667\" \/>\n\t<meta property=\"og:image:type\" content=\"image\/jpeg\" \/>\n<meta name=\"author\" content=\"elleven\" \/>\n<meta name=\"twitter:card\" content=\"summary_large_image\" \/>\n<meta name=\"twitter:label1\" content=\"Escrito por\" \/>\n\t<meta name=\"twitter:data1\" content=\"elleven\" \/>\n\t<meta name=\"twitter:label2\" content=\"Est. tempo de leitura\" \/>\n\t<meta name=\"twitter:data2\" content=\"3 minutos\" \/>\n<script type=\"application\/ld+json\" class=\"yoast-schema-graph\">{\"@context\":\"https:\/\/schema.org\",\"@graph\":[{\"@type\":\"WebPage\",\"@id\":\"https:\/\/previews.elleven.digital\/acocearense\/como-a-gestao-estrategica-de-pessoas-pode-ajudar-a-reduzir-custos\/\",\"url\":\"https:\/\/previews.elleven.digital\/acocearense\/como-a-gestao-estrategica-de-pessoas-pode-ajudar-a-reduzir-custos\/\",\"name\":\"Como a gest\u00e3o estrat\u00e9gica de pessoas pode ajudar a reduzir custos? - Grupo A\u00e7o Cearense\",\"isPartOf\":{\"@id\":\"https:\/\/previews.elleven.digital\/acocearense\/#website\"},\"primaryImageOfPage\":{\"@id\":\"https:\/\/previews.elleven.digital\/acocearense\/como-a-gestao-estrategica-de-pessoas-pode-ajudar-a-reduzir-custos\/#primaryimage\"},\"image\":{\"@id\":\"https:\/\/previews.elleven.digital\/acocearense\/como-a-gestao-estrategica-de-pessoas-pode-ajudar-a-reduzir-custos\/#primaryimage\"},\"thumbnailUrl\":\"https:\/\/previews.elleven.digital\/acocearense\/wp-content\/uploads\/2025\/05\/178715-como-a-gestao-estrategica-de-pessoas-pode-ajudar-a-reduzir-custos.jpg\",\"datePublished\":\"2018-03-13T12:34:37+00:00\",\"dateModified\":\"2025-05-07T12:35:04+00:00\",\"author\":{\"@id\":\"https:\/\/previews.elleven.digital\/acocearense\/#\/schema\/person\/8e9165eb3c33e0860485c7c5fc06a701\"},\"breadcrumb\":{\"@id\":\"https:\/\/previews.elleven.digital\/acocearense\/como-a-gestao-estrategica-de-pessoas-pode-ajudar-a-reduzir-custos\/#breadcrumb\"},\"inLanguage\":\"pt-BR\",\"potentialAction\":[{\"@type\":\"ReadAction\",\"target\":[\"https:\/\/previews.elleven.digital\/acocearense\/como-a-gestao-estrategica-de-pessoas-pode-ajudar-a-reduzir-custos\/\"]}]},{\"@type\":\"ImageObject\",\"inLanguage\":\"pt-BR\",\"@id\":\"https:\/\/previews.elleven.digital\/acocearense\/como-a-gestao-estrategica-de-pessoas-pode-ajudar-a-reduzir-custos\/#primaryimage\",\"url\":\"https:\/\/previews.elleven.digital\/acocearense\/wp-content\/uploads\/2025\/05\/178715-como-a-gestao-estrategica-de-pessoas-pode-ajudar-a-reduzir-custos.jpg\",\"contentUrl\":\"https:\/\/previews.elleven.digital\/acocearense\/wp-content\/uploads\/2025\/05\/178715-como-a-gestao-estrategica-de-pessoas-pode-ajudar-a-reduzir-custos.jpg\",\"width\":1000,\"height\":667,\"caption\":\"Designers working on a project and discussing new ideas\"},{\"@type\":\"BreadcrumbList\",\"@id\":\"https:\/\/previews.elleven.digital\/acocearense\/como-a-gestao-estrategica-de-pessoas-pode-ajudar-a-reduzir-custos\/#breadcrumb\",\"itemListElement\":[{\"@type\":\"ListItem\",\"position\":1,\"name\":\"In\u00edcio\",\"item\":\"https:\/\/previews.elleven.digital\/acocearense\/\"},{\"@type\":\"ListItem\",\"position\":2,\"name\":\"Como a gest\u00e3o estrat\u00e9gica de pessoas pode ajudar a reduzir custos?\"}]},{\"@type\":\"WebSite\",\"@id\":\"https:\/\/previews.elleven.digital\/acocearense\/#website\",\"url\":\"https:\/\/previews.elleven.digital\/acocearense\/\",\"name\":\"A\u00e7o Cearense\",\"description\":\"H\u00e1 mais de 45 anos no mercado brasileiro do a\u00e7o.\",\"alternateName\":\"A\u00e7o Cearense\",\"potentialAction\":[{\"@type\":\"SearchAction\",\"target\":{\"@type\":\"EntryPoint\",\"urlTemplate\":\"https:\/\/previews.elleven.digital\/acocearense\/?s={search_term_string}\"},\"query-input\":{\"@type\":\"PropertyValueSpecification\",\"valueRequired\":true,\"valueName\":\"search_term_string\"}}],\"inLanguage\":\"pt-BR\"},{\"@type\":\"Person\",\"@id\":\"https:\/\/previews.elleven.digital\/acocearense\/#\/schema\/person\/8e9165eb3c33e0860485c7c5fc06a701\",\"name\":\"elleven\",\"image\":{\"@type\":\"ImageObject\",\"inLanguage\":\"pt-BR\",\"@id\":\"https:\/\/previews.elleven.digital\/acocearense\/#\/schema\/person\/image\/\",\"url\":\"https:\/\/secure.gravatar.com\/avatar\/2a6afb49d9ecfed5dbc6c9606ce318b8bd07c077835179bddfd5d8209c03cb29?s=96&d=mm&r=g\",\"contentUrl\":\"https:\/\/secure.gravatar.com\/avatar\/2a6afb49d9ecfed5dbc6c9606ce318b8bd07c077835179bddfd5d8209c03cb29?s=96&d=mm&r=g\",\"caption\":\"elleven\"},\"sameAs\":[\"http:\/\/localhost\/acocearense\"],\"url\":\"https:\/\/previews.elleven.digital\/acocearense\/author\/elleven\/\"}]}<\/script>\n<!-- \/ Yoast SEO plugin. -->","yoast_head_json":{"title":"Como a gest\u00e3o estrat\u00e9gica de pessoas pode ajudar a reduzir custos? - Grupo A\u00e7o Cearense","robots":{"index":"index","follow":"follow","max-snippet":"max-snippet:-1","max-image-preview":"max-image-preview:large","max-video-preview":"max-video-preview:-1"},"canonical":"https:\/\/previews.elleven.digital\/acocearense\/como-a-gestao-estrategica-de-pessoas-pode-ajudar-a-reduzir-custos\/","og_locale":"pt_BR","og_type":"article","og_title":"Como a gest\u00e3o estrat\u00e9gica de pessoas pode ajudar a reduzir custos? - Grupo A\u00e7o Cearense","og_description":"A correta gest\u00e3o de pessoas realmente contribui para construir um neg\u00f3cio mais enxuto, eliminar custos(...)","og_url":"https:\/\/previews.elleven.digital\/acocearense\/como-a-gestao-estrategica-de-pessoas-pode-ajudar-a-reduzir-custos\/","og_site_name":"Grupo A\u00e7o Cearense","article_published_time":"2018-03-13T12:34:37+00:00","article_modified_time":"2025-05-07T12:35:04+00:00","og_image":[{"width":1000,"height":667,"url":"https:\/\/previews.elleven.digital\/acocearense\/wp-content\/uploads\/2025\/05\/178715-como-a-gestao-estrategica-de-pessoas-pode-ajudar-a-reduzir-custos.jpg","type":"image\/jpeg"}],"author":"elleven","twitter_card":"summary_large_image","twitter_misc":{"Escrito por":"elleven","Est. tempo de leitura":"3 minutos"},"schema":{"@context":"https:\/\/schema.org","@graph":[{"@type":"WebPage","@id":"https:\/\/previews.elleven.digital\/acocearense\/como-a-gestao-estrategica-de-pessoas-pode-ajudar-a-reduzir-custos\/","url":"https:\/\/previews.elleven.digital\/acocearense\/como-a-gestao-estrategica-de-pessoas-pode-ajudar-a-reduzir-custos\/","name":"Como a gest\u00e3o estrat\u00e9gica de pessoas pode ajudar a reduzir custos? - Grupo A\u00e7o Cearense","isPartOf":{"@id":"https:\/\/previews.elleven.digital\/acocearense\/#website"},"primaryImageOfPage":{"@id":"https:\/\/previews.elleven.digital\/acocearense\/como-a-gestao-estrategica-de-pessoas-pode-ajudar-a-reduzir-custos\/#primaryimage"},"image":{"@id":"https:\/\/previews.elleven.digital\/acocearense\/como-a-gestao-estrategica-de-pessoas-pode-ajudar-a-reduzir-custos\/#primaryimage"},"thumbnailUrl":"https:\/\/previews.elleven.digital\/acocearense\/wp-content\/uploads\/2025\/05\/178715-como-a-gestao-estrategica-de-pessoas-pode-ajudar-a-reduzir-custos.jpg","datePublished":"2018-03-13T12:34:37+00:00","dateModified":"2025-05-07T12:35:04+00:00","author":{"@id":"https:\/\/previews.elleven.digital\/acocearense\/#\/schema\/person\/8e9165eb3c33e0860485c7c5fc06a701"},"breadcrumb":{"@id":"https:\/\/previews.elleven.digital\/acocearense\/como-a-gestao-estrategica-de-pessoas-pode-ajudar-a-reduzir-custos\/#breadcrumb"},"inLanguage":"pt-BR","potentialAction":[{"@type":"ReadAction","target":["https:\/\/previews.elleven.digital\/acocearense\/como-a-gestao-estrategica-de-pessoas-pode-ajudar-a-reduzir-custos\/"]}]},{"@type":"ImageObject","inLanguage":"pt-BR","@id":"https:\/\/previews.elleven.digital\/acocearense\/como-a-gestao-estrategica-de-pessoas-pode-ajudar-a-reduzir-custos\/#primaryimage","url":"https:\/\/previews.elleven.digital\/acocearense\/wp-content\/uploads\/2025\/05\/178715-como-a-gestao-estrategica-de-pessoas-pode-ajudar-a-reduzir-custos.jpg","contentUrl":"https:\/\/previews.elleven.digital\/acocearense\/wp-content\/uploads\/2025\/05\/178715-como-a-gestao-estrategica-de-pessoas-pode-ajudar-a-reduzir-custos.jpg","width":1000,"height":667,"caption":"Designers working on a project and discussing new ideas"},{"@type":"BreadcrumbList","@id":"https:\/\/previews.elleven.digital\/acocearense\/como-a-gestao-estrategica-de-pessoas-pode-ajudar-a-reduzir-custos\/#breadcrumb","itemListElement":[{"@type":"ListItem","position":1,"name":"In\u00edcio","item":"https:\/\/previews.elleven.digital\/acocearense\/"},{"@type":"ListItem","position":2,"name":"Como a gest\u00e3o estrat\u00e9gica de pessoas pode ajudar a reduzir custos?"}]},{"@type":"WebSite","@id":"https:\/\/previews.elleven.digital\/acocearense\/#website","url":"https:\/\/previews.elleven.digital\/acocearense\/","name":"A\u00e7o Cearense","description":"H\u00e1 mais de 45 anos no mercado brasileiro do a\u00e7o.","alternateName":"A\u00e7o Cearense","potentialAction":[{"@type":"SearchAction","target":{"@type":"EntryPoint","urlTemplate":"https:\/\/previews.elleven.digital\/acocearense\/?s={search_term_string}"},"query-input":{"@type":"PropertyValueSpecification","valueRequired":true,"valueName":"search_term_string"}}],"inLanguage":"pt-BR"},{"@type":"Person","@id":"https:\/\/previews.elleven.digital\/acocearense\/#\/schema\/person\/8e9165eb3c33e0860485c7c5fc06a701","name":"elleven","image":{"@type":"ImageObject","inLanguage":"pt-BR","@id":"https:\/\/previews.elleven.digital\/acocearense\/#\/schema\/person\/image\/","url":"https:\/\/secure.gravatar.com\/avatar\/2a6afb49d9ecfed5dbc6c9606ce318b8bd07c077835179bddfd5d8209c03cb29?s=96&d=mm&r=g","contentUrl":"https:\/\/secure.gravatar.com\/avatar\/2a6afb49d9ecfed5dbc6c9606ce318b8bd07c077835179bddfd5d8209c03cb29?s=96&d=mm&r=g","caption":"elleven"},"sameAs":["http:\/\/localhost\/acocearense"],"url":"https:\/\/previews.elleven.digital\/acocearense\/author\/elleven\/"}]}},"_links":{"self":[{"href":"https:\/\/previews.elleven.digital\/acocearense\/wp-json\/wp\/v2\/posts\/1058","targetHints":{"allow":["GET"]}}],"collection":[{"href":"https:\/\/previews.elleven.digital\/acocearense\/wp-json\/wp\/v2\/posts"}],"about":[{"href":"https:\/\/previews.elleven.digital\/acocearense\/wp-json\/wp\/v2\/types\/post"}],"author":[{"embeddable":true,"href":"https:\/\/previews.elleven.digital\/acocearense\/wp-json\/wp\/v2\/users\/1"}],"replies":[{"embeddable":true,"href":"https:\/\/previews.elleven.digital\/acocearense\/wp-json\/wp\/v2\/comments?post=1058"}],"version-history":[{"count":1,"href":"https:\/\/previews.elleven.digital\/acocearense\/wp-json\/wp\/v2\/posts\/1058\/revisions"}],"predecessor-version":[{"id":1059,"href":"https:\/\/previews.elleven.digital\/acocearense\/wp-json\/wp\/v2\/posts\/1058\/revisions\/1059"}],"wp:featuredmedia":[{"embeddable":true,"href":"https:\/\/previews.elleven.digital\/acocearense\/wp-json\/wp\/v2\/media\/1046"}],"wp:attachment":[{"href":"https:\/\/previews.elleven.digital\/acocearense\/wp-json\/wp\/v2\/media?parent=1058"}],"wp:term":[{"taxonomy":"category","embeddable":true,"href":"https:\/\/previews.elleven.digital\/acocearense\/wp-json\/wp\/v2\/categories?post=1058"},{"taxonomy":"post_tag","embeddable":true,"href":"https:\/\/previews.elleven.digital\/acocearense\/wp-json\/wp\/v2\/tags?post=1058"}],"curies":[{"name":"wp","href":"https:\/\/api.w.org\/{rel}","templated":true}]}}