{"id":1056,"date":"2018-03-13T09:34:04","date_gmt":"2018-03-13T12:34:04","guid":{"rendered":"https:\/\/previews.elleven.digital\/acocearense\/?p=1056"},"modified":"2025-05-07T09:34:32","modified_gmt":"2025-05-07T12:34:32","slug":"conheca-3-tendencias-de-tecnologia-em-logistica","status":"publish","type":"post","link":"https:\/\/previews.elleven.digital\/acocearense\/conheca-3-tendencias-de-tecnologia-em-logistica\/","title":{"rendered":"Conhe\u00e7a 3 tend\u00eancias de tecnologia em log\u00edstica"},"content":{"rendered":"<p>Quer expandir os neg\u00f3cios da sua empresa e torn\u00e1-la mais competitiva no mercado? Para alcan\u00e7ar tais resultados\u00a0\u00e9 fundamental conhecer as tend\u00eancias de tecnologia em log\u00edstica, afinal, a moderniza\u00e7\u00e3o de diversos setores tem promovido a otimiza\u00e7\u00e3o dos processos, reduzido custos e aumentado a competitividade de muitos empreendimentos.<\/p>\n<p>A log\u00edstica, por sua vez, \u00e9 uma \u00e1rea estrat\u00e9gica em qualquer empresa, por isso merece sua aten\u00e7\u00e3o para o fortalecimento do neg\u00f3cio.<\/p>\n<p>Conhe\u00e7a agora\u00a03 tend\u00eancias de tecnologia em log\u00edstica e se prepare para a inova\u00e7\u00e3o da sua loja!<\/p>\n<h2>1. Tecnologias de rastreamento de cargas<\/h2>\n<p>Tecnologias de rastreio possibilitam o acompanhamento do status de transporte da carga, indicando as poss\u00edveis ocorr\u00eancias em tempo real. Esse recurso facilita o processo de tomada de decis\u00e3o, pois a empresa consegue descobrir e adotar solu\u00e7\u00f5es mais acertadas\u00a0em menos tempo.<\/p>\n<p>Os benef\u00edcios v\u00e3o al\u00e9m da\u00a0<a href=\"https:\/\/previews.elleven.digital\/acocearense\/blog\/gestao\/5-dicas-de-seguranca-no-trabalho-indispensaveis-para-a-sua-loja-de-ferro-e-aco\/\">seguran\u00e7a<\/a>: as tecnologias de rastreamento de cargas permitem avaliar as necessidades de altera\u00e7\u00f5es de rota, uma medida que busca fugir de congestionamentos.<\/p>\n<p>Al\u00e9m disso, com a oferta de acompanhamento de cargas em tempo real, essas ferramentas podem ser usadas como forma de melhorar o relacionamento com os clientes.<\/p>\n<h2>2. Aplicativos<\/h2>\n<p>O di\u00e1logo e o esclarecimento de informa\u00e7\u00f5es ainda s\u00e3o os artif\u00edcios mais importantes para a\u00a0<a href=\"https:\/\/previews.elleven.digital\/acocearense\/blog\/abrindo-o-negocio\/afinal-e-possivel-fidelizar-clientes-em-uma-loja-de-ferro-e-aco-3\/\">fideliza\u00e7\u00e3o de clientes<\/a>, que s\u00e3o essenciais para a sobreviv\u00eancia e sucesso de qualquer neg\u00f3cio. Sendo assim, \u00e9 preciso ter consci\u00eancia de que a\u00a0<a href=\"https:\/\/previews.elleven.digital\/acocearense\/blog\/gestao\/conheca-4-aplicativos-de-celular-para-melhorar-a-comunicacao-da-sua-equipe\/\">comunica\u00e7\u00e3o<\/a>\u00a0\u00e9 indispens\u00e1vel na log\u00edstica, tanto quanto em qualquer outro setor.<\/p>\n<p>Uma das tend\u00eancias mais bem aceitas de tecnologia em log\u00edstica \u00e9 o uso de aplicativos, que s\u00e3o poderosos instrumentos para a efici\u00eancia e efic\u00e1cia da a\u00e7\u00e3o de transportar mercadorias.<\/p>\n<p>Com a tecnologia mobile \u2014 tipo de tecnologia que pode ser usada durante a movimenta\u00e7\u00e3o do usu\u00e1rio \u2014, o empreendimento tem condi\u00e7\u00f5es de aperfei\u00e7oar a gest\u00e3o de equipes externas, pois admite a conex\u00e3o ao sistema e o acesso aos dados de qualquer lugar.<\/p>\n<p>Desse jeito, a empresa \u00e9 capaz de instruir colaboradores que atuam viajando e viabiliza que os motoristas reportem o status e ocorr\u00eancias de sua viagem.<\/p>\n<p>A agilidade e a fluidez do fluxo de informa\u00e7\u00f5es nunca foi t\u00e3o importante quanto \u00e9 atualmente. A demora para a atualiza\u00e7\u00e3o de dados no sistema pode prejudicar o seu neg\u00f3cio, por isso o investimento em aplicativos ser\u00e1 um grande diferencial.<\/p>\n<h2>3. Internet das coisas<\/h2>\n<p>O termo Internet das Coisas, ou em ingl\u00eas Internet of Things (IoT), refere-se a um cen\u00e1rio em que v\u00e1rios aparelhos, ferramentas e dispositivos do seu dia a dia est\u00e3o conectados \u00e0 internet e se relacionam mutuamente.<\/p>\n<p>Trata-se de uma proposta em que a conectividade serve para tornar os objetos mais eficientes ou dar a eles atributos complementares, com o objetivo de deixar mais simples e r\u00e1pida a execu\u00e7\u00e3o de tarefas cotidianas.<\/p>\n<p>Nesse contexto, a tend\u00eancia de equipamentos se comunicarem, certamente, ser\u00e1 algo que facilitar\u00e1 e otimizar\u00e1 o trabalho dos profissionais de log\u00edstica. Logo, estar ciente das mudan\u00e7as e avan\u00e7os da tecnologia e entender como usar estas possibilidades\u00a0far\u00e1 com que sua empresa agregue valor ao neg\u00f3cio e aos consumidores.<\/p>\n<p>Ademais, a IoT \u00e9 uma inova\u00e7\u00e3o com potencial para fazer a sua empresa entregar um n\u00edvel de servi\u00e7o cada vez maior, enquanto reduz os custos log\u00edsticos ao\u00a0<a href=\"https:\/\/previews.elleven.digital\/acocearense\/blog\/gestao-de-estoque\/gestao-de-estoque-4-dicas-para-nao-errar-e-perder-dinheiro\/\">minimizar desperd\u00edcios<\/a>\u00a0de tempo e recursos.<\/p>\n<p>As mudan\u00e7as n\u00e3o param de acontecer\u00a0e para garantir a competitividade da sua empresa \u00e9 necess\u00e1rio que voc\u00ea esteja preparado para adapt\u00e1-la \u00e0s modernidades do cen\u00e1rio atual. Portanto, fique atento \u00e0s tend\u00eancias de tecnologia em log\u00edstica para n\u00e3o ser deixado para tr\u00e1s.<\/p>\n<p>Outro ponto interessante \u00e9 a entrega de mercadorias aos clientes. Ser\u00e1 que a sua empresa tem feito isso da maneira certa?\u00a0<a href=\"https:\/\/previews.elleven.digital\/acocearense\/blog\/abrindo-o-negocio\/logistica-de-entrega-de-mercadorias-6-melhores-praticas-para-sua-loja\/\">Descubra as 6 melhores pr\u00e1ticas para a sua loja<\/a>!<\/p>\n","protected":false},"excerpt":{"rendered":"<p>Quer expandir os neg\u00f3cios da sua empresa e torn\u00e1-la mais competitiva no mercado? Para alcan\u00e7ar(&#8230;)<\/p>\n","protected":false},"author":1,"featured_media":1047,"comment_status":"open","ping_status":"open","sticky":false,"template":"","format":"standard","meta":{"_acf_changed":false,"inline_featured_image":false,"footnotes":""},"categories":[27],"tags":[],"class_list":["post-1056","post","type-post","status-publish","format-standard","has-post-thumbnail","hentry","category-abrindo-o-negocio"],"acf":[],"yoast_head":"<!-- This site is optimized with the Yoast SEO plugin v25.9 - https:\/\/yoast.com\/wordpress\/plugins\/seo\/ -->\n<title>Conhe\u00e7a 3 tend\u00eancias de tecnologia em log\u00edstica - Grupo A\u00e7o Cearense<\/title>\n<meta name=\"robots\" content=\"index, follow, max-snippet:-1, max-image-preview:large, max-video-preview:-1\" \/>\n<link rel=\"canonical\" href=\"https:\/\/previews.elleven.digital\/acocearense\/conheca-3-tendencias-de-tecnologia-em-logistica\/\" \/>\n<meta property=\"og:locale\" content=\"pt_BR\" \/>\n<meta property=\"og:type\" content=\"article\" \/>\n<meta property=\"og:title\" content=\"Conhe\u00e7a 3 tend\u00eancias de tecnologia em log\u00edstica - Grupo A\u00e7o Cearense\" \/>\n<meta property=\"og:description\" content=\"Quer expandir os neg\u00f3cios da sua empresa e torn\u00e1-la mais competitiva no mercado? Para alcan\u00e7ar(...)\" \/>\n<meta property=\"og:url\" content=\"https:\/\/previews.elleven.digital\/acocearense\/conheca-3-tendencias-de-tecnologia-em-logistica\/\" \/>\n<meta property=\"og:site_name\" content=\"Grupo A\u00e7o Cearense\" \/>\n<meta property=\"article:published_time\" content=\"2018-03-13T12:34:04+00:00\" \/>\n<meta property=\"article:modified_time\" content=\"2025-05-07T12:34:32+00:00\" \/>\n<meta property=\"og:image\" content=\"https:\/\/previews.elleven.digital\/acocearense\/wp-content\/uploads\/2025\/05\/177032-conheca-3-tendencias-de-tecnologia-em-logistica.jpg\" \/>\n\t<meta property=\"og:image:width\" content=\"1000\" \/>\n\t<meta property=\"og:image:height\" content=\"667\" \/>\n\t<meta property=\"og:image:type\" content=\"image\/jpeg\" \/>\n<meta name=\"author\" content=\"elleven\" \/>\n<meta name=\"twitter:card\" content=\"summary_large_image\" \/>\n<meta name=\"twitter:label1\" content=\"Escrito por\" \/>\n\t<meta name=\"twitter:data1\" content=\"elleven\" \/>\n\t<meta name=\"twitter:label2\" content=\"Est. tempo de leitura\" \/>\n\t<meta name=\"twitter:data2\" content=\"4 minutos\" \/>\n<script type=\"application\/ld+json\" class=\"yoast-schema-graph\">{\"@context\":\"https:\/\/schema.org\",\"@graph\":[{\"@type\":\"WebPage\",\"@id\":\"https:\/\/previews.elleven.digital\/acocearense\/conheca-3-tendencias-de-tecnologia-em-logistica\/\",\"url\":\"https:\/\/previews.elleven.digital\/acocearense\/conheca-3-tendencias-de-tecnologia-em-logistica\/\",\"name\":\"Conhe\u00e7a 3 tend\u00eancias de tecnologia em log\u00edstica - Grupo A\u00e7o Cearense\",\"isPartOf\":{\"@id\":\"https:\/\/previews.elleven.digital\/acocearense\/#website\"},\"primaryImageOfPage\":{\"@id\":\"https:\/\/previews.elleven.digital\/acocearense\/conheca-3-tendencias-de-tecnologia-em-logistica\/#primaryimage\"},\"image\":{\"@id\":\"https:\/\/previews.elleven.digital\/acocearense\/conheca-3-tendencias-de-tecnologia-em-logistica\/#primaryimage\"},\"thumbnailUrl\":\"https:\/\/previews.elleven.digital\/acocearense\/wp-content\/uploads\/2025\/05\/177032-conheca-3-tendencias-de-tecnologia-em-logistica.jpg\",\"datePublished\":\"2018-03-13T12:34:04+00:00\",\"dateModified\":\"2025-05-07T12:34:32+00:00\",\"author\":{\"@id\":\"https:\/\/previews.elleven.digital\/acocearense\/#\/schema\/person\/8e9165eb3c33e0860485c7c5fc06a701\"},\"breadcrumb\":{\"@id\":\"https:\/\/previews.elleven.digital\/acocearense\/conheca-3-tendencias-de-tecnologia-em-logistica\/#breadcrumb\"},\"inLanguage\":\"pt-BR\",\"potentialAction\":[{\"@type\":\"ReadAction\",\"target\":[\"https:\/\/previews.elleven.digital\/acocearense\/conheca-3-tendencias-de-tecnologia-em-logistica\/\"]}]},{\"@type\":\"ImageObject\",\"inLanguage\":\"pt-BR\",\"@id\":\"https:\/\/previews.elleven.digital\/acocearense\/conheca-3-tendencias-de-tecnologia-em-logistica\/#primaryimage\",\"url\":\"https:\/\/previews.elleven.digital\/acocearense\/wp-content\/uploads\/2025\/05\/177032-conheca-3-tendencias-de-tecnologia-em-logistica.jpg\",\"contentUrl\":\"https:\/\/previews.elleven.digital\/acocearense\/wp-content\/uploads\/2025\/05\/177032-conheca-3-tendencias-de-tecnologia-em-logistica.jpg\",\"width\":1000,\"height\":667},{\"@type\":\"BreadcrumbList\",\"@id\":\"https:\/\/previews.elleven.digital\/acocearense\/conheca-3-tendencias-de-tecnologia-em-logistica\/#breadcrumb\",\"itemListElement\":[{\"@type\":\"ListItem\",\"position\":1,\"name\":\"In\u00edcio\",\"item\":\"https:\/\/previews.elleven.digital\/acocearense\/\"},{\"@type\":\"ListItem\",\"position\":2,\"name\":\"Conhe\u00e7a 3 tend\u00eancias de tecnologia em log\u00edstica\"}]},{\"@type\":\"WebSite\",\"@id\":\"https:\/\/previews.elleven.digital\/acocearense\/#website\",\"url\":\"https:\/\/previews.elleven.digital\/acocearense\/\",\"name\":\"A\u00e7o Cearense\",\"description\":\"H\u00e1 mais de 45 anos no mercado brasileiro do a\u00e7o.\",\"alternateName\":\"A\u00e7o Cearense\",\"potentialAction\":[{\"@type\":\"SearchAction\",\"target\":{\"@type\":\"EntryPoint\",\"urlTemplate\":\"https:\/\/previews.elleven.digital\/acocearense\/?s={search_term_string}\"},\"query-input\":{\"@type\":\"PropertyValueSpecification\",\"valueRequired\":true,\"valueName\":\"search_term_string\"}}],\"inLanguage\":\"pt-BR\"},{\"@type\":\"Person\",\"@id\":\"https:\/\/previews.elleven.digital\/acocearense\/#\/schema\/person\/8e9165eb3c33e0860485c7c5fc06a701\",\"name\":\"elleven\",\"image\":{\"@type\":\"ImageObject\",\"inLanguage\":\"pt-BR\",\"@id\":\"https:\/\/previews.elleven.digital\/acocearense\/#\/schema\/person\/image\/\",\"url\":\"https:\/\/secure.gravatar.com\/avatar\/2a6afb49d9ecfed5dbc6c9606ce318b8bd07c077835179bddfd5d8209c03cb29?s=96&d=mm&r=g\",\"contentUrl\":\"https:\/\/secure.gravatar.com\/avatar\/2a6afb49d9ecfed5dbc6c9606ce318b8bd07c077835179bddfd5d8209c03cb29?s=96&d=mm&r=g\",\"caption\":\"elleven\"},\"sameAs\":[\"http:\/\/localhost\/acocearense\"],\"url\":\"https:\/\/previews.elleven.digital\/acocearense\/author\/elleven\/\"}]}<\/script>\n<!-- \/ Yoast SEO plugin. -->","yoast_head_json":{"title":"Conhe\u00e7a 3 tend\u00eancias de tecnologia em log\u00edstica - Grupo A\u00e7o Cearense","robots":{"index":"index","follow":"follow","max-snippet":"max-snippet:-1","max-image-preview":"max-image-preview:large","max-video-preview":"max-video-preview:-1"},"canonical":"https:\/\/previews.elleven.digital\/acocearense\/conheca-3-tendencias-de-tecnologia-em-logistica\/","og_locale":"pt_BR","og_type":"article","og_title":"Conhe\u00e7a 3 tend\u00eancias de tecnologia em log\u00edstica - Grupo A\u00e7o Cearense","og_description":"Quer expandir os neg\u00f3cios da sua empresa e torn\u00e1-la mais competitiva no mercado? Para alcan\u00e7ar(...)","og_url":"https:\/\/previews.elleven.digital\/acocearense\/conheca-3-tendencias-de-tecnologia-em-logistica\/","og_site_name":"Grupo A\u00e7o Cearense","article_published_time":"2018-03-13T12:34:04+00:00","article_modified_time":"2025-05-07T12:34:32+00:00","og_image":[{"width":1000,"height":667,"url":"https:\/\/previews.elleven.digital\/acocearense\/wp-content\/uploads\/2025\/05\/177032-conheca-3-tendencias-de-tecnologia-em-logistica.jpg","type":"image\/jpeg"}],"author":"elleven","twitter_card":"summary_large_image","twitter_misc":{"Escrito por":"elleven","Est. tempo de leitura":"4 minutos"},"schema":{"@context":"https:\/\/schema.org","@graph":[{"@type":"WebPage","@id":"https:\/\/previews.elleven.digital\/acocearense\/conheca-3-tendencias-de-tecnologia-em-logistica\/","url":"https:\/\/previews.elleven.digital\/acocearense\/conheca-3-tendencias-de-tecnologia-em-logistica\/","name":"Conhe\u00e7a 3 tend\u00eancias de tecnologia em log\u00edstica - Grupo A\u00e7o Cearense","isPartOf":{"@id":"https:\/\/previews.elleven.digital\/acocearense\/#website"},"primaryImageOfPage":{"@id":"https:\/\/previews.elleven.digital\/acocearense\/conheca-3-tendencias-de-tecnologia-em-logistica\/#primaryimage"},"image":{"@id":"https:\/\/previews.elleven.digital\/acocearense\/conheca-3-tendencias-de-tecnologia-em-logistica\/#primaryimage"},"thumbnailUrl":"https:\/\/previews.elleven.digital\/acocearense\/wp-content\/uploads\/2025\/05\/177032-conheca-3-tendencias-de-tecnologia-em-logistica.jpg","datePublished":"2018-03-13T12:34:04+00:00","dateModified":"2025-05-07T12:34:32+00:00","author":{"@id":"https:\/\/previews.elleven.digital\/acocearense\/#\/schema\/person\/8e9165eb3c33e0860485c7c5fc06a701"},"breadcrumb":{"@id":"https:\/\/previews.elleven.digital\/acocearense\/conheca-3-tendencias-de-tecnologia-em-logistica\/#breadcrumb"},"inLanguage":"pt-BR","potentialAction":[{"@type":"ReadAction","target":["https:\/\/previews.elleven.digital\/acocearense\/conheca-3-tendencias-de-tecnologia-em-logistica\/"]}]},{"@type":"ImageObject","inLanguage":"pt-BR","@id":"https:\/\/previews.elleven.digital\/acocearense\/conheca-3-tendencias-de-tecnologia-em-logistica\/#primaryimage","url":"https:\/\/previews.elleven.digital\/acocearense\/wp-content\/uploads\/2025\/05\/177032-conheca-3-tendencias-de-tecnologia-em-logistica.jpg","contentUrl":"https:\/\/previews.elleven.digital\/acocearense\/wp-content\/uploads\/2025\/05\/177032-conheca-3-tendencias-de-tecnologia-em-logistica.jpg","width":1000,"height":667},{"@type":"BreadcrumbList","@id":"https:\/\/previews.elleven.digital\/acocearense\/conheca-3-tendencias-de-tecnologia-em-logistica\/#breadcrumb","itemListElement":[{"@type":"ListItem","position":1,"name":"In\u00edcio","item":"https:\/\/previews.elleven.digital\/acocearense\/"},{"@type":"ListItem","position":2,"name":"Conhe\u00e7a 3 tend\u00eancias de tecnologia em log\u00edstica"}]},{"@type":"WebSite","@id":"https:\/\/previews.elleven.digital\/acocearense\/#website","url":"https:\/\/previews.elleven.digital\/acocearense\/","name":"A\u00e7o Cearense","description":"H\u00e1 mais de 45 anos no mercado brasileiro do a\u00e7o.","alternateName":"A\u00e7o Cearense","potentialAction":[{"@type":"SearchAction","target":{"@type":"EntryPoint","urlTemplate":"https:\/\/previews.elleven.digital\/acocearense\/?s={search_term_string}"},"query-input":{"@type":"PropertyValueSpecification","valueRequired":true,"valueName":"search_term_string"}}],"inLanguage":"pt-BR"},{"@type":"Person","@id":"https:\/\/previews.elleven.digital\/acocearense\/#\/schema\/person\/8e9165eb3c33e0860485c7c5fc06a701","name":"elleven","image":{"@type":"ImageObject","inLanguage":"pt-BR","@id":"https:\/\/previews.elleven.digital\/acocearense\/#\/schema\/person\/image\/","url":"https:\/\/secure.gravatar.com\/avatar\/2a6afb49d9ecfed5dbc6c9606ce318b8bd07c077835179bddfd5d8209c03cb29?s=96&d=mm&r=g","contentUrl":"https:\/\/secure.gravatar.com\/avatar\/2a6afb49d9ecfed5dbc6c9606ce318b8bd07c077835179bddfd5d8209c03cb29?s=96&d=mm&r=g","caption":"elleven"},"sameAs":["http:\/\/localhost\/acocearense"],"url":"https:\/\/previews.elleven.digital\/acocearense\/author\/elleven\/"}]}},"_links":{"self":[{"href":"https:\/\/previews.elleven.digital\/acocearense\/wp-json\/wp\/v2\/posts\/1056","targetHints":{"allow":["GET"]}}],"collection":[{"href":"https:\/\/previews.elleven.digital\/acocearense\/wp-json\/wp\/v2\/posts"}],"about":[{"href":"https:\/\/previews.elleven.digital\/acocearense\/wp-json\/wp\/v2\/types\/post"}],"author":[{"embeddable":true,"href":"https:\/\/previews.elleven.digital\/acocearense\/wp-json\/wp\/v2\/users\/1"}],"replies":[{"embeddable":true,"href":"https:\/\/previews.elleven.digital\/acocearense\/wp-json\/wp\/v2\/comments?post=1056"}],"version-history":[{"count":1,"href":"https:\/\/previews.elleven.digital\/acocearense\/wp-json\/wp\/v2\/posts\/1056\/revisions"}],"predecessor-version":[{"id":1057,"href":"https:\/\/previews.elleven.digital\/acocearense\/wp-json\/wp\/v2\/posts\/1056\/revisions\/1057"}],"wp:featuredmedia":[{"embeddable":true,"href":"https:\/\/previews.elleven.digital\/acocearense\/wp-json\/wp\/v2\/media\/1047"}],"wp:attachment":[{"href":"https:\/\/previews.elleven.digital\/acocearense\/wp-json\/wp\/v2\/media?parent=1056"}],"wp:term":[{"taxonomy":"category","embeddable":true,"href":"https:\/\/previews.elleven.digital\/acocearense\/wp-json\/wp\/v2\/categories?post=1056"},{"taxonomy":"post_tag","embeddable":true,"href":"https:\/\/previews.elleven.digital\/acocearense\/wp-json\/wp\/v2\/tags?post=1056"}],"curies":[{"name":"wp","href":"https:\/\/api.w.org\/{rel}","templated":true}]}}