{"id":1040,"date":"2018-01-11T09:29:59","date_gmt":"2018-01-11T11:29:59","guid":{"rendered":"https:\/\/previews.elleven.digital\/acocearense\/?p=1040"},"modified":"2025-05-07T09:32:51","modified_gmt":"2025-05-07T12:32:51","slug":"saude-no-trabalho-como-ajudar-os-funcionarios-a-pararem-de-fumar","status":"publish","type":"post","link":"https:\/\/previews.elleven.digital\/acocearense\/saude-no-trabalho-como-ajudar-os-funcionarios-a-pararem-de-fumar\/","title":{"rendered":"Sa\u00fade no trabalho: como ajudar os funcion\u00e1rios a pararem de fumar"},"content":{"rendered":"<p>Toda empresa deve se preocupar com o bem-estar dos seus funcion\u00e1rios. Al\u00e9m de evitar\u00a0<a href=\"https:\/\/previews.elleven.digital\/acocearense\/blog\/sem-categoria\/monitoramento-de-riscos-ocupacionais-o-que-e-e-por-que-fazer\/\" target=\"_blank\" rel=\"noopener noreferrer\">acidentes<\/a>, a busca pela sa\u00fade no trabalho \u00e9 tamb\u00e9m um dever dos gestores. Este tipo de atitude ajuda tanto os colaboradores como tamb\u00e9m a pr\u00f3pria empresa.<\/p>\n<p>No caso dos fumantes, os preju\u00edzos, mesmo sendo aparentemente sutis, podem ser consideravelmente graves. Podemos pensar na quebra do ritmo de trabalho, no mau cheiro, nas bitucas espalhadas pelos cantos, na fuma\u00e7a sobre quem n\u00e3o fuma e em muito tempo gasto que poderia estar sendo utilizado na produ\u00e7\u00e3o.<\/p>\n<p>Este assunto, que muitas vezes acaba passando despercebido,\u00a0merece aten\u00e7\u00e3o de todos os gestores. E, para aqueles\u00a0que j\u00e1 perceberam o problema\u00a0mas n\u00e3o sabem o que fazer para resolver o caso, algumas dicas pr\u00e1ticas podem ajudar bastante. Por isso, acompanhe este post e conhe\u00e7a algumas delas:<\/p>\n<h2>Fa\u00e7a campanhas de conscientiza\u00e7\u00e3o<\/h2>\n<p>A primeira coisa \u00e9 buscar informar e refor\u00e7ar os malef\u00edcios do cigarro. Mesmo que muita gente j\u00e1 saiba que este \u00e9 um h\u00e1bito nocivo \u00e0 sa\u00fade, a insist\u00eancia em mostrar a diferen\u00e7a entre uma vida saud\u00e1vel e a de um fumante \u00e9 uma boa pr\u00e1tica a ser adotada.<\/p>\n<p>Para n\u00e3o soar como persegui\u00e7\u00e3o aos seus funcion\u00e1rios fumantes, coloque tamb\u00e9m algumas mensagens por onde circulam os\u00a0<a href=\"https:\/\/previews.elleven.digital\/acocearense\/blog\/sem-categoria\/afinal-e-possivel-fidelizar-clientes-em-uma-loja-de-ferro-e-aco-4\/\" target=\"_blank\" rel=\"noopener noreferrer\">clientes<\/a>. Assim, voc\u00ea refor\u00e7a a preocupa\u00e7\u00e3o com a sa\u00fade sem direcionar cobran\u00e7as a nenhum funcion\u00e1rio.<\/p>\n<h2>Crie um grupo de apoio<\/h2>\n<p>Para quem fuma, o desafio de largar o v\u00edcio pode ficar menor ao sentir-se apoiado por outras pessoas. Por isso, se houver condi\u00e7\u00f5es de montar um grupo de apoio, as chances de sucesso s\u00e3o bem maiores.<\/p>\n<p>Ainda que o volume de fumantes seja pequeno, pode ser uma boa ideia envolver funcion\u00e1rios que n\u00e3o tenham o v\u00edcio para ajudar a controlar e buscar cumprir metas que, com o tempo, ajudem o fumante a abandonar o cigarro.<\/p>\n<p>Pode ser interessante at\u00e9 mesmo fazer um tipo de competi\u00e7\u00e3o, com alguma recompensa simb\u00f3lica (n\u00e3o necessariamente financeira), de forma a manter todos atentos na redu\u00e7\u00e3o gradativa do fumo at\u00e9 o seu completo encerramento.<\/p>\n<h2>Elimine o fum\u00f3dromo<\/h2>\n<p>Antigamente, o volume de viciados em tabaco era bem maior e a ideia do fum\u00f3dromo era ter um espa\u00e7o reservado para que a fuma\u00e7a n\u00e3o incomodasse os demais colegas e at\u00e9 clientes da empresa.<\/p>\n<p>Atualmente, a ideia do fum\u00f3dromo \u00e9 bastante questionada, j\u00e1 que, de\u00a0certa forma, a empresa est\u00e1 sendo conivente com o v\u00edcio. Al\u00e9m disso, n\u00e3o tendo um espa\u00e7o pr\u00f3prio para fumar, o trabalhador ficar\u00e1 mais restrito e, ainda que n\u00e3o pare completamente, tender\u00e1 a diminuir suas pausas di\u00e1rias.<\/p>\n<p>Alguns profissionais da sa\u00fade acreditam que as pessoas tendem a fumar mais no trabalho do que fora dele. Seja para relaxar, quebrar o ritmo ou qualquer outro motivo, quanto mais facilidade os fumantes encontrarem, menor ser\u00e1 a taxa de redu\u00e7\u00e3o do h\u00e1bito.<\/p>\n<p>Ainda que seja uma decis\u00e3o pessoal, o tabagismo \u00e9 uma pr\u00e1tica que afeta todos ao seu redor. Se voc\u00ea busca mais rendimento dos\u00a0<a href=\"https:\/\/previews.elleven.digital\/acocearense\/blog\/gestao\/gestao-de-pessoas-por-que-sua-loja-de-ferro-e-aco-precisa-investir-nisso\/\" target=\"_blank\" rel=\"noopener noreferrer\">seus funcion\u00e1rios<\/a>\u00a0ao mesmo tempo em que se preocupa com eles, deve tentar melhorar a sa\u00fade no trabalho adotando medidas que realmente consigam ajudar a acabar de vez com este v\u00edcio.<\/p>\n<p>Se voc\u00ea tem amigos ou colegas que estejam procurando por ideias de como tamb\u00e9m tratar deste assunto em suas empresas, compartilhe este conte\u00fado em suas redes sociais. Vamos ajudar todos que estiverem ao alcance a ter uma vida mais saud\u00e1vel e um neg\u00f3cio mais produtivo.<\/p>\n","protected":false},"excerpt":{"rendered":"<p>Toda empresa deve se preocupar com o bem-estar dos seus funcion\u00e1rios. Al\u00e9m de evitar\u00a0acidentes, a(&#8230;)<\/p>\n","protected":false},"author":1,"featured_media":1050,"comment_status":"open","ping_status":"open","sticky":false,"template":"","format":"standard","meta":{"_acf_changed":false,"inline_featured_image":false,"footnotes":""},"categories":[28],"tags":[],"class_list":["post-1040","post","type-post","status-publish","format-standard","has-post-thumbnail","hentry","category-gestao"],"acf":[],"yoast_head":"<!-- This site is optimized with the Yoast SEO plugin v25.9 - https:\/\/yoast.com\/wordpress\/plugins\/seo\/ -->\n<title>Sa\u00fade no trabalho: como ajudar os funcion\u00e1rios a pararem de fumar - Grupo A\u00e7o Cearense<\/title>\n<meta name=\"robots\" content=\"index, follow, max-snippet:-1, max-image-preview:large, max-video-preview:-1\" \/>\n<link rel=\"canonical\" href=\"https:\/\/previews.elleven.digital\/acocearense\/saude-no-trabalho-como-ajudar-os-funcionarios-a-pararem-de-fumar\/\" \/>\n<meta property=\"og:locale\" content=\"pt_BR\" \/>\n<meta property=\"og:type\" content=\"article\" \/>\n<meta property=\"og:title\" content=\"Sa\u00fade no trabalho: como ajudar os funcion\u00e1rios a pararem de fumar - Grupo A\u00e7o Cearense\" \/>\n<meta property=\"og:description\" content=\"Toda empresa deve se preocupar com o bem-estar dos seus funcion\u00e1rios. Al\u00e9m de evitar\u00a0acidentes, a(...)\" \/>\n<meta property=\"og:url\" content=\"https:\/\/previews.elleven.digital\/acocearense\/saude-no-trabalho-como-ajudar-os-funcionarios-a-pararem-de-fumar\/\" \/>\n<meta property=\"og:site_name\" content=\"Grupo A\u00e7o Cearense\" \/>\n<meta property=\"article:published_time\" content=\"2018-01-11T11:29:59+00:00\" \/>\n<meta property=\"article:modified_time\" content=\"2025-05-07T12:32:51+00:00\" \/>\n<meta property=\"og:image\" content=\"https:\/\/previews.elleven.digital\/acocearense\/wp-content\/uploads\/2025\/05\/159883-saude-no-trabalho-como-ajudar-os-funcionarios-a-pararem-de-fumar.jpg\" \/>\n\t<meta property=\"og:image:width\" content=\"999\" \/>\n\t<meta property=\"og:image:height\" content=\"667\" \/>\n\t<meta property=\"og:image:type\" content=\"image\/jpeg\" \/>\n<meta name=\"author\" content=\"elleven\" \/>\n<meta name=\"twitter:card\" content=\"summary_large_image\" \/>\n<meta name=\"twitter:label1\" content=\"Escrito por\" \/>\n\t<meta name=\"twitter:data1\" content=\"elleven\" \/>\n\t<meta name=\"twitter:label2\" content=\"Est. tempo de leitura\" \/>\n\t<meta name=\"twitter:data2\" content=\"4 minutos\" \/>\n<script type=\"application\/ld+json\" class=\"yoast-schema-graph\">{\"@context\":\"https:\/\/schema.org\",\"@graph\":[{\"@type\":\"WebPage\",\"@id\":\"https:\/\/previews.elleven.digital\/acocearense\/saude-no-trabalho-como-ajudar-os-funcionarios-a-pararem-de-fumar\/\",\"url\":\"https:\/\/previews.elleven.digital\/acocearense\/saude-no-trabalho-como-ajudar-os-funcionarios-a-pararem-de-fumar\/\",\"name\":\"Sa\u00fade no trabalho: como ajudar os funcion\u00e1rios a pararem de fumar - Grupo A\u00e7o Cearense\",\"isPartOf\":{\"@id\":\"https:\/\/previews.elleven.digital\/acocearense\/#website\"},\"primaryImageOfPage\":{\"@id\":\"https:\/\/previews.elleven.digital\/acocearense\/saude-no-trabalho-como-ajudar-os-funcionarios-a-pararem-de-fumar\/#primaryimage\"},\"image\":{\"@id\":\"https:\/\/previews.elleven.digital\/acocearense\/saude-no-trabalho-como-ajudar-os-funcionarios-a-pararem-de-fumar\/#primaryimage\"},\"thumbnailUrl\":\"https:\/\/previews.elleven.digital\/acocearense\/wp-content\/uploads\/2025\/05\/159883-saude-no-trabalho-como-ajudar-os-funcionarios-a-pararem-de-fumar.jpg\",\"datePublished\":\"2018-01-11T11:29:59+00:00\",\"dateModified\":\"2025-05-07T12:32:51+00:00\",\"author\":{\"@id\":\"https:\/\/previews.elleven.digital\/acocearense\/#\/schema\/person\/8e9165eb3c33e0860485c7c5fc06a701\"},\"breadcrumb\":{\"@id\":\"https:\/\/previews.elleven.digital\/acocearense\/saude-no-trabalho-como-ajudar-os-funcionarios-a-pararem-de-fumar\/#breadcrumb\"},\"inLanguage\":\"pt-BR\",\"potentialAction\":[{\"@type\":\"ReadAction\",\"target\":[\"https:\/\/previews.elleven.digital\/acocearense\/saude-no-trabalho-como-ajudar-os-funcionarios-a-pararem-de-fumar\/\"]}]},{\"@type\":\"ImageObject\",\"inLanguage\":\"pt-BR\",\"@id\":\"https:\/\/previews.elleven.digital\/acocearense\/saude-no-trabalho-como-ajudar-os-funcionarios-a-pararem-de-fumar\/#primaryimage\",\"url\":\"https:\/\/previews.elleven.digital\/acocearense\/wp-content\/uploads\/2025\/05\/159883-saude-no-trabalho-como-ajudar-os-funcionarios-a-pararem-de-fumar.jpg\",\"contentUrl\":\"https:\/\/previews.elleven.digital\/acocearense\/wp-content\/uploads\/2025\/05\/159883-saude-no-trabalho-como-ajudar-os-funcionarios-a-pararem-de-fumar.jpg\",\"width\":999,\"height\":667},{\"@type\":\"BreadcrumbList\",\"@id\":\"https:\/\/previews.elleven.digital\/acocearense\/saude-no-trabalho-como-ajudar-os-funcionarios-a-pararem-de-fumar\/#breadcrumb\",\"itemListElement\":[{\"@type\":\"ListItem\",\"position\":1,\"name\":\"In\u00edcio\",\"item\":\"https:\/\/previews.elleven.digital\/acocearense\/\"},{\"@type\":\"ListItem\",\"position\":2,\"name\":\"Sa\u00fade no trabalho: como ajudar os funcion\u00e1rios a pararem de fumar\"}]},{\"@type\":\"WebSite\",\"@id\":\"https:\/\/previews.elleven.digital\/acocearense\/#website\",\"url\":\"https:\/\/previews.elleven.digital\/acocearense\/\",\"name\":\"A\u00e7o Cearense\",\"description\":\"H\u00e1 mais de 45 anos no mercado brasileiro do a\u00e7o.\",\"alternateName\":\"A\u00e7o Cearense\",\"potentialAction\":[{\"@type\":\"SearchAction\",\"target\":{\"@type\":\"EntryPoint\",\"urlTemplate\":\"https:\/\/previews.elleven.digital\/acocearense\/?s={search_term_string}\"},\"query-input\":{\"@type\":\"PropertyValueSpecification\",\"valueRequired\":true,\"valueName\":\"search_term_string\"}}],\"inLanguage\":\"pt-BR\"},{\"@type\":\"Person\",\"@id\":\"https:\/\/previews.elleven.digital\/acocearense\/#\/schema\/person\/8e9165eb3c33e0860485c7c5fc06a701\",\"name\":\"elleven\",\"image\":{\"@type\":\"ImageObject\",\"inLanguage\":\"pt-BR\",\"@id\":\"https:\/\/previews.elleven.digital\/acocearense\/#\/schema\/person\/image\/\",\"url\":\"https:\/\/secure.gravatar.com\/avatar\/2a6afb49d9ecfed5dbc6c9606ce318b8bd07c077835179bddfd5d8209c03cb29?s=96&d=mm&r=g\",\"contentUrl\":\"https:\/\/secure.gravatar.com\/avatar\/2a6afb49d9ecfed5dbc6c9606ce318b8bd07c077835179bddfd5d8209c03cb29?s=96&d=mm&r=g\",\"caption\":\"elleven\"},\"sameAs\":[\"http:\/\/localhost\/acocearense\"],\"url\":\"https:\/\/previews.elleven.digital\/acocearense\/author\/elleven\/\"}]}<\/script>\n<!-- \/ Yoast SEO plugin. -->","yoast_head_json":{"title":"Sa\u00fade no trabalho: como ajudar os funcion\u00e1rios a pararem de fumar - Grupo A\u00e7o Cearense","robots":{"index":"index","follow":"follow","max-snippet":"max-snippet:-1","max-image-preview":"max-image-preview:large","max-video-preview":"max-video-preview:-1"},"canonical":"https:\/\/previews.elleven.digital\/acocearense\/saude-no-trabalho-como-ajudar-os-funcionarios-a-pararem-de-fumar\/","og_locale":"pt_BR","og_type":"article","og_title":"Sa\u00fade no trabalho: como ajudar os funcion\u00e1rios a pararem de fumar - Grupo A\u00e7o Cearense","og_description":"Toda empresa deve se preocupar com o bem-estar dos seus funcion\u00e1rios. Al\u00e9m de evitar\u00a0acidentes, a(...)","og_url":"https:\/\/previews.elleven.digital\/acocearense\/saude-no-trabalho-como-ajudar-os-funcionarios-a-pararem-de-fumar\/","og_site_name":"Grupo A\u00e7o Cearense","article_published_time":"2018-01-11T11:29:59+00:00","article_modified_time":"2025-05-07T12:32:51+00:00","og_image":[{"width":999,"height":667,"url":"https:\/\/previews.elleven.digital\/acocearense\/wp-content\/uploads\/2025\/05\/159883-saude-no-trabalho-como-ajudar-os-funcionarios-a-pararem-de-fumar.jpg","type":"image\/jpeg"}],"author":"elleven","twitter_card":"summary_large_image","twitter_misc":{"Escrito por":"elleven","Est. tempo de leitura":"4 minutos"},"schema":{"@context":"https:\/\/schema.org","@graph":[{"@type":"WebPage","@id":"https:\/\/previews.elleven.digital\/acocearense\/saude-no-trabalho-como-ajudar-os-funcionarios-a-pararem-de-fumar\/","url":"https:\/\/previews.elleven.digital\/acocearense\/saude-no-trabalho-como-ajudar-os-funcionarios-a-pararem-de-fumar\/","name":"Sa\u00fade no trabalho: como ajudar os funcion\u00e1rios a pararem de fumar - Grupo A\u00e7o Cearense","isPartOf":{"@id":"https:\/\/previews.elleven.digital\/acocearense\/#website"},"primaryImageOfPage":{"@id":"https:\/\/previews.elleven.digital\/acocearense\/saude-no-trabalho-como-ajudar-os-funcionarios-a-pararem-de-fumar\/#primaryimage"},"image":{"@id":"https:\/\/previews.elleven.digital\/acocearense\/saude-no-trabalho-como-ajudar-os-funcionarios-a-pararem-de-fumar\/#primaryimage"},"thumbnailUrl":"https:\/\/previews.elleven.digital\/acocearense\/wp-content\/uploads\/2025\/05\/159883-saude-no-trabalho-como-ajudar-os-funcionarios-a-pararem-de-fumar.jpg","datePublished":"2018-01-11T11:29:59+00:00","dateModified":"2025-05-07T12:32:51+00:00","author":{"@id":"https:\/\/previews.elleven.digital\/acocearense\/#\/schema\/person\/8e9165eb3c33e0860485c7c5fc06a701"},"breadcrumb":{"@id":"https:\/\/previews.elleven.digital\/acocearense\/saude-no-trabalho-como-ajudar-os-funcionarios-a-pararem-de-fumar\/#breadcrumb"},"inLanguage":"pt-BR","potentialAction":[{"@type":"ReadAction","target":["https:\/\/previews.elleven.digital\/acocearense\/saude-no-trabalho-como-ajudar-os-funcionarios-a-pararem-de-fumar\/"]}]},{"@type":"ImageObject","inLanguage":"pt-BR","@id":"https:\/\/previews.elleven.digital\/acocearense\/saude-no-trabalho-como-ajudar-os-funcionarios-a-pararem-de-fumar\/#primaryimage","url":"https:\/\/previews.elleven.digital\/acocearense\/wp-content\/uploads\/2025\/05\/159883-saude-no-trabalho-como-ajudar-os-funcionarios-a-pararem-de-fumar.jpg","contentUrl":"https:\/\/previews.elleven.digital\/acocearense\/wp-content\/uploads\/2025\/05\/159883-saude-no-trabalho-como-ajudar-os-funcionarios-a-pararem-de-fumar.jpg","width":999,"height":667},{"@type":"BreadcrumbList","@id":"https:\/\/previews.elleven.digital\/acocearense\/saude-no-trabalho-como-ajudar-os-funcionarios-a-pararem-de-fumar\/#breadcrumb","itemListElement":[{"@type":"ListItem","position":1,"name":"In\u00edcio","item":"https:\/\/previews.elleven.digital\/acocearense\/"},{"@type":"ListItem","position":2,"name":"Sa\u00fade no trabalho: como ajudar os funcion\u00e1rios a pararem de fumar"}]},{"@type":"WebSite","@id":"https:\/\/previews.elleven.digital\/acocearense\/#website","url":"https:\/\/previews.elleven.digital\/acocearense\/","name":"A\u00e7o Cearense","description":"H\u00e1 mais de 45 anos no mercado brasileiro do a\u00e7o.","alternateName":"A\u00e7o Cearense","potentialAction":[{"@type":"SearchAction","target":{"@type":"EntryPoint","urlTemplate":"https:\/\/previews.elleven.digital\/acocearense\/?s={search_term_string}"},"query-input":{"@type":"PropertyValueSpecification","valueRequired":true,"valueName":"search_term_string"}}],"inLanguage":"pt-BR"},{"@type":"Person","@id":"https:\/\/previews.elleven.digital\/acocearense\/#\/schema\/person\/8e9165eb3c33e0860485c7c5fc06a701","name":"elleven","image":{"@type":"ImageObject","inLanguage":"pt-BR","@id":"https:\/\/previews.elleven.digital\/acocearense\/#\/schema\/person\/image\/","url":"https:\/\/secure.gravatar.com\/avatar\/2a6afb49d9ecfed5dbc6c9606ce318b8bd07c077835179bddfd5d8209c03cb29?s=96&d=mm&r=g","contentUrl":"https:\/\/secure.gravatar.com\/avatar\/2a6afb49d9ecfed5dbc6c9606ce318b8bd07c077835179bddfd5d8209c03cb29?s=96&d=mm&r=g","caption":"elleven"},"sameAs":["http:\/\/localhost\/acocearense"],"url":"https:\/\/previews.elleven.digital\/acocearense\/author\/elleven\/"}]}},"_links":{"self":[{"href":"https:\/\/previews.elleven.digital\/acocearense\/wp-json\/wp\/v2\/posts\/1040","targetHints":{"allow":["GET"]}}],"collection":[{"href":"https:\/\/previews.elleven.digital\/acocearense\/wp-json\/wp\/v2\/posts"}],"about":[{"href":"https:\/\/previews.elleven.digital\/acocearense\/wp-json\/wp\/v2\/types\/post"}],"author":[{"embeddable":true,"href":"https:\/\/previews.elleven.digital\/acocearense\/wp-json\/wp\/v2\/users\/1"}],"replies":[{"embeddable":true,"href":"https:\/\/previews.elleven.digital\/acocearense\/wp-json\/wp\/v2\/comments?post=1040"}],"version-history":[{"count":1,"href":"https:\/\/previews.elleven.digital\/acocearense\/wp-json\/wp\/v2\/posts\/1040\/revisions"}],"predecessor-version":[{"id":1051,"href":"https:\/\/previews.elleven.digital\/acocearense\/wp-json\/wp\/v2\/posts\/1040\/revisions\/1051"}],"wp:featuredmedia":[{"embeddable":true,"href":"https:\/\/previews.elleven.digital\/acocearense\/wp-json\/wp\/v2\/media\/1050"}],"wp:attachment":[{"href":"https:\/\/previews.elleven.digital\/acocearense\/wp-json\/wp\/v2\/media?parent=1040"}],"wp:term":[{"taxonomy":"category","embeddable":true,"href":"https:\/\/previews.elleven.digital\/acocearense\/wp-json\/wp\/v2\/categories?post=1040"},{"taxonomy":"post_tag","embeddable":true,"href":"https:\/\/previews.elleven.digital\/acocearense\/wp-json\/wp\/v2\/tags?post=1040"}],"curies":[{"name":"wp","href":"https:\/\/api.w.org\/{rel}","templated":true}]}}