{"id":1038,"date":"2018-01-09T09:29:31","date_gmt":"2018-01-09T11:29:31","guid":{"rendered":"https:\/\/previews.elleven.digital\/acocearense\/?p=1038"},"modified":"2025-05-07T09:29:54","modified_gmt":"2025-05-07T12:29:54","slug":"confira-o-panorama-do-mercado-para-a-construcao-civil-em-2018","status":"publish","type":"post","link":"https:\/\/previews.elleven.digital\/acocearense\/confira-o-panorama-do-mercado-para-a-construcao-civil-em-2018\/","title":{"rendered":"Confira o panorama do mercado para a constru\u00e7\u00e3o civil em 2018"},"content":{"rendered":"<p>Em um tempo de incertezas e de grandes movimenta\u00e7\u00f5es econ\u00f4micas e pol\u00edticas; o mercado espera por uma retomada de crescimento que consiga repor as perdas que ocorreram.<\/p>\n<p>Ainda com um consider\u00e1vel grau de ansiedade, muitos empres\u00e1rios discutem o momento vivido no pa\u00eds e tentam antecipar o que vai ser do ramo da constru\u00e7\u00e3o civil em\u00a0<a href=\"https:\/\/previews.elleven.digital\/acocearense\/blog\/vender-mais\/dicas-para-fazer-o-planejamento-financeiro-da-sua-loja-de-ferro-e-aco-para-2018\/\" target=\"_blank\" rel=\"noopener noreferrer\">2018<\/a>.<\/p>\n<p>Mesmo que ningu\u00e9m tenha condi\u00e7\u00f5es de realmente dizer o que vai acontecer, \u00e9 poss\u00edvel avaliar o que passou e especular sobre o futuro a\u00a0curto prazo por meio de alguns sinais percebidos no contexto nacional.<\/p>\n<h2>O passado recente<\/h2>\n<p>Nos \u00faltimos 4 anos foi percebida uma grande queda no mercado da constru\u00e7\u00e3o civil. Acompanhando tend\u00eancias de baixa na economia, a situa\u00e7\u00e3o ficou complicada e muitas empresas passaram por momentos dif\u00edceis.<\/p>\n<p>Dentre v\u00e1rios aspectos, tr\u00eas pontos marcaram anos de um volume baixo de neg\u00f3cios e grandes receios por parte dos investidores. O primeiro foi o enfraquecimento dos programas de acesso ao cr\u00e9dito imobili\u00e1rio. Depois de um per\u00edodo marcado pela retomada da diminui\u00e7\u00e3o do d\u00e9ficit habitacional, o ritmo esfriou.<\/p>\n<p>Outro aspecto relevante foi o aumento do\u00a0<a href=\"https:\/\/previews.elleven.digital\/acocearense\/blog\/gestao\/lider-de-equipe-como-lidar-com-a-demissao-e-dispensa-de-funcionarios\/\" target=\"_blank\" rel=\"noopener noreferrer\">desemprego<\/a>. Com menos dinheiro circulando e muita incerteza, fam\u00edlias em todo o pa\u00eds tiveram a sua renda encolhida.<\/p>\n<p>Tudo isso leva ao terceiro ponto: a queda no n\u00famero de lan\u00e7amentos. Sem ter confian\u00e7a no mercado consumidor, e com uma demanda em baixa, empres\u00e1rios resolveram reduzir o volume de investimentos em canteiros de obras. Muitos foram abrigar os seus recursos em outras op\u00e7\u00f5es e fundos financeiros.<\/p>\n<h2>A perspectiva de futuro na constru\u00e7\u00e3o civil em 2018<\/h2>\n<p>Depois de passada uma forte turbul\u00eancia pol\u00edtica, ainda que sem discutir quest\u00f5es ideol\u00f3gicas, a situa\u00e7\u00e3o atual \u00e9 de menos incertezas. \u00c9 importante lembrar que\u00a02018 \u00e9 um ano de elei\u00e7\u00f5es, logo, \u00e9 natural\u00a0que muitas empresas estejam ainda avaliando o cen\u00e1rio para definir pol\u00edticas de trabalho de m\u00e9dio prazo.<\/p>\n<p>De toda forma, a queda dos juros tem sido um fator animador para o mercado da constru\u00e7\u00e3o civil. Isso porque os bancos provavelmente tender\u00e3o a reduzir a taxa aplicada ao cr\u00e9dito imobili\u00e1rio, o que \u00e9 bom para os setores produtivos, os\u00a0compradores e tamb\u00e9m para o aumento das\u00a0<a href=\"https:\/\/previews.elleven.digital\/acocearense\/blog\/vender-mais\/dicas-de-vendas-como-lidar-com-objecoes-de-clientes\/\" target=\"_blank\" rel=\"noopener noreferrer\">vendas<\/a>.<\/p>\n<p>A redu\u00e7\u00e3o dos juros ainda tem outro aspecto relevante que \u00e9 a diminui\u00e7\u00e3o da rentabilidade dos produtos financeiros. Com menores lucros, mantendo o dinheiro aplicado nos bancos, a tend\u00eancia de fazer a economia voltar a se movimentar \u00e9 bem grande.<\/p>\n<p>Figuras e entidades de peso como, por exemplo, Pedro Fernandes (presidente da Associa\u00e7\u00e3o Brasileira do Mercado Imobili\u00e1rio); Aur\u00e9lio Luiz de Oliveira J\u00fanior (presidente do Sindicato das Ind\u00fastrias da Constru\u00e7\u00e3o Civil da Regi\u00e3o Oeste do Estado de S\u00e3o Paulo); Edson Martins Ant\u00f4nio (diretor de opera\u00e7\u00f5es da Athena Constru\u00e7\u00f5es); a\u00a0Funda\u00e7\u00e3o do\u00a0Instituto de Pesquisas e a Associa\u00e7\u00e3o Brasileira das Incorporadoras Imobili\u00e1rias; de uma maneira geral, acreditam que\u00a0o mercado tem come\u00e7ado a reagir de maneira favor\u00e1vel, e as expectativas s\u00e3o de melhoras em 2018.<\/p>\n<p>Tudo indica que, ainda mesmo sem uma escalada muito acentuada, o ramo da constru\u00e7\u00e3o civil em 2018 conseguir\u00e1 ter resultados bem mais favor\u00e1veis do que aqueles apurados nos \u00faltimos anos.<\/p>\n<p>E voc\u00ea, como anda a sua perspectiva e planos para este ano? Algum projeto para tirar da gaveta? Precisa rever or\u00e7amentos ou fazer algum tipo de adapta\u00e7\u00e3o?\u00a0<a href=\"http:\/\/www.grupoacocearense.com.br\/contato\" target=\"_blank\" rel=\"noopener noreferrer\">Entre em contato conosco<\/a>\u00a0para que possamos ajud\u00e1-lo a fazer de 2018 um ano mais produtivo.<\/p>\n","protected":false},"excerpt":{"rendered":"<p>Em um tempo de incertezas e de grandes movimenta\u00e7\u00f5es econ\u00f4micas e pol\u00edticas; o mercado espera(&#8230;)<\/p>\n","protected":false},"author":1,"featured_media":1011,"comment_status":"open","ping_status":"open","sticky":false,"template":"","format":"standard","meta":{"_acf_changed":false,"inline_featured_image":false,"footnotes":""},"categories":[32],"tags":[],"class_list":["post-1038","post","type-post","status-publish","format-standard","has-post-thumbnail","hentry","category-vender-mais"],"acf":[],"yoast_head":"<!-- This site is optimized with the Yoast SEO plugin v25.9 - https:\/\/yoast.com\/wordpress\/plugins\/seo\/ -->\n<title>Confira o panorama do mercado para a constru\u00e7\u00e3o civil em 2018 - Grupo A\u00e7o Cearense<\/title>\n<meta name=\"robots\" content=\"index, follow, max-snippet:-1, max-image-preview:large, max-video-preview:-1\" \/>\n<link rel=\"canonical\" href=\"https:\/\/previews.elleven.digital\/acocearense\/confira-o-panorama-do-mercado-para-a-construcao-civil-em-2018\/\" \/>\n<meta property=\"og:locale\" content=\"pt_BR\" \/>\n<meta property=\"og:type\" content=\"article\" \/>\n<meta property=\"og:title\" content=\"Confira o panorama do mercado para a constru\u00e7\u00e3o civil em 2018 - Grupo A\u00e7o Cearense\" \/>\n<meta property=\"og:description\" content=\"Em um tempo de incertezas e de grandes movimenta\u00e7\u00f5es econ\u00f4micas e pol\u00edticas; o mercado espera(...)\" \/>\n<meta property=\"og:url\" content=\"https:\/\/previews.elleven.digital\/acocearense\/confira-o-panorama-do-mercado-para-a-construcao-civil-em-2018\/\" \/>\n<meta property=\"og:site_name\" content=\"Grupo A\u00e7o Cearense\" \/>\n<meta property=\"article:published_time\" content=\"2018-01-09T11:29:31+00:00\" \/>\n<meta property=\"article:modified_time\" content=\"2025-05-07T12:29:54+00:00\" \/>\n<meta property=\"og:image\" content=\"https:\/\/previews.elleven.digital\/acocearense\/wp-content\/uploads\/2025\/05\/159132-confira-o-panorama-do-mercado-para-a-construcao-civil-em-2018.jpg\" \/>\n\t<meta property=\"og:image:width\" content=\"1000\" \/>\n\t<meta property=\"og:image:height\" content=\"667\" \/>\n\t<meta property=\"og:image:type\" content=\"image\/jpeg\" \/>\n<meta name=\"author\" content=\"elleven\" \/>\n<meta name=\"twitter:card\" content=\"summary_large_image\" \/>\n<meta name=\"twitter:label1\" content=\"Escrito por\" \/>\n\t<meta name=\"twitter:data1\" content=\"elleven\" \/>\n\t<meta name=\"twitter:label2\" content=\"Est. tempo de leitura\" \/>\n\t<meta name=\"twitter:data2\" content=\"4 minutos\" \/>\n<script type=\"application\/ld+json\" class=\"yoast-schema-graph\">{\"@context\":\"https:\/\/schema.org\",\"@graph\":[{\"@type\":\"WebPage\",\"@id\":\"https:\/\/previews.elleven.digital\/acocearense\/confira-o-panorama-do-mercado-para-a-construcao-civil-em-2018\/\",\"url\":\"https:\/\/previews.elleven.digital\/acocearense\/confira-o-panorama-do-mercado-para-a-construcao-civil-em-2018\/\",\"name\":\"Confira o panorama do mercado para a constru\u00e7\u00e3o civil em 2018 - Grupo A\u00e7o Cearense\",\"isPartOf\":{\"@id\":\"https:\/\/previews.elleven.digital\/acocearense\/#website\"},\"primaryImageOfPage\":{\"@id\":\"https:\/\/previews.elleven.digital\/acocearense\/confira-o-panorama-do-mercado-para-a-construcao-civil-em-2018\/#primaryimage\"},\"image\":{\"@id\":\"https:\/\/previews.elleven.digital\/acocearense\/confira-o-panorama-do-mercado-para-a-construcao-civil-em-2018\/#primaryimage\"},\"thumbnailUrl\":\"https:\/\/previews.elleven.digital\/acocearense\/wp-content\/uploads\/2025\/05\/159132-confira-o-panorama-do-mercado-para-a-construcao-civil-em-2018.jpg\",\"datePublished\":\"2018-01-09T11:29:31+00:00\",\"dateModified\":\"2025-05-07T12:29:54+00:00\",\"author\":{\"@id\":\"https:\/\/previews.elleven.digital\/acocearense\/#\/schema\/person\/8e9165eb3c33e0860485c7c5fc06a701\"},\"breadcrumb\":{\"@id\":\"https:\/\/previews.elleven.digital\/acocearense\/confira-o-panorama-do-mercado-para-a-construcao-civil-em-2018\/#breadcrumb\"},\"inLanguage\":\"pt-BR\",\"potentialAction\":[{\"@type\":\"ReadAction\",\"target\":[\"https:\/\/previews.elleven.digital\/acocearense\/confira-o-panorama-do-mercado-para-a-construcao-civil-em-2018\/\"]}]},{\"@type\":\"ImageObject\",\"inLanguage\":\"pt-BR\",\"@id\":\"https:\/\/previews.elleven.digital\/acocearense\/confira-o-panorama-do-mercado-para-a-construcao-civil-em-2018\/#primaryimage\",\"url\":\"https:\/\/previews.elleven.digital\/acocearense\/wp-content\/uploads\/2025\/05\/159132-confira-o-panorama-do-mercado-para-a-construcao-civil-em-2018.jpg\",\"contentUrl\":\"https:\/\/previews.elleven.digital\/acocearense\/wp-content\/uploads\/2025\/05\/159132-confira-o-panorama-do-mercado-para-a-construcao-civil-em-2018.jpg\",\"width\":1000,\"height\":667},{\"@type\":\"BreadcrumbList\",\"@id\":\"https:\/\/previews.elleven.digital\/acocearense\/confira-o-panorama-do-mercado-para-a-construcao-civil-em-2018\/#breadcrumb\",\"itemListElement\":[{\"@type\":\"ListItem\",\"position\":1,\"name\":\"In\u00edcio\",\"item\":\"https:\/\/previews.elleven.digital\/acocearense\/\"},{\"@type\":\"ListItem\",\"position\":2,\"name\":\"Confira o panorama do mercado para a constru\u00e7\u00e3o civil em 2018\"}]},{\"@type\":\"WebSite\",\"@id\":\"https:\/\/previews.elleven.digital\/acocearense\/#website\",\"url\":\"https:\/\/previews.elleven.digital\/acocearense\/\",\"name\":\"A\u00e7o Cearense\",\"description\":\"H\u00e1 mais de 45 anos no mercado brasileiro do a\u00e7o.\",\"alternateName\":\"A\u00e7o Cearense\",\"potentialAction\":[{\"@type\":\"SearchAction\",\"target\":{\"@type\":\"EntryPoint\",\"urlTemplate\":\"https:\/\/previews.elleven.digital\/acocearense\/?s={search_term_string}\"},\"query-input\":{\"@type\":\"PropertyValueSpecification\",\"valueRequired\":true,\"valueName\":\"search_term_string\"}}],\"inLanguage\":\"pt-BR\"},{\"@type\":\"Person\",\"@id\":\"https:\/\/previews.elleven.digital\/acocearense\/#\/schema\/person\/8e9165eb3c33e0860485c7c5fc06a701\",\"name\":\"elleven\",\"image\":{\"@type\":\"ImageObject\",\"inLanguage\":\"pt-BR\",\"@id\":\"https:\/\/previews.elleven.digital\/acocearense\/#\/schema\/person\/image\/\",\"url\":\"https:\/\/secure.gravatar.com\/avatar\/2a6afb49d9ecfed5dbc6c9606ce318b8bd07c077835179bddfd5d8209c03cb29?s=96&d=mm&r=g\",\"contentUrl\":\"https:\/\/secure.gravatar.com\/avatar\/2a6afb49d9ecfed5dbc6c9606ce318b8bd07c077835179bddfd5d8209c03cb29?s=96&d=mm&r=g\",\"caption\":\"elleven\"},\"sameAs\":[\"http:\/\/localhost\/acocearense\"],\"url\":\"https:\/\/previews.elleven.digital\/acocearense\/author\/elleven\/\"}]}<\/script>\n<!-- \/ Yoast SEO plugin. -->","yoast_head_json":{"title":"Confira o panorama do mercado para a constru\u00e7\u00e3o civil em 2018 - Grupo A\u00e7o Cearense","robots":{"index":"index","follow":"follow","max-snippet":"max-snippet:-1","max-image-preview":"max-image-preview:large","max-video-preview":"max-video-preview:-1"},"canonical":"https:\/\/previews.elleven.digital\/acocearense\/confira-o-panorama-do-mercado-para-a-construcao-civil-em-2018\/","og_locale":"pt_BR","og_type":"article","og_title":"Confira o panorama do mercado para a constru\u00e7\u00e3o civil em 2018 - Grupo A\u00e7o Cearense","og_description":"Em um tempo de incertezas e de grandes movimenta\u00e7\u00f5es econ\u00f4micas e pol\u00edticas; o mercado espera(...)","og_url":"https:\/\/previews.elleven.digital\/acocearense\/confira-o-panorama-do-mercado-para-a-construcao-civil-em-2018\/","og_site_name":"Grupo A\u00e7o Cearense","article_published_time":"2018-01-09T11:29:31+00:00","article_modified_time":"2025-05-07T12:29:54+00:00","og_image":[{"width":1000,"height":667,"url":"https:\/\/previews.elleven.digital\/acocearense\/wp-content\/uploads\/2025\/05\/159132-confira-o-panorama-do-mercado-para-a-construcao-civil-em-2018.jpg","type":"image\/jpeg"}],"author":"elleven","twitter_card":"summary_large_image","twitter_misc":{"Escrito por":"elleven","Est. tempo de leitura":"4 minutos"},"schema":{"@context":"https:\/\/schema.org","@graph":[{"@type":"WebPage","@id":"https:\/\/previews.elleven.digital\/acocearense\/confira-o-panorama-do-mercado-para-a-construcao-civil-em-2018\/","url":"https:\/\/previews.elleven.digital\/acocearense\/confira-o-panorama-do-mercado-para-a-construcao-civil-em-2018\/","name":"Confira o panorama do mercado para a constru\u00e7\u00e3o civil em 2018 - Grupo A\u00e7o Cearense","isPartOf":{"@id":"https:\/\/previews.elleven.digital\/acocearense\/#website"},"primaryImageOfPage":{"@id":"https:\/\/previews.elleven.digital\/acocearense\/confira-o-panorama-do-mercado-para-a-construcao-civil-em-2018\/#primaryimage"},"image":{"@id":"https:\/\/previews.elleven.digital\/acocearense\/confira-o-panorama-do-mercado-para-a-construcao-civil-em-2018\/#primaryimage"},"thumbnailUrl":"https:\/\/previews.elleven.digital\/acocearense\/wp-content\/uploads\/2025\/05\/159132-confira-o-panorama-do-mercado-para-a-construcao-civil-em-2018.jpg","datePublished":"2018-01-09T11:29:31+00:00","dateModified":"2025-05-07T12:29:54+00:00","author":{"@id":"https:\/\/previews.elleven.digital\/acocearense\/#\/schema\/person\/8e9165eb3c33e0860485c7c5fc06a701"},"breadcrumb":{"@id":"https:\/\/previews.elleven.digital\/acocearense\/confira-o-panorama-do-mercado-para-a-construcao-civil-em-2018\/#breadcrumb"},"inLanguage":"pt-BR","potentialAction":[{"@type":"ReadAction","target":["https:\/\/previews.elleven.digital\/acocearense\/confira-o-panorama-do-mercado-para-a-construcao-civil-em-2018\/"]}]},{"@type":"ImageObject","inLanguage":"pt-BR","@id":"https:\/\/previews.elleven.digital\/acocearense\/confira-o-panorama-do-mercado-para-a-construcao-civil-em-2018\/#primaryimage","url":"https:\/\/previews.elleven.digital\/acocearense\/wp-content\/uploads\/2025\/05\/159132-confira-o-panorama-do-mercado-para-a-construcao-civil-em-2018.jpg","contentUrl":"https:\/\/previews.elleven.digital\/acocearense\/wp-content\/uploads\/2025\/05\/159132-confira-o-panorama-do-mercado-para-a-construcao-civil-em-2018.jpg","width":1000,"height":667},{"@type":"BreadcrumbList","@id":"https:\/\/previews.elleven.digital\/acocearense\/confira-o-panorama-do-mercado-para-a-construcao-civil-em-2018\/#breadcrumb","itemListElement":[{"@type":"ListItem","position":1,"name":"In\u00edcio","item":"https:\/\/previews.elleven.digital\/acocearense\/"},{"@type":"ListItem","position":2,"name":"Confira o panorama do mercado para a constru\u00e7\u00e3o civil em 2018"}]},{"@type":"WebSite","@id":"https:\/\/previews.elleven.digital\/acocearense\/#website","url":"https:\/\/previews.elleven.digital\/acocearense\/","name":"A\u00e7o Cearense","description":"H\u00e1 mais de 45 anos no mercado brasileiro do a\u00e7o.","alternateName":"A\u00e7o Cearense","potentialAction":[{"@type":"SearchAction","target":{"@type":"EntryPoint","urlTemplate":"https:\/\/previews.elleven.digital\/acocearense\/?s={search_term_string}"},"query-input":{"@type":"PropertyValueSpecification","valueRequired":true,"valueName":"search_term_string"}}],"inLanguage":"pt-BR"},{"@type":"Person","@id":"https:\/\/previews.elleven.digital\/acocearense\/#\/schema\/person\/8e9165eb3c33e0860485c7c5fc06a701","name":"elleven","image":{"@type":"ImageObject","inLanguage":"pt-BR","@id":"https:\/\/previews.elleven.digital\/acocearense\/#\/schema\/person\/image\/","url":"https:\/\/secure.gravatar.com\/avatar\/2a6afb49d9ecfed5dbc6c9606ce318b8bd07c077835179bddfd5d8209c03cb29?s=96&d=mm&r=g","contentUrl":"https:\/\/secure.gravatar.com\/avatar\/2a6afb49d9ecfed5dbc6c9606ce318b8bd07c077835179bddfd5d8209c03cb29?s=96&d=mm&r=g","caption":"elleven"},"sameAs":["http:\/\/localhost\/acocearense"],"url":"https:\/\/previews.elleven.digital\/acocearense\/author\/elleven\/"}]}},"_links":{"self":[{"href":"https:\/\/previews.elleven.digital\/acocearense\/wp-json\/wp\/v2\/posts\/1038","targetHints":{"allow":["GET"]}}],"collection":[{"href":"https:\/\/previews.elleven.digital\/acocearense\/wp-json\/wp\/v2\/posts"}],"about":[{"href":"https:\/\/previews.elleven.digital\/acocearense\/wp-json\/wp\/v2\/types\/post"}],"author":[{"embeddable":true,"href":"https:\/\/previews.elleven.digital\/acocearense\/wp-json\/wp\/v2\/users\/1"}],"replies":[{"embeddable":true,"href":"https:\/\/previews.elleven.digital\/acocearense\/wp-json\/wp\/v2\/comments?post=1038"}],"version-history":[{"count":1,"href":"https:\/\/previews.elleven.digital\/acocearense\/wp-json\/wp\/v2\/posts\/1038\/revisions"}],"predecessor-version":[{"id":1039,"href":"https:\/\/previews.elleven.digital\/acocearense\/wp-json\/wp\/v2\/posts\/1038\/revisions\/1039"}],"wp:featuredmedia":[{"embeddable":true,"href":"https:\/\/previews.elleven.digital\/acocearense\/wp-json\/wp\/v2\/media\/1011"}],"wp:attachment":[{"href":"https:\/\/previews.elleven.digital\/acocearense\/wp-json\/wp\/v2\/media?parent=1038"}],"wp:term":[{"taxonomy":"category","embeddable":true,"href":"https:\/\/previews.elleven.digital\/acocearense\/wp-json\/wp\/v2\/categories?post=1038"},{"taxonomy":"post_tag","embeddable":true,"href":"https:\/\/previews.elleven.digital\/acocearense\/wp-json\/wp\/v2\/tags?post=1038"}],"curies":[{"name":"wp","href":"https:\/\/api.w.org\/{rel}","templated":true}]}}