{"id":1032,"date":"2017-12-13T09:27:35","date_gmt":"2017-12-13T11:27:35","guid":{"rendered":"https:\/\/previews.elleven.digital\/acocearense\/?p=1032"},"modified":"2025-05-07T09:28:12","modified_gmt":"2025-05-07T12:28:12","slug":"monitoramento-de-riscos-ocupacionais-o-que-e-e-por-que-fazer","status":"publish","type":"post","link":"https:\/\/previews.elleven.digital\/acocearense\/monitoramento-de-riscos-ocupacionais-o-que-e-e-por-que-fazer\/","title":{"rendered":"Monitoramento de riscos ocupacionais: o que \u00e9 e por que fazer?"},"content":{"rendered":"<p>O monitoramento dos riscos ocupacionais \u00e9 uma atividade que deve ser constante em lojas de\u00a0<a href=\"https:\/\/previews.elleven.digital\/acocearense\/blog\/gestao\/5-dicas-de-organizacao-para-lojas-de-ferro-e-aco\/\">ferro e a\u00e7o<\/a>, j\u00e1 que o ambiente oferece riscos ao trabalhador.<\/p>\n<p>Os riscos ocupacionais decorrem da exist\u00eancia da\u00a0probabilidade de um trabalhador sofrer algum preju\u00edzo, advindo do exerc\u00edcio de suas atividades profissionais.\u00a0 Doen\u00e7as ou acidentes poss\u00edveis de acontecer, a que ficam expostos os colaboradores no exerc\u00edcio de suas fun\u00e7\u00f5es tamb\u00e9m s\u00e3o riscos.<\/p>\n<h2>Mas afinal, o que \u00e9 monitoramento de riscos ocupacionais?<\/h2>\n<p>De forma geral, os riscos ocupacionais t\u00eam liga\u00e7\u00e3o com o ambiente\u00a0ao qual o trabalhador fica sujeito: ilumina\u00e7\u00e3o inadequada, ru\u00eddos, gases, vibra\u00e7\u00f5es, vapores, entre v\u00e1rias outras situa\u00e7\u00f5es que podem acarretar danos \u00e0 integridade f\u00edsica ou \u00e0 sa\u00fade dos colaboradores.<\/p>\n<p>Assim, cada tipo de neg\u00f3cio tem uma caracter\u00edstica do risco diferente. A exposi\u00e7\u00e3o do profissional aos ambientes externos depende do ramo de atua\u00e7\u00e3o da empresa. No caso de loja de ferro e a\u00e7o, devemos ficar atentos ao correto manuseio de ferramentas e m\u00e1quinas.<\/p>\n<h2>Qual a import\u00e2ncia de fazer o monitoramento de risco?<\/h2>\n<p>A gest\u00e3o de riscos ocupacionais funciona como uma medida preventiva para se evitar problemas com acidentes, o que pode acarretar o pagamento de indeniza\u00e7\u00e3o e multa emitida pelo Minist\u00e9rio da Previd\u00eancia e Minist\u00e9rio do Trabalho e Emprego.<\/p>\n<p>Por meio do monitoramento de risco, uma loja de ferro e a\u00e7o pode se proteger com a elabora\u00e7\u00e3o de relat\u00f3rios pr\u00f3prios, como protocolos que comprovem o recebimento dos\u00a0<a href=\"https:\/\/previews.elleven.digital\/acocearense\/blog\/abrindo-o-negocio\/a-importancia-do-uso-de-epis-na-sua-loja-de-ferro-e-aco\/\">Equipamentos de Prote\u00e7\u00e3o Individual (EPI)<\/a>, a declara\u00e7\u00e3o de uso obrigat\u00f3rio de equipamentos de seguran\u00e7a assinados pelo colaborador, entre outros.<\/p>\n<p>Com as medidas corretas, \u00e9 poss\u00edvel preservar a sa\u00fade do colaborador e, ao mesmo tempo, garantir a integridade do neg\u00f3cio. A boa gest\u00e3o dos processos contribui para evitar fatores negativos, como preju\u00edzos financeiros e perda de trabalhadores.<\/p>\n<p>Para um correto gerenciamento de riscos ocupacionais, \u00e9 necess\u00e1ria a conscientiza\u00e7\u00e3o de toda a equipe.\u00a0 O monitoramento constante tamb\u00e9m se faz necess\u00e1rio para que a loja consiga alcan\u00e7ar \u00eaxito com um sistema de seguran\u00e7a mais eficiente.<\/p>\n<h2>Como gerenciar os riscos ocupacionais?<\/h2>\n<p>\u00c9 preciso fazer uma an\u00e1lise de risco para identificar a natureza dos eventos e as vezes em que eles ocorrem. Entre as principais medidas preventivas realizadas para diminuir acidentes de trabalho, est\u00e3o as investiga\u00e7\u00f5es na loja e no estoque, a an\u00e1lise e o acompanhamento de a\u00e7\u00f5es preventivas.<\/p>\n<p>Para verificar a probabilidade de algum acidente, \u00e9 necess\u00e1rio classificar o fato de acordo com o n\u00famero de vezes em que ele ocorreu.<\/p>\n<p>A frequ\u00eancia de fatos negativos ou qualquer outro tipo de problema com a sa\u00fade dos colaboradores \u00e9 um importante indicador do que deve ser feito para eliminar as causas. Assim, o sistema de an\u00e1lise e identifica\u00e7\u00e3o dos fatos requerer uma aten\u00e7\u00e3o especial.<\/p>\n<h2>Quais s\u00e3o os equipamentos de medi\u00e7\u00e3o de riscos ocupacionais?<\/h2>\n<p>Para assegurar a integridade f\u00edsica e a sa\u00fade dos trabalhadores, \u00e9 preciso respeitar os limites de toler\u00e2ncia estabelecidos pela\u00a0<a href=\"http:\/\/www.fundacentro.gov.br\/\">Fundacentro<\/a>\u00a0e pelo\u00a0Minist\u00e9rio do Trabalho.<\/p>\n<p>Para cada tipo de risco, existe um aparelho de medi\u00e7\u00e3o espec\u00edfico. Veja alguns exemplos de\u00a0equipamentos de medi\u00e7\u00e3o:<\/p>\n<ul>\n<li>audiodos\u00edmetro;<\/li>\n<li>detector de gases;<\/li>\n<li>medidor de estresse t\u00e9rmico;<\/li>\n<li>son\u00f4metro ou decibel\u00edmetro;<\/li>\n<li>lux\u00edmetro.<\/li>\n<\/ul>\n<p>A\u00a0calibra\u00e7\u00e3o dos equipamentos\u00a0e o arquivamento do certificado s\u00e3o fundamentais para realizar a avalia\u00e7\u00e3o de risco. O processo de calibra\u00e7\u00e3o assegura os padr\u00f5es de qualidade e reduz o risco de altera\u00e7\u00f5es nos resultados finais.<\/p>\n<p>Verificar o estado do instrumento de medi\u00e7\u00e3o, como calibra\u00e7\u00e3o e baterias, \u00e9 extremamente importante para a obten\u00e7\u00e3o de um resultado correto para poder entregar os dados para o profissional da seguran\u00e7a do trabalho atuar nas medidas de\u00a0<a href=\"https:\/\/previews.elleven.digital\/acocearense\/blog\/gestao\/5-dicas-de-seguranca-no-trabalho-indispensaveis-para-a-sua-loja-de-ferro-e-aco\/\">seguran\u00e7a<\/a>\u00a0necess\u00e1rias para erradicar os riscos.<\/p>\n<p>Voc\u00ea gostou deste post sobre monitoramento de riscos ocupacionais? Este conte\u00fado foi \u00fatil para voc\u00ea? Deixe seu coment\u00e1rio!<\/p>\n","protected":false},"excerpt":{"rendered":"<p>O monitoramento dos riscos ocupacionais \u00e9 uma atividade que deve ser constante em lojas de\u00a0ferro(&#8230;)<\/p>\n","protected":false},"author":1,"featured_media":1014,"comment_status":"open","ping_status":"open","sticky":false,"template":"","format":"standard","meta":{"_acf_changed":false,"inline_featured_image":false,"footnotes":""},"categories":[1],"tags":[],"class_list":["post-1032","post","type-post","status-publish","format-standard","has-post-thumbnail","hentry","category-sem-categoria"],"acf":[],"yoast_head":"<!-- This site is optimized with the Yoast SEO plugin v25.9 - https:\/\/yoast.com\/wordpress\/plugins\/seo\/ -->\n<title>Monitoramento de riscos ocupacionais: o que \u00e9 e por que fazer? - Grupo A\u00e7o Cearense<\/title>\n<meta name=\"robots\" content=\"index, follow, max-snippet:-1, max-image-preview:large, max-video-preview:-1\" \/>\n<link rel=\"canonical\" href=\"https:\/\/previews.elleven.digital\/acocearense\/monitoramento-de-riscos-ocupacionais-o-que-e-e-por-que-fazer\/\" \/>\n<meta property=\"og:locale\" content=\"pt_BR\" \/>\n<meta property=\"og:type\" content=\"article\" \/>\n<meta property=\"og:title\" content=\"Monitoramento de riscos ocupacionais: o que \u00e9 e por que fazer? - Grupo A\u00e7o Cearense\" \/>\n<meta property=\"og:description\" content=\"O monitoramento dos riscos ocupacionais \u00e9 uma atividade que deve ser constante em lojas de\u00a0ferro(...)\" \/>\n<meta property=\"og:url\" content=\"https:\/\/previews.elleven.digital\/acocearense\/monitoramento-de-riscos-ocupacionais-o-que-e-e-por-que-fazer\/\" \/>\n<meta property=\"og:site_name\" content=\"Grupo A\u00e7o Cearense\" \/>\n<meta property=\"article:published_time\" content=\"2017-12-13T11:27:35+00:00\" \/>\n<meta property=\"article:modified_time\" content=\"2025-05-07T12:28:12+00:00\" \/>\n<meta property=\"og:image\" content=\"https:\/\/previews.elleven.digital\/acocearense\/wp-content\/uploads\/2025\/05\/monitoramento-de-riscos-ocupacionais-o-que-e-e-por-que-fazer-1000x720-1.jpeg\" \/>\n\t<meta property=\"og:image:width\" content=\"1000\" \/>\n\t<meta property=\"og:image:height\" content=\"720\" \/>\n\t<meta property=\"og:image:type\" content=\"image\/jpeg\" \/>\n<meta name=\"author\" content=\"elleven\" \/>\n<meta name=\"twitter:card\" content=\"summary_large_image\" \/>\n<meta name=\"twitter:label1\" content=\"Escrito por\" \/>\n\t<meta name=\"twitter:data1\" content=\"elleven\" \/>\n\t<meta name=\"twitter:label2\" content=\"Est. tempo de leitura\" \/>\n\t<meta name=\"twitter:data2\" content=\"4 minutos\" \/>\n<script type=\"application\/ld+json\" class=\"yoast-schema-graph\">{\"@context\":\"https:\/\/schema.org\",\"@graph\":[{\"@type\":\"WebPage\",\"@id\":\"https:\/\/previews.elleven.digital\/acocearense\/monitoramento-de-riscos-ocupacionais-o-que-e-e-por-que-fazer\/\",\"url\":\"https:\/\/previews.elleven.digital\/acocearense\/monitoramento-de-riscos-ocupacionais-o-que-e-e-por-que-fazer\/\",\"name\":\"Monitoramento de riscos ocupacionais: o que \u00e9 e por que fazer? - Grupo A\u00e7o Cearense\",\"isPartOf\":{\"@id\":\"https:\/\/previews.elleven.digital\/acocearense\/#website\"},\"primaryImageOfPage\":{\"@id\":\"https:\/\/previews.elleven.digital\/acocearense\/monitoramento-de-riscos-ocupacionais-o-que-e-e-por-que-fazer\/#primaryimage\"},\"image\":{\"@id\":\"https:\/\/previews.elleven.digital\/acocearense\/monitoramento-de-riscos-ocupacionais-o-que-e-e-por-que-fazer\/#primaryimage\"},\"thumbnailUrl\":\"https:\/\/previews.elleven.digital\/acocearense\/wp-content\/uploads\/2025\/05\/monitoramento-de-riscos-ocupacionais-o-que-e-e-por-que-fazer-1000x720-1.jpeg\",\"datePublished\":\"2017-12-13T11:27:35+00:00\",\"dateModified\":\"2025-05-07T12:28:12+00:00\",\"author\":{\"@id\":\"https:\/\/previews.elleven.digital\/acocearense\/#\/schema\/person\/8e9165eb3c33e0860485c7c5fc06a701\"},\"breadcrumb\":{\"@id\":\"https:\/\/previews.elleven.digital\/acocearense\/monitoramento-de-riscos-ocupacionais-o-que-e-e-por-que-fazer\/#breadcrumb\"},\"inLanguage\":\"pt-BR\",\"potentialAction\":[{\"@type\":\"ReadAction\",\"target\":[\"https:\/\/previews.elleven.digital\/acocearense\/monitoramento-de-riscos-ocupacionais-o-que-e-e-por-que-fazer\/\"]}]},{\"@type\":\"ImageObject\",\"inLanguage\":\"pt-BR\",\"@id\":\"https:\/\/previews.elleven.digital\/acocearense\/monitoramento-de-riscos-ocupacionais-o-que-e-e-por-que-fazer\/#primaryimage\",\"url\":\"https:\/\/previews.elleven.digital\/acocearense\/wp-content\/uploads\/2025\/05\/monitoramento-de-riscos-ocupacionais-o-que-e-e-por-que-fazer-1000x720-1.jpeg\",\"contentUrl\":\"https:\/\/previews.elleven.digital\/acocearense\/wp-content\/uploads\/2025\/05\/monitoramento-de-riscos-ocupacionais-o-que-e-e-por-que-fazer-1000x720-1.jpeg\",\"width\":1000,\"height\":720},{\"@type\":\"BreadcrumbList\",\"@id\":\"https:\/\/previews.elleven.digital\/acocearense\/monitoramento-de-riscos-ocupacionais-o-que-e-e-por-que-fazer\/#breadcrumb\",\"itemListElement\":[{\"@type\":\"ListItem\",\"position\":1,\"name\":\"In\u00edcio\",\"item\":\"https:\/\/previews.elleven.digital\/acocearense\/\"},{\"@type\":\"ListItem\",\"position\":2,\"name\":\"Monitoramento de riscos ocupacionais: o que \u00e9 e por que fazer?\"}]},{\"@type\":\"WebSite\",\"@id\":\"https:\/\/previews.elleven.digital\/acocearense\/#website\",\"url\":\"https:\/\/previews.elleven.digital\/acocearense\/\",\"name\":\"A\u00e7o Cearense\",\"description\":\"H\u00e1 mais de 45 anos no mercado brasileiro do a\u00e7o.\",\"alternateName\":\"A\u00e7o Cearense\",\"potentialAction\":[{\"@type\":\"SearchAction\",\"target\":{\"@type\":\"EntryPoint\",\"urlTemplate\":\"https:\/\/previews.elleven.digital\/acocearense\/?s={search_term_string}\"},\"query-input\":{\"@type\":\"PropertyValueSpecification\",\"valueRequired\":true,\"valueName\":\"search_term_string\"}}],\"inLanguage\":\"pt-BR\"},{\"@type\":\"Person\",\"@id\":\"https:\/\/previews.elleven.digital\/acocearense\/#\/schema\/person\/8e9165eb3c33e0860485c7c5fc06a701\",\"name\":\"elleven\",\"image\":{\"@type\":\"ImageObject\",\"inLanguage\":\"pt-BR\",\"@id\":\"https:\/\/previews.elleven.digital\/acocearense\/#\/schema\/person\/image\/\",\"url\":\"https:\/\/secure.gravatar.com\/avatar\/2a6afb49d9ecfed5dbc6c9606ce318b8bd07c077835179bddfd5d8209c03cb29?s=96&d=mm&r=g\",\"contentUrl\":\"https:\/\/secure.gravatar.com\/avatar\/2a6afb49d9ecfed5dbc6c9606ce318b8bd07c077835179bddfd5d8209c03cb29?s=96&d=mm&r=g\",\"caption\":\"elleven\"},\"sameAs\":[\"http:\/\/localhost\/acocearense\"],\"url\":\"https:\/\/previews.elleven.digital\/acocearense\/author\/elleven\/\"}]}<\/script>\n<!-- \/ Yoast SEO plugin. -->","yoast_head_json":{"title":"Monitoramento de riscos ocupacionais: o que \u00e9 e por que fazer? - Grupo A\u00e7o Cearense","robots":{"index":"index","follow":"follow","max-snippet":"max-snippet:-1","max-image-preview":"max-image-preview:large","max-video-preview":"max-video-preview:-1"},"canonical":"https:\/\/previews.elleven.digital\/acocearense\/monitoramento-de-riscos-ocupacionais-o-que-e-e-por-que-fazer\/","og_locale":"pt_BR","og_type":"article","og_title":"Monitoramento de riscos ocupacionais: o que \u00e9 e por que fazer? - Grupo A\u00e7o Cearense","og_description":"O monitoramento dos riscos ocupacionais \u00e9 uma atividade que deve ser constante em lojas de\u00a0ferro(...)","og_url":"https:\/\/previews.elleven.digital\/acocearense\/monitoramento-de-riscos-ocupacionais-o-que-e-e-por-que-fazer\/","og_site_name":"Grupo A\u00e7o Cearense","article_published_time":"2017-12-13T11:27:35+00:00","article_modified_time":"2025-05-07T12:28:12+00:00","og_image":[{"width":1000,"height":720,"url":"https:\/\/previews.elleven.digital\/acocearense\/wp-content\/uploads\/2025\/05\/monitoramento-de-riscos-ocupacionais-o-que-e-e-por-que-fazer-1000x720-1.jpeg","type":"image\/jpeg"}],"author":"elleven","twitter_card":"summary_large_image","twitter_misc":{"Escrito por":"elleven","Est. tempo de leitura":"4 minutos"},"schema":{"@context":"https:\/\/schema.org","@graph":[{"@type":"WebPage","@id":"https:\/\/previews.elleven.digital\/acocearense\/monitoramento-de-riscos-ocupacionais-o-que-e-e-por-que-fazer\/","url":"https:\/\/previews.elleven.digital\/acocearense\/monitoramento-de-riscos-ocupacionais-o-que-e-e-por-que-fazer\/","name":"Monitoramento de riscos ocupacionais: o que \u00e9 e por que fazer? - Grupo A\u00e7o Cearense","isPartOf":{"@id":"https:\/\/previews.elleven.digital\/acocearense\/#website"},"primaryImageOfPage":{"@id":"https:\/\/previews.elleven.digital\/acocearense\/monitoramento-de-riscos-ocupacionais-o-que-e-e-por-que-fazer\/#primaryimage"},"image":{"@id":"https:\/\/previews.elleven.digital\/acocearense\/monitoramento-de-riscos-ocupacionais-o-que-e-e-por-que-fazer\/#primaryimage"},"thumbnailUrl":"https:\/\/previews.elleven.digital\/acocearense\/wp-content\/uploads\/2025\/05\/monitoramento-de-riscos-ocupacionais-o-que-e-e-por-que-fazer-1000x720-1.jpeg","datePublished":"2017-12-13T11:27:35+00:00","dateModified":"2025-05-07T12:28:12+00:00","author":{"@id":"https:\/\/previews.elleven.digital\/acocearense\/#\/schema\/person\/8e9165eb3c33e0860485c7c5fc06a701"},"breadcrumb":{"@id":"https:\/\/previews.elleven.digital\/acocearense\/monitoramento-de-riscos-ocupacionais-o-que-e-e-por-que-fazer\/#breadcrumb"},"inLanguage":"pt-BR","potentialAction":[{"@type":"ReadAction","target":["https:\/\/previews.elleven.digital\/acocearense\/monitoramento-de-riscos-ocupacionais-o-que-e-e-por-que-fazer\/"]}]},{"@type":"ImageObject","inLanguage":"pt-BR","@id":"https:\/\/previews.elleven.digital\/acocearense\/monitoramento-de-riscos-ocupacionais-o-que-e-e-por-que-fazer\/#primaryimage","url":"https:\/\/previews.elleven.digital\/acocearense\/wp-content\/uploads\/2025\/05\/monitoramento-de-riscos-ocupacionais-o-que-e-e-por-que-fazer-1000x720-1.jpeg","contentUrl":"https:\/\/previews.elleven.digital\/acocearense\/wp-content\/uploads\/2025\/05\/monitoramento-de-riscos-ocupacionais-o-que-e-e-por-que-fazer-1000x720-1.jpeg","width":1000,"height":720},{"@type":"BreadcrumbList","@id":"https:\/\/previews.elleven.digital\/acocearense\/monitoramento-de-riscos-ocupacionais-o-que-e-e-por-que-fazer\/#breadcrumb","itemListElement":[{"@type":"ListItem","position":1,"name":"In\u00edcio","item":"https:\/\/previews.elleven.digital\/acocearense\/"},{"@type":"ListItem","position":2,"name":"Monitoramento de riscos ocupacionais: o que \u00e9 e por que fazer?"}]},{"@type":"WebSite","@id":"https:\/\/previews.elleven.digital\/acocearense\/#website","url":"https:\/\/previews.elleven.digital\/acocearense\/","name":"A\u00e7o Cearense","description":"H\u00e1 mais de 45 anos no mercado brasileiro do a\u00e7o.","alternateName":"A\u00e7o Cearense","potentialAction":[{"@type":"SearchAction","target":{"@type":"EntryPoint","urlTemplate":"https:\/\/previews.elleven.digital\/acocearense\/?s={search_term_string}"},"query-input":{"@type":"PropertyValueSpecification","valueRequired":true,"valueName":"search_term_string"}}],"inLanguage":"pt-BR"},{"@type":"Person","@id":"https:\/\/previews.elleven.digital\/acocearense\/#\/schema\/person\/8e9165eb3c33e0860485c7c5fc06a701","name":"elleven","image":{"@type":"ImageObject","inLanguage":"pt-BR","@id":"https:\/\/previews.elleven.digital\/acocearense\/#\/schema\/person\/image\/","url":"https:\/\/secure.gravatar.com\/avatar\/2a6afb49d9ecfed5dbc6c9606ce318b8bd07c077835179bddfd5d8209c03cb29?s=96&d=mm&r=g","contentUrl":"https:\/\/secure.gravatar.com\/avatar\/2a6afb49d9ecfed5dbc6c9606ce318b8bd07c077835179bddfd5d8209c03cb29?s=96&d=mm&r=g","caption":"elleven"},"sameAs":["http:\/\/localhost\/acocearense"],"url":"https:\/\/previews.elleven.digital\/acocearense\/author\/elleven\/"}]}},"_links":{"self":[{"href":"https:\/\/previews.elleven.digital\/acocearense\/wp-json\/wp\/v2\/posts\/1032","targetHints":{"allow":["GET"]}}],"collection":[{"href":"https:\/\/previews.elleven.digital\/acocearense\/wp-json\/wp\/v2\/posts"}],"about":[{"href":"https:\/\/previews.elleven.digital\/acocearense\/wp-json\/wp\/v2\/types\/post"}],"author":[{"embeddable":true,"href":"https:\/\/previews.elleven.digital\/acocearense\/wp-json\/wp\/v2\/users\/1"}],"replies":[{"embeddable":true,"href":"https:\/\/previews.elleven.digital\/acocearense\/wp-json\/wp\/v2\/comments?post=1032"}],"version-history":[{"count":1,"href":"https:\/\/previews.elleven.digital\/acocearense\/wp-json\/wp\/v2\/posts\/1032\/revisions"}],"predecessor-version":[{"id":1033,"href":"https:\/\/previews.elleven.digital\/acocearense\/wp-json\/wp\/v2\/posts\/1032\/revisions\/1033"}],"wp:featuredmedia":[{"embeddable":true,"href":"https:\/\/previews.elleven.digital\/acocearense\/wp-json\/wp\/v2\/media\/1014"}],"wp:attachment":[{"href":"https:\/\/previews.elleven.digital\/acocearense\/wp-json\/wp\/v2\/media?parent=1032"}],"wp:term":[{"taxonomy":"category","embeddable":true,"href":"https:\/\/previews.elleven.digital\/acocearense\/wp-json\/wp\/v2\/categories?post=1032"},{"taxonomy":"post_tag","embeddable":true,"href":"https:\/\/previews.elleven.digital\/acocearense\/wp-json\/wp\/v2\/tags?post=1032"}],"curies":[{"name":"wp","href":"https:\/\/api.w.org\/{rel}","templated":true}]}}