{"id":1030,"date":"2017-12-13T09:27:01","date_gmt":"2017-12-13T11:27:01","guid":{"rendered":"https:\/\/previews.elleven.digital\/acocearense\/?p=1030"},"modified":"2025-05-07T09:27:31","modified_gmt":"2025-05-07T12:27:31","slug":"lider-de-equipe-como-lidar-com-a-demissao-e-dispensa-de-colaboradores","status":"publish","type":"post","link":"https:\/\/previews.elleven.digital\/acocearense\/lider-de-equipe-como-lidar-com-a-demissao-e-dispensa-de-colaboradores\/","title":{"rendered":"L\u00edder de equipe: como lidar com a demiss\u00e3o e dispensa de colaboradores"},"content":{"rendered":"<p>Enquanto,\u00a0<a href=\"https:\/\/previews.elleven.digital\/acocearense\/blog\/abrindo-o-negocio\/como-entrevistar-um-candidato-para-trabalhar-na-sua-loja-de-ferro-e-aco\/\" target=\"_blank\" rel=\"noopener noreferrer\">na hora da contrata\u00e7\u00e3o<\/a>, todos os envolvidos est\u00e3o animados, dispostos e otimistas com a futura experi\u00eancia, no momento de encerrar o v\u00ednculo empregat\u00edcio, demiss\u00e3o ou na dispensa, nem sempre o clima \u00e9 t\u00e3o amistoso.<\/p>\n<p>Nesses momentos,\u00a0<a href=\"https:\/\/previews.elleven.digital\/acocearense\/blog\/gestao\/conheca-os-estilos-de-lideranca-e-seus-impactos-na-sua-empresa\/\" target=\"_blank\" rel=\"noopener noreferrer\">o l\u00edder de equipe<\/a>\u00a0precisa estar atento e saber como conduzir a situa\u00e7\u00e3o para que tudo termine de forma tranquila. Para que voc\u00ea saiba o que deve fazer quando estiver passando por momentos desse tipo, separamos algumas informa\u00e7\u00f5es e dicas. Confira!<\/p>\n<h2>Qual \u00e9 a diferen\u00e7a entre demiss\u00e3o e dispensa?<\/h2>\n<p>Antes de entrarmos propriamente no tipo de atitudes que devem ser tomadas pelo l\u00edder em rela\u00e7\u00e3o ao funcion\u00e1rio que est\u00e1 saindo da empresa, \u00e9 bom deixarmos claro qual a diferen\u00e7a que existe entre os casos de demiss\u00e3o e dispensa.<\/p>\n<h3>Demiss\u00e3o<\/h3>\n<p>Nos dois casos, estamos falando que uma pessoa que \u00e9 funcion\u00e1ria ser\u00e1\u00a0desligada da empresa. Contudo, no caso da demiss\u00e3o, ela acontece quando \u00e9 o trabalhador que toma a iniciativa: ele se demite.<\/p>\n<h3>Dispensa<\/h3>\n<p>Na hip\u00f3tese da dispensa, quem toma a decis\u00e3o \u00e9 o empregador. Tirando casos em que h\u00e1 estabilidade provis\u00f3ria (como na gravidez de uma colaboradora), a empresa pode, quando achar melhor, dispensar um funcion\u00e1rio.<\/p>\n<h2>Como o l\u00edder de equipe deve se comportar?<\/h2>\n<h3>N\u00e3o constranger o colaborador<\/h3>\n<p>Seja pelo motivo que for \u2014\u00a0por vontade pr\u00f3pria da pessoa ou pela da empresa\u00a0\u2014\u00a0nunca se deve constranger aquele que deixa a organiza\u00e7\u00e3o.<\/p>\n<p>Al\u00e9m de poder repercutir o assunto junto aos demais funcion\u00e1rios, a imagem da companhia perante o mercado pode ser\u00a0arranhada.<\/p>\n<p>N\u00e3o bastasse isso, \u00e9 preciso entender que uma mudan\u00e7a desse tamanho impacta muito o emocional de qualquer um, ainda que se trate de algu\u00e9m mais discreto.<\/p>\n<h3>Pagar o que \u00e9 devido<\/h3>\n<p>Quando o assunto \u00e9 dinheiro, ningu\u00e9m pode ser irrespons\u00e1vel. Por isso, tendo um colaborador que se demite, ou na necessidade de fazer uma dispensa, \u00e9 importante que a empresa tome as provid\u00eancias necess\u00e1rias para que o pagamento de tudo que \u00e9 devido seja feito nos valores e prazos corretos.<\/p>\n<p><a href=\"https:\/\/previews.elleven.digital\/acocearense\/blog\/abrindo-o-negocio\/como-se-organizar-para-o-pagamento-do-13o-dos-funcionarios\/\" target=\"_blank\" rel=\"noopener noreferrer\">Na hora de fazer as contas<\/a>, alguns funcion\u00e1rios v\u00e3o ter mais conhecimento do que outros. Independentemente do caso, o l\u00edder precisa entender o processo e conseguir tirar d\u00favidas de uma forma bastante clara e honesta. De prefer\u00eancia, passe tudo por escrito.<\/p>\n<h3>Explicar\/entender o motivo<\/h3>\n<p>Um ponto que pode ser bem delicado em uma conversa de desligamento de colaborador \u00e9 o que est\u00e1 motivando o acontecimento.<\/p>\n<p>Se a iniciativa partir do pr\u00f3prio funcion\u00e1rio, saber o que o est\u00e1 levando a tomar essa decis\u00e3o pode ajudar a rever o quadro (se for de interesse\u00a0do empregador) e at\u00e9\u00a0<a href=\"https:\/\/previews.elleven.digital\/acocearense\/blog\/gestao\/como-saber-se-a-sua-empresa-e-um-bom-local-para-trabalhar\/\" target=\"_blank\" rel=\"noopener noreferrer\">evitar a sa\u00edda de outros colaboradores<\/a>.<\/p>\n<p>Quando estivermos\u00a0falando de uma dispensa, explicar a causa far\u00e1 com que a pessoa possa refletir sobre o assunto e tentar evitar passar por essa situa\u00e7\u00e3o no futuro<\/p>\n<h3>Manter o profissionalismo<\/h3>\n<p>Quando se for dispensar um funcion\u00e1rio, \u00e9 preciso ter a certeza de que a decis\u00e3o j\u00e1 est\u00e1 tomada. Sendo assim, trata-se mais de um aviso do que de uma conversa sobre o motivo. Com educa\u00e7\u00e3o, explique o que est\u00e1 resolvido, o motivo, tire d\u00favidas, mas evite uma reuni\u00e3o de muito tempo.<\/p>\n<p>Se o caso for de demiss\u00e3o, muito provavelmente o colaborador j\u00e1 est\u00e1 totalmente decidido. Cabe, ent\u00e3o, entender o que o motivou e dar prosseguimento aos tr\u00e2mites legais. Discuss\u00f5es, brigas e\u00a0<a href=\"https:\/\/previews.elleven.digital\/acocearense\/blog\/gestao\/gestao-de-conflitos\/\" target=\"_blank\" rel=\"noopener noreferrer\">\u00e2nimos exaltados<\/a>\u00a0devem ser sempre evitados.<\/p>\n<p>Um bom l\u00edder de equipe deve conseguir cumprir essas tarefas de forma segura e respons\u00e1vel. Contudo, se ainda h\u00e1 alguma d\u00favida sobre a postura de um verdadeiro l\u00edder, convidamos voc\u00ea a ler nosso artigo que explica os\u00a0<a href=\"https:\/\/previews.elleven.digital\/acocearense\/blog\/abrindo-o-negocio\/5-motivos-para-sua-empresa-formar-lideres-e-nao-chefes\/\" target=\"_blank\" rel=\"noopener noreferrer\">5 motivos que a sua empresa tem para formar l\u00edderes e n\u00e3o chefes<\/a>.<\/p>\n<div class=\"article-footer clearfix\">\n<div class=\"clearfix top-footer\">\n<div class=\"post-tags pull-left\"><\/div>\n<\/div>\n<\/div>\n","protected":false},"excerpt":{"rendered":"<p>Enquanto,\u00a0na hora da contrata\u00e7\u00e3o, todos os envolvidos est\u00e3o animados, dispostos e otimistas com a futura(&#8230;)<\/p>\n","protected":false},"author":1,"featured_media":1015,"comment_status":"open","ping_status":"open","sticky":false,"template":"","format":"standard","meta":{"_acf_changed":false,"inline_featured_image":false,"footnotes":""},"categories":[28],"tags":[],"class_list":["post-1030","post","type-post","status-publish","format-standard","has-post-thumbnail","hentry","category-gestao"],"acf":[],"yoast_head":"<!-- This site is optimized with the Yoast SEO plugin v25.9 - https:\/\/yoast.com\/wordpress\/plugins\/seo\/ -->\n<title>L\u00edder de equipe: como lidar com a demiss\u00e3o e dispensa de colaboradores - Grupo A\u00e7o Cearense<\/title>\n<meta name=\"robots\" content=\"index, follow, max-snippet:-1, max-image-preview:large, max-video-preview:-1\" \/>\n<link rel=\"canonical\" href=\"https:\/\/previews.elleven.digital\/acocearense\/lider-de-equipe-como-lidar-com-a-demissao-e-dispensa-de-colaboradores\/\" \/>\n<meta property=\"og:locale\" content=\"pt_BR\" \/>\n<meta property=\"og:type\" content=\"article\" \/>\n<meta property=\"og:title\" content=\"L\u00edder de equipe: como lidar com a demiss\u00e3o e dispensa de colaboradores - Grupo A\u00e7o Cearense\" \/>\n<meta property=\"og:description\" content=\"Enquanto,\u00a0na hora da contrata\u00e7\u00e3o, todos os envolvidos est\u00e3o animados, dispostos e otimistas com a futura(...)\" \/>\n<meta property=\"og:url\" content=\"https:\/\/previews.elleven.digital\/acocearense\/lider-de-equipe-como-lidar-com-a-demissao-e-dispensa-de-colaboradores\/\" \/>\n<meta property=\"og:site_name\" content=\"Grupo A\u00e7o Cearense\" \/>\n<meta property=\"article:published_time\" content=\"2017-12-13T11:27:01+00:00\" \/>\n<meta property=\"article:modified_time\" content=\"2025-05-07T12:27:31+00:00\" \/>\n<meta property=\"og:image\" content=\"https:\/\/previews.elleven.digital\/acocearense\/wp-content\/uploads\/2025\/05\/lider-de-equipe-como-lidar-com-a-demissao-e-dispensa-de-funcionarios.jpeg\" \/>\n\t<meta property=\"og:image:width\" content=\"1000\" \/>\n\t<meta property=\"og:image:height\" content=\"667\" \/>\n\t<meta property=\"og:image:type\" content=\"image\/jpeg\" \/>\n<meta name=\"author\" content=\"elleven\" \/>\n<meta name=\"twitter:card\" content=\"summary_large_image\" \/>\n<meta name=\"twitter:label1\" content=\"Escrito por\" \/>\n\t<meta name=\"twitter:data1\" content=\"elleven\" \/>\n\t<meta name=\"twitter:label2\" content=\"Est. tempo de leitura\" \/>\n\t<meta name=\"twitter:data2\" content=\"4 minutos\" \/>\n<script type=\"application\/ld+json\" class=\"yoast-schema-graph\">{\"@context\":\"https:\/\/schema.org\",\"@graph\":[{\"@type\":\"WebPage\",\"@id\":\"https:\/\/previews.elleven.digital\/acocearense\/lider-de-equipe-como-lidar-com-a-demissao-e-dispensa-de-colaboradores\/\",\"url\":\"https:\/\/previews.elleven.digital\/acocearense\/lider-de-equipe-como-lidar-com-a-demissao-e-dispensa-de-colaboradores\/\",\"name\":\"L\u00edder de equipe: como lidar com a demiss\u00e3o e dispensa de colaboradores - Grupo A\u00e7o Cearense\",\"isPartOf\":{\"@id\":\"https:\/\/previews.elleven.digital\/acocearense\/#website\"},\"primaryImageOfPage\":{\"@id\":\"https:\/\/previews.elleven.digital\/acocearense\/lider-de-equipe-como-lidar-com-a-demissao-e-dispensa-de-colaboradores\/#primaryimage\"},\"image\":{\"@id\":\"https:\/\/previews.elleven.digital\/acocearense\/lider-de-equipe-como-lidar-com-a-demissao-e-dispensa-de-colaboradores\/#primaryimage\"},\"thumbnailUrl\":\"https:\/\/previews.elleven.digital\/acocearense\/wp-content\/uploads\/2025\/05\/lider-de-equipe-como-lidar-com-a-demissao-e-dispensa-de-funcionarios.jpeg\",\"datePublished\":\"2017-12-13T11:27:01+00:00\",\"dateModified\":\"2025-05-07T12:27:31+00:00\",\"author\":{\"@id\":\"https:\/\/previews.elleven.digital\/acocearense\/#\/schema\/person\/8e9165eb3c33e0860485c7c5fc06a701\"},\"breadcrumb\":{\"@id\":\"https:\/\/previews.elleven.digital\/acocearense\/lider-de-equipe-como-lidar-com-a-demissao-e-dispensa-de-colaboradores\/#breadcrumb\"},\"inLanguage\":\"pt-BR\",\"potentialAction\":[{\"@type\":\"ReadAction\",\"target\":[\"https:\/\/previews.elleven.digital\/acocearense\/lider-de-equipe-como-lidar-com-a-demissao-e-dispensa-de-colaboradores\/\"]}]},{\"@type\":\"ImageObject\",\"inLanguage\":\"pt-BR\",\"@id\":\"https:\/\/previews.elleven.digital\/acocearense\/lider-de-equipe-como-lidar-com-a-demissao-e-dispensa-de-colaboradores\/#primaryimage\",\"url\":\"https:\/\/previews.elleven.digital\/acocearense\/wp-content\/uploads\/2025\/05\/lider-de-equipe-como-lidar-com-a-demissao-e-dispensa-de-funcionarios.jpeg\",\"contentUrl\":\"https:\/\/previews.elleven.digital\/acocearense\/wp-content\/uploads\/2025\/05\/lider-de-equipe-como-lidar-com-a-demissao-e-dispensa-de-funcionarios.jpeg\",\"width\":1000,\"height\":667},{\"@type\":\"BreadcrumbList\",\"@id\":\"https:\/\/previews.elleven.digital\/acocearense\/lider-de-equipe-como-lidar-com-a-demissao-e-dispensa-de-colaboradores\/#breadcrumb\",\"itemListElement\":[{\"@type\":\"ListItem\",\"position\":1,\"name\":\"In\u00edcio\",\"item\":\"https:\/\/previews.elleven.digital\/acocearense\/\"},{\"@type\":\"ListItem\",\"position\":2,\"name\":\"L\u00edder de equipe: como lidar com a demiss\u00e3o e dispensa de colaboradores\"}]},{\"@type\":\"WebSite\",\"@id\":\"https:\/\/previews.elleven.digital\/acocearense\/#website\",\"url\":\"https:\/\/previews.elleven.digital\/acocearense\/\",\"name\":\"A\u00e7o Cearense\",\"description\":\"H\u00e1 mais de 45 anos no mercado brasileiro do a\u00e7o.\",\"alternateName\":\"A\u00e7o Cearense\",\"potentialAction\":[{\"@type\":\"SearchAction\",\"target\":{\"@type\":\"EntryPoint\",\"urlTemplate\":\"https:\/\/previews.elleven.digital\/acocearense\/?s={search_term_string}\"},\"query-input\":{\"@type\":\"PropertyValueSpecification\",\"valueRequired\":true,\"valueName\":\"search_term_string\"}}],\"inLanguage\":\"pt-BR\"},{\"@type\":\"Person\",\"@id\":\"https:\/\/previews.elleven.digital\/acocearense\/#\/schema\/person\/8e9165eb3c33e0860485c7c5fc06a701\",\"name\":\"elleven\",\"image\":{\"@type\":\"ImageObject\",\"inLanguage\":\"pt-BR\",\"@id\":\"https:\/\/previews.elleven.digital\/acocearense\/#\/schema\/person\/image\/\",\"url\":\"https:\/\/secure.gravatar.com\/avatar\/2a6afb49d9ecfed5dbc6c9606ce318b8bd07c077835179bddfd5d8209c03cb29?s=96&d=mm&r=g\",\"contentUrl\":\"https:\/\/secure.gravatar.com\/avatar\/2a6afb49d9ecfed5dbc6c9606ce318b8bd07c077835179bddfd5d8209c03cb29?s=96&d=mm&r=g\",\"caption\":\"elleven\"},\"sameAs\":[\"http:\/\/localhost\/acocearense\"],\"url\":\"https:\/\/previews.elleven.digital\/acocearense\/author\/elleven\/\"}]}<\/script>\n<!-- \/ Yoast SEO plugin. -->","yoast_head_json":{"title":"L\u00edder de equipe: como lidar com a demiss\u00e3o e dispensa de colaboradores - Grupo A\u00e7o Cearense","robots":{"index":"index","follow":"follow","max-snippet":"max-snippet:-1","max-image-preview":"max-image-preview:large","max-video-preview":"max-video-preview:-1"},"canonical":"https:\/\/previews.elleven.digital\/acocearense\/lider-de-equipe-como-lidar-com-a-demissao-e-dispensa-de-colaboradores\/","og_locale":"pt_BR","og_type":"article","og_title":"L\u00edder de equipe: como lidar com a demiss\u00e3o e dispensa de colaboradores - Grupo A\u00e7o Cearense","og_description":"Enquanto,\u00a0na hora da contrata\u00e7\u00e3o, todos os envolvidos est\u00e3o animados, dispostos e otimistas com a futura(...)","og_url":"https:\/\/previews.elleven.digital\/acocearense\/lider-de-equipe-como-lidar-com-a-demissao-e-dispensa-de-colaboradores\/","og_site_name":"Grupo A\u00e7o Cearense","article_published_time":"2017-12-13T11:27:01+00:00","article_modified_time":"2025-05-07T12:27:31+00:00","og_image":[{"width":1000,"height":667,"url":"https:\/\/previews.elleven.digital\/acocearense\/wp-content\/uploads\/2025\/05\/lider-de-equipe-como-lidar-com-a-demissao-e-dispensa-de-funcionarios.jpeg","type":"image\/jpeg"}],"author":"elleven","twitter_card":"summary_large_image","twitter_misc":{"Escrito por":"elleven","Est. tempo de leitura":"4 minutos"},"schema":{"@context":"https:\/\/schema.org","@graph":[{"@type":"WebPage","@id":"https:\/\/previews.elleven.digital\/acocearense\/lider-de-equipe-como-lidar-com-a-demissao-e-dispensa-de-colaboradores\/","url":"https:\/\/previews.elleven.digital\/acocearense\/lider-de-equipe-como-lidar-com-a-demissao-e-dispensa-de-colaboradores\/","name":"L\u00edder de equipe: como lidar com a demiss\u00e3o e dispensa de colaboradores - Grupo A\u00e7o Cearense","isPartOf":{"@id":"https:\/\/previews.elleven.digital\/acocearense\/#website"},"primaryImageOfPage":{"@id":"https:\/\/previews.elleven.digital\/acocearense\/lider-de-equipe-como-lidar-com-a-demissao-e-dispensa-de-colaboradores\/#primaryimage"},"image":{"@id":"https:\/\/previews.elleven.digital\/acocearense\/lider-de-equipe-como-lidar-com-a-demissao-e-dispensa-de-colaboradores\/#primaryimage"},"thumbnailUrl":"https:\/\/previews.elleven.digital\/acocearense\/wp-content\/uploads\/2025\/05\/lider-de-equipe-como-lidar-com-a-demissao-e-dispensa-de-funcionarios.jpeg","datePublished":"2017-12-13T11:27:01+00:00","dateModified":"2025-05-07T12:27:31+00:00","author":{"@id":"https:\/\/previews.elleven.digital\/acocearense\/#\/schema\/person\/8e9165eb3c33e0860485c7c5fc06a701"},"breadcrumb":{"@id":"https:\/\/previews.elleven.digital\/acocearense\/lider-de-equipe-como-lidar-com-a-demissao-e-dispensa-de-colaboradores\/#breadcrumb"},"inLanguage":"pt-BR","potentialAction":[{"@type":"ReadAction","target":["https:\/\/previews.elleven.digital\/acocearense\/lider-de-equipe-como-lidar-com-a-demissao-e-dispensa-de-colaboradores\/"]}]},{"@type":"ImageObject","inLanguage":"pt-BR","@id":"https:\/\/previews.elleven.digital\/acocearense\/lider-de-equipe-como-lidar-com-a-demissao-e-dispensa-de-colaboradores\/#primaryimage","url":"https:\/\/previews.elleven.digital\/acocearense\/wp-content\/uploads\/2025\/05\/lider-de-equipe-como-lidar-com-a-demissao-e-dispensa-de-funcionarios.jpeg","contentUrl":"https:\/\/previews.elleven.digital\/acocearense\/wp-content\/uploads\/2025\/05\/lider-de-equipe-como-lidar-com-a-demissao-e-dispensa-de-funcionarios.jpeg","width":1000,"height":667},{"@type":"BreadcrumbList","@id":"https:\/\/previews.elleven.digital\/acocearense\/lider-de-equipe-como-lidar-com-a-demissao-e-dispensa-de-colaboradores\/#breadcrumb","itemListElement":[{"@type":"ListItem","position":1,"name":"In\u00edcio","item":"https:\/\/previews.elleven.digital\/acocearense\/"},{"@type":"ListItem","position":2,"name":"L\u00edder de equipe: como lidar com a demiss\u00e3o e dispensa de colaboradores"}]},{"@type":"WebSite","@id":"https:\/\/previews.elleven.digital\/acocearense\/#website","url":"https:\/\/previews.elleven.digital\/acocearense\/","name":"A\u00e7o Cearense","description":"H\u00e1 mais de 45 anos no mercado brasileiro do a\u00e7o.","alternateName":"A\u00e7o Cearense","potentialAction":[{"@type":"SearchAction","target":{"@type":"EntryPoint","urlTemplate":"https:\/\/previews.elleven.digital\/acocearense\/?s={search_term_string}"},"query-input":{"@type":"PropertyValueSpecification","valueRequired":true,"valueName":"search_term_string"}}],"inLanguage":"pt-BR"},{"@type":"Person","@id":"https:\/\/previews.elleven.digital\/acocearense\/#\/schema\/person\/8e9165eb3c33e0860485c7c5fc06a701","name":"elleven","image":{"@type":"ImageObject","inLanguage":"pt-BR","@id":"https:\/\/previews.elleven.digital\/acocearense\/#\/schema\/person\/image\/","url":"https:\/\/secure.gravatar.com\/avatar\/2a6afb49d9ecfed5dbc6c9606ce318b8bd07c077835179bddfd5d8209c03cb29?s=96&d=mm&r=g","contentUrl":"https:\/\/secure.gravatar.com\/avatar\/2a6afb49d9ecfed5dbc6c9606ce318b8bd07c077835179bddfd5d8209c03cb29?s=96&d=mm&r=g","caption":"elleven"},"sameAs":["http:\/\/localhost\/acocearense"],"url":"https:\/\/previews.elleven.digital\/acocearense\/author\/elleven\/"}]}},"_links":{"self":[{"href":"https:\/\/previews.elleven.digital\/acocearense\/wp-json\/wp\/v2\/posts\/1030","targetHints":{"allow":["GET"]}}],"collection":[{"href":"https:\/\/previews.elleven.digital\/acocearense\/wp-json\/wp\/v2\/posts"}],"about":[{"href":"https:\/\/previews.elleven.digital\/acocearense\/wp-json\/wp\/v2\/types\/post"}],"author":[{"embeddable":true,"href":"https:\/\/previews.elleven.digital\/acocearense\/wp-json\/wp\/v2\/users\/1"}],"replies":[{"embeddable":true,"href":"https:\/\/previews.elleven.digital\/acocearense\/wp-json\/wp\/v2\/comments?post=1030"}],"version-history":[{"count":1,"href":"https:\/\/previews.elleven.digital\/acocearense\/wp-json\/wp\/v2\/posts\/1030\/revisions"}],"predecessor-version":[{"id":1031,"href":"https:\/\/previews.elleven.digital\/acocearense\/wp-json\/wp\/v2\/posts\/1030\/revisions\/1031"}],"wp:featuredmedia":[{"embeddable":true,"href":"https:\/\/previews.elleven.digital\/acocearense\/wp-json\/wp\/v2\/media\/1015"}],"wp:attachment":[{"href":"https:\/\/previews.elleven.digital\/acocearense\/wp-json\/wp\/v2\/media?parent=1030"}],"wp:term":[{"taxonomy":"category","embeddable":true,"href":"https:\/\/previews.elleven.digital\/acocearense\/wp-json\/wp\/v2\/categories?post=1030"},{"taxonomy":"post_tag","embeddable":true,"href":"https:\/\/previews.elleven.digital\/acocearense\/wp-json\/wp\/v2\/tags?post=1030"}],"curies":[{"name":"wp","href":"https:\/\/api.w.org\/{rel}","templated":true}]}}