{"id":1028,"date":"2017-12-01T09:26:26","date_gmt":"2017-12-01T11:26:26","guid":{"rendered":"https:\/\/previews.elleven.digital\/acocearense\/?p=1028"},"modified":"2025-05-07T09:26:52","modified_gmt":"2025-05-07T12:26:52","slug":"festa-de-final-de-ano-aprenda-a-melhorar-o-clima-organizacional","status":"publish","type":"post","link":"https:\/\/previews.elleven.digital\/acocearense\/festa-de-final-de-ano-aprenda-a-melhorar-o-clima-organizacional\/","title":{"rendered":"Festa de final de ano: aprenda a melhorar o clima organizacional"},"content":{"rendered":"<p>Clima organizacional \u00e9 o que se pode chamar de humor da equipe no local de trabalho. Dependendo da atividade da empresa e tamb\u00e9m de como os donos do neg\u00f3cio administram tudo, ele pode ser mais leve e descontra\u00eddo, s\u00e9rio ou frio.<\/p>\n<p>Para ajudar a manter o clima da loja mais agrad\u00e1vel, eventos internos s\u00e3o uma boa ideia, principalmente uma festa de final de ano.<\/p>\n<p>Se voc\u00ea ainda n\u00e3o faz algo do tipo na sua empresa, vale a pena considerar.<\/p>\n<h2>A import\u00e2ncia das confraterniza\u00e7\u00f5es para o clima organizacional<\/h2>\n<p>Eventos corporativos normalmente t\u00eam v\u00e1rios objetivos e benef\u00edcios para o neg\u00f3cio e para os funcion\u00e1rios. Os principais s\u00e3o:<\/p>\n<h3>Aumento do engajamento<\/h3>\n<p>H\u00e1 empresas que pagam palestras, treinamentos, workshops e fazem outros investimentos na tentativa de melhorar o entrosamento da equipe. Tudo isso \u00e9 muito importante, mas n\u00e3o se pode deixar de lado uma boa festa de final de ano. \u00c9 nessa hora que todos t\u00eam mais liberdade para conversar e rir juntos. Esses eventos fazem com que o conv\u00edvio seja mais pr\u00f3ximo, o que, consequentemente, aumenta a produtividade da loja.<\/p>\n<h3>Valoriza\u00e7\u00e3o dos esfor\u00e7os<\/h3>\n<p>No fechamento do ano tamb\u00e9m h\u00e1 mais espa\u00e7os para palavras de incentivo e reconhecimento. Algumas empresas entregam pr\u00eamios e fazem homenagens aos funcion\u00e1rios. Se for fazer algo do tipo, certifique-se de adotar crit\u00e9rios claros e justos. O importante \u00e9 que as pessoas se sintam orgulhosas e\u00a0<a href=\"https:\/\/previews.elleven.digital\/acocearense\/blog\/gestao\/motivacao-dos-funcionarios-5-dicas-que-realmente-funcionam\/\" target=\"_blank\" rel=\"noopener noreferrer\">motivadas<\/a>\u00a0pelo trabalho desempenhado.<\/p>\n<h3>Melhoria do rendimento<\/h3>\n<p>Quando a empresa organiza um evento de final de ano, os colaboradores acabam criando a expectativa\u00a0de que ele se repita no ano seguinte. Se eles perceberem que o bom resultado da empresa tem influ\u00eancia direta nesse quesito, bem como um maior engajamento da equipe, h\u00e1 chances reais de que se consiga maior produtividade.<\/p>\n<h3>Reconhecimento dos valores da empresa<\/h3>\n<p>Aproveite a oportunidade para passar uma mensagem positiva e que reforce os valores da empresa. Ressalte o que \u00e9 importante para o neg\u00f3cio e o que deve ser incentivado. Esse tipo de atitude ajuda a fazer com que a equipe absorva melhor a linha de pensamento dos seus\u00a0<a href=\"https:\/\/previews.elleven.digital\/acocearense\/blog\/abrindo-o-negocio\/5-motivos-para-sua-empresa-formar-lideres-e-nao-chefes\/\" target=\"_blank\" rel=\"noopener noreferrer\">l\u00edderes<\/a>.<\/p>\n<h2>Dicas para a realiza\u00e7\u00e3o do evento<\/h2>\n<p>Quem j\u00e1 est\u00e1 acostumado a fazer eventos na empresa, acaba aprendendo algumas boas pr\u00e1ticas, mas, se voc\u00ea estiver come\u00e7ando, vale a pena pensar bem sobre como far\u00e1 o seu planejamento.<\/p>\n<h3>Avalia\u00e7\u00e3o do or\u00e7amento<\/h3>\n<p>Antes de come\u00e7ar a organizar sua confraterniza\u00e7\u00e3o, avalie qual o or\u00e7amento tem dispon\u00edvel. Considere os valores incluindo sempre alguma margem de erro para imprevistos.<\/p>\n<h3>Escolha do local<\/h3>\n<p>Se for fazer algo na pr\u00f3pria loja, tome precau\u00e7\u00f5es com rela\u00e7\u00e3o \u00e0\u00a0<a href=\"https:\/\/previews.elleven.digital\/acocearense\/blog\/gestao\/5-dicas-de-seguranca-no-trabalho-indispensaveis-para-a-sua-loja-de-ferro-e-aco\/\" target=\"_blank\" rel=\"noopener noreferrer\">seguran\u00e7a<\/a>\u00a0e \u00e0 conserva\u00e7\u00e3o do seu espa\u00e7o. Caso considere fazer a festa em outro ambiente, tente optar por algum lugar que seja de f\u00e1cil acesso a todos.<\/p>\n<h3>Possibilidade de haver convidados<\/h3>\n<p>Com certeza, ter convidados \u00e9 algo que aumentar\u00e1 o seu or\u00e7amento. Se for uma equipe pequena, evite trazer parceiros comerciais, pois eles podem intimidar os funcion\u00e1rios. Com rela\u00e7\u00e3o \u00e0s fam\u00edlias, a presen\u00e7a de c\u00f4njuges e filhos ajuda a dar um ar mais amistoso ao evento. Pense bem sobre esse assunto, que \u00e9 delicado e precisa ser bem resolvido.<\/p>\n<p>Fazendo uma boa festa de fim de ano, seu clima organizacional tende a melhorar. Considere seu or\u00e7amento e veja como \u00e9 h\u00e1 possibilidade de tornar esse momento o mais proveitoso poss\u00edvel para todos.<\/p>\n<p>Falando ainda sobre o clima no trabalho, que tal ler o material que preparamos sobre\u00a0<a href=\"https:\/\/previews.elleven.digital\/acocearense\/blog\/gestao\/como-saber-se-a-sua-empresa-e-um-bom-local-para-trabalhar\/\" target=\"_blank\" rel=\"noopener noreferrer\">como saber se a sua empresa \u00e9 um bom local para trabalhar<\/a>?<\/p>\n","protected":false},"excerpt":{"rendered":"<p>Clima organizacional \u00e9 o que se pode chamar de humor da equipe no local de(&#8230;)<\/p>\n","protected":false},"author":1,"featured_media":1016,"comment_status":"open","ping_status":"open","sticky":false,"template":"","format":"standard","meta":{"_acf_changed":false,"inline_featured_image":false,"footnotes":""},"categories":[28],"tags":[],"class_list":["post-1028","post","type-post","status-publish","format-standard","has-post-thumbnail","hentry","category-gestao"],"acf":[],"yoast_head":"<!-- This site is optimized with the Yoast SEO plugin v25.9 - https:\/\/yoast.com\/wordpress\/plugins\/seo\/ -->\n<title>Festa de final de ano: aprenda a melhorar o clima organizacional - Grupo A\u00e7o Cearense<\/title>\n<meta name=\"robots\" content=\"index, follow, max-snippet:-1, max-image-preview:large, max-video-preview:-1\" \/>\n<link rel=\"canonical\" href=\"https:\/\/previews.elleven.digital\/acocearense\/festa-de-final-de-ano-aprenda-a-melhorar-o-clima-organizacional\/\" \/>\n<meta property=\"og:locale\" content=\"pt_BR\" \/>\n<meta property=\"og:type\" content=\"article\" \/>\n<meta property=\"og:title\" content=\"Festa de final de ano: aprenda a melhorar o clima organizacional - Grupo A\u00e7o Cearense\" \/>\n<meta property=\"og:description\" content=\"Clima organizacional \u00e9 o que se pode chamar de humor da equipe no local de(...)\" \/>\n<meta property=\"og:url\" content=\"https:\/\/previews.elleven.digital\/acocearense\/festa-de-final-de-ano-aprenda-a-melhorar-o-clima-organizacional\/\" \/>\n<meta property=\"og:site_name\" content=\"Grupo A\u00e7o Cearense\" \/>\n<meta property=\"article:published_time\" content=\"2017-12-01T11:26:26+00:00\" \/>\n<meta property=\"article:modified_time\" content=\"2025-05-07T12:26:52+00:00\" \/>\n<meta property=\"og:image\" content=\"https:\/\/previews.elleven.digital\/acocearense\/wp-content\/uploads\/2025\/05\/153339-festa-de-final-de-ano-aprenda-a-melhorar-o-clima-organizacional.jpg\" \/>\n\t<meta property=\"og:image:width\" content=\"999\" \/>\n\t<meta property=\"og:image:height\" content=\"667\" \/>\n\t<meta property=\"og:image:type\" content=\"image\/jpeg\" \/>\n<meta name=\"author\" content=\"elleven\" \/>\n<meta name=\"twitter:card\" content=\"summary_large_image\" \/>\n<meta name=\"twitter:label1\" content=\"Escrito por\" \/>\n\t<meta name=\"twitter:data1\" content=\"elleven\" \/>\n\t<meta name=\"twitter:label2\" content=\"Est. tempo de leitura\" \/>\n\t<meta name=\"twitter:data2\" content=\"4 minutos\" \/>\n<script type=\"application\/ld+json\" class=\"yoast-schema-graph\">{\"@context\":\"https:\/\/schema.org\",\"@graph\":[{\"@type\":\"WebPage\",\"@id\":\"https:\/\/previews.elleven.digital\/acocearense\/festa-de-final-de-ano-aprenda-a-melhorar-o-clima-organizacional\/\",\"url\":\"https:\/\/previews.elleven.digital\/acocearense\/festa-de-final-de-ano-aprenda-a-melhorar-o-clima-organizacional\/\",\"name\":\"Festa de final de ano: aprenda a melhorar o clima organizacional - Grupo A\u00e7o Cearense\",\"isPartOf\":{\"@id\":\"https:\/\/previews.elleven.digital\/acocearense\/#website\"},\"primaryImageOfPage\":{\"@id\":\"https:\/\/previews.elleven.digital\/acocearense\/festa-de-final-de-ano-aprenda-a-melhorar-o-clima-organizacional\/#primaryimage\"},\"image\":{\"@id\":\"https:\/\/previews.elleven.digital\/acocearense\/festa-de-final-de-ano-aprenda-a-melhorar-o-clima-organizacional\/#primaryimage\"},\"thumbnailUrl\":\"https:\/\/previews.elleven.digital\/acocearense\/wp-content\/uploads\/2025\/05\/153339-festa-de-final-de-ano-aprenda-a-melhorar-o-clima-organizacional.jpg\",\"datePublished\":\"2017-12-01T11:26:26+00:00\",\"dateModified\":\"2025-05-07T12:26:52+00:00\",\"author\":{\"@id\":\"https:\/\/previews.elleven.digital\/acocearense\/#\/schema\/person\/8e9165eb3c33e0860485c7c5fc06a701\"},\"breadcrumb\":{\"@id\":\"https:\/\/previews.elleven.digital\/acocearense\/festa-de-final-de-ano-aprenda-a-melhorar-o-clima-organizacional\/#breadcrumb\"},\"inLanguage\":\"pt-BR\",\"potentialAction\":[{\"@type\":\"ReadAction\",\"target\":[\"https:\/\/previews.elleven.digital\/acocearense\/festa-de-final-de-ano-aprenda-a-melhorar-o-clima-organizacional\/\"]}]},{\"@type\":\"ImageObject\",\"inLanguage\":\"pt-BR\",\"@id\":\"https:\/\/previews.elleven.digital\/acocearense\/festa-de-final-de-ano-aprenda-a-melhorar-o-clima-organizacional\/#primaryimage\",\"url\":\"https:\/\/previews.elleven.digital\/acocearense\/wp-content\/uploads\/2025\/05\/153339-festa-de-final-de-ano-aprenda-a-melhorar-o-clima-organizacional.jpg\",\"contentUrl\":\"https:\/\/previews.elleven.digital\/acocearense\/wp-content\/uploads\/2025\/05\/153339-festa-de-final-de-ano-aprenda-a-melhorar-o-clima-organizacional.jpg\",\"width\":999,\"height\":667},{\"@type\":\"BreadcrumbList\",\"@id\":\"https:\/\/previews.elleven.digital\/acocearense\/festa-de-final-de-ano-aprenda-a-melhorar-o-clima-organizacional\/#breadcrumb\",\"itemListElement\":[{\"@type\":\"ListItem\",\"position\":1,\"name\":\"In\u00edcio\",\"item\":\"https:\/\/previews.elleven.digital\/acocearense\/\"},{\"@type\":\"ListItem\",\"position\":2,\"name\":\"Festa de final de ano: aprenda a melhorar o clima organizacional\"}]},{\"@type\":\"WebSite\",\"@id\":\"https:\/\/previews.elleven.digital\/acocearense\/#website\",\"url\":\"https:\/\/previews.elleven.digital\/acocearense\/\",\"name\":\"A\u00e7o Cearense\",\"description\":\"H\u00e1 mais de 45 anos no mercado brasileiro do a\u00e7o.\",\"alternateName\":\"A\u00e7o Cearense\",\"potentialAction\":[{\"@type\":\"SearchAction\",\"target\":{\"@type\":\"EntryPoint\",\"urlTemplate\":\"https:\/\/previews.elleven.digital\/acocearense\/?s={search_term_string}\"},\"query-input\":{\"@type\":\"PropertyValueSpecification\",\"valueRequired\":true,\"valueName\":\"search_term_string\"}}],\"inLanguage\":\"pt-BR\"},{\"@type\":\"Person\",\"@id\":\"https:\/\/previews.elleven.digital\/acocearense\/#\/schema\/person\/8e9165eb3c33e0860485c7c5fc06a701\",\"name\":\"elleven\",\"image\":{\"@type\":\"ImageObject\",\"inLanguage\":\"pt-BR\",\"@id\":\"https:\/\/previews.elleven.digital\/acocearense\/#\/schema\/person\/image\/\",\"url\":\"https:\/\/secure.gravatar.com\/avatar\/2a6afb49d9ecfed5dbc6c9606ce318b8bd07c077835179bddfd5d8209c03cb29?s=96&d=mm&r=g\",\"contentUrl\":\"https:\/\/secure.gravatar.com\/avatar\/2a6afb49d9ecfed5dbc6c9606ce318b8bd07c077835179bddfd5d8209c03cb29?s=96&d=mm&r=g\",\"caption\":\"elleven\"},\"sameAs\":[\"http:\/\/localhost\/acocearense\"],\"url\":\"https:\/\/previews.elleven.digital\/acocearense\/author\/elleven\/\"}]}<\/script>\n<!-- \/ Yoast SEO plugin. -->","yoast_head_json":{"title":"Festa de final de ano: aprenda a melhorar o clima organizacional - Grupo A\u00e7o Cearense","robots":{"index":"index","follow":"follow","max-snippet":"max-snippet:-1","max-image-preview":"max-image-preview:large","max-video-preview":"max-video-preview:-1"},"canonical":"https:\/\/previews.elleven.digital\/acocearense\/festa-de-final-de-ano-aprenda-a-melhorar-o-clima-organizacional\/","og_locale":"pt_BR","og_type":"article","og_title":"Festa de final de ano: aprenda a melhorar o clima organizacional - Grupo A\u00e7o Cearense","og_description":"Clima organizacional \u00e9 o que se pode chamar de humor da equipe no local de(...)","og_url":"https:\/\/previews.elleven.digital\/acocearense\/festa-de-final-de-ano-aprenda-a-melhorar-o-clima-organizacional\/","og_site_name":"Grupo A\u00e7o Cearense","article_published_time":"2017-12-01T11:26:26+00:00","article_modified_time":"2025-05-07T12:26:52+00:00","og_image":[{"width":999,"height":667,"url":"https:\/\/previews.elleven.digital\/acocearense\/wp-content\/uploads\/2025\/05\/153339-festa-de-final-de-ano-aprenda-a-melhorar-o-clima-organizacional.jpg","type":"image\/jpeg"}],"author":"elleven","twitter_card":"summary_large_image","twitter_misc":{"Escrito por":"elleven","Est. tempo de leitura":"4 minutos"},"schema":{"@context":"https:\/\/schema.org","@graph":[{"@type":"WebPage","@id":"https:\/\/previews.elleven.digital\/acocearense\/festa-de-final-de-ano-aprenda-a-melhorar-o-clima-organizacional\/","url":"https:\/\/previews.elleven.digital\/acocearense\/festa-de-final-de-ano-aprenda-a-melhorar-o-clima-organizacional\/","name":"Festa de final de ano: aprenda a melhorar o clima organizacional - Grupo A\u00e7o Cearense","isPartOf":{"@id":"https:\/\/previews.elleven.digital\/acocearense\/#website"},"primaryImageOfPage":{"@id":"https:\/\/previews.elleven.digital\/acocearense\/festa-de-final-de-ano-aprenda-a-melhorar-o-clima-organizacional\/#primaryimage"},"image":{"@id":"https:\/\/previews.elleven.digital\/acocearense\/festa-de-final-de-ano-aprenda-a-melhorar-o-clima-organizacional\/#primaryimage"},"thumbnailUrl":"https:\/\/previews.elleven.digital\/acocearense\/wp-content\/uploads\/2025\/05\/153339-festa-de-final-de-ano-aprenda-a-melhorar-o-clima-organizacional.jpg","datePublished":"2017-12-01T11:26:26+00:00","dateModified":"2025-05-07T12:26:52+00:00","author":{"@id":"https:\/\/previews.elleven.digital\/acocearense\/#\/schema\/person\/8e9165eb3c33e0860485c7c5fc06a701"},"breadcrumb":{"@id":"https:\/\/previews.elleven.digital\/acocearense\/festa-de-final-de-ano-aprenda-a-melhorar-o-clima-organizacional\/#breadcrumb"},"inLanguage":"pt-BR","potentialAction":[{"@type":"ReadAction","target":["https:\/\/previews.elleven.digital\/acocearense\/festa-de-final-de-ano-aprenda-a-melhorar-o-clima-organizacional\/"]}]},{"@type":"ImageObject","inLanguage":"pt-BR","@id":"https:\/\/previews.elleven.digital\/acocearense\/festa-de-final-de-ano-aprenda-a-melhorar-o-clima-organizacional\/#primaryimage","url":"https:\/\/previews.elleven.digital\/acocearense\/wp-content\/uploads\/2025\/05\/153339-festa-de-final-de-ano-aprenda-a-melhorar-o-clima-organizacional.jpg","contentUrl":"https:\/\/previews.elleven.digital\/acocearense\/wp-content\/uploads\/2025\/05\/153339-festa-de-final-de-ano-aprenda-a-melhorar-o-clima-organizacional.jpg","width":999,"height":667},{"@type":"BreadcrumbList","@id":"https:\/\/previews.elleven.digital\/acocearense\/festa-de-final-de-ano-aprenda-a-melhorar-o-clima-organizacional\/#breadcrumb","itemListElement":[{"@type":"ListItem","position":1,"name":"In\u00edcio","item":"https:\/\/previews.elleven.digital\/acocearense\/"},{"@type":"ListItem","position":2,"name":"Festa de final de ano: aprenda a melhorar o clima organizacional"}]},{"@type":"WebSite","@id":"https:\/\/previews.elleven.digital\/acocearense\/#website","url":"https:\/\/previews.elleven.digital\/acocearense\/","name":"A\u00e7o Cearense","description":"H\u00e1 mais de 45 anos no mercado brasileiro do a\u00e7o.","alternateName":"A\u00e7o Cearense","potentialAction":[{"@type":"SearchAction","target":{"@type":"EntryPoint","urlTemplate":"https:\/\/previews.elleven.digital\/acocearense\/?s={search_term_string}"},"query-input":{"@type":"PropertyValueSpecification","valueRequired":true,"valueName":"search_term_string"}}],"inLanguage":"pt-BR"},{"@type":"Person","@id":"https:\/\/previews.elleven.digital\/acocearense\/#\/schema\/person\/8e9165eb3c33e0860485c7c5fc06a701","name":"elleven","image":{"@type":"ImageObject","inLanguage":"pt-BR","@id":"https:\/\/previews.elleven.digital\/acocearense\/#\/schema\/person\/image\/","url":"https:\/\/secure.gravatar.com\/avatar\/2a6afb49d9ecfed5dbc6c9606ce318b8bd07c077835179bddfd5d8209c03cb29?s=96&d=mm&r=g","contentUrl":"https:\/\/secure.gravatar.com\/avatar\/2a6afb49d9ecfed5dbc6c9606ce318b8bd07c077835179bddfd5d8209c03cb29?s=96&d=mm&r=g","caption":"elleven"},"sameAs":["http:\/\/localhost\/acocearense"],"url":"https:\/\/previews.elleven.digital\/acocearense\/author\/elleven\/"}]}},"_links":{"self":[{"href":"https:\/\/previews.elleven.digital\/acocearense\/wp-json\/wp\/v2\/posts\/1028","targetHints":{"allow":["GET"]}}],"collection":[{"href":"https:\/\/previews.elleven.digital\/acocearense\/wp-json\/wp\/v2\/posts"}],"about":[{"href":"https:\/\/previews.elleven.digital\/acocearense\/wp-json\/wp\/v2\/types\/post"}],"author":[{"embeddable":true,"href":"https:\/\/previews.elleven.digital\/acocearense\/wp-json\/wp\/v2\/users\/1"}],"replies":[{"embeddable":true,"href":"https:\/\/previews.elleven.digital\/acocearense\/wp-json\/wp\/v2\/comments?post=1028"}],"version-history":[{"count":1,"href":"https:\/\/previews.elleven.digital\/acocearense\/wp-json\/wp\/v2\/posts\/1028\/revisions"}],"predecessor-version":[{"id":1029,"href":"https:\/\/previews.elleven.digital\/acocearense\/wp-json\/wp\/v2\/posts\/1028\/revisions\/1029"}],"wp:featuredmedia":[{"embeddable":true,"href":"https:\/\/previews.elleven.digital\/acocearense\/wp-json\/wp\/v2\/media\/1016"}],"wp:attachment":[{"href":"https:\/\/previews.elleven.digital\/acocearense\/wp-json\/wp\/v2\/media?parent=1028"}],"wp:term":[{"taxonomy":"category","embeddable":true,"href":"https:\/\/previews.elleven.digital\/acocearense\/wp-json\/wp\/v2\/categories?post=1028"},{"taxonomy":"post_tag","embeddable":true,"href":"https:\/\/previews.elleven.digital\/acocearense\/wp-json\/wp\/v2\/tags?post=1028"}],"curies":[{"name":"wp","href":"https:\/\/api.w.org\/{rel}","templated":true}]}}