{"id":1022,"date":"2017-10-24T09:24:58","date_gmt":"2017-10-24T11:24:58","guid":{"rendered":"https:\/\/previews.elleven.digital\/acocearense\/?p=1022"},"modified":"2025-05-07T09:25:23","modified_gmt":"2025-05-07T12:25:23","slug":"como-se-organizar-para-o-pagamento-do-13o-dos-funcionarios","status":"publish","type":"post","link":"https:\/\/previews.elleven.digital\/acocearense\/como-se-organizar-para-o-pagamento-do-13o-dos-funcionarios\/","title":{"rendered":"Como se organizar para o pagamento do 13\u00ba dos funcion\u00e1rios?"},"content":{"rendered":"<p>Para conseguir fazer a empresa continuar pagando suas contas e ter a chance de crescer sem problemas, \u00e9 preciso que o dono do neg\u00f3cio deixe tudo bem organizado: do bom atendimento ao cliente at\u00e9 o financeiro.<\/p>\n<p>Em meio a esse monte de atividades, o pagamento dos funcion\u00e1rios \u00e9 uma quest\u00e3o que n\u00e3o pode desandar. Para evitar problemas com a equipe e n\u00e3o ficar apertado na virada do ano, \u00e9 bom que sua gest\u00e3o esteja atenta.<\/p>\n<h2>Al\u00e9m dos sal\u00e1rios e benef\u00edcios habituais de todo contracheque, o pagamento do 13\u00ba sal\u00e1rio dos funcion\u00e1rios \u00e9 algo que voc\u00ea tem que se preocupar sempre, e n\u00e3o somente quando chega a hora de honr\u00e1-lo.\u00a0Para lhe ajudar com mais esse compromisso, separamos algumas dicas. Confira!<\/h2>\n<h2>1. Entenda como funciona o pagamento do 13\u00ba dos funcion\u00e1rios<\/h2>\n<p>A primeira coisa a fazer \u00e9 entender como funciona o 13\u00ba sal\u00e1rio. Sobre esse assunto vale uma conversa com o seu contador, mas para que voc\u00ea n\u00e3o fique muito perdido, vamos fazer um pequeno resumo.<\/p>\n<p>Basicamente, de cada m\u00eas trabalhado pelo funcion\u00e1rio reserva-se 1\/12 do valor para que seja entregue a ele. Comumente pago no final do ano, o prazo para o pagamento da primeira parcela vai do m\u00eas de fevereiro at\u00e9 30 de novembro. J\u00e1 a segunda parcela tem o limite do dia 20 de dezembro.<\/p>\n<h2>2. Considere o volume de funcion\u00e1rios e o tempo de casa<\/h2>\n<p>Como o valor pago \u00e9 proporcional ao sal\u00e1rio de cada empregado e tamb\u00e9m ao n\u00famero de meses trabalhados em cada ano, \u00e9 bom que voc\u00ea se organize lembrando-se desses detalhes.<\/p>\n<p>Caso tenha contratado\u00a0<a href=\"https:\/\/previews.elleven.digital\/acocearense\/blog\/abrindo-o-negocio\/como-entrevistar-um-candidato-para-trabalhar-na-sua-loja-de-ferro-e-aco\/?utm_source=blog&amp;utm_campaign=rc_blogpost\">um novo colaborador<\/a>\u00a0no meio do ano, ainda assim ele vai receber o 13\u00ba \u2014 e ele n\u00e3o pode ser esquecido na hora de fazer as contas para os pagamentos de folha de pessoal.<\/p>\n<h2>3. Fa\u00e7a uma provis\u00e3o de caixa durante o ano<\/h2>\n<p>O pagamento do 13\u00ba dos funcion\u00e1rios \u00e9 um valor que todo celetista conta no final do ano, e deixar de pag\u00e1-lo ou n\u00e3o conseguir honrar com o valor integral \u00e9 uma coisa que provavelmente vai lhe dar muita\u00a0<a href=\"https:\/\/previews.elleven.digital\/acocearense\/blog\/gestao\/4-erros-de-gestao-de-pessoas-que-prejudicam-a-sua-loja-de-ferro-e-aco\/?utm_source=blog&amp;utm_campaign=rc_blogpost\">dor de cabe\u00e7a<\/a>.<\/p>\n<p>Para n\u00e3o correr o risco de ficar apertado na hora de quitar mais essa obriga\u00e7\u00e3o, o melhor a fazer \u00e9 j\u00e1 ir compondo uma reserva durante o ano. Crie o h\u00e1bito de separar a quantia a cada m\u00eas e, se tiver uma temporada de\u00a0<a href=\"https:\/\/previews.elleven.digital\/acocearense\/blog\/abrindo-o-negocio\/saiba-o-que-analisar-para-contratar-um-otimo-vendedor-para-sua-loja-de-ferro-e-aco\/?utm_source=blog&amp;utm_campaign=rc_blogpost\">\u00f3timas vendas<\/a>, aproveite pra j\u00e1 reservar parte dela para o pagamento do seu pessoal.<\/p>\n<h2>4. Administre bem a provis\u00e3o para o pagamento do 13\u00ba durante o ano<\/h2>\n<p>J\u00e1 sabendo calcular, entendendo a import\u00e2ncia e o peso financeiro que tem o pagamento do 13\u00ba dos funcion\u00e1rios e tamb\u00e9m tomando o cuidado de fazer um caixa durante o ano, a nossa \u00faltima dica \u00e9 como gerenciar esse caixa extra.<\/p>\n<p>Com dinheiro \u201csobrando\u201d, a vontade \u00e9 de colocar essa verba novamente no neg\u00f3cio, seja comprando produtos, fazendo reformas ou coisas do tipo. No entanto, essa pr\u00e1tica pode ser nociva, j\u00e1 que no final do ano voc\u00ea n\u00e3o vai conseguir pegar tudo de volta.<\/p>\n<p>O melhor a fazer \u00e9 avaliar qual \u00e9 a aplica\u00e7\u00e3o que lhe garante um m\u00ednimo de rentabilidade desse volume de capital e que lhe permita fazer a retirada no tempo certo: sem perder juros, mas tamb\u00e9m n\u00e3o passando das datas de pagamento da sua equipe.<\/p>\n<p>N\u00e3o caia na tenta\u00e7\u00e3o de usar esse dinheiro em alguma coisa que pode lhe deixar em\u00a0<a href=\"https:\/\/previews.elleven.digital\/acocearense\/blog\/gestao\/gestao-de-conflitos\/?utm_source=blog&amp;utm_campaign=rc_blogpost\">uma situa\u00e7\u00e3o mais complicada<\/a>\u00a0no final do ano. Precisar tomar empr\u00e9stimos vai acabar saindo mais caro para a sua empresa!<\/p>\n<p>Se voc\u00ea gostou dessas dicas sobre o pagamento do 13\u00ba dos funcion\u00e1rios e quer conhecer outras sugest\u00f5es para administrar melhor o seu neg\u00f3cio, siga-nos no\u00a0<a href=\"https:\/\/www.facebook.com\/grupoacocearense\/?utm_source=blog&amp;utm_campaign=rc_blogpost\">Facebook<\/a>\u00a0e no\u00a0<a href=\"https:\/\/www.linkedin.com\/company-beta\/24776982\/admin\/overview\/?utm_source=blog&amp;utm_campaign=rc_blogpost\">LinkedIn<\/a>. Sempre temos conte\u00fado \u00fatil e pensado especialmente para voc\u00ea!<\/p>\n","protected":false},"excerpt":{"rendered":"<p>Para conseguir fazer a empresa continuar pagando suas contas e ter a chance de crescer(&#8230;)<\/p>\n","protected":false},"author":1,"featured_media":1019,"comment_status":"open","ping_status":"open","sticky":false,"template":"","format":"standard","meta":{"_acf_changed":false,"inline_featured_image":false,"footnotes":""},"categories":[27],"tags":[],"class_list":["post-1022","post","type-post","status-publish","format-standard","has-post-thumbnail","hentry","category-abrindo-o-negocio"],"acf":[],"yoast_head":"<!-- This site is optimized with the Yoast SEO plugin v25.9 - https:\/\/yoast.com\/wordpress\/plugins\/seo\/ -->\n<title>Como se organizar para o pagamento do 13\u00ba dos funcion\u00e1rios? - Grupo A\u00e7o Cearense<\/title>\n<meta name=\"robots\" content=\"index, follow, max-snippet:-1, max-image-preview:large, max-video-preview:-1\" \/>\n<link rel=\"canonical\" href=\"https:\/\/previews.elleven.digital\/acocearense\/como-se-organizar-para-o-pagamento-do-13o-dos-funcionarios\/\" \/>\n<meta property=\"og:locale\" content=\"pt_BR\" \/>\n<meta property=\"og:type\" content=\"article\" \/>\n<meta property=\"og:title\" content=\"Como se organizar para o pagamento do 13\u00ba dos funcion\u00e1rios? - Grupo A\u00e7o Cearense\" \/>\n<meta property=\"og:description\" content=\"Para conseguir fazer a empresa continuar pagando suas contas e ter a chance de crescer(...)\" \/>\n<meta property=\"og:url\" content=\"https:\/\/previews.elleven.digital\/acocearense\/como-se-organizar-para-o-pagamento-do-13o-dos-funcionarios\/\" \/>\n<meta property=\"og:site_name\" content=\"Grupo A\u00e7o Cearense\" \/>\n<meta property=\"article:published_time\" content=\"2017-10-24T11:24:58+00:00\" \/>\n<meta property=\"article:modified_time\" content=\"2025-05-07T12:25:23+00:00\" \/>\n<meta property=\"og:image\" content=\"https:\/\/previews.elleven.digital\/acocearense\/wp-content\/uploads\/2025\/05\/como-se-organizar-para-o-pagamento-do-13-dos-funcionarios.jpeg\" \/>\n\t<meta property=\"og:image:width\" content=\"1000\" \/>\n\t<meta property=\"og:image:height\" content=\"664\" \/>\n\t<meta property=\"og:image:type\" content=\"image\/jpeg\" \/>\n<meta name=\"author\" content=\"elleven\" \/>\n<meta name=\"twitter:card\" content=\"summary_large_image\" \/>\n<meta name=\"twitter:label1\" content=\"Escrito por\" \/>\n\t<meta name=\"twitter:data1\" content=\"elleven\" \/>\n\t<meta name=\"twitter:label2\" content=\"Est. tempo de leitura\" \/>\n\t<meta name=\"twitter:data2\" content=\"4 minutos\" \/>\n<script type=\"application\/ld+json\" class=\"yoast-schema-graph\">{\"@context\":\"https:\/\/schema.org\",\"@graph\":[{\"@type\":\"WebPage\",\"@id\":\"https:\/\/previews.elleven.digital\/acocearense\/como-se-organizar-para-o-pagamento-do-13o-dos-funcionarios\/\",\"url\":\"https:\/\/previews.elleven.digital\/acocearense\/como-se-organizar-para-o-pagamento-do-13o-dos-funcionarios\/\",\"name\":\"Como se organizar para o pagamento do 13\u00ba dos funcion\u00e1rios? - Grupo A\u00e7o Cearense\",\"isPartOf\":{\"@id\":\"https:\/\/previews.elleven.digital\/acocearense\/#website\"},\"primaryImageOfPage\":{\"@id\":\"https:\/\/previews.elleven.digital\/acocearense\/como-se-organizar-para-o-pagamento-do-13o-dos-funcionarios\/#primaryimage\"},\"image\":{\"@id\":\"https:\/\/previews.elleven.digital\/acocearense\/como-se-organizar-para-o-pagamento-do-13o-dos-funcionarios\/#primaryimage\"},\"thumbnailUrl\":\"https:\/\/previews.elleven.digital\/acocearense\/wp-content\/uploads\/2025\/05\/como-se-organizar-para-o-pagamento-do-13-dos-funcionarios.jpeg\",\"datePublished\":\"2017-10-24T11:24:58+00:00\",\"dateModified\":\"2025-05-07T12:25:23+00:00\",\"author\":{\"@id\":\"https:\/\/previews.elleven.digital\/acocearense\/#\/schema\/person\/8e9165eb3c33e0860485c7c5fc06a701\"},\"breadcrumb\":{\"@id\":\"https:\/\/previews.elleven.digital\/acocearense\/como-se-organizar-para-o-pagamento-do-13o-dos-funcionarios\/#breadcrumb\"},\"inLanguage\":\"pt-BR\",\"potentialAction\":[{\"@type\":\"ReadAction\",\"target\":[\"https:\/\/previews.elleven.digital\/acocearense\/como-se-organizar-para-o-pagamento-do-13o-dos-funcionarios\/\"]}]},{\"@type\":\"ImageObject\",\"inLanguage\":\"pt-BR\",\"@id\":\"https:\/\/previews.elleven.digital\/acocearense\/como-se-organizar-para-o-pagamento-do-13o-dos-funcionarios\/#primaryimage\",\"url\":\"https:\/\/previews.elleven.digital\/acocearense\/wp-content\/uploads\/2025\/05\/como-se-organizar-para-o-pagamento-do-13-dos-funcionarios.jpeg\",\"contentUrl\":\"https:\/\/previews.elleven.digital\/acocearense\/wp-content\/uploads\/2025\/05\/como-se-organizar-para-o-pagamento-do-13-dos-funcionarios.jpeg\",\"width\":1000,\"height\":664},{\"@type\":\"BreadcrumbList\",\"@id\":\"https:\/\/previews.elleven.digital\/acocearense\/como-se-organizar-para-o-pagamento-do-13o-dos-funcionarios\/#breadcrumb\",\"itemListElement\":[{\"@type\":\"ListItem\",\"position\":1,\"name\":\"In\u00edcio\",\"item\":\"https:\/\/previews.elleven.digital\/acocearense\/\"},{\"@type\":\"ListItem\",\"position\":2,\"name\":\"Como se organizar para o pagamento do 13\u00ba dos funcion\u00e1rios?\"}]},{\"@type\":\"WebSite\",\"@id\":\"https:\/\/previews.elleven.digital\/acocearense\/#website\",\"url\":\"https:\/\/previews.elleven.digital\/acocearense\/\",\"name\":\"A\u00e7o Cearense\",\"description\":\"H\u00e1 mais de 45 anos no mercado brasileiro do a\u00e7o.\",\"alternateName\":\"A\u00e7o Cearense\",\"potentialAction\":[{\"@type\":\"SearchAction\",\"target\":{\"@type\":\"EntryPoint\",\"urlTemplate\":\"https:\/\/previews.elleven.digital\/acocearense\/?s={search_term_string}\"},\"query-input\":{\"@type\":\"PropertyValueSpecification\",\"valueRequired\":true,\"valueName\":\"search_term_string\"}}],\"inLanguage\":\"pt-BR\"},{\"@type\":\"Person\",\"@id\":\"https:\/\/previews.elleven.digital\/acocearense\/#\/schema\/person\/8e9165eb3c33e0860485c7c5fc06a701\",\"name\":\"elleven\",\"image\":{\"@type\":\"ImageObject\",\"inLanguage\":\"pt-BR\",\"@id\":\"https:\/\/previews.elleven.digital\/acocearense\/#\/schema\/person\/image\/\",\"url\":\"https:\/\/secure.gravatar.com\/avatar\/2a6afb49d9ecfed5dbc6c9606ce318b8bd07c077835179bddfd5d8209c03cb29?s=96&d=mm&r=g\",\"contentUrl\":\"https:\/\/secure.gravatar.com\/avatar\/2a6afb49d9ecfed5dbc6c9606ce318b8bd07c077835179bddfd5d8209c03cb29?s=96&d=mm&r=g\",\"caption\":\"elleven\"},\"sameAs\":[\"http:\/\/localhost\/acocearense\"],\"url\":\"https:\/\/previews.elleven.digital\/acocearense\/author\/elleven\/\"}]}<\/script>\n<!-- \/ Yoast SEO plugin. -->","yoast_head_json":{"title":"Como se organizar para o pagamento do 13\u00ba dos funcion\u00e1rios? - Grupo A\u00e7o Cearense","robots":{"index":"index","follow":"follow","max-snippet":"max-snippet:-1","max-image-preview":"max-image-preview:large","max-video-preview":"max-video-preview:-1"},"canonical":"https:\/\/previews.elleven.digital\/acocearense\/como-se-organizar-para-o-pagamento-do-13o-dos-funcionarios\/","og_locale":"pt_BR","og_type":"article","og_title":"Como se organizar para o pagamento do 13\u00ba dos funcion\u00e1rios? - Grupo A\u00e7o Cearense","og_description":"Para conseguir fazer a empresa continuar pagando suas contas e ter a chance de crescer(...)","og_url":"https:\/\/previews.elleven.digital\/acocearense\/como-se-organizar-para-o-pagamento-do-13o-dos-funcionarios\/","og_site_name":"Grupo A\u00e7o Cearense","article_published_time":"2017-10-24T11:24:58+00:00","article_modified_time":"2025-05-07T12:25:23+00:00","og_image":[{"width":1000,"height":664,"url":"https:\/\/previews.elleven.digital\/acocearense\/wp-content\/uploads\/2025\/05\/como-se-organizar-para-o-pagamento-do-13-dos-funcionarios.jpeg","type":"image\/jpeg"}],"author":"elleven","twitter_card":"summary_large_image","twitter_misc":{"Escrito por":"elleven","Est. tempo de leitura":"4 minutos"},"schema":{"@context":"https:\/\/schema.org","@graph":[{"@type":"WebPage","@id":"https:\/\/previews.elleven.digital\/acocearense\/como-se-organizar-para-o-pagamento-do-13o-dos-funcionarios\/","url":"https:\/\/previews.elleven.digital\/acocearense\/como-se-organizar-para-o-pagamento-do-13o-dos-funcionarios\/","name":"Como se organizar para o pagamento do 13\u00ba dos funcion\u00e1rios? - Grupo A\u00e7o Cearense","isPartOf":{"@id":"https:\/\/previews.elleven.digital\/acocearense\/#website"},"primaryImageOfPage":{"@id":"https:\/\/previews.elleven.digital\/acocearense\/como-se-organizar-para-o-pagamento-do-13o-dos-funcionarios\/#primaryimage"},"image":{"@id":"https:\/\/previews.elleven.digital\/acocearense\/como-se-organizar-para-o-pagamento-do-13o-dos-funcionarios\/#primaryimage"},"thumbnailUrl":"https:\/\/previews.elleven.digital\/acocearense\/wp-content\/uploads\/2025\/05\/como-se-organizar-para-o-pagamento-do-13-dos-funcionarios.jpeg","datePublished":"2017-10-24T11:24:58+00:00","dateModified":"2025-05-07T12:25:23+00:00","author":{"@id":"https:\/\/previews.elleven.digital\/acocearense\/#\/schema\/person\/8e9165eb3c33e0860485c7c5fc06a701"},"breadcrumb":{"@id":"https:\/\/previews.elleven.digital\/acocearense\/como-se-organizar-para-o-pagamento-do-13o-dos-funcionarios\/#breadcrumb"},"inLanguage":"pt-BR","potentialAction":[{"@type":"ReadAction","target":["https:\/\/previews.elleven.digital\/acocearense\/como-se-organizar-para-o-pagamento-do-13o-dos-funcionarios\/"]}]},{"@type":"ImageObject","inLanguage":"pt-BR","@id":"https:\/\/previews.elleven.digital\/acocearense\/como-se-organizar-para-o-pagamento-do-13o-dos-funcionarios\/#primaryimage","url":"https:\/\/previews.elleven.digital\/acocearense\/wp-content\/uploads\/2025\/05\/como-se-organizar-para-o-pagamento-do-13-dos-funcionarios.jpeg","contentUrl":"https:\/\/previews.elleven.digital\/acocearense\/wp-content\/uploads\/2025\/05\/como-se-organizar-para-o-pagamento-do-13-dos-funcionarios.jpeg","width":1000,"height":664},{"@type":"BreadcrumbList","@id":"https:\/\/previews.elleven.digital\/acocearense\/como-se-organizar-para-o-pagamento-do-13o-dos-funcionarios\/#breadcrumb","itemListElement":[{"@type":"ListItem","position":1,"name":"In\u00edcio","item":"https:\/\/previews.elleven.digital\/acocearense\/"},{"@type":"ListItem","position":2,"name":"Como se organizar para o pagamento do 13\u00ba dos funcion\u00e1rios?"}]},{"@type":"WebSite","@id":"https:\/\/previews.elleven.digital\/acocearense\/#website","url":"https:\/\/previews.elleven.digital\/acocearense\/","name":"A\u00e7o Cearense","description":"H\u00e1 mais de 45 anos no mercado brasileiro do a\u00e7o.","alternateName":"A\u00e7o Cearense","potentialAction":[{"@type":"SearchAction","target":{"@type":"EntryPoint","urlTemplate":"https:\/\/previews.elleven.digital\/acocearense\/?s={search_term_string}"},"query-input":{"@type":"PropertyValueSpecification","valueRequired":true,"valueName":"search_term_string"}}],"inLanguage":"pt-BR"},{"@type":"Person","@id":"https:\/\/previews.elleven.digital\/acocearense\/#\/schema\/person\/8e9165eb3c33e0860485c7c5fc06a701","name":"elleven","image":{"@type":"ImageObject","inLanguage":"pt-BR","@id":"https:\/\/previews.elleven.digital\/acocearense\/#\/schema\/person\/image\/","url":"https:\/\/secure.gravatar.com\/avatar\/2a6afb49d9ecfed5dbc6c9606ce318b8bd07c077835179bddfd5d8209c03cb29?s=96&d=mm&r=g","contentUrl":"https:\/\/secure.gravatar.com\/avatar\/2a6afb49d9ecfed5dbc6c9606ce318b8bd07c077835179bddfd5d8209c03cb29?s=96&d=mm&r=g","caption":"elleven"},"sameAs":["http:\/\/localhost\/acocearense"],"url":"https:\/\/previews.elleven.digital\/acocearense\/author\/elleven\/"}]}},"_links":{"self":[{"href":"https:\/\/previews.elleven.digital\/acocearense\/wp-json\/wp\/v2\/posts\/1022","targetHints":{"allow":["GET"]}}],"collection":[{"href":"https:\/\/previews.elleven.digital\/acocearense\/wp-json\/wp\/v2\/posts"}],"about":[{"href":"https:\/\/previews.elleven.digital\/acocearense\/wp-json\/wp\/v2\/types\/post"}],"author":[{"embeddable":true,"href":"https:\/\/previews.elleven.digital\/acocearense\/wp-json\/wp\/v2\/users\/1"}],"replies":[{"embeddable":true,"href":"https:\/\/previews.elleven.digital\/acocearense\/wp-json\/wp\/v2\/comments?post=1022"}],"version-history":[{"count":1,"href":"https:\/\/previews.elleven.digital\/acocearense\/wp-json\/wp\/v2\/posts\/1022\/revisions"}],"predecessor-version":[{"id":1023,"href":"https:\/\/previews.elleven.digital\/acocearense\/wp-json\/wp\/v2\/posts\/1022\/revisions\/1023"}],"wp:featuredmedia":[{"embeddable":true,"href":"https:\/\/previews.elleven.digital\/acocearense\/wp-json\/wp\/v2\/media\/1019"}],"wp:attachment":[{"href":"https:\/\/previews.elleven.digital\/acocearense\/wp-json\/wp\/v2\/media?parent=1022"}],"wp:term":[{"taxonomy":"category","embeddable":true,"href":"https:\/\/previews.elleven.digital\/acocearense\/wp-json\/wp\/v2\/categories?post=1022"},{"taxonomy":"post_tag","embeddable":true,"href":"https:\/\/previews.elleven.digital\/acocearense\/wp-json\/wp\/v2\/tags?post=1022"}],"curies":[{"name":"wp","href":"https:\/\/api.w.org\/{rel}","templated":true}]}}