{"id":1008,"date":"2017-10-18T09:21:09","date_gmt":"2017-10-18T11:21:09","guid":{"rendered":"https:\/\/previews.elleven.digital\/acocearense\/?p=1008"},"modified":"2025-05-07T09:21:38","modified_gmt":"2025-05-07T12:21:38","slug":"como-saber-se-a-sua-empresa-e-um-bom-local-para-trabalhar","status":"publish","type":"post","link":"https:\/\/previews.elleven.digital\/acocearense\/como-saber-se-a-sua-empresa-e-um-bom-local-para-trabalhar\/","title":{"rendered":"Como saber se a sua empresa \u00e9 um bom local para trabalhar?"},"content":{"rendered":"<p>Empresas consideradas um bom lugar para trabalhar costumam atrair e reter mais talentos, al\u00e9m de possu\u00edrem melhores resultados no mercado.\u00a0<a href=\"http:\/\/exame.abril.com.br\/pme\/pesquisa-mostra-que-bem-estar-da-equipe-traz-mais-lucros\/?utm_source=blog&amp;utm_campaign=rc_blogpost\" target=\"_blank\" rel=\"noopener noreferrer\">Segundo pesquisa<\/a>, elas s\u00e3o, em m\u00e9dia, 70% mais rent\u00e1veis e 86% mais produtivas que suas concorrentes.<\/p>\n<p>Para tanto, \u00e9 importante facilitar a comunica\u00e7\u00e3o interna, garantir o entrosamento entre os membros da equipe, investir no modelo de\u00a0<a href=\"https:\/\/previews.elleven.digital\/acocearense\/blog\/abrindo-o-negocio\/conheca-os-estilos-de-lideranca-e-seus-impactos-na-sua-empresa\/?utm_source=blog&amp;utm_campaign=rc_blogpost\">lideran\u00e7a pelo exemplo<\/a>, dentre outros. No final, seu estabelecimento ser\u00e1 um segundo lar para os profissionais.<\/p>\n<p>A quest\u00e3o: como mensurar isso? Como saber se a empresa \u00e9 realmente um bom lugar para trabalhar? Pensando nisso, separamos 4 dicas incr\u00edveis para eliminar essas d\u00favidas. Continue lendo nosso post e fique por dentro do assunto!<\/p>\n<h2>Fa\u00e7a uma pesquisa de satisfa\u00e7\u00e3o<\/h2>\n<p>Quem melhor que os colaboradores para avaliar o ambiente de trabalho? Ningu\u00e9m! Por isso, \u00e9 importante fazer uma pesquisa interna, com quest\u00f5es-chave, para avaliar o grau de satisfa\u00e7\u00e3o deles.<\/p>\n<p>Fa\u00e7a duas perguntas que devem respondidas com notas de 0 a 10. Veja:<\/p>\n<ul>\n<li>o quanto recomendaria a empresa como um bom lugar para trabalhar?<\/li>\n<li>qual o seu grau de satisfa\u00e7\u00e3o com o seu superior imediato?<\/li>\n<\/ul>\n<p>As respostas de 0 a 6 representam funcion\u00e1rios insatisfeitos, as de 7 e\u00a08 s\u00e3o funcion\u00e1rios neutros e, de 9 a 10, funcion\u00e1rios que est\u00e3o felizes com a firma.<\/p>\n<p>O objetivo, claro, \u00e9 ter o maior n\u00famero de notas entre 9 e 10\u00a0\u2014\u00a0isso comprovar\u00e1 a qualidade do local de trabalho.<\/p>\n<h2>Avalie o n\u00edvel de absente\u00edsmo<\/h2>\n<p>O absente\u00edsmo refere-se ao n\u00famero de faltas e atrasos dos funcion\u00e1rios, os quais podem ser por problemas de sa\u00fade,\u00a0<a href=\"https:\/\/previews.elleven.digital\/acocearense\/blog\/abrindo-o-negocio\/evite-acidentes-saiba-a-importancia-de-investir-na-sinalizacao-da-sua-loja-de-ferro-e-aco\/?utm_source=blog&amp;utm_campaign=rc_blogpost\">acidentes<\/a>\u00a0ou, ainda, o desinteresse. Mensurar esse \u00edndice pode ser outra \u00f3tima forma de avaliar a qualidade do ambiente interno. Veja como:<\/p>\n<p><em>Absente\u00edsmo (em %) = horas n\u00e3o trabalhadas \/ horas efetivamente trabalhadas x 100<\/em><\/p>\n<p>O resultado ideal deve ficar em torno de 1,5%, segundo a ABCQ (Associa\u00e7\u00e3o Brasileira de Controle da Qualidade).<\/p>\n<p>Se em seu estabelecimento o resultado for maior, \u00e9 preciso identificar o motivo \u2014 se n\u00e3o est\u00e1 ligado \u00e0 insatisfa\u00e7\u00e3o dos funcion\u00e1rios, por exemplo.<\/p>\n<h2>Reflita sobre a cesta de benef\u00edcios<\/h2>\n<p>Existem muitos benef\u00edcios que podem ser oferecidos por uma empresa. Al\u00e9m dos obrigat\u00f3rios (FGTS, 13\u00ba sal\u00e1rio, f\u00e9rias, etc.), h\u00e1 aqueles que s\u00e3o opcionais e comp\u00f5em uma cesta proposta aos funcion\u00e1rios. Isso tamb\u00e9m influencia na qualidade do ambiente de trabalho.<\/p>\n<p>Mesmo sem gastar muito, \u00e9 poss\u00edvel criar uma cesta interessante e que propicie conforto \u00e0 equipe.<\/p>\n<p>Bons exemplos de benef\u00edcios s\u00e3o: vale cultura, parcerias com escolas, creches e academias, hor\u00e1rios de trabalho flex\u00edveis etc. Avalie qual melhor se adapta ao seu neg\u00f3cio.<\/p>\n<h2>Considere os conflitos interpessoais<\/h2>\n<p>Em empresas que n\u00e3o propiciam bem-estar aos funcion\u00e1rios, o n\u00famero de\u00a0<a href=\"https:\/\/previews.elleven.digital\/acocearense\/blog\/abrindo-o-negocio\/gestao-de-conflitos\/?utm_source=blog&amp;utm_campaign=rc_blogpost\">conflitos interpessoais (fofocas, intrigas, agress\u00f5es)<\/a>\u00a0tende a ser maior. Isso porque, geralmente, a comunica\u00e7\u00e3o interna \u00e9 prec\u00e1ria, bem como o senso geral de pertencimento.<\/p>\n<p>Ent\u00e3o, avalie as informa\u00e7\u00f5es sobre os conflitos recentes, como: a periodicidade, principais causas e pessoas envolvidas. Depois, crie um bom plano para combater esse problema, como a implementa\u00e7\u00e3o de novos canais para o di\u00e1logo, por exemplo.<\/p>\n<p>Veja, agora voc\u00ea est\u00e1 por dentro do assunto. Ao aplicar nossas dicas, poder\u00e1 ter certeza se sua empresa \u00e9 um bom lugar para trabalho.<\/p>\n<p>Se for, parab\u00e9ns! Se n\u00e3o for, \u00e9 importante adotar medidas estrat\u00e9gicas de\u00a0<a href=\"https:\/\/previews.elleven.digital\/acocearense\/blog\/abrindo-o-negocio\/4-erros-de-gestao-de-pessoas-que-prejudicam-a-sua-loja-de-ferro-e-aco\/?utm_source=blog&amp;utm_campaign=rc_blogpost\">gest\u00e3o de pessoas<\/a>\u00a0para que o quadro se reverta.<\/p>\n<p>Gostou do nosso conte\u00fado? Aproveite para compartilha-lo em suas redes sociais e permitir que outras pessoas tamb\u00e9m\u00a0fiquem por dentro do assunto.<\/p>\n","protected":false},"excerpt":{"rendered":"<p>Empresas consideradas um bom lugar para trabalhar costumam atrair e reter mais talentos, al\u00e9m de(&#8230;)<\/p>\n","protected":false},"author":1,"featured_media":981,"comment_status":"open","ping_status":"open","sticky":false,"template":"","format":"standard","meta":{"_acf_changed":false,"inline_featured_image":false,"footnotes":""},"categories":[28],"tags":[],"class_list":["post-1008","post","type-post","status-publish","format-standard","has-post-thumbnail","hentry","category-gestao"],"acf":[],"yoast_head":"<!-- This site is optimized with the Yoast SEO plugin v25.9 - https:\/\/yoast.com\/wordpress\/plugins\/seo\/ -->\n<title>Como saber se a sua empresa \u00e9 um bom local para trabalhar? - Grupo A\u00e7o Cearense<\/title>\n<meta name=\"robots\" content=\"index, follow, max-snippet:-1, max-image-preview:large, max-video-preview:-1\" \/>\n<link rel=\"canonical\" href=\"https:\/\/previews.elleven.digital\/acocearense\/como-saber-se-a-sua-empresa-e-um-bom-local-para-trabalhar\/\" \/>\n<meta property=\"og:locale\" content=\"pt_BR\" \/>\n<meta property=\"og:type\" content=\"article\" \/>\n<meta property=\"og:title\" content=\"Como saber se a sua empresa \u00e9 um bom local para trabalhar? - Grupo A\u00e7o Cearense\" \/>\n<meta property=\"og:description\" content=\"Empresas consideradas um bom lugar para trabalhar costumam atrair e reter mais talentos, al\u00e9m de(...)\" \/>\n<meta property=\"og:url\" content=\"https:\/\/previews.elleven.digital\/acocearense\/como-saber-se-a-sua-empresa-e-um-bom-local-para-trabalhar\/\" \/>\n<meta property=\"og:site_name\" content=\"Grupo A\u00e7o Cearense\" \/>\n<meta property=\"article:published_time\" content=\"2017-10-18T11:21:09+00:00\" \/>\n<meta property=\"article:modified_time\" content=\"2025-05-07T12:21:38+00:00\" \/>\n<meta property=\"og:image\" content=\"https:\/\/previews.elleven.digital\/acocearense\/wp-content\/uploads\/2025\/05\/como-saber-se-a-sua-empresa-e-um-bom-local-para-trabalhar-1090x720-1.jpeg\" \/>\n\t<meta property=\"og:image:width\" content=\"1090\" \/>\n\t<meta property=\"og:image:height\" content=\"720\" \/>\n\t<meta property=\"og:image:type\" content=\"image\/jpeg\" \/>\n<meta name=\"author\" content=\"elleven\" \/>\n<meta name=\"twitter:card\" content=\"summary_large_image\" \/>\n<meta name=\"twitter:label1\" content=\"Escrito por\" \/>\n\t<meta name=\"twitter:data1\" content=\"elleven\" \/>\n\t<meta name=\"twitter:label2\" content=\"Est. tempo de leitura\" \/>\n\t<meta name=\"twitter:data2\" content=\"4 minutos\" \/>\n<script type=\"application\/ld+json\" class=\"yoast-schema-graph\">{\"@context\":\"https:\/\/schema.org\",\"@graph\":[{\"@type\":\"WebPage\",\"@id\":\"https:\/\/previews.elleven.digital\/acocearense\/como-saber-se-a-sua-empresa-e-um-bom-local-para-trabalhar\/\",\"url\":\"https:\/\/previews.elleven.digital\/acocearense\/como-saber-se-a-sua-empresa-e-um-bom-local-para-trabalhar\/\",\"name\":\"Como saber se a sua empresa \u00e9 um bom local para trabalhar? - Grupo A\u00e7o Cearense\",\"isPartOf\":{\"@id\":\"https:\/\/previews.elleven.digital\/acocearense\/#website\"},\"primaryImageOfPage\":{\"@id\":\"https:\/\/previews.elleven.digital\/acocearense\/como-saber-se-a-sua-empresa-e-um-bom-local-para-trabalhar\/#primaryimage\"},\"image\":{\"@id\":\"https:\/\/previews.elleven.digital\/acocearense\/como-saber-se-a-sua-empresa-e-um-bom-local-para-trabalhar\/#primaryimage\"},\"thumbnailUrl\":\"https:\/\/previews.elleven.digital\/acocearense\/wp-content\/uploads\/2025\/05\/como-saber-se-a-sua-empresa-e-um-bom-local-para-trabalhar-1090x720-1.jpeg\",\"datePublished\":\"2017-10-18T11:21:09+00:00\",\"dateModified\":\"2025-05-07T12:21:38+00:00\",\"author\":{\"@id\":\"https:\/\/previews.elleven.digital\/acocearense\/#\/schema\/person\/8e9165eb3c33e0860485c7c5fc06a701\"},\"breadcrumb\":{\"@id\":\"https:\/\/previews.elleven.digital\/acocearense\/como-saber-se-a-sua-empresa-e-um-bom-local-para-trabalhar\/#breadcrumb\"},\"inLanguage\":\"pt-BR\",\"potentialAction\":[{\"@type\":\"ReadAction\",\"target\":[\"https:\/\/previews.elleven.digital\/acocearense\/como-saber-se-a-sua-empresa-e-um-bom-local-para-trabalhar\/\"]}]},{\"@type\":\"ImageObject\",\"inLanguage\":\"pt-BR\",\"@id\":\"https:\/\/previews.elleven.digital\/acocearense\/como-saber-se-a-sua-empresa-e-um-bom-local-para-trabalhar\/#primaryimage\",\"url\":\"https:\/\/previews.elleven.digital\/acocearense\/wp-content\/uploads\/2025\/05\/como-saber-se-a-sua-empresa-e-um-bom-local-para-trabalhar-1090x720-1.jpeg\",\"contentUrl\":\"https:\/\/previews.elleven.digital\/acocearense\/wp-content\/uploads\/2025\/05\/como-saber-se-a-sua-empresa-e-um-bom-local-para-trabalhar-1090x720-1.jpeg\",\"width\":1090,\"height\":720},{\"@type\":\"BreadcrumbList\",\"@id\":\"https:\/\/previews.elleven.digital\/acocearense\/como-saber-se-a-sua-empresa-e-um-bom-local-para-trabalhar\/#breadcrumb\",\"itemListElement\":[{\"@type\":\"ListItem\",\"position\":1,\"name\":\"In\u00edcio\",\"item\":\"https:\/\/previews.elleven.digital\/acocearense\/\"},{\"@type\":\"ListItem\",\"position\":2,\"name\":\"Como saber se a sua empresa \u00e9 um bom local para trabalhar?\"}]},{\"@type\":\"WebSite\",\"@id\":\"https:\/\/previews.elleven.digital\/acocearense\/#website\",\"url\":\"https:\/\/previews.elleven.digital\/acocearense\/\",\"name\":\"A\u00e7o Cearense\",\"description\":\"H\u00e1 mais de 45 anos no mercado brasileiro do a\u00e7o.\",\"alternateName\":\"A\u00e7o Cearense\",\"potentialAction\":[{\"@type\":\"SearchAction\",\"target\":{\"@type\":\"EntryPoint\",\"urlTemplate\":\"https:\/\/previews.elleven.digital\/acocearense\/?s={search_term_string}\"},\"query-input\":{\"@type\":\"PropertyValueSpecification\",\"valueRequired\":true,\"valueName\":\"search_term_string\"}}],\"inLanguage\":\"pt-BR\"},{\"@type\":\"Person\",\"@id\":\"https:\/\/previews.elleven.digital\/acocearense\/#\/schema\/person\/8e9165eb3c33e0860485c7c5fc06a701\",\"name\":\"elleven\",\"image\":{\"@type\":\"ImageObject\",\"inLanguage\":\"pt-BR\",\"@id\":\"https:\/\/previews.elleven.digital\/acocearense\/#\/schema\/person\/image\/\",\"url\":\"https:\/\/secure.gravatar.com\/avatar\/2a6afb49d9ecfed5dbc6c9606ce318b8bd07c077835179bddfd5d8209c03cb29?s=96&d=mm&r=g\",\"contentUrl\":\"https:\/\/secure.gravatar.com\/avatar\/2a6afb49d9ecfed5dbc6c9606ce318b8bd07c077835179bddfd5d8209c03cb29?s=96&d=mm&r=g\",\"caption\":\"elleven\"},\"sameAs\":[\"http:\/\/localhost\/acocearense\"],\"url\":\"https:\/\/previews.elleven.digital\/acocearense\/author\/elleven\/\"}]}<\/script>\n<!-- \/ Yoast SEO plugin. -->","yoast_head_json":{"title":"Como saber se a sua empresa \u00e9 um bom local para trabalhar? - Grupo A\u00e7o Cearense","robots":{"index":"index","follow":"follow","max-snippet":"max-snippet:-1","max-image-preview":"max-image-preview:large","max-video-preview":"max-video-preview:-1"},"canonical":"https:\/\/previews.elleven.digital\/acocearense\/como-saber-se-a-sua-empresa-e-um-bom-local-para-trabalhar\/","og_locale":"pt_BR","og_type":"article","og_title":"Como saber se a sua empresa \u00e9 um bom local para trabalhar? - Grupo A\u00e7o Cearense","og_description":"Empresas consideradas um bom lugar para trabalhar costumam atrair e reter mais talentos, al\u00e9m de(...)","og_url":"https:\/\/previews.elleven.digital\/acocearense\/como-saber-se-a-sua-empresa-e-um-bom-local-para-trabalhar\/","og_site_name":"Grupo A\u00e7o Cearense","article_published_time":"2017-10-18T11:21:09+00:00","article_modified_time":"2025-05-07T12:21:38+00:00","og_image":[{"width":1090,"height":720,"url":"https:\/\/previews.elleven.digital\/acocearense\/wp-content\/uploads\/2025\/05\/como-saber-se-a-sua-empresa-e-um-bom-local-para-trabalhar-1090x720-1.jpeg","type":"image\/jpeg"}],"author":"elleven","twitter_card":"summary_large_image","twitter_misc":{"Escrito por":"elleven","Est. tempo de leitura":"4 minutos"},"schema":{"@context":"https:\/\/schema.org","@graph":[{"@type":"WebPage","@id":"https:\/\/previews.elleven.digital\/acocearense\/como-saber-se-a-sua-empresa-e-um-bom-local-para-trabalhar\/","url":"https:\/\/previews.elleven.digital\/acocearense\/como-saber-se-a-sua-empresa-e-um-bom-local-para-trabalhar\/","name":"Como saber se a sua empresa \u00e9 um bom local para trabalhar? - Grupo A\u00e7o Cearense","isPartOf":{"@id":"https:\/\/previews.elleven.digital\/acocearense\/#website"},"primaryImageOfPage":{"@id":"https:\/\/previews.elleven.digital\/acocearense\/como-saber-se-a-sua-empresa-e-um-bom-local-para-trabalhar\/#primaryimage"},"image":{"@id":"https:\/\/previews.elleven.digital\/acocearense\/como-saber-se-a-sua-empresa-e-um-bom-local-para-trabalhar\/#primaryimage"},"thumbnailUrl":"https:\/\/previews.elleven.digital\/acocearense\/wp-content\/uploads\/2025\/05\/como-saber-se-a-sua-empresa-e-um-bom-local-para-trabalhar-1090x720-1.jpeg","datePublished":"2017-10-18T11:21:09+00:00","dateModified":"2025-05-07T12:21:38+00:00","author":{"@id":"https:\/\/previews.elleven.digital\/acocearense\/#\/schema\/person\/8e9165eb3c33e0860485c7c5fc06a701"},"breadcrumb":{"@id":"https:\/\/previews.elleven.digital\/acocearense\/como-saber-se-a-sua-empresa-e-um-bom-local-para-trabalhar\/#breadcrumb"},"inLanguage":"pt-BR","potentialAction":[{"@type":"ReadAction","target":["https:\/\/previews.elleven.digital\/acocearense\/como-saber-se-a-sua-empresa-e-um-bom-local-para-trabalhar\/"]}]},{"@type":"ImageObject","inLanguage":"pt-BR","@id":"https:\/\/previews.elleven.digital\/acocearense\/como-saber-se-a-sua-empresa-e-um-bom-local-para-trabalhar\/#primaryimage","url":"https:\/\/previews.elleven.digital\/acocearense\/wp-content\/uploads\/2025\/05\/como-saber-se-a-sua-empresa-e-um-bom-local-para-trabalhar-1090x720-1.jpeg","contentUrl":"https:\/\/previews.elleven.digital\/acocearense\/wp-content\/uploads\/2025\/05\/como-saber-se-a-sua-empresa-e-um-bom-local-para-trabalhar-1090x720-1.jpeg","width":1090,"height":720},{"@type":"BreadcrumbList","@id":"https:\/\/previews.elleven.digital\/acocearense\/como-saber-se-a-sua-empresa-e-um-bom-local-para-trabalhar\/#breadcrumb","itemListElement":[{"@type":"ListItem","position":1,"name":"In\u00edcio","item":"https:\/\/previews.elleven.digital\/acocearense\/"},{"@type":"ListItem","position":2,"name":"Como saber se a sua empresa \u00e9 um bom local para trabalhar?"}]},{"@type":"WebSite","@id":"https:\/\/previews.elleven.digital\/acocearense\/#website","url":"https:\/\/previews.elleven.digital\/acocearense\/","name":"A\u00e7o Cearense","description":"H\u00e1 mais de 45 anos no mercado brasileiro do a\u00e7o.","alternateName":"A\u00e7o Cearense","potentialAction":[{"@type":"SearchAction","target":{"@type":"EntryPoint","urlTemplate":"https:\/\/previews.elleven.digital\/acocearense\/?s={search_term_string}"},"query-input":{"@type":"PropertyValueSpecification","valueRequired":true,"valueName":"search_term_string"}}],"inLanguage":"pt-BR"},{"@type":"Person","@id":"https:\/\/previews.elleven.digital\/acocearense\/#\/schema\/person\/8e9165eb3c33e0860485c7c5fc06a701","name":"elleven","image":{"@type":"ImageObject","inLanguage":"pt-BR","@id":"https:\/\/previews.elleven.digital\/acocearense\/#\/schema\/person\/image\/","url":"https:\/\/secure.gravatar.com\/avatar\/2a6afb49d9ecfed5dbc6c9606ce318b8bd07c077835179bddfd5d8209c03cb29?s=96&d=mm&r=g","contentUrl":"https:\/\/secure.gravatar.com\/avatar\/2a6afb49d9ecfed5dbc6c9606ce318b8bd07c077835179bddfd5d8209c03cb29?s=96&d=mm&r=g","caption":"elleven"},"sameAs":["http:\/\/localhost\/acocearense"],"url":"https:\/\/previews.elleven.digital\/acocearense\/author\/elleven\/"}]}},"_links":{"self":[{"href":"https:\/\/previews.elleven.digital\/acocearense\/wp-json\/wp\/v2\/posts\/1008","targetHints":{"allow":["GET"]}}],"collection":[{"href":"https:\/\/previews.elleven.digital\/acocearense\/wp-json\/wp\/v2\/posts"}],"about":[{"href":"https:\/\/previews.elleven.digital\/acocearense\/wp-json\/wp\/v2\/types\/post"}],"author":[{"embeddable":true,"href":"https:\/\/previews.elleven.digital\/acocearense\/wp-json\/wp\/v2\/users\/1"}],"replies":[{"embeddable":true,"href":"https:\/\/previews.elleven.digital\/acocearense\/wp-json\/wp\/v2\/comments?post=1008"}],"version-history":[{"count":1,"href":"https:\/\/previews.elleven.digital\/acocearense\/wp-json\/wp\/v2\/posts\/1008\/revisions"}],"predecessor-version":[{"id":1009,"href":"https:\/\/previews.elleven.digital\/acocearense\/wp-json\/wp\/v2\/posts\/1008\/revisions\/1009"}],"wp:featuredmedia":[{"embeddable":true,"href":"https:\/\/previews.elleven.digital\/acocearense\/wp-json\/wp\/v2\/media\/981"}],"wp:attachment":[{"href":"https:\/\/previews.elleven.digital\/acocearense\/wp-json\/wp\/v2\/media?parent=1008"}],"wp:term":[{"taxonomy":"category","embeddable":true,"href":"https:\/\/previews.elleven.digital\/acocearense\/wp-json\/wp\/v2\/categories?post=1008"},{"taxonomy":"post_tag","embeddable":true,"href":"https:\/\/previews.elleven.digital\/acocearense\/wp-json\/wp\/v2\/tags?post=1008"}],"curies":[{"name":"wp","href":"https:\/\/api.w.org\/{rel}","templated":true}]}}