{"id":1000,"date":"2017-09-08T09:18:56","date_gmt":"2017-09-08T12:18:56","guid":{"rendered":"https:\/\/previews.elleven.digital\/acocearense\/?p=1000"},"modified":"2025-05-07T09:19:27","modified_gmt":"2025-05-07T12:19:27","slug":"conheca-os-estilos-de-lideranca-e-seus-impactos-na-sua-empresa","status":"publish","type":"post","link":"https:\/\/previews.elleven.digital\/acocearense\/conheca-os-estilos-de-lideranca-e-seus-impactos-na-sua-empresa\/","title":{"rendered":"Conhe\u00e7a os estilos de lideran\u00e7a e seus impactos na sua empresa"},"content":{"rendered":"<p>Existem diversos estilos de lideran\u00e7a empresarial. Enquanto alguns l\u00edderes s\u00e3o mais centralizadores,\u00a0outros preferem delegar as atividades di\u00e1rias para sua equipe, e \u00e9 importante conhecer esses perfis para entender como cada um influencia na companhia.<\/p>\n<p>Um bom l\u00edder pode colocar toda a empresa nos eixos, direcionando-a para o sucesso. Alguns acreditam que a lideran\u00e7a \u00e9 um dom inato, que j\u00e1 nasce com o indiv\u00edduo. Outros pensam que essa habilidade pode ser desenvolvida ao longo da vida. Na realidade, ambos est\u00e3o certos.<\/p>\n<p>No post de hoje, falaremos sobre os diferentes estilos de lideran\u00e7a e seus impactos na empresa, as principiais habilidades de um l\u00edder e como elas podem ser desenvolvidas. Confira!<\/p>\n<h2>Afinal, o que \u00e9 lideran\u00e7a?<\/h2>\n<p>Peter Drucker, considerado o pai da administra\u00e7\u00e3o moderna, afirma que \u201ca \u00fanica defini\u00e7\u00e3o de l\u00edder \u00e9 algu\u00e9m que possui seguidores\u201d. Assim, qualquer pessoa que consiga influenciar e\u00a0<a href=\"https:\/\/previews.elleven.digital\/acocearense\/blog\/gestao\/gestao-de-pessoas-por-que-sua-loja-de-ferro-e-aco-precisa-investir-nisso\/?utm_source=blog&amp;utm_campaign=rc_blogpost\">direcionar outras pessoas<\/a>\u00a0pode ser chamada de l\u00edder, independentemente do seu poder posicional ou n\u00edvel educacional.<\/p>\n<p>No contexto empresarial, \u00e9 poss\u00edvel estabelecer um conceito mais espec\u00edfico. Um l\u00edder \u00e9 algu\u00e9m capaz de alcan\u00e7ar resultados por meio da for\u00e7a de trabalho dos seus liderados, direcionando-os e inspirando-os \u00e0 a\u00e7\u00e3o. Assim, \u00e9 considerado um protagonista.<\/p>\n<p>Antes, tinha-se a ideia que os l\u00edderes j\u00e1 nasciam assim: esse pensamento \u00e9 conhecido como \u201cteoria dos tra\u00e7os da lideran\u00e7a\u201d. Ent\u00e3o, eles deveriam\u00a0vir de uma fam\u00edlia rica, ter porte atl\u00e9tico e ex\u00edmia habilidade de comunica\u00e7\u00e3o. Hoje, no entanto, sabe-se que a verdadeira lideran\u00e7a \u00e9 desenvolvida, assim como um atleta que treina todos os dias para se tornar melhor.<\/p>\n<h2>Principais estilos de lideran\u00e7a<\/h2>\n<p>Existem muitos estilos de lideran\u00e7a, mas todos s\u00e3o ramifica\u00e7\u00f5es de tr\u00eas principais. Basicamente, consistem na forma como o l\u00edder direciona seu time e enxerga os desafios di\u00e1rios. Esses estilos foram criados pelo psic\u00f3logo Kurt Lewin ap\u00f3s longos estudos.<\/p>\n<p>Veja, agora, os principais tipos:<\/p>\n<h3>Autocr\u00e1tico<\/h3>\n<p>O l\u00edder que possui esse perfil \u00e9 centralizador e toma suas decis\u00f5es de forma unilateral, sem pedir a opini\u00e3o dos seus subordinados. Costuma conduzir as atividades do dia a dia de forma dominante, dizendo o que e como deve ser feito.<\/p>\n<h3>Democr\u00e1tico<\/h3>\n<p>Esse \u00e9 menos centralizador, e costuma incentivar a participa\u00e7\u00e3o das pessoas a sua volta, al\u00e9m de priorizar\u00a0o trabalho em grupo. O l\u00edder democr\u00e1tico tamb\u00e9m costuma delegar atividades, deixando que outras pessoas tomem decis\u00f5es sobre o que precisa ser feito.<\/p>\n<h3>Liberal (Laissez-faire)<\/h3>\n<p>O \u00faltimo representa um l\u00edder passivo, que observa a atua\u00e7\u00e3o dos seus subordinados e d\u00e1 pouca opini\u00e3o sobre o que fazer tanto no dia a dia quanto em situa\u00e7\u00f5es mais cr\u00edticas. Nesse caso, ele deixa que os pr\u00f3prios liderados tomem as decis\u00f5es sobre o que e como deve ser feito.<\/p>\n<p>Na pr\u00e1tica, um \u00fanico l\u00edder pode navegar pelos tr\u00eas estilos de acordo com as condi\u00e7\u00f5es apresentadas. \u00c9 poss\u00edvel que em um momento de crise assuma uma postura autocr\u00e1tica, centralizando as decis\u00f5es. Em outros, atue de forma democr\u00e1tica ou, ainda, liberal.<\/p>\n<h2>Orienta\u00e7\u00e3o pr\u00e1tica da lideran\u00e7a<\/h2>\n<p>Ainda \u00e9 importante considerar uma segunda coisa: a orienta\u00e7\u00e3o. Grosso modo, alguns l\u00edderes s\u00e3o direcionados para as tarefas di\u00e1rias, enquanto outros priorizam as pessoas a sua volta. Isso pode determinar sua postura dentro da empresa e como suas escolhas s\u00e3o feitas.<\/p>\n<p>Para ficar claro, um l\u00edder orientado para tarefas preocupa-se muito mais com os prazos, metas, padr\u00f5es e custos. No segundo caso, a preocupa\u00e7\u00e3o est\u00e1 no bem-estar dos indiv\u00edduos, melhoria do clima de trabalho, motiva\u00e7\u00e3o e assim por diante. E qual \u00e9 o melhor?<\/p>\n<p>A realidade \u00e9 que s\u00e3o orienta\u00e7\u00f5es complementares, que devem estar presentes na mesma pessoas. Por isso, \u00e9 preciso que o l\u00edder tenha equil\u00edbrio. Quando os dois padr\u00f5es s\u00e3o combinados em um comportamento, tem-se a lideran\u00e7a bidimensional.<\/p>\n<h2>O estilo de lideran\u00e7a ideal para exercer<\/h2>\n<p>Antes de falar sobre o estilo ideal, \u00e9 importante entender do que depende o sucesso de uma lideran\u00e7a. Todo l\u00edder empresarial atua em um ambiente amplo e incerto, conhecido como mercado. Al\u00e9m disso, conduz um time de pessoas com habilidades diferentes.<\/p>\n<p>Com base nessa reflex\u00e3o, \u00e9 poss\u00edvel destacar tr\u00eas itens fundamentais para o sucesso:<\/p>\n<ul>\n<li>o pr\u00f3prio l\u00edder: protagonista;<\/li>\n<li>o contexto: mercado de atua\u00e7\u00e3o;<\/li>\n<li>os liderados: equipe de trabalho.<\/li>\n<\/ul>\n<p>Assim, o estilo ideal pode variar de acordo com o contexto e a equipe de trabalho. Por isso, \u00e9 importante que o l\u00edder tenha uma caracter\u00edstica conhecida como intelig\u00eancia contextual. \u00c9 preciso entender o que est\u00e1 acontecendo a sua volta para depois assumir uma posi\u00e7\u00e3o.<\/p>\n<p>Um l\u00edder com intelig\u00eancia contextual consegue realizar um diagn\u00f3stico intuitivo para agir, levando em considera\u00e7\u00e3o fatores como o grau de maturidade do seu time, a complexidade das metas a serem alcan\u00e7adas e as mudan\u00e7as mercadol\u00f3gicas.<\/p>\n<h2>Principais compet\u00eancias de um l\u00edder<\/h2>\n<p>Al\u00e9m da intelig\u00eancia contextual, existem outras compet\u00eancias presentes em um protagonista bem-sucedido. Com elas, \u00e9 poss\u00edvel tornar-se um l\u00edder que inspira grandes conquistas,\u00a0<a href=\"https:\/\/previews.elleven.digital\/acocearense\/blog\/abrindo-o-negocio\/motivacao-dos-funcionarios-5-dicas-que-realmente-funcionam\/?utm_source=blog&amp;utm_campaign=rc_blogpost\">engajando todo o time<\/a>\u00a0na busca por resultados exponenciais. Veja:<\/p>\n<h3>Disciplina di\u00e1ria<\/h3>\n<p>O l\u00edder deve ser o exemplo no que faz. Para isso, precisa de disciplina. Deve ser o primeiro a chegar e o \u00faltimo a sair, abra\u00e7ar os desafios di\u00e1rios, colocar a \u201cm\u00e3o na massa\u201d e almejar por resultados sempre melhores. Resumindo, deve ser produtivo.<\/p>\n<h3>Habilidades sociais<\/h3>\n<p>Refere-se \u00e0 capacidade de criar v\u00ednculos interpessoais, seja com seus liderados ou com parceiros estrat\u00e9gicos. Ao fazer isso, conseguir\u00e1 se comunicar melhor,\u00a0<a href=\"https:\/\/previews.elleven.digital\/acocearense\/blog\/abrindo-o-negocio\/gestao-de-conflitos-como-resolver-atritos-entre-os-funcionarios-na-sua-loja-de-ferro-e-aco\/?utm_source=blog&amp;utm_campaign=rc_blogpost\">gerenciar conflitos<\/a>\u00a0e conduzir todos a um \u00fanico lugar:\u00a0o sucesso.<\/p>\n<h3>Insatisfa\u00e7\u00e3o cont\u00ednua<\/h3>\n<p>Um grande l\u00edder nunca est\u00e1 satisfeito com o que tem, por isso deseja alcan\u00e7ar resultados ainda maiores. Essa mesma insatisfa\u00e7\u00e3o positiva \u00e9 transmitida ao time de funcion\u00e1rios. No final, todos conseguem chegar a um novo patamar.<\/p>\n<p>Veja, essas s\u00e3o grandes caracter\u00edsticas de um l\u00edder. Ainda h\u00e1 mais uma: a paix\u00e3o pelo que faz. E \u00e9 por isso que se torna t\u00e3o influente, capaz de apontar o caminho a ser seguido e se adaptar as transforma\u00e7\u00f5es para entregar melhores resultados. Verdadeiros l\u00edderes s\u00e3o apaixonados.<\/p>\n<p>Agora que voc\u00ea entendeu os principais estilos de lideran\u00e7a e habilidades que precisa desenvolver, que tal continuar acompanhando outras novidades sobre carreira e muito mais?\u00a0Assine nossa newsletter e receba todos os conte\u00fados do blog diretamente no\u00a0seu e-mail!<\/p>\n","protected":false},"excerpt":{"rendered":"<p>Existem diversos estilos de lideran\u00e7a empresarial. Enquanto alguns l\u00edderes s\u00e3o mais centralizadores,\u00a0outros preferem delegar as(&#8230;)<\/p>\n","protected":false},"author":1,"featured_media":985,"comment_status":"open","ping_status":"open","sticky":false,"template":"","format":"standard","meta":{"_acf_changed":false,"inline_featured_image":false,"footnotes":""},"categories":[28],"tags":[],"class_list":["post-1000","post","type-post","status-publish","format-standard","has-post-thumbnail","hentry","category-gestao"],"acf":[],"yoast_head":"<!-- This site is optimized with the Yoast SEO plugin v25.9 - https:\/\/yoast.com\/wordpress\/plugins\/seo\/ -->\n<title>Conhe\u00e7a os estilos de lideran\u00e7a e seus impactos na sua empresa - Grupo A\u00e7o Cearense<\/title>\n<meta name=\"robots\" content=\"index, follow, max-snippet:-1, max-image-preview:large, max-video-preview:-1\" \/>\n<link rel=\"canonical\" href=\"https:\/\/previews.elleven.digital\/acocearense\/conheca-os-estilos-de-lideranca-e-seus-impactos-na-sua-empresa\/\" \/>\n<meta property=\"og:locale\" content=\"pt_BR\" \/>\n<meta property=\"og:type\" content=\"article\" \/>\n<meta property=\"og:title\" content=\"Conhe\u00e7a os estilos de lideran\u00e7a e seus impactos na sua empresa - Grupo A\u00e7o Cearense\" \/>\n<meta property=\"og:description\" content=\"Existem diversos estilos de lideran\u00e7a empresarial. Enquanto alguns l\u00edderes s\u00e3o mais centralizadores,\u00a0outros preferem delegar as(...)\" \/>\n<meta property=\"og:url\" content=\"https:\/\/previews.elleven.digital\/acocearense\/conheca-os-estilos-de-lideranca-e-seus-impactos-na-sua-empresa\/\" \/>\n<meta property=\"og:site_name\" content=\"Grupo A\u00e7o Cearense\" \/>\n<meta property=\"article:published_time\" content=\"2017-09-08T12:18:56+00:00\" \/>\n<meta property=\"article:modified_time\" content=\"2025-05-07T12:19:27+00:00\" \/>\n<meta property=\"og:image\" content=\"https:\/\/previews.elleven.digital\/acocearense\/wp-content\/uploads\/2025\/05\/conheca-os-estilos-de-lideranca-e-seus-impactos-na-sua-empresa.jpeg\" \/>\n\t<meta property=\"og:image:width\" content=\"1000\" \/>\n\t<meta property=\"og:image:height\" content=\"667\" \/>\n\t<meta property=\"og:image:type\" content=\"image\/jpeg\" \/>\n<meta name=\"author\" content=\"elleven\" \/>\n<meta name=\"twitter:card\" content=\"summary_large_image\" \/>\n<meta name=\"twitter:label1\" content=\"Escrito por\" \/>\n\t<meta name=\"twitter:data1\" content=\"elleven\" \/>\n\t<meta name=\"twitter:label2\" content=\"Est. tempo de leitura\" \/>\n\t<meta name=\"twitter:data2\" content=\"1 minuto\" \/>\n<script type=\"application\/ld+json\" class=\"yoast-schema-graph\">{\"@context\":\"https:\/\/schema.org\",\"@graph\":[{\"@type\":\"WebPage\",\"@id\":\"https:\/\/previews.elleven.digital\/acocearense\/conheca-os-estilos-de-lideranca-e-seus-impactos-na-sua-empresa\/\",\"url\":\"https:\/\/previews.elleven.digital\/acocearense\/conheca-os-estilos-de-lideranca-e-seus-impactos-na-sua-empresa\/\",\"name\":\"Conhe\u00e7a os estilos de lideran\u00e7a e seus impactos na sua empresa - Grupo A\u00e7o Cearense\",\"isPartOf\":{\"@id\":\"https:\/\/previews.elleven.digital\/acocearense\/#website\"},\"primaryImageOfPage\":{\"@id\":\"https:\/\/previews.elleven.digital\/acocearense\/conheca-os-estilos-de-lideranca-e-seus-impactos-na-sua-empresa\/#primaryimage\"},\"image\":{\"@id\":\"https:\/\/previews.elleven.digital\/acocearense\/conheca-os-estilos-de-lideranca-e-seus-impactos-na-sua-empresa\/#primaryimage\"},\"thumbnailUrl\":\"https:\/\/previews.elleven.digital\/acocearense\/wp-content\/uploads\/2025\/05\/conheca-os-estilos-de-lideranca-e-seus-impactos-na-sua-empresa.jpeg\",\"datePublished\":\"2017-09-08T12:18:56+00:00\",\"dateModified\":\"2025-05-07T12:19:27+00:00\",\"author\":{\"@id\":\"https:\/\/previews.elleven.digital\/acocearense\/#\/schema\/person\/8e9165eb3c33e0860485c7c5fc06a701\"},\"breadcrumb\":{\"@id\":\"https:\/\/previews.elleven.digital\/acocearense\/conheca-os-estilos-de-lideranca-e-seus-impactos-na-sua-empresa\/#breadcrumb\"},\"inLanguage\":\"pt-BR\",\"potentialAction\":[{\"@type\":\"ReadAction\",\"target\":[\"https:\/\/previews.elleven.digital\/acocearense\/conheca-os-estilos-de-lideranca-e-seus-impactos-na-sua-empresa\/\"]}]},{\"@type\":\"ImageObject\",\"inLanguage\":\"pt-BR\",\"@id\":\"https:\/\/previews.elleven.digital\/acocearense\/conheca-os-estilos-de-lideranca-e-seus-impactos-na-sua-empresa\/#primaryimage\",\"url\":\"https:\/\/previews.elleven.digital\/acocearense\/wp-content\/uploads\/2025\/05\/conheca-os-estilos-de-lideranca-e-seus-impactos-na-sua-empresa.jpeg\",\"contentUrl\":\"https:\/\/previews.elleven.digital\/acocearense\/wp-content\/uploads\/2025\/05\/conheca-os-estilos-de-lideranca-e-seus-impactos-na-sua-empresa.jpeg\",\"width\":1000,\"height\":667},{\"@type\":\"BreadcrumbList\",\"@id\":\"https:\/\/previews.elleven.digital\/acocearense\/conheca-os-estilos-de-lideranca-e-seus-impactos-na-sua-empresa\/#breadcrumb\",\"itemListElement\":[{\"@type\":\"ListItem\",\"position\":1,\"name\":\"In\u00edcio\",\"item\":\"https:\/\/previews.elleven.digital\/acocearense\/\"},{\"@type\":\"ListItem\",\"position\":2,\"name\":\"Conhe\u00e7a os estilos de lideran\u00e7a e seus impactos na sua empresa\"}]},{\"@type\":\"WebSite\",\"@id\":\"https:\/\/previews.elleven.digital\/acocearense\/#website\",\"url\":\"https:\/\/previews.elleven.digital\/acocearense\/\",\"name\":\"A\u00e7o Cearense\",\"description\":\"H\u00e1 mais de 45 anos no mercado brasileiro do a\u00e7o.\",\"alternateName\":\"A\u00e7o Cearense\",\"potentialAction\":[{\"@type\":\"SearchAction\",\"target\":{\"@type\":\"EntryPoint\",\"urlTemplate\":\"https:\/\/previews.elleven.digital\/acocearense\/?s={search_term_string}\"},\"query-input\":{\"@type\":\"PropertyValueSpecification\",\"valueRequired\":true,\"valueName\":\"search_term_string\"}}],\"inLanguage\":\"pt-BR\"},{\"@type\":\"Person\",\"@id\":\"https:\/\/previews.elleven.digital\/acocearense\/#\/schema\/person\/8e9165eb3c33e0860485c7c5fc06a701\",\"name\":\"elleven\",\"image\":{\"@type\":\"ImageObject\",\"inLanguage\":\"pt-BR\",\"@id\":\"https:\/\/previews.elleven.digital\/acocearense\/#\/schema\/person\/image\/\",\"url\":\"https:\/\/secure.gravatar.com\/avatar\/2a6afb49d9ecfed5dbc6c9606ce318b8bd07c077835179bddfd5d8209c03cb29?s=96&d=mm&r=g\",\"contentUrl\":\"https:\/\/secure.gravatar.com\/avatar\/2a6afb49d9ecfed5dbc6c9606ce318b8bd07c077835179bddfd5d8209c03cb29?s=96&d=mm&r=g\",\"caption\":\"elleven\"},\"sameAs\":[\"http:\/\/localhost\/acocearense\"],\"url\":\"https:\/\/previews.elleven.digital\/acocearense\/author\/elleven\/\"}]}<\/script>\n<!-- \/ Yoast SEO plugin. -->","yoast_head_json":{"title":"Conhe\u00e7a os estilos de lideran\u00e7a e seus impactos na sua empresa - Grupo A\u00e7o Cearense","robots":{"index":"index","follow":"follow","max-snippet":"max-snippet:-1","max-image-preview":"max-image-preview:large","max-video-preview":"max-video-preview:-1"},"canonical":"https:\/\/previews.elleven.digital\/acocearense\/conheca-os-estilos-de-lideranca-e-seus-impactos-na-sua-empresa\/","og_locale":"pt_BR","og_type":"article","og_title":"Conhe\u00e7a os estilos de lideran\u00e7a e seus impactos na sua empresa - Grupo A\u00e7o Cearense","og_description":"Existem diversos estilos de lideran\u00e7a empresarial. Enquanto alguns l\u00edderes s\u00e3o mais centralizadores,\u00a0outros preferem delegar as(...)","og_url":"https:\/\/previews.elleven.digital\/acocearense\/conheca-os-estilos-de-lideranca-e-seus-impactos-na-sua-empresa\/","og_site_name":"Grupo A\u00e7o Cearense","article_published_time":"2017-09-08T12:18:56+00:00","article_modified_time":"2025-05-07T12:19:27+00:00","og_image":[{"width":1000,"height":667,"url":"https:\/\/previews.elleven.digital\/acocearense\/wp-content\/uploads\/2025\/05\/conheca-os-estilos-de-lideranca-e-seus-impactos-na-sua-empresa.jpeg","type":"image\/jpeg"}],"author":"elleven","twitter_card":"summary_large_image","twitter_misc":{"Escrito por":"elleven","Est. tempo de leitura":"1 minuto"},"schema":{"@context":"https:\/\/schema.org","@graph":[{"@type":"WebPage","@id":"https:\/\/previews.elleven.digital\/acocearense\/conheca-os-estilos-de-lideranca-e-seus-impactos-na-sua-empresa\/","url":"https:\/\/previews.elleven.digital\/acocearense\/conheca-os-estilos-de-lideranca-e-seus-impactos-na-sua-empresa\/","name":"Conhe\u00e7a os estilos de lideran\u00e7a e seus impactos na sua empresa - Grupo A\u00e7o Cearense","isPartOf":{"@id":"https:\/\/previews.elleven.digital\/acocearense\/#website"},"primaryImageOfPage":{"@id":"https:\/\/previews.elleven.digital\/acocearense\/conheca-os-estilos-de-lideranca-e-seus-impactos-na-sua-empresa\/#primaryimage"},"image":{"@id":"https:\/\/previews.elleven.digital\/acocearense\/conheca-os-estilos-de-lideranca-e-seus-impactos-na-sua-empresa\/#primaryimage"},"thumbnailUrl":"https:\/\/previews.elleven.digital\/acocearense\/wp-content\/uploads\/2025\/05\/conheca-os-estilos-de-lideranca-e-seus-impactos-na-sua-empresa.jpeg","datePublished":"2017-09-08T12:18:56+00:00","dateModified":"2025-05-07T12:19:27+00:00","author":{"@id":"https:\/\/previews.elleven.digital\/acocearense\/#\/schema\/person\/8e9165eb3c33e0860485c7c5fc06a701"},"breadcrumb":{"@id":"https:\/\/previews.elleven.digital\/acocearense\/conheca-os-estilos-de-lideranca-e-seus-impactos-na-sua-empresa\/#breadcrumb"},"inLanguage":"pt-BR","potentialAction":[{"@type":"ReadAction","target":["https:\/\/previews.elleven.digital\/acocearense\/conheca-os-estilos-de-lideranca-e-seus-impactos-na-sua-empresa\/"]}]},{"@type":"ImageObject","inLanguage":"pt-BR","@id":"https:\/\/previews.elleven.digital\/acocearense\/conheca-os-estilos-de-lideranca-e-seus-impactos-na-sua-empresa\/#primaryimage","url":"https:\/\/previews.elleven.digital\/acocearense\/wp-content\/uploads\/2025\/05\/conheca-os-estilos-de-lideranca-e-seus-impactos-na-sua-empresa.jpeg","contentUrl":"https:\/\/previews.elleven.digital\/acocearense\/wp-content\/uploads\/2025\/05\/conheca-os-estilos-de-lideranca-e-seus-impactos-na-sua-empresa.jpeg","width":1000,"height":667},{"@type":"BreadcrumbList","@id":"https:\/\/previews.elleven.digital\/acocearense\/conheca-os-estilos-de-lideranca-e-seus-impactos-na-sua-empresa\/#breadcrumb","itemListElement":[{"@type":"ListItem","position":1,"name":"In\u00edcio","item":"https:\/\/previews.elleven.digital\/acocearense\/"},{"@type":"ListItem","position":2,"name":"Conhe\u00e7a os estilos de lideran\u00e7a e seus impactos na sua empresa"}]},{"@type":"WebSite","@id":"https:\/\/previews.elleven.digital\/acocearense\/#website","url":"https:\/\/previews.elleven.digital\/acocearense\/","name":"A\u00e7o Cearense","description":"H\u00e1 mais de 45 anos no mercado brasileiro do a\u00e7o.","alternateName":"A\u00e7o Cearense","potentialAction":[{"@type":"SearchAction","target":{"@type":"EntryPoint","urlTemplate":"https:\/\/previews.elleven.digital\/acocearense\/?s={search_term_string}"},"query-input":{"@type":"PropertyValueSpecification","valueRequired":true,"valueName":"search_term_string"}}],"inLanguage":"pt-BR"},{"@type":"Person","@id":"https:\/\/previews.elleven.digital\/acocearense\/#\/schema\/person\/8e9165eb3c33e0860485c7c5fc06a701","name":"elleven","image":{"@type":"ImageObject","inLanguage":"pt-BR","@id":"https:\/\/previews.elleven.digital\/acocearense\/#\/schema\/person\/image\/","url":"https:\/\/secure.gravatar.com\/avatar\/2a6afb49d9ecfed5dbc6c9606ce318b8bd07c077835179bddfd5d8209c03cb29?s=96&d=mm&r=g","contentUrl":"https:\/\/secure.gravatar.com\/avatar\/2a6afb49d9ecfed5dbc6c9606ce318b8bd07c077835179bddfd5d8209c03cb29?s=96&d=mm&r=g","caption":"elleven"},"sameAs":["http:\/\/localhost\/acocearense"],"url":"https:\/\/previews.elleven.digital\/acocearense\/author\/elleven\/"}]}},"_links":{"self":[{"href":"https:\/\/previews.elleven.digital\/acocearense\/wp-json\/wp\/v2\/posts\/1000","targetHints":{"allow":["GET"]}}],"collection":[{"href":"https:\/\/previews.elleven.digital\/acocearense\/wp-json\/wp\/v2\/posts"}],"about":[{"href":"https:\/\/previews.elleven.digital\/acocearense\/wp-json\/wp\/v2\/types\/post"}],"author":[{"embeddable":true,"href":"https:\/\/previews.elleven.digital\/acocearense\/wp-json\/wp\/v2\/users\/1"}],"replies":[{"embeddable":true,"href":"https:\/\/previews.elleven.digital\/acocearense\/wp-json\/wp\/v2\/comments?post=1000"}],"version-history":[{"count":1,"href":"https:\/\/previews.elleven.digital\/acocearense\/wp-json\/wp\/v2\/posts\/1000\/revisions"}],"predecessor-version":[{"id":1001,"href":"https:\/\/previews.elleven.digital\/acocearense\/wp-json\/wp\/v2\/posts\/1000\/revisions\/1001"}],"wp:featuredmedia":[{"embeddable":true,"href":"https:\/\/previews.elleven.digital\/acocearense\/wp-json\/wp\/v2\/media\/985"}],"wp:attachment":[{"href":"https:\/\/previews.elleven.digital\/acocearense\/wp-json\/wp\/v2\/media?parent=1000"}],"wp:term":[{"taxonomy":"category","embeddable":true,"href":"https:\/\/previews.elleven.digital\/acocearense\/wp-json\/wp\/v2\/categories?post=1000"},{"taxonomy":"post_tag","embeddable":true,"href":"https:\/\/previews.elleven.digital\/acocearense\/wp-json\/wp\/v2\/tags?post=1000"}],"curies":[{"name":"wp","href":"https:\/\/api.w.org\/{rel}","templated":true}]}}