{"id":2166,"date":"2023-12-11T17:45:18","date_gmt":"2023-12-11T20:45:18","guid":{"rendered":"https:\/\/previews.elleven.digital\/acocearense\/?post_type=noticia&#038;p=2166"},"modified":"2025-05-07T17:45:44","modified_gmt":"2025-05-07T20:45:44","slug":"grupo-aco-cearense-participa-da-18a-expolog","status":"publish","type":"noticia","link":"https:\/\/previews.elleven.digital\/acocearense\/noticia\/grupo-aco-cearense-participa-da-18a-expolog\/","title":{"rendered":"Grupo A\u00e7o Cearense participa da 18\u00aa Expolog"},"content":{"rendered":"<p>Nos dias 22 e 23 de novembro ocorreu a 18\u00aa Expolog\u00a0 \u2013 Feira Internacional de Log\u00edstica, com exposi\u00e7\u00e3o de grandes players log\u00edsticos, entidades representativas e novas tecnologias, al\u00e9m de ser uma vitrine da log\u00edstica brasileira. O Grupo A\u00e7o Cearense esteve presente no evento, em formato h\u00edbrido, juntamente com a Associa\u00e7\u00e3o das Empresas do Complexo Industrial e Portu\u00e1rio do Pec\u00e9m (Aecipp). Apresentando aos participantes do evento os diferenciais da A\u00e7o Cearense Log\u00edstica, nova empresa do Grupo voltada exclusivamente para o servi\u00e7o de log\u00edstica, unificando toda a cadeia de atendimento e atuando em todas as empresas do Grupo.<\/p>\n<h3>A\u00e7o Cearense Log\u00edstica<\/h3>\n<p>Para otimizar ainda mais a experi\u00eancia do cliente e por acreditar no potencial de surpreender o mercado com o jeito de ser e fazer neg\u00f3cio, a A\u00e7o Cearense Log\u00edstica foi lan\u00e7ada para o mercado em julho de 2023 com a expertise da entrega fracionada e pulverizada para todo o Brasil.<\/p>\n<p>&nbsp;<\/p>\n<p>A cultura da nova empresa tem como base a centricidade no cliente, e foi pensando nele que cada vez mais vem aperfei\u00e7oando as opera\u00e7\u00f5es por meio da otimiza\u00e7\u00e3o de tecnologias e processos para entregar a melhor experi\u00eancia e gest\u00e3o para os clientes. Nesse sentido, a A\u00e7o Cearense Log\u00edstica atua alinhada \u00e0 cultura da empresa, aumentando a performance de entrega do Grupo que, atualmente, j\u00e1 movimenta mensalmente mais de 3.400 ve\u00edculos.<\/p>\n<p>&nbsp;<\/p>\n<p>\u201cA cria\u00e7\u00e3o da A\u00e7o Cearense Log\u00edstica refor\u00e7a nosso compromisso de oferecer um servi\u00e7o de excel\u00eancia aos nossos clientes, trazendo mais sinergia aos processos de entrega do Grupo. Estamos investindo em uma estrutura cada vez mais s\u00f3lida e em profissionais altamente capacitados, visando potencializar a nossa atua\u00e7\u00e3o para crescer e entregar valor aos clientes e \u00e0 sociedade\u201d afirma Edgard Corr\u00eaa, diretor de suprimentos e log\u00edstica do Grupo A\u00e7o Cearense, que tamb\u00e9m \u00e9 formado pelas empresas A\u00e7o Cearense Comercial (CE), A\u00e7o Cearense Industrial (CE), SINOBRAS (PA), SINOBRAS Florestal (TO) e o Instituto A\u00e7o Cearense (CE), que mant\u00e9m uma base de mais de 15 mil fornecedores e 16 mil clientes. Al\u00e9m disso, realiza 60% das suas compras no Brasil, nas regi\u00f5es do Norte e Nordeste, o que equivale a R$5 bilh\u00f5es, fomentando a economia nas regi\u00f5es em que atua.<\/p>\n","protected":false},"featured_media":2150,"template":"","meta":{"_acf_changed":false,"inline_featured_image":false},"categoria-noticia":[],"class_list":["post-2166","noticia","type-noticia","status-publish","has-post-thumbnail","hentry"],"acf":{"link":""},"yoast_head":"<!-- This site is optimized with the Yoast SEO plugin v25.9 - https:\/\/yoast.com\/wordpress\/plugins\/seo\/ -->\n<title>Grupo A\u00e7o Cearense participa da 18\u00aa Expolog - Grupo A\u00e7o Cearense<\/title>\n<meta name=\"robots\" content=\"index, follow, max-snippet:-1, max-image-preview:large, max-video-preview:-1\" \/>\n<link rel=\"canonical\" href=\"https:\/\/previews.elleven.digital\/acocearense\/noticia\/grupo-aco-cearense-participa-da-18a-expolog\/\" \/>\n<meta property=\"og:locale\" content=\"pt_BR\" \/>\n<meta property=\"og:type\" content=\"article\" \/>\n<meta property=\"og:title\" content=\"Grupo A\u00e7o Cearense participa da 18\u00aa Expolog - Grupo A\u00e7o Cearense\" \/>\n<meta property=\"og:description\" content=\"Nos dias 22 e 23 de novembro ocorreu a 18\u00aa Expolog\u00a0 \u2013 Feira Internacional de(...)\" \/>\n<meta property=\"og:url\" content=\"https:\/\/previews.elleven.digital\/acocearense\/noticia\/grupo-aco-cearense-participa-da-18a-expolog\/\" \/>\n<meta property=\"og:site_name\" content=\"Grupo A\u00e7o Cearense\" \/>\n<meta property=\"article:modified_time\" content=\"2025-05-07T20:45:44+00:00\" \/>\n<meta property=\"og:image\" content=\"https:\/\/previews.elleven.digital\/acocearense\/wp-content\/uploads\/2025\/05\/feed_Expolog-2023_800x600.jpg\" \/>\n\t<meta property=\"og:image:width\" content=\"1920\" \/>\n\t<meta property=\"og:image:height\" content=\"1440\" \/>\n\t<meta property=\"og:image:type\" content=\"image\/jpeg\" \/>\n<meta name=\"twitter:card\" content=\"summary_large_image\" \/>\n<meta name=\"twitter:label1\" content=\"Est. tempo de leitura\" \/>\n\t<meta name=\"twitter:data1\" content=\"3 minutos\" \/>\n<script type=\"application\/ld+json\" class=\"yoast-schema-graph\">{\"@context\":\"https:\/\/schema.org\",\"@graph\":[{\"@type\":\"WebPage\",\"@id\":\"https:\/\/previews.elleven.digital\/acocearense\/noticia\/grupo-aco-cearense-participa-da-18a-expolog\/\",\"url\":\"https:\/\/previews.elleven.digital\/acocearense\/noticia\/grupo-aco-cearense-participa-da-18a-expolog\/\",\"name\":\"Grupo A\u00e7o Cearense participa da 18\u00aa Expolog - Grupo A\u00e7o Cearense\",\"isPartOf\":{\"@id\":\"https:\/\/previews.elleven.digital\/acocearense\/#website\"},\"primaryImageOfPage\":{\"@id\":\"https:\/\/previews.elleven.digital\/acocearense\/noticia\/grupo-aco-cearense-participa-da-18a-expolog\/#primaryimage\"},\"image\":{\"@id\":\"https:\/\/previews.elleven.digital\/acocearense\/noticia\/grupo-aco-cearense-participa-da-18a-expolog\/#primaryimage\"},\"thumbnailUrl\":\"https:\/\/previews.elleven.digital\/acocearense\/wp-content\/uploads\/2025\/05\/feed_Expolog-2023_800x600.jpg\",\"datePublished\":\"2023-12-11T20:45:18+00:00\",\"dateModified\":\"2025-05-07T20:45:44+00:00\",\"breadcrumb\":{\"@id\":\"https:\/\/previews.elleven.digital\/acocearense\/noticia\/grupo-aco-cearense-participa-da-18a-expolog\/#breadcrumb\"},\"inLanguage\":\"pt-BR\",\"potentialAction\":[{\"@type\":\"ReadAction\",\"target\":[\"https:\/\/previews.elleven.digital\/acocearense\/noticia\/grupo-aco-cearense-participa-da-18a-expolog\/\"]}]},{\"@type\":\"ImageObject\",\"inLanguage\":\"pt-BR\",\"@id\":\"https:\/\/previews.elleven.digital\/acocearense\/noticia\/grupo-aco-cearense-participa-da-18a-expolog\/#primaryimage\",\"url\":\"https:\/\/previews.elleven.digital\/acocearense\/wp-content\/uploads\/2025\/05\/feed_Expolog-2023_800x600.jpg\",\"contentUrl\":\"https:\/\/previews.elleven.digital\/acocearense\/wp-content\/uploads\/2025\/05\/feed_Expolog-2023_800x600.jpg\",\"width\":1920,\"height\":1440},{\"@type\":\"BreadcrumbList\",\"@id\":\"https:\/\/previews.elleven.digital\/acocearense\/noticia\/grupo-aco-cearense-participa-da-18a-expolog\/#breadcrumb\",\"itemListElement\":[{\"@type\":\"ListItem\",\"position\":1,\"name\":\"In\u00edcio\",\"item\":\"https:\/\/previews.elleven.digital\/acocearense\/\"},{\"@type\":\"ListItem\",\"position\":2,\"name\":\"Not\u00edcias\",\"item\":\"https:\/\/previews.elleven.digital\/acocearense\/noticias\/\"},{\"@type\":\"ListItem\",\"position\":3,\"name\":\"Grupo A\u00e7o Cearense participa da 18\u00aa Expolog\"}]},{\"@type\":\"WebSite\",\"@id\":\"https:\/\/previews.elleven.digital\/acocearense\/#website\",\"url\":\"https:\/\/previews.elleven.digital\/acocearense\/\",\"name\":\"A\u00e7o Cearense\",\"description\":\"H\u00e1 mais de 45 anos no mercado brasileiro do a\u00e7o.\",\"alternateName\":\"A\u00e7o Cearense\",\"potentialAction\":[{\"@type\":\"SearchAction\",\"target\":{\"@type\":\"EntryPoint\",\"urlTemplate\":\"https:\/\/previews.elleven.digital\/acocearense\/?s={search_term_string}\"},\"query-input\":{\"@type\":\"PropertyValueSpecification\",\"valueRequired\":true,\"valueName\":\"search_term_string\"}}],\"inLanguage\":\"pt-BR\"}]}<\/script>\n<!-- \/ Yoast SEO plugin. -->","yoast_head_json":{"title":"Grupo A\u00e7o Cearense participa da 18\u00aa Expolog - Grupo A\u00e7o Cearense","robots":{"index":"index","follow":"follow","max-snippet":"max-snippet:-1","max-image-preview":"max-image-preview:large","max-video-preview":"max-video-preview:-1"},"canonical":"https:\/\/previews.elleven.digital\/acocearense\/noticia\/grupo-aco-cearense-participa-da-18a-expolog\/","og_locale":"pt_BR","og_type":"article","og_title":"Grupo A\u00e7o Cearense participa da 18\u00aa Expolog - Grupo A\u00e7o Cearense","og_description":"Nos dias 22 e 23 de novembro ocorreu a 18\u00aa Expolog\u00a0 \u2013 Feira Internacional de(...)","og_url":"https:\/\/previews.elleven.digital\/acocearense\/noticia\/grupo-aco-cearense-participa-da-18a-expolog\/","og_site_name":"Grupo A\u00e7o Cearense","article_modified_time":"2025-05-07T20:45:44+00:00","og_image":[{"width":1920,"height":1440,"url":"https:\/\/previews.elleven.digital\/acocearense\/wp-content\/uploads\/2025\/05\/feed_Expolog-2023_800x600.jpg","type":"image\/jpeg"}],"twitter_card":"summary_large_image","twitter_misc":{"Est. tempo de leitura":"3 minutos"},"schema":{"@context":"https:\/\/schema.org","@graph":[{"@type":"WebPage","@id":"https:\/\/previews.elleven.digital\/acocearense\/noticia\/grupo-aco-cearense-participa-da-18a-expolog\/","url":"https:\/\/previews.elleven.digital\/acocearense\/noticia\/grupo-aco-cearense-participa-da-18a-expolog\/","name":"Grupo A\u00e7o Cearense participa da 18\u00aa Expolog - Grupo A\u00e7o Cearense","isPartOf":{"@id":"https:\/\/previews.elleven.digital\/acocearense\/#website"},"primaryImageOfPage":{"@id":"https:\/\/previews.elleven.digital\/acocearense\/noticia\/grupo-aco-cearense-participa-da-18a-expolog\/#primaryimage"},"image":{"@id":"https:\/\/previews.elleven.digital\/acocearense\/noticia\/grupo-aco-cearense-participa-da-18a-expolog\/#primaryimage"},"thumbnailUrl":"https:\/\/previews.elleven.digital\/acocearense\/wp-content\/uploads\/2025\/05\/feed_Expolog-2023_800x600.jpg","datePublished":"2023-12-11T20:45:18+00:00","dateModified":"2025-05-07T20:45:44+00:00","breadcrumb":{"@id":"https:\/\/previews.elleven.digital\/acocearense\/noticia\/grupo-aco-cearense-participa-da-18a-expolog\/#breadcrumb"},"inLanguage":"pt-BR","potentialAction":[{"@type":"ReadAction","target":["https:\/\/previews.elleven.digital\/acocearense\/noticia\/grupo-aco-cearense-participa-da-18a-expolog\/"]}]},{"@type":"ImageObject","inLanguage":"pt-BR","@id":"https:\/\/previews.elleven.digital\/acocearense\/noticia\/grupo-aco-cearense-participa-da-18a-expolog\/#primaryimage","url":"https:\/\/previews.elleven.digital\/acocearense\/wp-content\/uploads\/2025\/05\/feed_Expolog-2023_800x600.jpg","contentUrl":"https:\/\/previews.elleven.digital\/acocearense\/wp-content\/uploads\/2025\/05\/feed_Expolog-2023_800x600.jpg","width":1920,"height":1440},{"@type":"BreadcrumbList","@id":"https:\/\/previews.elleven.digital\/acocearense\/noticia\/grupo-aco-cearense-participa-da-18a-expolog\/#breadcrumb","itemListElement":[{"@type":"ListItem","position":1,"name":"In\u00edcio","item":"https:\/\/previews.elleven.digital\/acocearense\/"},{"@type":"ListItem","position":2,"name":"Not\u00edcias","item":"https:\/\/previews.elleven.digital\/acocearense\/noticias\/"},{"@type":"ListItem","position":3,"name":"Grupo A\u00e7o Cearense participa da 18\u00aa Expolog"}]},{"@type":"WebSite","@id":"https:\/\/previews.elleven.digital\/acocearense\/#website","url":"https:\/\/previews.elleven.digital\/acocearense\/","name":"A\u00e7o Cearense","description":"H\u00e1 mais de 45 anos no mercado brasileiro do a\u00e7o.","alternateName":"A\u00e7o Cearense","potentialAction":[{"@type":"SearchAction","target":{"@type":"EntryPoint","urlTemplate":"https:\/\/previews.elleven.digital\/acocearense\/?s={search_term_string}"},"query-input":{"@type":"PropertyValueSpecification","valueRequired":true,"valueName":"search_term_string"}}],"inLanguage":"pt-BR"}]}},"_links":{"self":[{"href":"https:\/\/previews.elleven.digital\/acocearense\/wp-json\/wp\/v2\/noticia\/2166","targetHints":{"allow":["GET"]}}],"collection":[{"href":"https:\/\/previews.elleven.digital\/acocearense\/wp-json\/wp\/v2\/noticia"}],"about":[{"href":"https:\/\/previews.elleven.digital\/acocearense\/wp-json\/wp\/v2\/types\/noticia"}],"wp:featuredmedia":[{"embeddable":true,"href":"https:\/\/previews.elleven.digital\/acocearense\/wp-json\/wp\/v2\/media\/2150"}],"wp:attachment":[{"href":"https:\/\/previews.elleven.digital\/acocearense\/wp-json\/wp\/v2\/media?parent=2166"}],"wp:term":[{"taxonomy":"categoria-noticia","embeddable":true,"href":"https:\/\/previews.elleven.digital\/acocearense\/wp-json\/wp\/v2\/categoria-noticia?post=2166"}],"curies":[{"name":"wp","href":"https:\/\/api.w.org\/{rel}","templated":true}]}}