{"id":2165,"date":"2023-12-11T17:44:48","date_gmt":"2023-12-11T20:44:48","guid":{"rendered":"https:\/\/previews.elleven.digital\/acocearense\/?post_type=noticia&#038;p=2165"},"modified":"2025-05-07T17:45:10","modified_gmt":"2025-05-07T20:45:10","slug":"grupo-aco-cearense-fala-sobre-o-projeto-favela-3d-no-conexao-ods","status":"publish","type":"noticia","link":"https:\/\/previews.elleven.digital\/acocearense\/noticia\/grupo-aco-cearense-fala-sobre-o-projeto-favela-3d-no-conexao-ods\/","title":{"rendered":"Grupo A\u00e7o Cearense fala sobre o projeto Favela 3D no Conex\u00e3o ODS"},"content":{"rendered":"<p>O Pacto Global da ONU no Brasil realizou o evento Conex\u00e3o ODS, iniciativa que aconteceu no m\u00eas de outubro, promovendo di\u00e1logos relacionados aos Objetivos do Desenvolvimento Sustent\u00e1vel (ODS) da Agenda 2030, \u00e0s quest\u00f5es sociais, ambientais, de governan\u00e7a nas empresas e como avan\u00e7ar em impacto social. Aline Ferreira, vice-presidente comercial e financeira do Grupo A\u00e7o Cearense, participou da programa\u00e7\u00e3o do dia 20 falando sobre o Projeto Favela 3D\u00a0 (digital, digna e desenvolvida) de Fortaleza. O Grupo A\u00e7o Cearense montou um estande no evento e o p\u00fablico presente p\u00f4de participar de brincadeiras e ganhar brindes. O evento contou com a presen\u00e7a maci\u00e7a de colaboradores da empresa.<\/p>\n<p>O Favela 3D \u00e9 organizado pelas ONGs Gerando Falc\u00f5es e Pensando Bem, lideradas por Edu Lyra e o Rut\u00eanio Flor\u00eancio, respectivamente, e \u00e9 apoiado pelo Instituto A\u00e7o Cearense, que tem como presidente Rosemeire Matos. A iniciativa visa \u00e0 constru\u00e7\u00e3o de a\u00e7\u00f5es voltadas para o urbanismo social e a supera\u00e7\u00e3o da pobreza no Beco C\u00e9u, localizado no bairro Vila Velha, em Fortaleza. A proposta \u00e9 erradicar a pobreza de maneira sistem\u00e1tica, trabalhando com base em uma mandala de impacto que contempla diferentes \u00e1reas, como: moradia, sa\u00fade, educa\u00e7\u00e3o, cidadania, cultura, primeira inf\u00e2ncia, meio ambiente, gera\u00e7\u00e3o de renda, esporte e lazer.<\/p>\n<p><strong>\u00c9 preciso pensar no amanh\u00e3<\/strong><\/p>\n<p>O Pacto Global da ONU no Brasil, em parceria com a Somos Um, organiza\u00e7\u00e3o sem fins lucrativos que existe para reduzir as desigualdades sociais e criar oportunidades por meio de neg\u00f3cios de impacto, todos os debates e pain\u00e9is foram pensados para discutir a\u00e7\u00f5es e meios para alcan\u00e7ar as metas do desenvolvimento sustent\u00e1vel e promover transforma\u00e7\u00f5es sociais em todo o Brasil, expandindo o debate para al\u00e9m da regi\u00e3o Sudeste. Toda a programa\u00e7\u00e3o aconteceu no Beach Park, complexo tur\u00edstico em Aquiraz, no Cear\u00e1, que \u00e9 uma das empresas participantes do Pacto Global da ONU no Brasil. Nomes de relev\u00e2ncia internacional, como o Nobel da Paz Muhammad Yunus, e Raj Sisodia, cofundador do Capitalismo Consciente, estavam entre os convidados de tr\u00eas dias de evento sobre os temas ESG.<\/p>\n<p>O evento foi fechado para convidados, mas contou com cobertura completa dos ve\u00edculos do Sistema Verdes Mares, que teve um est\u00fadio dentro do evento, onde foram realizadas entrevistas e inser\u00e7\u00f5es ao vivo. O evento foi transmitido ao vivo pelo\u00a0<a href=\"https:\/\/www.youtube.com\/watch?v=Df17rUsZs30\">YouTube<\/a>, por meio do canal do Di\u00e1rio do Nordeste.<\/p>\n","protected":false},"featured_media":2151,"template":"","meta":{"_acf_changed":false,"inline_featured_image":false},"categoria-noticia":[],"class_list":["post-2165","noticia","type-noticia","status-publish","has-post-thumbnail","hentry"],"acf":{"link":""},"yoast_head":"<!-- This site is optimized with the Yoast SEO plugin v25.9 - https:\/\/yoast.com\/wordpress\/plugins\/seo\/ -->\n<title>Grupo A\u00e7o Cearense fala sobre o projeto Favela 3D no Conex\u00e3o ODS - Grupo A\u00e7o Cearense<\/title>\n<meta name=\"robots\" content=\"index, follow, max-snippet:-1, max-image-preview:large, max-video-preview:-1\" \/>\n<link rel=\"canonical\" href=\"https:\/\/previews.elleven.digital\/acocearense\/noticia\/grupo-aco-cearense-fala-sobre-o-projeto-favela-3d-no-conexao-ods\/\" \/>\n<meta property=\"og:locale\" content=\"pt_BR\" \/>\n<meta property=\"og:type\" content=\"article\" \/>\n<meta property=\"og:title\" content=\"Grupo A\u00e7o Cearense fala sobre o projeto Favela 3D no Conex\u00e3o ODS - Grupo A\u00e7o Cearense\" \/>\n<meta property=\"og:description\" content=\"O Pacto Global da ONU no Brasil realizou o evento Conex\u00e3o ODS, iniciativa que aconteceu(...)\" \/>\n<meta property=\"og:url\" content=\"https:\/\/previews.elleven.digital\/acocearense\/noticia\/grupo-aco-cearense-fala-sobre-o-projeto-favela-3d-no-conexao-ods\/\" \/>\n<meta property=\"og:site_name\" content=\"Grupo A\u00e7o Cearense\" \/>\n<meta property=\"article:modified_time\" content=\"2025-05-07T20:45:10+00:00\" \/>\n<meta property=\"og:image\" content=\"https:\/\/previews.elleven.digital\/acocearense\/wp-content\/uploads\/2025\/05\/Capa-ODS-2023_2-768x576-1.jpg\" \/>\n\t<meta property=\"og:image:width\" content=\"768\" \/>\n\t<meta property=\"og:image:height\" content=\"576\" \/>\n\t<meta property=\"og:image:type\" content=\"image\/jpeg\" \/>\n<meta name=\"twitter:card\" content=\"summary_large_image\" \/>\n<meta name=\"twitter:label1\" content=\"Est. tempo de leitura\" \/>\n\t<meta name=\"twitter:data1\" content=\"1 minuto\" \/>\n<script type=\"application\/ld+json\" class=\"yoast-schema-graph\">{\"@context\":\"https:\/\/schema.org\",\"@graph\":[{\"@type\":\"WebPage\",\"@id\":\"https:\/\/previews.elleven.digital\/acocearense\/noticia\/grupo-aco-cearense-fala-sobre-o-projeto-favela-3d-no-conexao-ods\/\",\"url\":\"https:\/\/previews.elleven.digital\/acocearense\/noticia\/grupo-aco-cearense-fala-sobre-o-projeto-favela-3d-no-conexao-ods\/\",\"name\":\"Grupo A\u00e7o Cearense fala sobre o projeto Favela 3D no Conex\u00e3o ODS - Grupo A\u00e7o Cearense\",\"isPartOf\":{\"@id\":\"https:\/\/previews.elleven.digital\/acocearense\/#website\"},\"primaryImageOfPage\":{\"@id\":\"https:\/\/previews.elleven.digital\/acocearense\/noticia\/grupo-aco-cearense-fala-sobre-o-projeto-favela-3d-no-conexao-ods\/#primaryimage\"},\"image\":{\"@id\":\"https:\/\/previews.elleven.digital\/acocearense\/noticia\/grupo-aco-cearense-fala-sobre-o-projeto-favela-3d-no-conexao-ods\/#primaryimage\"},\"thumbnailUrl\":\"https:\/\/previews.elleven.digital\/acocearense\/wp-content\/uploads\/2025\/05\/Capa-ODS-2023_2-768x576-1.jpg\",\"datePublished\":\"2023-12-11T20:44:48+00:00\",\"dateModified\":\"2025-05-07T20:45:10+00:00\",\"breadcrumb\":{\"@id\":\"https:\/\/previews.elleven.digital\/acocearense\/noticia\/grupo-aco-cearense-fala-sobre-o-projeto-favela-3d-no-conexao-ods\/#breadcrumb\"},\"inLanguage\":\"pt-BR\",\"potentialAction\":[{\"@type\":\"ReadAction\",\"target\":[\"https:\/\/previews.elleven.digital\/acocearense\/noticia\/grupo-aco-cearense-fala-sobre-o-projeto-favela-3d-no-conexao-ods\/\"]}]},{\"@type\":\"ImageObject\",\"inLanguage\":\"pt-BR\",\"@id\":\"https:\/\/previews.elleven.digital\/acocearense\/noticia\/grupo-aco-cearense-fala-sobre-o-projeto-favela-3d-no-conexao-ods\/#primaryimage\",\"url\":\"https:\/\/previews.elleven.digital\/acocearense\/wp-content\/uploads\/2025\/05\/Capa-ODS-2023_2-768x576-1.jpg\",\"contentUrl\":\"https:\/\/previews.elleven.digital\/acocearense\/wp-content\/uploads\/2025\/05\/Capa-ODS-2023_2-768x576-1.jpg\",\"width\":768,\"height\":576},{\"@type\":\"BreadcrumbList\",\"@id\":\"https:\/\/previews.elleven.digital\/acocearense\/noticia\/grupo-aco-cearense-fala-sobre-o-projeto-favela-3d-no-conexao-ods\/#breadcrumb\",\"itemListElement\":[{\"@type\":\"ListItem\",\"position\":1,\"name\":\"In\u00edcio\",\"item\":\"https:\/\/previews.elleven.digital\/acocearense\/\"},{\"@type\":\"ListItem\",\"position\":2,\"name\":\"Not\u00edcias\",\"item\":\"https:\/\/previews.elleven.digital\/acocearense\/noticias\/\"},{\"@type\":\"ListItem\",\"position\":3,\"name\":\"Grupo A\u00e7o Cearense fala sobre o projeto Favela 3D no Conex\u00e3o ODS\"}]},{\"@type\":\"WebSite\",\"@id\":\"https:\/\/previews.elleven.digital\/acocearense\/#website\",\"url\":\"https:\/\/previews.elleven.digital\/acocearense\/\",\"name\":\"A\u00e7o Cearense\",\"description\":\"H\u00e1 mais de 45 anos no mercado brasileiro do a\u00e7o.\",\"alternateName\":\"A\u00e7o Cearense\",\"potentialAction\":[{\"@type\":\"SearchAction\",\"target\":{\"@type\":\"EntryPoint\",\"urlTemplate\":\"https:\/\/previews.elleven.digital\/acocearense\/?s={search_term_string}\"},\"query-input\":{\"@type\":\"PropertyValueSpecification\",\"valueRequired\":true,\"valueName\":\"search_term_string\"}}],\"inLanguage\":\"pt-BR\"}]}<\/script>\n<!-- \/ Yoast SEO plugin. -->","yoast_head_json":{"title":"Grupo A\u00e7o Cearense fala sobre o projeto Favela 3D no Conex\u00e3o ODS - Grupo A\u00e7o Cearense","robots":{"index":"index","follow":"follow","max-snippet":"max-snippet:-1","max-image-preview":"max-image-preview:large","max-video-preview":"max-video-preview:-1"},"canonical":"https:\/\/previews.elleven.digital\/acocearense\/noticia\/grupo-aco-cearense-fala-sobre-o-projeto-favela-3d-no-conexao-ods\/","og_locale":"pt_BR","og_type":"article","og_title":"Grupo A\u00e7o Cearense fala sobre o projeto Favela 3D no Conex\u00e3o ODS - Grupo A\u00e7o Cearense","og_description":"O Pacto Global da ONU no Brasil realizou o evento Conex\u00e3o ODS, iniciativa que aconteceu(...)","og_url":"https:\/\/previews.elleven.digital\/acocearense\/noticia\/grupo-aco-cearense-fala-sobre-o-projeto-favela-3d-no-conexao-ods\/","og_site_name":"Grupo A\u00e7o Cearense","article_modified_time":"2025-05-07T20:45:10+00:00","og_image":[{"width":768,"height":576,"url":"https:\/\/previews.elleven.digital\/acocearense\/wp-content\/uploads\/2025\/05\/Capa-ODS-2023_2-768x576-1.jpg","type":"image\/jpeg"}],"twitter_card":"summary_large_image","twitter_misc":{"Est. tempo de leitura":"1 minuto"},"schema":{"@context":"https:\/\/schema.org","@graph":[{"@type":"WebPage","@id":"https:\/\/previews.elleven.digital\/acocearense\/noticia\/grupo-aco-cearense-fala-sobre-o-projeto-favela-3d-no-conexao-ods\/","url":"https:\/\/previews.elleven.digital\/acocearense\/noticia\/grupo-aco-cearense-fala-sobre-o-projeto-favela-3d-no-conexao-ods\/","name":"Grupo A\u00e7o Cearense fala sobre o projeto Favela 3D no Conex\u00e3o ODS - Grupo A\u00e7o Cearense","isPartOf":{"@id":"https:\/\/previews.elleven.digital\/acocearense\/#website"},"primaryImageOfPage":{"@id":"https:\/\/previews.elleven.digital\/acocearense\/noticia\/grupo-aco-cearense-fala-sobre-o-projeto-favela-3d-no-conexao-ods\/#primaryimage"},"image":{"@id":"https:\/\/previews.elleven.digital\/acocearense\/noticia\/grupo-aco-cearense-fala-sobre-o-projeto-favela-3d-no-conexao-ods\/#primaryimage"},"thumbnailUrl":"https:\/\/previews.elleven.digital\/acocearense\/wp-content\/uploads\/2025\/05\/Capa-ODS-2023_2-768x576-1.jpg","datePublished":"2023-12-11T20:44:48+00:00","dateModified":"2025-05-07T20:45:10+00:00","breadcrumb":{"@id":"https:\/\/previews.elleven.digital\/acocearense\/noticia\/grupo-aco-cearense-fala-sobre-o-projeto-favela-3d-no-conexao-ods\/#breadcrumb"},"inLanguage":"pt-BR","potentialAction":[{"@type":"ReadAction","target":["https:\/\/previews.elleven.digital\/acocearense\/noticia\/grupo-aco-cearense-fala-sobre-o-projeto-favela-3d-no-conexao-ods\/"]}]},{"@type":"ImageObject","inLanguage":"pt-BR","@id":"https:\/\/previews.elleven.digital\/acocearense\/noticia\/grupo-aco-cearense-fala-sobre-o-projeto-favela-3d-no-conexao-ods\/#primaryimage","url":"https:\/\/previews.elleven.digital\/acocearense\/wp-content\/uploads\/2025\/05\/Capa-ODS-2023_2-768x576-1.jpg","contentUrl":"https:\/\/previews.elleven.digital\/acocearense\/wp-content\/uploads\/2025\/05\/Capa-ODS-2023_2-768x576-1.jpg","width":768,"height":576},{"@type":"BreadcrumbList","@id":"https:\/\/previews.elleven.digital\/acocearense\/noticia\/grupo-aco-cearense-fala-sobre-o-projeto-favela-3d-no-conexao-ods\/#breadcrumb","itemListElement":[{"@type":"ListItem","position":1,"name":"In\u00edcio","item":"https:\/\/previews.elleven.digital\/acocearense\/"},{"@type":"ListItem","position":2,"name":"Not\u00edcias","item":"https:\/\/previews.elleven.digital\/acocearense\/noticias\/"},{"@type":"ListItem","position":3,"name":"Grupo A\u00e7o Cearense fala sobre o projeto Favela 3D no Conex\u00e3o ODS"}]},{"@type":"WebSite","@id":"https:\/\/previews.elleven.digital\/acocearense\/#website","url":"https:\/\/previews.elleven.digital\/acocearense\/","name":"A\u00e7o Cearense","description":"H\u00e1 mais de 45 anos no mercado brasileiro do a\u00e7o.","alternateName":"A\u00e7o Cearense","potentialAction":[{"@type":"SearchAction","target":{"@type":"EntryPoint","urlTemplate":"https:\/\/previews.elleven.digital\/acocearense\/?s={search_term_string}"},"query-input":{"@type":"PropertyValueSpecification","valueRequired":true,"valueName":"search_term_string"}}],"inLanguage":"pt-BR"}]}},"_links":{"self":[{"href":"https:\/\/previews.elleven.digital\/acocearense\/wp-json\/wp\/v2\/noticia\/2165","targetHints":{"allow":["GET"]}}],"collection":[{"href":"https:\/\/previews.elleven.digital\/acocearense\/wp-json\/wp\/v2\/noticia"}],"about":[{"href":"https:\/\/previews.elleven.digital\/acocearense\/wp-json\/wp\/v2\/types\/noticia"}],"wp:featuredmedia":[{"embeddable":true,"href":"https:\/\/previews.elleven.digital\/acocearense\/wp-json\/wp\/v2\/media\/2151"}],"wp:attachment":[{"href":"https:\/\/previews.elleven.digital\/acocearense\/wp-json\/wp\/v2\/media?parent=2165"}],"wp:term":[{"taxonomy":"categoria-noticia","embeddable":true,"href":"https:\/\/previews.elleven.digital\/acocearense\/wp-json\/wp\/v2\/categoria-noticia?post=2165"}],"curies":[{"name":"wp","href":"https:\/\/api.w.org\/{rel}","templated":true}]}}