{"id":2162,"date":"2023-05-03T17:42:48","date_gmt":"2023-05-03T20:42:48","guid":{"rendered":"https:\/\/previews.elleven.digital\/acocearense\/?post_type=noticia&#038;p=2162"},"modified":"2025-05-07T17:43:15","modified_gmt":"2025-05-07T20:43:15","slug":"grupo-aco-cearense-e-prata-no-premios-lusofonos-da-criatividade-de-portugal-com-o-case-acontece","status":"publish","type":"noticia","link":"https:\/\/previews.elleven.digital\/acocearense\/noticia\/grupo-aco-cearense-e-prata-no-premios-lusofonos-da-criatividade-de-portugal-com-o-case-acontece\/","title":{"rendered":"Grupo A\u00e7o Cearense \u00e9 prata no \u201cPr\u00e9mios Lus\u00f3fonos da Criatividade\u201d, de Portugal, com o case Acontece+"},"content":{"rendered":"<p><em>A transforma\u00e7\u00e3o da comunica\u00e7\u00e3o foi reconhecida internacionalmente no festival sediado em Portugal, no 1\u00ba quadrimestre.<\/em><\/p>\n<p>Acompanhando as tend\u00eancias de mercado, o Grupo A\u00e7o Cearense lan\u00e7ou em outubro de 2022 o \u201cAcontece+\u201d, uma multiplataforma colaborativa de comunica\u00e7\u00e3o e servi\u00e7os, para trazer mais inova\u00e7\u00e3o, facilidade e conforto para os colaboradores. O case \u201cA transforma\u00e7\u00e3o da comunica\u00e7\u00e3o interna no Grupo A\u00e7o Cearense\u201d foi submetido pela Supera Comunica\u00e7\u00e3o, ag\u00eancia que apoiou o Grupo no processo de digitaliza\u00e7\u00e3o da comunica\u00e7\u00e3o interna, a participar da 10a edi\u00e7\u00e3o do \u201cPr\u00e9mios Lus\u00f3fonos da Criatividade\u201d, na subcategoria \u201cCampanha de Comunica\u00e7\u00e3o Interna\u201d, e recebeu o reconhecimento prata.<\/p>\n<p>O festival internacional de criatividade \u00e9 sediado em Portugal e tamb\u00e9m o \u00fanico mundialmente dedicado exclusivamente a premiar, homenagear e debater os mercados publicit\u00e1rios e de comunica\u00e7\u00e3o dos pa\u00edses de l\u00edngua oficial portuguesa. O desafio foi elaborar uma campanha de comunica\u00e7\u00e3o interna para lan\u00e7ar a plataforma Beehome a fim de alcan\u00e7ar os colaboradores das quatro empresas do grupo localizadas no Cear\u00e1, Par\u00e1 e Tocantins: A\u00e7o Cearense Comercial, A\u00e7o Cearense Industrial, SINOBRAS, SINOBRAS Florestal e Instituto A\u00e7o Cearense. Al\u00e9m disso, o objetivo tamb\u00e9m era estabelecer um di\u00e1logo mais pr\u00f3ximo, humanizado, envolvente e que falasse as diferentes l\u00ednguas que o Grupo precisava, al\u00e9m de facilitar o acesso aos servi\u00e7os corporativos, combinando agilidade nos fluxos internos e democratiza\u00e7\u00e3o.<\/p>\n<p>\u201cEsse pr\u00eamio \u00e9 o reflexo de um trabalho que foi planejado estrategicamente por meses pela equipe de comunica\u00e7\u00e3o para implantar uma plataforma que conectasse todo o Grupo de forma leve, din\u00e2mica, engajadora, atrativa e democr\u00e1tica, entregando solu\u00e7\u00e3o com Portal, App, Tv,\u00a0 e servi\u00e7os corporativos para os nossos colaboradores em um s\u00f3 lugar\u201d, destacou Neliza Ferraz,\u00a0 coordenadora de comunica\u00e7\u00e3o do Grupo A\u00e7o Cearense.<\/p>\n","protected":false},"featured_media":2154,"template":"","meta":{"_acf_changed":false,"inline_featured_image":false},"categoria-noticia":[],"class_list":["post-2162","noticia","type-noticia","status-publish","has-post-thumbnail","hentry"],"acf":{"link":""},"yoast_head":"<!-- This site is optimized with the Yoast SEO plugin v25.9 - https:\/\/yoast.com\/wordpress\/plugins\/seo\/ -->\n<title>Grupo A\u00e7o Cearense \u00e9 prata no \u201cPr\u00e9mios Lus\u00f3fonos da Criatividade\u201d, de Portugal, com o case Acontece+ - Grupo A\u00e7o Cearense<\/title>\n<meta name=\"robots\" content=\"index, follow, max-snippet:-1, max-image-preview:large, max-video-preview:-1\" \/>\n<link rel=\"canonical\" href=\"https:\/\/previews.elleven.digital\/acocearense\/noticia\/grupo-aco-cearense-e-prata-no-premios-lusofonos-da-criatividade-de-portugal-com-o-case-acontece\/\" \/>\n<meta property=\"og:locale\" content=\"pt_BR\" \/>\n<meta property=\"og:type\" content=\"article\" \/>\n<meta property=\"og:title\" content=\"Grupo A\u00e7o Cearense \u00e9 prata no \u201cPr\u00e9mios Lus\u00f3fonos da Criatividade\u201d, de Portugal, com o case Acontece+ - Grupo A\u00e7o Cearense\" \/>\n<meta property=\"og:description\" content=\"A transforma\u00e7\u00e3o da comunica\u00e7\u00e3o foi reconhecida internacionalmente no festival sediado em Portugal, no 1\u00ba quadrimestre.(...)\" \/>\n<meta property=\"og:url\" content=\"https:\/\/previews.elleven.digital\/acocearense\/noticia\/grupo-aco-cearense-e-prata-no-premios-lusofonos-da-criatividade-de-portugal-com-o-case-acontece\/\" \/>\n<meta property=\"og:site_name\" content=\"Grupo A\u00e7o Cearense\" \/>\n<meta property=\"article:modified_time\" content=\"2025-05-07T20:43:15+00:00\" \/>\n<meta property=\"og:image\" content=\"https:\/\/previews.elleven.digital\/acocearense\/wp-content\/uploads\/2025\/05\/Acontece_Premio.jpg\" \/>\n\t<meta property=\"og:image:width\" content=\"2160\" \/>\n\t<meta property=\"og:image:height\" content=\"1350\" \/>\n\t<meta property=\"og:image:type\" content=\"image\/jpeg\" \/>\n<meta name=\"twitter:card\" content=\"summary_large_image\" \/>\n<meta name=\"twitter:label1\" content=\"Est. tempo de leitura\" \/>\n\t<meta name=\"twitter:data1\" content=\"2 minutos\" \/>\n<script type=\"application\/ld+json\" class=\"yoast-schema-graph\">{\"@context\":\"https:\/\/schema.org\",\"@graph\":[{\"@type\":\"WebPage\",\"@id\":\"https:\/\/previews.elleven.digital\/acocearense\/noticia\/grupo-aco-cearense-e-prata-no-premios-lusofonos-da-criatividade-de-portugal-com-o-case-acontece\/\",\"url\":\"https:\/\/previews.elleven.digital\/acocearense\/noticia\/grupo-aco-cearense-e-prata-no-premios-lusofonos-da-criatividade-de-portugal-com-o-case-acontece\/\",\"name\":\"Grupo A\u00e7o Cearense \u00e9 prata no \u201cPr\u00e9mios Lus\u00f3fonos da Criatividade\u201d, de Portugal, com o case Acontece+ - Grupo A\u00e7o Cearense\",\"isPartOf\":{\"@id\":\"https:\/\/previews.elleven.digital\/acocearense\/#website\"},\"primaryImageOfPage\":{\"@id\":\"https:\/\/previews.elleven.digital\/acocearense\/noticia\/grupo-aco-cearense-e-prata-no-premios-lusofonos-da-criatividade-de-portugal-com-o-case-acontece\/#primaryimage\"},\"image\":{\"@id\":\"https:\/\/previews.elleven.digital\/acocearense\/noticia\/grupo-aco-cearense-e-prata-no-premios-lusofonos-da-criatividade-de-portugal-com-o-case-acontece\/#primaryimage\"},\"thumbnailUrl\":\"https:\/\/previews.elleven.digital\/acocearense\/wp-content\/uploads\/2025\/05\/Acontece_Premio.jpg\",\"datePublished\":\"2023-05-03T20:42:48+00:00\",\"dateModified\":\"2025-05-07T20:43:15+00:00\",\"breadcrumb\":{\"@id\":\"https:\/\/previews.elleven.digital\/acocearense\/noticia\/grupo-aco-cearense-e-prata-no-premios-lusofonos-da-criatividade-de-portugal-com-o-case-acontece\/#breadcrumb\"},\"inLanguage\":\"pt-BR\",\"potentialAction\":[{\"@type\":\"ReadAction\",\"target\":[\"https:\/\/previews.elleven.digital\/acocearense\/noticia\/grupo-aco-cearense-e-prata-no-premios-lusofonos-da-criatividade-de-portugal-com-o-case-acontece\/\"]}]},{\"@type\":\"ImageObject\",\"inLanguage\":\"pt-BR\",\"@id\":\"https:\/\/previews.elleven.digital\/acocearense\/noticia\/grupo-aco-cearense-e-prata-no-premios-lusofonos-da-criatividade-de-portugal-com-o-case-acontece\/#primaryimage\",\"url\":\"https:\/\/previews.elleven.digital\/acocearense\/wp-content\/uploads\/2025\/05\/Acontece_Premio.jpg\",\"contentUrl\":\"https:\/\/previews.elleven.digital\/acocearense\/wp-content\/uploads\/2025\/05\/Acontece_Premio.jpg\",\"width\":2160,\"height\":1350},{\"@type\":\"BreadcrumbList\",\"@id\":\"https:\/\/previews.elleven.digital\/acocearense\/noticia\/grupo-aco-cearense-e-prata-no-premios-lusofonos-da-criatividade-de-portugal-com-o-case-acontece\/#breadcrumb\",\"itemListElement\":[{\"@type\":\"ListItem\",\"position\":1,\"name\":\"In\u00edcio\",\"item\":\"https:\/\/previews.elleven.digital\/acocearense\/\"},{\"@type\":\"ListItem\",\"position\":2,\"name\":\"Not\u00edcias\",\"item\":\"https:\/\/previews.elleven.digital\/acocearense\/noticias\/\"},{\"@type\":\"ListItem\",\"position\":3,\"name\":\"Grupo A\u00e7o Cearense \u00e9 prata no \u201cPr\u00e9mios Lus\u00f3fonos da Criatividade\u201d, de Portugal, com o case Acontece+\"}]},{\"@type\":\"WebSite\",\"@id\":\"https:\/\/previews.elleven.digital\/acocearense\/#website\",\"url\":\"https:\/\/previews.elleven.digital\/acocearense\/\",\"name\":\"A\u00e7o Cearense\",\"description\":\"H\u00e1 mais de 45 anos no mercado brasileiro do a\u00e7o.\",\"alternateName\":\"A\u00e7o Cearense\",\"potentialAction\":[{\"@type\":\"SearchAction\",\"target\":{\"@type\":\"EntryPoint\",\"urlTemplate\":\"https:\/\/previews.elleven.digital\/acocearense\/?s={search_term_string}\"},\"query-input\":{\"@type\":\"PropertyValueSpecification\",\"valueRequired\":true,\"valueName\":\"search_term_string\"}}],\"inLanguage\":\"pt-BR\"}]}<\/script>\n<!-- \/ Yoast SEO plugin. -->","yoast_head_json":{"title":"Grupo A\u00e7o Cearense \u00e9 prata no \u201cPr\u00e9mios Lus\u00f3fonos da Criatividade\u201d, de Portugal, com o case Acontece+ - Grupo A\u00e7o Cearense","robots":{"index":"index","follow":"follow","max-snippet":"max-snippet:-1","max-image-preview":"max-image-preview:large","max-video-preview":"max-video-preview:-1"},"canonical":"https:\/\/previews.elleven.digital\/acocearense\/noticia\/grupo-aco-cearense-e-prata-no-premios-lusofonos-da-criatividade-de-portugal-com-o-case-acontece\/","og_locale":"pt_BR","og_type":"article","og_title":"Grupo A\u00e7o Cearense \u00e9 prata no \u201cPr\u00e9mios Lus\u00f3fonos da Criatividade\u201d, de Portugal, com o case Acontece+ - Grupo A\u00e7o Cearense","og_description":"A transforma\u00e7\u00e3o da comunica\u00e7\u00e3o foi reconhecida internacionalmente no festival sediado em Portugal, no 1\u00ba quadrimestre.(...)","og_url":"https:\/\/previews.elleven.digital\/acocearense\/noticia\/grupo-aco-cearense-e-prata-no-premios-lusofonos-da-criatividade-de-portugal-com-o-case-acontece\/","og_site_name":"Grupo A\u00e7o Cearense","article_modified_time":"2025-05-07T20:43:15+00:00","og_image":[{"width":2160,"height":1350,"url":"https:\/\/previews.elleven.digital\/acocearense\/wp-content\/uploads\/2025\/05\/Acontece_Premio.jpg","type":"image\/jpeg"}],"twitter_card":"summary_large_image","twitter_misc":{"Est. tempo de leitura":"2 minutos"},"schema":{"@context":"https:\/\/schema.org","@graph":[{"@type":"WebPage","@id":"https:\/\/previews.elleven.digital\/acocearense\/noticia\/grupo-aco-cearense-e-prata-no-premios-lusofonos-da-criatividade-de-portugal-com-o-case-acontece\/","url":"https:\/\/previews.elleven.digital\/acocearense\/noticia\/grupo-aco-cearense-e-prata-no-premios-lusofonos-da-criatividade-de-portugal-com-o-case-acontece\/","name":"Grupo A\u00e7o Cearense \u00e9 prata no \u201cPr\u00e9mios Lus\u00f3fonos da Criatividade\u201d, de Portugal, com o case Acontece+ - Grupo A\u00e7o Cearense","isPartOf":{"@id":"https:\/\/previews.elleven.digital\/acocearense\/#website"},"primaryImageOfPage":{"@id":"https:\/\/previews.elleven.digital\/acocearense\/noticia\/grupo-aco-cearense-e-prata-no-premios-lusofonos-da-criatividade-de-portugal-com-o-case-acontece\/#primaryimage"},"image":{"@id":"https:\/\/previews.elleven.digital\/acocearense\/noticia\/grupo-aco-cearense-e-prata-no-premios-lusofonos-da-criatividade-de-portugal-com-o-case-acontece\/#primaryimage"},"thumbnailUrl":"https:\/\/previews.elleven.digital\/acocearense\/wp-content\/uploads\/2025\/05\/Acontece_Premio.jpg","datePublished":"2023-05-03T20:42:48+00:00","dateModified":"2025-05-07T20:43:15+00:00","breadcrumb":{"@id":"https:\/\/previews.elleven.digital\/acocearense\/noticia\/grupo-aco-cearense-e-prata-no-premios-lusofonos-da-criatividade-de-portugal-com-o-case-acontece\/#breadcrumb"},"inLanguage":"pt-BR","potentialAction":[{"@type":"ReadAction","target":["https:\/\/previews.elleven.digital\/acocearense\/noticia\/grupo-aco-cearense-e-prata-no-premios-lusofonos-da-criatividade-de-portugal-com-o-case-acontece\/"]}]},{"@type":"ImageObject","inLanguage":"pt-BR","@id":"https:\/\/previews.elleven.digital\/acocearense\/noticia\/grupo-aco-cearense-e-prata-no-premios-lusofonos-da-criatividade-de-portugal-com-o-case-acontece\/#primaryimage","url":"https:\/\/previews.elleven.digital\/acocearense\/wp-content\/uploads\/2025\/05\/Acontece_Premio.jpg","contentUrl":"https:\/\/previews.elleven.digital\/acocearense\/wp-content\/uploads\/2025\/05\/Acontece_Premio.jpg","width":2160,"height":1350},{"@type":"BreadcrumbList","@id":"https:\/\/previews.elleven.digital\/acocearense\/noticia\/grupo-aco-cearense-e-prata-no-premios-lusofonos-da-criatividade-de-portugal-com-o-case-acontece\/#breadcrumb","itemListElement":[{"@type":"ListItem","position":1,"name":"In\u00edcio","item":"https:\/\/previews.elleven.digital\/acocearense\/"},{"@type":"ListItem","position":2,"name":"Not\u00edcias","item":"https:\/\/previews.elleven.digital\/acocearense\/noticias\/"},{"@type":"ListItem","position":3,"name":"Grupo A\u00e7o Cearense \u00e9 prata no \u201cPr\u00e9mios Lus\u00f3fonos da Criatividade\u201d, de Portugal, com o case Acontece+"}]},{"@type":"WebSite","@id":"https:\/\/previews.elleven.digital\/acocearense\/#website","url":"https:\/\/previews.elleven.digital\/acocearense\/","name":"A\u00e7o Cearense","description":"H\u00e1 mais de 45 anos no mercado brasileiro do a\u00e7o.","alternateName":"A\u00e7o Cearense","potentialAction":[{"@type":"SearchAction","target":{"@type":"EntryPoint","urlTemplate":"https:\/\/previews.elleven.digital\/acocearense\/?s={search_term_string}"},"query-input":{"@type":"PropertyValueSpecification","valueRequired":true,"valueName":"search_term_string"}}],"inLanguage":"pt-BR"}]}},"_links":{"self":[{"href":"https:\/\/previews.elleven.digital\/acocearense\/wp-json\/wp\/v2\/noticia\/2162","targetHints":{"allow":["GET"]}}],"collection":[{"href":"https:\/\/previews.elleven.digital\/acocearense\/wp-json\/wp\/v2\/noticia"}],"about":[{"href":"https:\/\/previews.elleven.digital\/acocearense\/wp-json\/wp\/v2\/types\/noticia"}],"wp:featuredmedia":[{"embeddable":true,"href":"https:\/\/previews.elleven.digital\/acocearense\/wp-json\/wp\/v2\/media\/2154"}],"wp:attachment":[{"href":"https:\/\/previews.elleven.digital\/acocearense\/wp-json\/wp\/v2\/media?parent=2162"}],"wp:term":[{"taxonomy":"categoria-noticia","embeddable":true,"href":"https:\/\/previews.elleven.digital\/acocearense\/wp-json\/wp\/v2\/categoria-noticia?post=2162"}],"curies":[{"name":"wp","href":"https:\/\/api.w.org\/{rel}","templated":true}]}}