{"id":2159,"date":"2023-01-16T17:41:10","date_gmt":"2023-01-16T20:41:10","guid":{"rendered":"https:\/\/previews.elleven.digital\/acocearense\/?post_type=noticia&#038;p=2159"},"modified":"2025-05-07T17:41:36","modified_gmt":"2025-05-07T20:41:36","slug":"e-iniciado-o-projeto-de-engenharia-da-nova-aciaria-de-maraba","status":"publish","type":"noticia","link":"https:\/\/previews.elleven.digital\/acocearense\/noticia\/e-iniciado-o-projeto-de-engenharia-da-nova-aciaria-de-maraba\/","title":{"rendered":"\u00c9 iniciado o projeto de engenharia da Nova Aciaria de Marab\u00e1"},"content":{"rendered":"<p>Em maio de 2022, a SINOBRAS e a Vale assinaram um termo de compromisso para o desenvolvimento de uma nova aciaria para produ\u00e7\u00e3o de tarugos de a\u00e7o em Marab\u00e1. Seguindo o cronograma definido, ap\u00f3s v\u00e1rios meses de discuss\u00f5es t\u00e9cnicas e comerciais com 4 empresas internacionais de engenharia, a empresa Hatch consultoria internacional multidisciplinar de gerenciamento, engenharia e desenvolvimento foi a escolhida para desenvolver o projeto de engenharia da nova aciaria.<\/p>\n<p>No \u00faltimo dia 9 de janeiro, foi realizado o\u00a0<em>kick-off meeting<\/em>\u00a0(primeira reuni\u00e3o) para o in\u00edcio do projeto, que tem previs\u00e3o de conclus\u00e3o em 6 meses. Esta fase trar\u00e1 as defini\u00e7\u00f5es t\u00e9cnicas e financeiras para a continuidade da Nova Aciaria.<\/p>\n<p>\u201cEsse n\u00e3o \u00e9 um projeto somente da SINOBRAS e Vale, mas tamb\u00e9m de uma comunidade, e de \u00f3rg\u00e3os como Governo do Par\u00e1 e Prefeitura de Marab\u00e1. Acredito que seguiremos em frente e que a Nova Aciaria ser\u00e1 um sucesso por causa do trabalho de todos. Vamos para o Go Live das pr\u00f3ximas fases trabalhando e acreditando\u201d, afirmou durante a reuni\u00e3o, Ian Corr\u00eaa, Vice-Presidente de Opera\u00e7\u00f5es do Grupo A\u00e7o Cearense.<\/p>\n<p><strong>Entenda o assunto\u00a0<\/strong><\/p>\n<p>Pelo acordo assinado, a Vale apoia o projeto atrav\u00e9s da emiss\u00e3o de garantias que viabilizem o financiamento a ser contratado pela SINOBRAS para instala\u00e7\u00e3o da nova aciaria. J\u00e1 a SINOBRAS \u00e9 a respons\u00e1vel, al\u00e9m dos estudos de engenharia, pela implanta\u00e7\u00e3o e opera\u00e7\u00e3o da planta.\u00a0A previs\u00e3o para o in\u00edcio da produ\u00e7\u00e3o da nova aciaria \u00e9 ap\u00f3s o\u00a0<em>startup\u00a0<\/em>da Tecnored, subsidi\u00e1ria da Vale, previsto para o 1\u00ba semestre de 2025.<\/p>\n<p>Logo ap\u00f3s a assinatura do acordo, a SINOBRAS come\u00e7ou a estruturar equipe e criou uma ger\u00eancia para cuidar exclusivamente do novo projeto. De acordo com Ian Corr\u00eaa \u201co projeto da nova aciaria, al\u00e9m de ser um gerador de novos empregos e renda, ir\u00e1 garantir o suprimento necess\u00e1rio para o crescimento da SINOBRAS por meio da sua expans\u00e3o, assim como ir\u00e1 proporcionar condi\u00e7\u00f5es para o desenvolvimento de um Polo Metal Mec\u00e2nico em Marab\u00e1\u201d.<\/p>\n","protected":false},"featured_media":2157,"template":"","meta":{"_acf_changed":false,"inline_featured_image":false},"categoria-noticia":[],"class_list":["post-2159","noticia","type-noticia","status-publish","has-post-thumbnail","hentry"],"acf":{"link":""},"yoast_head":"<!-- This site is optimized with the Yoast SEO plugin v25.9 - https:\/\/yoast.com\/wordpress\/plugins\/seo\/ -->\n<title>\u00c9 iniciado o projeto de engenharia da Nova Aciaria de Marab\u00e1 - Grupo A\u00e7o Cearense<\/title>\n<meta name=\"robots\" content=\"index, follow, max-snippet:-1, max-image-preview:large, max-video-preview:-1\" \/>\n<link rel=\"canonical\" href=\"https:\/\/previews.elleven.digital\/acocearense\/noticia\/e-iniciado-o-projeto-de-engenharia-da-nova-aciaria-de-maraba\/\" \/>\n<meta property=\"og:locale\" content=\"pt_BR\" \/>\n<meta property=\"og:type\" content=\"article\" \/>\n<meta property=\"og:title\" content=\"\u00c9 iniciado o projeto de engenharia da Nova Aciaria de Marab\u00e1 - Grupo A\u00e7o Cearense\" \/>\n<meta property=\"og:description\" content=\"Em maio de 2022, a SINOBRAS e a Vale assinaram um termo de compromisso para(...)\" \/>\n<meta property=\"og:url\" content=\"https:\/\/previews.elleven.digital\/acocearense\/noticia\/e-iniciado-o-projeto-de-engenharia-da-nova-aciaria-de-maraba\/\" \/>\n<meta property=\"og:site_name\" content=\"Grupo A\u00e7o Cearense\" \/>\n<meta property=\"article:modified_time\" content=\"2025-05-07T20:41:36+00:00\" \/>\n<meta property=\"og:image\" content=\"https:\/\/previews.elleven.digital\/acocearense\/wp-content\/uploads\/2025\/05\/lancamento-ca60-bobina-768x576-1.jpg\" \/>\n\t<meta property=\"og:image:width\" content=\"768\" \/>\n\t<meta property=\"og:image:height\" content=\"576\" \/>\n\t<meta property=\"og:image:type\" content=\"image\/jpeg\" \/>\n<meta name=\"twitter:card\" content=\"summary_large_image\" \/>\n<meta name=\"twitter:label1\" content=\"Est. tempo de leitura\" \/>\n\t<meta name=\"twitter:data1\" content=\"2 minutos\" \/>\n<script type=\"application\/ld+json\" class=\"yoast-schema-graph\">{\"@context\":\"https:\/\/schema.org\",\"@graph\":[{\"@type\":\"WebPage\",\"@id\":\"https:\/\/previews.elleven.digital\/acocearense\/noticia\/e-iniciado-o-projeto-de-engenharia-da-nova-aciaria-de-maraba\/\",\"url\":\"https:\/\/previews.elleven.digital\/acocearense\/noticia\/e-iniciado-o-projeto-de-engenharia-da-nova-aciaria-de-maraba\/\",\"name\":\"\u00c9 iniciado o projeto de engenharia da Nova Aciaria de Marab\u00e1 - Grupo A\u00e7o Cearense\",\"isPartOf\":{\"@id\":\"https:\/\/previews.elleven.digital\/acocearense\/#website\"},\"primaryImageOfPage\":{\"@id\":\"https:\/\/previews.elleven.digital\/acocearense\/noticia\/e-iniciado-o-projeto-de-engenharia-da-nova-aciaria-de-maraba\/#primaryimage\"},\"image\":{\"@id\":\"https:\/\/previews.elleven.digital\/acocearense\/noticia\/e-iniciado-o-projeto-de-engenharia-da-nova-aciaria-de-maraba\/#primaryimage\"},\"thumbnailUrl\":\"https:\/\/previews.elleven.digital\/acocearense\/wp-content\/uploads\/2025\/05\/lancamento-ca60-bobina-768x576-1.jpg\",\"datePublished\":\"2023-01-16T20:41:10+00:00\",\"dateModified\":\"2025-05-07T20:41:36+00:00\",\"breadcrumb\":{\"@id\":\"https:\/\/previews.elleven.digital\/acocearense\/noticia\/e-iniciado-o-projeto-de-engenharia-da-nova-aciaria-de-maraba\/#breadcrumb\"},\"inLanguage\":\"pt-BR\",\"potentialAction\":[{\"@type\":\"ReadAction\",\"target\":[\"https:\/\/previews.elleven.digital\/acocearense\/noticia\/e-iniciado-o-projeto-de-engenharia-da-nova-aciaria-de-maraba\/\"]}]},{\"@type\":\"ImageObject\",\"inLanguage\":\"pt-BR\",\"@id\":\"https:\/\/previews.elleven.digital\/acocearense\/noticia\/e-iniciado-o-projeto-de-engenharia-da-nova-aciaria-de-maraba\/#primaryimage\",\"url\":\"https:\/\/previews.elleven.digital\/acocearense\/wp-content\/uploads\/2025\/05\/lancamento-ca60-bobina-768x576-1.jpg\",\"contentUrl\":\"https:\/\/previews.elleven.digital\/acocearense\/wp-content\/uploads\/2025\/05\/lancamento-ca60-bobina-768x576-1.jpg\",\"width\":768,\"height\":576},{\"@type\":\"BreadcrumbList\",\"@id\":\"https:\/\/previews.elleven.digital\/acocearense\/noticia\/e-iniciado-o-projeto-de-engenharia-da-nova-aciaria-de-maraba\/#breadcrumb\",\"itemListElement\":[{\"@type\":\"ListItem\",\"position\":1,\"name\":\"In\u00edcio\",\"item\":\"https:\/\/previews.elleven.digital\/acocearense\/\"},{\"@type\":\"ListItem\",\"position\":2,\"name\":\"Not\u00edcias\",\"item\":\"https:\/\/previews.elleven.digital\/acocearense\/noticias\/\"},{\"@type\":\"ListItem\",\"position\":3,\"name\":\"\u00c9 iniciado o projeto de engenharia da Nova Aciaria de Marab\u00e1\"}]},{\"@type\":\"WebSite\",\"@id\":\"https:\/\/previews.elleven.digital\/acocearense\/#website\",\"url\":\"https:\/\/previews.elleven.digital\/acocearense\/\",\"name\":\"A\u00e7o Cearense\",\"description\":\"H\u00e1 mais de 45 anos no mercado brasileiro do a\u00e7o.\",\"alternateName\":\"A\u00e7o Cearense\",\"potentialAction\":[{\"@type\":\"SearchAction\",\"target\":{\"@type\":\"EntryPoint\",\"urlTemplate\":\"https:\/\/previews.elleven.digital\/acocearense\/?s={search_term_string}\"},\"query-input\":{\"@type\":\"PropertyValueSpecification\",\"valueRequired\":true,\"valueName\":\"search_term_string\"}}],\"inLanguage\":\"pt-BR\"}]}<\/script>\n<!-- \/ Yoast SEO plugin. -->","yoast_head_json":{"title":"\u00c9 iniciado o projeto de engenharia da Nova Aciaria de Marab\u00e1 - Grupo A\u00e7o Cearense","robots":{"index":"index","follow":"follow","max-snippet":"max-snippet:-1","max-image-preview":"max-image-preview:large","max-video-preview":"max-video-preview:-1"},"canonical":"https:\/\/previews.elleven.digital\/acocearense\/noticia\/e-iniciado-o-projeto-de-engenharia-da-nova-aciaria-de-maraba\/","og_locale":"pt_BR","og_type":"article","og_title":"\u00c9 iniciado o projeto de engenharia da Nova Aciaria de Marab\u00e1 - Grupo A\u00e7o Cearense","og_description":"Em maio de 2022, a SINOBRAS e a Vale assinaram um termo de compromisso para(...)","og_url":"https:\/\/previews.elleven.digital\/acocearense\/noticia\/e-iniciado-o-projeto-de-engenharia-da-nova-aciaria-de-maraba\/","og_site_name":"Grupo A\u00e7o Cearense","article_modified_time":"2025-05-07T20:41:36+00:00","og_image":[{"width":768,"height":576,"url":"https:\/\/previews.elleven.digital\/acocearense\/wp-content\/uploads\/2025\/05\/lancamento-ca60-bobina-768x576-1.jpg","type":"image\/jpeg"}],"twitter_card":"summary_large_image","twitter_misc":{"Est. tempo de leitura":"2 minutos"},"schema":{"@context":"https:\/\/schema.org","@graph":[{"@type":"WebPage","@id":"https:\/\/previews.elleven.digital\/acocearense\/noticia\/e-iniciado-o-projeto-de-engenharia-da-nova-aciaria-de-maraba\/","url":"https:\/\/previews.elleven.digital\/acocearense\/noticia\/e-iniciado-o-projeto-de-engenharia-da-nova-aciaria-de-maraba\/","name":"\u00c9 iniciado o projeto de engenharia da Nova Aciaria de Marab\u00e1 - Grupo A\u00e7o Cearense","isPartOf":{"@id":"https:\/\/previews.elleven.digital\/acocearense\/#website"},"primaryImageOfPage":{"@id":"https:\/\/previews.elleven.digital\/acocearense\/noticia\/e-iniciado-o-projeto-de-engenharia-da-nova-aciaria-de-maraba\/#primaryimage"},"image":{"@id":"https:\/\/previews.elleven.digital\/acocearense\/noticia\/e-iniciado-o-projeto-de-engenharia-da-nova-aciaria-de-maraba\/#primaryimage"},"thumbnailUrl":"https:\/\/previews.elleven.digital\/acocearense\/wp-content\/uploads\/2025\/05\/lancamento-ca60-bobina-768x576-1.jpg","datePublished":"2023-01-16T20:41:10+00:00","dateModified":"2025-05-07T20:41:36+00:00","breadcrumb":{"@id":"https:\/\/previews.elleven.digital\/acocearense\/noticia\/e-iniciado-o-projeto-de-engenharia-da-nova-aciaria-de-maraba\/#breadcrumb"},"inLanguage":"pt-BR","potentialAction":[{"@type":"ReadAction","target":["https:\/\/previews.elleven.digital\/acocearense\/noticia\/e-iniciado-o-projeto-de-engenharia-da-nova-aciaria-de-maraba\/"]}]},{"@type":"ImageObject","inLanguage":"pt-BR","@id":"https:\/\/previews.elleven.digital\/acocearense\/noticia\/e-iniciado-o-projeto-de-engenharia-da-nova-aciaria-de-maraba\/#primaryimage","url":"https:\/\/previews.elleven.digital\/acocearense\/wp-content\/uploads\/2025\/05\/lancamento-ca60-bobina-768x576-1.jpg","contentUrl":"https:\/\/previews.elleven.digital\/acocearense\/wp-content\/uploads\/2025\/05\/lancamento-ca60-bobina-768x576-1.jpg","width":768,"height":576},{"@type":"BreadcrumbList","@id":"https:\/\/previews.elleven.digital\/acocearense\/noticia\/e-iniciado-o-projeto-de-engenharia-da-nova-aciaria-de-maraba\/#breadcrumb","itemListElement":[{"@type":"ListItem","position":1,"name":"In\u00edcio","item":"https:\/\/previews.elleven.digital\/acocearense\/"},{"@type":"ListItem","position":2,"name":"Not\u00edcias","item":"https:\/\/previews.elleven.digital\/acocearense\/noticias\/"},{"@type":"ListItem","position":3,"name":"\u00c9 iniciado o projeto de engenharia da Nova Aciaria de Marab\u00e1"}]},{"@type":"WebSite","@id":"https:\/\/previews.elleven.digital\/acocearense\/#website","url":"https:\/\/previews.elleven.digital\/acocearense\/","name":"A\u00e7o Cearense","description":"H\u00e1 mais de 45 anos no mercado brasileiro do a\u00e7o.","alternateName":"A\u00e7o Cearense","potentialAction":[{"@type":"SearchAction","target":{"@type":"EntryPoint","urlTemplate":"https:\/\/previews.elleven.digital\/acocearense\/?s={search_term_string}"},"query-input":{"@type":"PropertyValueSpecification","valueRequired":true,"valueName":"search_term_string"}}],"inLanguage":"pt-BR"}]}},"_links":{"self":[{"href":"https:\/\/previews.elleven.digital\/acocearense\/wp-json\/wp\/v2\/noticia\/2159","targetHints":{"allow":["GET"]}}],"collection":[{"href":"https:\/\/previews.elleven.digital\/acocearense\/wp-json\/wp\/v2\/noticia"}],"about":[{"href":"https:\/\/previews.elleven.digital\/acocearense\/wp-json\/wp\/v2\/types\/noticia"}],"wp:featuredmedia":[{"embeddable":true,"href":"https:\/\/previews.elleven.digital\/acocearense\/wp-json\/wp\/v2\/media\/2157"}],"wp:attachment":[{"href":"https:\/\/previews.elleven.digital\/acocearense\/wp-json\/wp\/v2\/media?parent=2159"}],"wp:term":[{"taxonomy":"categoria-noticia","embeddable":true,"href":"https:\/\/previews.elleven.digital\/acocearense\/wp-json\/wp\/v2\/categoria-noticia?post=2159"}],"curies":[{"name":"wp","href":"https:\/\/api.w.org\/{rel}","templated":true}]}}