{"id":2147,"date":"2022-08-16T17:35:33","date_gmt":"2022-08-16T20:35:33","guid":{"rendered":"https:\/\/previews.elleven.digital\/acocearense\/?post_type=noticia&#038;p=2147"},"modified":"2025-05-07T17:35:59","modified_gmt":"2025-05-07T20:35:59","slug":"grupo-aco-cearense-apoia-casacor-ceara-2022-que-traz-o-tema-infinito-particular","status":"publish","type":"noticia","link":"https:\/\/previews.elleven.digital\/acocearense\/noticia\/grupo-aco-cearense-apoia-casacor-ceara-2022-que-traz-o-tema-infinito-particular\/","title":{"rendered":"Grupo A\u00e7o Cearense apoia CASACOR Cear\u00e1 2022 que traz o tema \u201cInfinito Particular\u201d"},"content":{"rendered":"<p>O Grupo A\u00e7o Cearense mais uma vez \u00e9 parceiro da CASACOR Cear\u00e1, evento que abre espa\u00e7os para os principais arquitetos, designers de interiores e paisagistas do estado exporem seus trabalhos a um p\u00fablico cada vez maior e mais exigente. O tema da mostra deste ano ser\u00e1 \u201cInfinito Particular\u201d, que faz refer\u00eancia \u00e0s casas biogr\u00e1ficas que v\u00e3o al\u00e9m dos estilos.<\/p>\n<p>O grande diferencial desta edi\u00e7\u00e3o ser\u00e1 o lounge de 80m2 assinado pelo Grupo, juntamente com o arquiteto Racine Mour\u00e3o, que possui mais de 30 anos de experi\u00eancia no mercado. Essa \u00e9 mais uma forma da empresa fortalecer seu prop\u00f3sito e estreitar relacionamentos com parceiros e clientes.<\/p>\n<p>Vilmar Ferreira, presidente do Grupo A\u00e7o Cearense, ser\u00e1 homenageado no coquetel de abertura da CASA COR Cear\u00e1, que acontecer\u00e1 no dia 08 de outubro. Em 2022, o evento continuar\u00e1 em seu formato h\u00edbrido de visita\u00e7\u00e3o e ser\u00e1 realizado entre os dias 11 de outubro a 27 de novembro, no endere\u00e7o: Av. Rui Barbosa, 901 \u2013 Meireles, Fortaleza. Ao todo, ser\u00e3o 33 ambientes produzidos pelos mais renomados profissionais da \u00e1rea.<\/p>\n<p>&nbsp;<\/p>\n<p><strong>Mais informa\u00e7\u00f5es para a Imprensa:<\/strong><\/p>\n<p>AD2M Comunica\u00e7\u00e3o<br \/>\n<a href=\"http:\/\/www.ad2m.com.br\/\">www.ad2m.com.br<\/a>\u00a0| (85) 3258.1001<br \/>\nKarol de Andrade \u2013\u00a0<a href=\"mailto:karolandrade@ad2m.com.br\">karolandrade@ad2m.com.br<\/a>\u00a0| +55 (85) 9.8604.4441<br \/>\nWaldirene Lisboa \u2013\u00a0<a href=\"mailto:waldirene@ad2m.com.br\">waldirene@ad2m.com.br<\/a>\u00a0| +55 (85) 9.96695790<br \/>\nMauro Costa \u2013\u00a0<a href=\"mailto:maurocosta@ad2m.com.br\">maurocosta@ad2m.com.br<\/a>\u00a0| +55 (85) 9.8879.8474<\/p>\n","protected":false},"featured_media":2123,"template":"","meta":{"_acf_changed":false,"inline_featured_image":false},"categoria-noticia":[],"class_list":["post-2147","noticia","type-noticia","status-publish","has-post-thumbnail","hentry"],"acf":{"link":""},"yoast_head":"<!-- This site is optimized with the Yoast SEO plugin v25.9 - https:\/\/yoast.com\/wordpress\/plugins\/seo\/ -->\n<title>Grupo A\u00e7o Cearense apoia CASACOR Cear\u00e1 2022 que traz o tema \u201cInfinito Particular\u201d - Grupo A\u00e7o Cearense<\/title>\n<meta name=\"robots\" content=\"index, follow, max-snippet:-1, max-image-preview:large, max-video-preview:-1\" \/>\n<link rel=\"canonical\" href=\"https:\/\/previews.elleven.digital\/acocearense\/noticia\/grupo-aco-cearense-apoia-casacor-ceara-2022-que-traz-o-tema-infinito-particular\/\" \/>\n<meta property=\"og:locale\" content=\"pt_BR\" \/>\n<meta property=\"og:type\" content=\"article\" \/>\n<meta property=\"og:title\" content=\"Grupo A\u00e7o Cearense apoia CASACOR Cear\u00e1 2022 que traz o tema \u201cInfinito Particular\u201d - Grupo A\u00e7o Cearense\" \/>\n<meta property=\"og:description\" content=\"O Grupo A\u00e7o Cearense mais uma vez \u00e9 parceiro da CASACOR Cear\u00e1, evento que abre(...)\" \/>\n<meta property=\"og:url\" content=\"https:\/\/previews.elleven.digital\/acocearense\/noticia\/grupo-aco-cearense-apoia-casacor-ceara-2022-que-traz-o-tema-infinito-particular\/\" \/>\n<meta property=\"og:site_name\" content=\"Grupo A\u00e7o Cearense\" \/>\n<meta property=\"article:modified_time\" content=\"2025-05-07T20:35:59+00:00\" \/>\n<meta property=\"og:image\" content=\"https:\/\/previews.elleven.digital\/acocearense\/wp-content\/uploads\/2025\/05\/casacor-2022-768x576-1.jpg\" \/>\n\t<meta property=\"og:image:width\" content=\"768\" \/>\n\t<meta property=\"og:image:height\" content=\"576\" \/>\n\t<meta property=\"og:image:type\" content=\"image\/jpeg\" \/>\n<meta name=\"twitter:card\" content=\"summary_large_image\" \/>\n<meta name=\"twitter:label1\" content=\"Est. tempo de leitura\" \/>\n\t<meta name=\"twitter:data1\" content=\"1 minuto\" \/>\n<script type=\"application\/ld+json\" class=\"yoast-schema-graph\">{\"@context\":\"https:\/\/schema.org\",\"@graph\":[{\"@type\":\"WebPage\",\"@id\":\"https:\/\/previews.elleven.digital\/acocearense\/noticia\/grupo-aco-cearense-apoia-casacor-ceara-2022-que-traz-o-tema-infinito-particular\/\",\"url\":\"https:\/\/previews.elleven.digital\/acocearense\/noticia\/grupo-aco-cearense-apoia-casacor-ceara-2022-que-traz-o-tema-infinito-particular\/\",\"name\":\"Grupo A\u00e7o Cearense apoia CASACOR Cear\u00e1 2022 que traz o tema \u201cInfinito Particular\u201d - Grupo A\u00e7o Cearense\",\"isPartOf\":{\"@id\":\"https:\/\/previews.elleven.digital\/acocearense\/#website\"},\"primaryImageOfPage\":{\"@id\":\"https:\/\/previews.elleven.digital\/acocearense\/noticia\/grupo-aco-cearense-apoia-casacor-ceara-2022-que-traz-o-tema-infinito-particular\/#primaryimage\"},\"image\":{\"@id\":\"https:\/\/previews.elleven.digital\/acocearense\/noticia\/grupo-aco-cearense-apoia-casacor-ceara-2022-que-traz-o-tema-infinito-particular\/#primaryimage\"},\"thumbnailUrl\":\"https:\/\/previews.elleven.digital\/acocearense\/wp-content\/uploads\/2025\/05\/casacor-2022-768x576-1.jpg\",\"datePublished\":\"2022-08-16T20:35:33+00:00\",\"dateModified\":\"2025-05-07T20:35:59+00:00\",\"breadcrumb\":{\"@id\":\"https:\/\/previews.elleven.digital\/acocearense\/noticia\/grupo-aco-cearense-apoia-casacor-ceara-2022-que-traz-o-tema-infinito-particular\/#breadcrumb\"},\"inLanguage\":\"pt-BR\",\"potentialAction\":[{\"@type\":\"ReadAction\",\"target\":[\"https:\/\/previews.elleven.digital\/acocearense\/noticia\/grupo-aco-cearense-apoia-casacor-ceara-2022-que-traz-o-tema-infinito-particular\/\"]}]},{\"@type\":\"ImageObject\",\"inLanguage\":\"pt-BR\",\"@id\":\"https:\/\/previews.elleven.digital\/acocearense\/noticia\/grupo-aco-cearense-apoia-casacor-ceara-2022-que-traz-o-tema-infinito-particular\/#primaryimage\",\"url\":\"https:\/\/previews.elleven.digital\/acocearense\/wp-content\/uploads\/2025\/05\/casacor-2022-768x576-1.jpg\",\"contentUrl\":\"https:\/\/previews.elleven.digital\/acocearense\/wp-content\/uploads\/2025\/05\/casacor-2022-768x576-1.jpg\",\"width\":768,\"height\":576},{\"@type\":\"BreadcrumbList\",\"@id\":\"https:\/\/previews.elleven.digital\/acocearense\/noticia\/grupo-aco-cearense-apoia-casacor-ceara-2022-que-traz-o-tema-infinito-particular\/#breadcrumb\",\"itemListElement\":[{\"@type\":\"ListItem\",\"position\":1,\"name\":\"In\u00edcio\",\"item\":\"https:\/\/previews.elleven.digital\/acocearense\/\"},{\"@type\":\"ListItem\",\"position\":2,\"name\":\"Not\u00edcias\",\"item\":\"https:\/\/previews.elleven.digital\/acocearense\/noticias\/\"},{\"@type\":\"ListItem\",\"position\":3,\"name\":\"Grupo A\u00e7o Cearense apoia CASACOR Cear\u00e1 2022 que traz o tema \u201cInfinito Particular\u201d\"}]},{\"@type\":\"WebSite\",\"@id\":\"https:\/\/previews.elleven.digital\/acocearense\/#website\",\"url\":\"https:\/\/previews.elleven.digital\/acocearense\/\",\"name\":\"A\u00e7o Cearense\",\"description\":\"H\u00e1 mais de 45 anos no mercado brasileiro do a\u00e7o.\",\"alternateName\":\"A\u00e7o Cearense\",\"potentialAction\":[{\"@type\":\"SearchAction\",\"target\":{\"@type\":\"EntryPoint\",\"urlTemplate\":\"https:\/\/previews.elleven.digital\/acocearense\/?s={search_term_string}\"},\"query-input\":{\"@type\":\"PropertyValueSpecification\",\"valueRequired\":true,\"valueName\":\"search_term_string\"}}],\"inLanguage\":\"pt-BR\"}]}<\/script>\n<!-- \/ Yoast SEO plugin. -->","yoast_head_json":{"title":"Grupo A\u00e7o Cearense apoia CASACOR Cear\u00e1 2022 que traz o tema \u201cInfinito Particular\u201d - Grupo A\u00e7o Cearense","robots":{"index":"index","follow":"follow","max-snippet":"max-snippet:-1","max-image-preview":"max-image-preview:large","max-video-preview":"max-video-preview:-1"},"canonical":"https:\/\/previews.elleven.digital\/acocearense\/noticia\/grupo-aco-cearense-apoia-casacor-ceara-2022-que-traz-o-tema-infinito-particular\/","og_locale":"pt_BR","og_type":"article","og_title":"Grupo A\u00e7o Cearense apoia CASACOR Cear\u00e1 2022 que traz o tema \u201cInfinito Particular\u201d - Grupo A\u00e7o Cearense","og_description":"O Grupo A\u00e7o Cearense mais uma vez \u00e9 parceiro da CASACOR Cear\u00e1, evento que abre(...)","og_url":"https:\/\/previews.elleven.digital\/acocearense\/noticia\/grupo-aco-cearense-apoia-casacor-ceara-2022-que-traz-o-tema-infinito-particular\/","og_site_name":"Grupo A\u00e7o Cearense","article_modified_time":"2025-05-07T20:35:59+00:00","og_image":[{"width":768,"height":576,"url":"https:\/\/previews.elleven.digital\/acocearense\/wp-content\/uploads\/2025\/05\/casacor-2022-768x576-1.jpg","type":"image\/jpeg"}],"twitter_card":"summary_large_image","twitter_misc":{"Est. tempo de leitura":"1 minuto"},"schema":{"@context":"https:\/\/schema.org","@graph":[{"@type":"WebPage","@id":"https:\/\/previews.elleven.digital\/acocearense\/noticia\/grupo-aco-cearense-apoia-casacor-ceara-2022-que-traz-o-tema-infinito-particular\/","url":"https:\/\/previews.elleven.digital\/acocearense\/noticia\/grupo-aco-cearense-apoia-casacor-ceara-2022-que-traz-o-tema-infinito-particular\/","name":"Grupo A\u00e7o Cearense apoia CASACOR Cear\u00e1 2022 que traz o tema \u201cInfinito Particular\u201d - Grupo A\u00e7o Cearense","isPartOf":{"@id":"https:\/\/previews.elleven.digital\/acocearense\/#website"},"primaryImageOfPage":{"@id":"https:\/\/previews.elleven.digital\/acocearense\/noticia\/grupo-aco-cearense-apoia-casacor-ceara-2022-que-traz-o-tema-infinito-particular\/#primaryimage"},"image":{"@id":"https:\/\/previews.elleven.digital\/acocearense\/noticia\/grupo-aco-cearense-apoia-casacor-ceara-2022-que-traz-o-tema-infinito-particular\/#primaryimage"},"thumbnailUrl":"https:\/\/previews.elleven.digital\/acocearense\/wp-content\/uploads\/2025\/05\/casacor-2022-768x576-1.jpg","datePublished":"2022-08-16T20:35:33+00:00","dateModified":"2025-05-07T20:35:59+00:00","breadcrumb":{"@id":"https:\/\/previews.elleven.digital\/acocearense\/noticia\/grupo-aco-cearense-apoia-casacor-ceara-2022-que-traz-o-tema-infinito-particular\/#breadcrumb"},"inLanguage":"pt-BR","potentialAction":[{"@type":"ReadAction","target":["https:\/\/previews.elleven.digital\/acocearense\/noticia\/grupo-aco-cearense-apoia-casacor-ceara-2022-que-traz-o-tema-infinito-particular\/"]}]},{"@type":"ImageObject","inLanguage":"pt-BR","@id":"https:\/\/previews.elleven.digital\/acocearense\/noticia\/grupo-aco-cearense-apoia-casacor-ceara-2022-que-traz-o-tema-infinito-particular\/#primaryimage","url":"https:\/\/previews.elleven.digital\/acocearense\/wp-content\/uploads\/2025\/05\/casacor-2022-768x576-1.jpg","contentUrl":"https:\/\/previews.elleven.digital\/acocearense\/wp-content\/uploads\/2025\/05\/casacor-2022-768x576-1.jpg","width":768,"height":576},{"@type":"BreadcrumbList","@id":"https:\/\/previews.elleven.digital\/acocearense\/noticia\/grupo-aco-cearense-apoia-casacor-ceara-2022-que-traz-o-tema-infinito-particular\/#breadcrumb","itemListElement":[{"@type":"ListItem","position":1,"name":"In\u00edcio","item":"https:\/\/previews.elleven.digital\/acocearense\/"},{"@type":"ListItem","position":2,"name":"Not\u00edcias","item":"https:\/\/previews.elleven.digital\/acocearense\/noticias\/"},{"@type":"ListItem","position":3,"name":"Grupo A\u00e7o Cearense apoia CASACOR Cear\u00e1 2022 que traz o tema \u201cInfinito Particular\u201d"}]},{"@type":"WebSite","@id":"https:\/\/previews.elleven.digital\/acocearense\/#website","url":"https:\/\/previews.elleven.digital\/acocearense\/","name":"A\u00e7o Cearense","description":"H\u00e1 mais de 45 anos no mercado brasileiro do a\u00e7o.","alternateName":"A\u00e7o Cearense","potentialAction":[{"@type":"SearchAction","target":{"@type":"EntryPoint","urlTemplate":"https:\/\/previews.elleven.digital\/acocearense\/?s={search_term_string}"},"query-input":{"@type":"PropertyValueSpecification","valueRequired":true,"valueName":"search_term_string"}}],"inLanguage":"pt-BR"}]}},"_links":{"self":[{"href":"https:\/\/previews.elleven.digital\/acocearense\/wp-json\/wp\/v2\/noticia\/2147","targetHints":{"allow":["GET"]}}],"collection":[{"href":"https:\/\/previews.elleven.digital\/acocearense\/wp-json\/wp\/v2\/noticia"}],"about":[{"href":"https:\/\/previews.elleven.digital\/acocearense\/wp-json\/wp\/v2\/types\/noticia"}],"wp:featuredmedia":[{"embeddable":true,"href":"https:\/\/previews.elleven.digital\/acocearense\/wp-json\/wp\/v2\/media\/2123"}],"wp:attachment":[{"href":"https:\/\/previews.elleven.digital\/acocearense\/wp-json\/wp\/v2\/media?parent=2147"}],"wp:term":[{"taxonomy":"categoria-noticia","embeddable":true,"href":"https:\/\/previews.elleven.digital\/acocearense\/wp-json\/wp\/v2\/categoria-noticia?post=2147"}],"curies":[{"name":"wp","href":"https:\/\/api.w.org\/{rel}","templated":true}]}}