{"id":2143,"date":"2022-04-29T17:33:54","date_gmt":"2022-04-29T20:33:54","guid":{"rendered":"https:\/\/previews.elleven.digital\/acocearense\/?post_type=noticia&#038;p=2143"},"modified":"2025-05-07T17:34:37","modified_gmt":"2025-05-07T20:34:37","slug":"grupo-aco-cearense-promove-acao-de-educacao-ambiental-para-filhos-dos-colaboradores","status":"publish","type":"noticia","link":"https:\/\/previews.elleven.digital\/acocearense\/noticia\/grupo-aco-cearense-promove-acao-de-educacao-ambiental-para-filhos-dos-colaboradores\/","title":{"rendered":"Grupo A\u00e7o Cearense promove a\u00e7\u00e3o de educa\u00e7\u00e3o ambiental para filhos dos colaboradores"},"content":{"rendered":"<p><img loading=\"lazy\" decoding=\"async\" class=\"alignnone size-medium wp-image-10840 aligncenter\" src=\"https:\/\/previews.elleven.digital\/acocearense\/wp-content\/uploads\/2022\/05\/Projeto-Educacional-A%E2%80%A1o-Cearense-24-300x225.png\" sizes=\"auto, (max-width: 300px) 100vw, 300px\" srcset=\"https:\/\/previews.elleven.digital\/acocearense\/wp-content\/uploads\/2022\/05\/Projeto-Educacional-A\u2021o-Cearense-24-300x225.png 300w, https:\/\/previews.elleven.digital\/acocearense\/wp-content\/uploads\/2022\/05\/Projeto-Educacional-A\u2021o-Cearense-24-768x576.png 768w, https:\/\/previews.elleven.digital\/acocearense\/wp-content\/uploads\/2022\/05\/Projeto-Educacional-A\u2021o-Cearense-24.png 800w\" alt=\"\" width=\"300\" height=\"225\" \/><\/p>\n<p><em>A a\u00e7\u00e3o acontece na ind\u00fastria da empresa e no Parque do Coc\u00f3<\/em><\/p>\n<p>A Educa\u00e7\u00e3o ambiental \u00e9 um aprendizado voltado para a conscientiza\u00e7\u00e3o das pessoas em rela\u00e7\u00e3o ao meio ambiente, assegurando uma nova postura de preserva\u00e7\u00e3o do planeta para o futuro. Dentro desta perspectiva, o Grupo A\u00e7o Cearense, atrav\u00e9s do IAC \u2013 Instituto A\u00e7o Cearense, promove o projeto de \u201cEduca\u00e7\u00e3o Ambiental\u201d que tem o intuito de compartilhar conhecimento com familiares dos seus colaboradores. A a\u00e7\u00e3o aconteceu hoje na A\u00e7o Cearense Industrial que se estender\u00e1, inicialmente, at\u00e9 ter\u00e7a-feira (3), no Parque do Coc\u00f3.<\/p>\n<p>Cerca de 15 crian\u00e7as e adolescentes, entre 12 e 17 anos, filhos dos colaboradores do Grupo, est\u00e3o participando da programa\u00e7\u00e3o que prev\u00ea atividades como palestras educativas, din\u00e2micas de coleta seletiva, opera\u00e7\u00e3o Educa Parque, oficina de mudas, trilha, piquenique, exibi\u00e7\u00e3o de filmes, exposi\u00e7\u00e3o de produtos sustent\u00e1veis, quiz, sorteio e trilha guiada.<\/p>\n<p>Segundo Carlos Yves Cavalcanti, Gerente de Sustentabilidade, a ideia do projeto surgiu a partir de sugest\u00f5es de colaboradores de sua equipe, de forma a promover a conscientiza\u00e7\u00e3o ambiental e a possibilidade de ser repassada para todos do Grupo A\u00e7o Cearense, seus filhos e as comunidades vizinhas. \u201cAcreditamos que pensar no meio ambiente e nas formas de preserv\u00e1-lo para as futuras gera\u00e7\u00f5es \u00e9 um dever de todos n\u00f3s enquanto sociedade. O Grupo A\u00e7o Cearense promove in\u00fameras a\u00e7\u00f5es e projetos de preserva\u00e7\u00e3o e mitiga\u00e7\u00e3o dos impactos ambientais. Viabilizar conhecimento, valores e pr\u00e1ticas sustent\u00e1veis faz parte do nosso dia a dia, por isso o projeto de Educa\u00e7\u00e3o Ambiental est\u00e1 sendo idealizado, para que possa ultrapassar os muros da empresa, chegando aos familiares dos colaboradores e nas comunidades em que vivem, multiplicando esse conhecimento\u201d, explica.<\/p>\n<p>&nbsp;<\/p>\n<p><strong>Mais informa\u00e7\u00f5es para a Imprensa:<\/strong><\/p>\n<p>AD2M Engenharia de Comunica\u00e7\u00e3o<\/p>\n<p><a href=\"http:\/\/www.ad2m.com.br\/\">www.ad2m.com.br<\/a>\u00a0| (85) 3258.1001<\/p>\n<p>Camila Grangeiro \u2013 camilagrangeiro@ad2m.com.br | (85) 9.9659.6890<\/p>\n<p>Waldirene Lisboa \u2013 waldirene@ad2m.com.br | +55 (85) 9.966957901<\/p>\n<p>Mauro Costa \u2013 maurocosta@ad2m.com.br | (85) 9.8879.8474<\/p>\n","protected":false},"featured_media":2125,"template":"","meta":{"_acf_changed":false,"inline_featured_image":false},"categoria-noticia":[],"class_list":["post-2143","noticia","type-noticia","status-publish","has-post-thumbnail","hentry"],"acf":{"link":""},"yoast_head":"<!-- This site is optimized with the Yoast SEO plugin v25.9 - https:\/\/yoast.com\/wordpress\/plugins\/seo\/ -->\n<title>Grupo A\u00e7o Cearense promove a\u00e7\u00e3o de educa\u00e7\u00e3o ambiental para filhos dos colaboradores - Grupo A\u00e7o Cearense<\/title>\n<meta name=\"robots\" content=\"index, follow, max-snippet:-1, max-image-preview:large, max-video-preview:-1\" \/>\n<link rel=\"canonical\" href=\"https:\/\/previews.elleven.digital\/acocearense\/noticia\/grupo-aco-cearense-promove-acao-de-educacao-ambiental-para-filhos-dos-colaboradores\/\" \/>\n<meta property=\"og:locale\" content=\"pt_BR\" \/>\n<meta property=\"og:type\" content=\"article\" \/>\n<meta property=\"og:title\" content=\"Grupo A\u00e7o Cearense promove a\u00e7\u00e3o de educa\u00e7\u00e3o ambiental para filhos dos colaboradores - Grupo A\u00e7o Cearense\" \/>\n<meta property=\"og:description\" content=\"A a\u00e7\u00e3o acontece na ind\u00fastria da empresa e no Parque do Coc\u00f3 A Educa\u00e7\u00e3o ambiental(...)\" \/>\n<meta property=\"og:url\" content=\"https:\/\/previews.elleven.digital\/acocearense\/noticia\/grupo-aco-cearense-promove-acao-de-educacao-ambiental-para-filhos-dos-colaboradores\/\" \/>\n<meta property=\"og:site_name\" content=\"Grupo A\u00e7o Cearense\" \/>\n<meta property=\"article:modified_time\" content=\"2025-05-07T20:34:37+00:00\" \/>\n<meta property=\"og:image\" content=\"https:\/\/previews.elleven.digital\/acocearense\/wp-content\/uploads\/2025\/05\/Projeto-Educacional-A\u2021o-Cearense-14-768x576-1.png\" \/>\n\t<meta property=\"og:image:width\" content=\"768\" \/>\n\t<meta property=\"og:image:height\" content=\"576\" \/>\n\t<meta property=\"og:image:type\" content=\"image\/png\" \/>\n<meta name=\"twitter:card\" content=\"summary_large_image\" \/>\n<meta name=\"twitter:label1\" content=\"Est. tempo de leitura\" \/>\n\t<meta name=\"twitter:data1\" content=\"3 minutos\" \/>\n<script type=\"application\/ld+json\" class=\"yoast-schema-graph\">{\"@context\":\"https:\/\/schema.org\",\"@graph\":[{\"@type\":\"WebPage\",\"@id\":\"https:\/\/previews.elleven.digital\/acocearense\/noticia\/grupo-aco-cearense-promove-acao-de-educacao-ambiental-para-filhos-dos-colaboradores\/\",\"url\":\"https:\/\/previews.elleven.digital\/acocearense\/noticia\/grupo-aco-cearense-promove-acao-de-educacao-ambiental-para-filhos-dos-colaboradores\/\",\"name\":\"Grupo A\u00e7o Cearense promove a\u00e7\u00e3o de educa\u00e7\u00e3o ambiental para filhos dos colaboradores - Grupo A\u00e7o Cearense\",\"isPartOf\":{\"@id\":\"https:\/\/previews.elleven.digital\/acocearense\/#website\"},\"primaryImageOfPage\":{\"@id\":\"https:\/\/previews.elleven.digital\/acocearense\/noticia\/grupo-aco-cearense-promove-acao-de-educacao-ambiental-para-filhos-dos-colaboradores\/#primaryimage\"},\"image\":{\"@id\":\"https:\/\/previews.elleven.digital\/acocearense\/noticia\/grupo-aco-cearense-promove-acao-de-educacao-ambiental-para-filhos-dos-colaboradores\/#primaryimage\"},\"thumbnailUrl\":\"https:\/\/previews.elleven.digital\/acocearense\/wp-content\/uploads\/2025\/05\/Projeto-Educacional-A\u2021o-Cearense-14-768x576-1.png\",\"datePublished\":\"2022-04-29T20:33:54+00:00\",\"dateModified\":\"2025-05-07T20:34:37+00:00\",\"breadcrumb\":{\"@id\":\"https:\/\/previews.elleven.digital\/acocearense\/noticia\/grupo-aco-cearense-promove-acao-de-educacao-ambiental-para-filhos-dos-colaboradores\/#breadcrumb\"},\"inLanguage\":\"pt-BR\",\"potentialAction\":[{\"@type\":\"ReadAction\",\"target\":[\"https:\/\/previews.elleven.digital\/acocearense\/noticia\/grupo-aco-cearense-promove-acao-de-educacao-ambiental-para-filhos-dos-colaboradores\/\"]}]},{\"@type\":\"ImageObject\",\"inLanguage\":\"pt-BR\",\"@id\":\"https:\/\/previews.elleven.digital\/acocearense\/noticia\/grupo-aco-cearense-promove-acao-de-educacao-ambiental-para-filhos-dos-colaboradores\/#primaryimage\",\"url\":\"https:\/\/previews.elleven.digital\/acocearense\/wp-content\/uploads\/2025\/05\/Projeto-Educacional-A\u2021o-Cearense-14-768x576-1.png\",\"contentUrl\":\"https:\/\/previews.elleven.digital\/acocearense\/wp-content\/uploads\/2025\/05\/Projeto-Educacional-A\u2021o-Cearense-14-768x576-1.png\",\"width\":768,\"height\":576},{\"@type\":\"BreadcrumbList\",\"@id\":\"https:\/\/previews.elleven.digital\/acocearense\/noticia\/grupo-aco-cearense-promove-acao-de-educacao-ambiental-para-filhos-dos-colaboradores\/#breadcrumb\",\"itemListElement\":[{\"@type\":\"ListItem\",\"position\":1,\"name\":\"In\u00edcio\",\"item\":\"https:\/\/previews.elleven.digital\/acocearense\/\"},{\"@type\":\"ListItem\",\"position\":2,\"name\":\"Not\u00edcias\",\"item\":\"https:\/\/previews.elleven.digital\/acocearense\/noticias\/\"},{\"@type\":\"ListItem\",\"position\":3,\"name\":\"Grupo A\u00e7o Cearense promove a\u00e7\u00e3o de educa\u00e7\u00e3o ambiental para filhos dos colaboradores\"}]},{\"@type\":\"WebSite\",\"@id\":\"https:\/\/previews.elleven.digital\/acocearense\/#website\",\"url\":\"https:\/\/previews.elleven.digital\/acocearense\/\",\"name\":\"A\u00e7o Cearense\",\"description\":\"H\u00e1 mais de 45 anos no mercado brasileiro do a\u00e7o.\",\"alternateName\":\"A\u00e7o Cearense\",\"potentialAction\":[{\"@type\":\"SearchAction\",\"target\":{\"@type\":\"EntryPoint\",\"urlTemplate\":\"https:\/\/previews.elleven.digital\/acocearense\/?s={search_term_string}\"},\"query-input\":{\"@type\":\"PropertyValueSpecification\",\"valueRequired\":true,\"valueName\":\"search_term_string\"}}],\"inLanguage\":\"pt-BR\"}]}<\/script>\n<!-- \/ Yoast SEO plugin. -->","yoast_head_json":{"title":"Grupo A\u00e7o Cearense promove a\u00e7\u00e3o de educa\u00e7\u00e3o ambiental para filhos dos colaboradores - Grupo A\u00e7o Cearense","robots":{"index":"index","follow":"follow","max-snippet":"max-snippet:-1","max-image-preview":"max-image-preview:large","max-video-preview":"max-video-preview:-1"},"canonical":"https:\/\/previews.elleven.digital\/acocearense\/noticia\/grupo-aco-cearense-promove-acao-de-educacao-ambiental-para-filhos-dos-colaboradores\/","og_locale":"pt_BR","og_type":"article","og_title":"Grupo A\u00e7o Cearense promove a\u00e7\u00e3o de educa\u00e7\u00e3o ambiental para filhos dos colaboradores - Grupo A\u00e7o Cearense","og_description":"A a\u00e7\u00e3o acontece na ind\u00fastria da empresa e no Parque do Coc\u00f3 A Educa\u00e7\u00e3o ambiental(...)","og_url":"https:\/\/previews.elleven.digital\/acocearense\/noticia\/grupo-aco-cearense-promove-acao-de-educacao-ambiental-para-filhos-dos-colaboradores\/","og_site_name":"Grupo A\u00e7o Cearense","article_modified_time":"2025-05-07T20:34:37+00:00","og_image":[{"width":768,"height":576,"url":"https:\/\/previews.elleven.digital\/acocearense\/wp-content\/uploads\/2025\/05\/Projeto-Educacional-A\u2021o-Cearense-14-768x576-1.png","type":"image\/png"}],"twitter_card":"summary_large_image","twitter_misc":{"Est. tempo de leitura":"3 minutos"},"schema":{"@context":"https:\/\/schema.org","@graph":[{"@type":"WebPage","@id":"https:\/\/previews.elleven.digital\/acocearense\/noticia\/grupo-aco-cearense-promove-acao-de-educacao-ambiental-para-filhos-dos-colaboradores\/","url":"https:\/\/previews.elleven.digital\/acocearense\/noticia\/grupo-aco-cearense-promove-acao-de-educacao-ambiental-para-filhos-dos-colaboradores\/","name":"Grupo A\u00e7o Cearense promove a\u00e7\u00e3o de educa\u00e7\u00e3o ambiental para filhos dos colaboradores - Grupo A\u00e7o Cearense","isPartOf":{"@id":"https:\/\/previews.elleven.digital\/acocearense\/#website"},"primaryImageOfPage":{"@id":"https:\/\/previews.elleven.digital\/acocearense\/noticia\/grupo-aco-cearense-promove-acao-de-educacao-ambiental-para-filhos-dos-colaboradores\/#primaryimage"},"image":{"@id":"https:\/\/previews.elleven.digital\/acocearense\/noticia\/grupo-aco-cearense-promove-acao-de-educacao-ambiental-para-filhos-dos-colaboradores\/#primaryimage"},"thumbnailUrl":"https:\/\/previews.elleven.digital\/acocearense\/wp-content\/uploads\/2025\/05\/Projeto-Educacional-A\u2021o-Cearense-14-768x576-1.png","datePublished":"2022-04-29T20:33:54+00:00","dateModified":"2025-05-07T20:34:37+00:00","breadcrumb":{"@id":"https:\/\/previews.elleven.digital\/acocearense\/noticia\/grupo-aco-cearense-promove-acao-de-educacao-ambiental-para-filhos-dos-colaboradores\/#breadcrumb"},"inLanguage":"pt-BR","potentialAction":[{"@type":"ReadAction","target":["https:\/\/previews.elleven.digital\/acocearense\/noticia\/grupo-aco-cearense-promove-acao-de-educacao-ambiental-para-filhos-dos-colaboradores\/"]}]},{"@type":"ImageObject","inLanguage":"pt-BR","@id":"https:\/\/previews.elleven.digital\/acocearense\/noticia\/grupo-aco-cearense-promove-acao-de-educacao-ambiental-para-filhos-dos-colaboradores\/#primaryimage","url":"https:\/\/previews.elleven.digital\/acocearense\/wp-content\/uploads\/2025\/05\/Projeto-Educacional-A\u2021o-Cearense-14-768x576-1.png","contentUrl":"https:\/\/previews.elleven.digital\/acocearense\/wp-content\/uploads\/2025\/05\/Projeto-Educacional-A\u2021o-Cearense-14-768x576-1.png","width":768,"height":576},{"@type":"BreadcrumbList","@id":"https:\/\/previews.elleven.digital\/acocearense\/noticia\/grupo-aco-cearense-promove-acao-de-educacao-ambiental-para-filhos-dos-colaboradores\/#breadcrumb","itemListElement":[{"@type":"ListItem","position":1,"name":"In\u00edcio","item":"https:\/\/previews.elleven.digital\/acocearense\/"},{"@type":"ListItem","position":2,"name":"Not\u00edcias","item":"https:\/\/previews.elleven.digital\/acocearense\/noticias\/"},{"@type":"ListItem","position":3,"name":"Grupo A\u00e7o Cearense promove a\u00e7\u00e3o de educa\u00e7\u00e3o ambiental para filhos dos colaboradores"}]},{"@type":"WebSite","@id":"https:\/\/previews.elleven.digital\/acocearense\/#website","url":"https:\/\/previews.elleven.digital\/acocearense\/","name":"A\u00e7o Cearense","description":"H\u00e1 mais de 45 anos no mercado brasileiro do a\u00e7o.","alternateName":"A\u00e7o Cearense","potentialAction":[{"@type":"SearchAction","target":{"@type":"EntryPoint","urlTemplate":"https:\/\/previews.elleven.digital\/acocearense\/?s={search_term_string}"},"query-input":{"@type":"PropertyValueSpecification","valueRequired":true,"valueName":"search_term_string"}}],"inLanguage":"pt-BR"}]}},"_links":{"self":[{"href":"https:\/\/previews.elleven.digital\/acocearense\/wp-json\/wp\/v2\/noticia\/2143","targetHints":{"allow":["GET"]}}],"collection":[{"href":"https:\/\/previews.elleven.digital\/acocearense\/wp-json\/wp\/v2\/noticia"}],"about":[{"href":"https:\/\/previews.elleven.digital\/acocearense\/wp-json\/wp\/v2\/types\/noticia"}],"wp:featuredmedia":[{"embeddable":true,"href":"https:\/\/previews.elleven.digital\/acocearense\/wp-json\/wp\/v2\/media\/2125"}],"wp:attachment":[{"href":"https:\/\/previews.elleven.digital\/acocearense\/wp-json\/wp\/v2\/media?parent=2143"}],"wp:term":[{"taxonomy":"categoria-noticia","embeddable":true,"href":"https:\/\/previews.elleven.digital\/acocearense\/wp-json\/wp\/v2\/categoria-noticia?post=2143"}],"curies":[{"name":"wp","href":"https:\/\/api.w.org\/{rel}","templated":true}]}}