{"id":2140,"date":"2022-03-29T17:33:21","date_gmt":"2022-03-29T20:33:21","guid":{"rendered":"https:\/\/previews.elleven.digital\/acocearense\/?post_type=noticia&#038;p=2140"},"modified":"2025-05-07T17:33:49","modified_gmt":"2025-05-07T20:33:49","slug":"aco-cearense-apoia-projeto-de-formacao-musical-para-jovens-do-pecem","status":"publish","type":"noticia","link":"https:\/\/previews.elleven.digital\/acocearense\/noticia\/aco-cearense-apoia-projeto-de-formacao-musical-para-jovens-do-pecem\/","title":{"rendered":"A\u00e7o Cearense apoia projeto de forma\u00e7\u00e3o musical para jovens do Pec\u00e9m"},"content":{"rendered":"<p><em>A iniciativa ser\u00e1 realizada pela Associa\u00e7\u00e3o das Empresas do Complexo Industrial e Portu\u00e1rio do Pec\u00e9m (AECIPP) e beneficiar\u00e1 mais de 200 jovens<\/em><\/p>\n<p>A m\u00fasica desperta a criatividade, estimula a percep\u00e7\u00e3o corporal, a aten\u00e7\u00e3o e a concentra\u00e7\u00e3o. Para al\u00e9m desses benef\u00edcios, o ensino musical pode proporcionar inclus\u00e3o e socializa\u00e7\u00e3o, se replicado para jovens em situa\u00e7\u00e3o de vulnerabilidade social. Dentro desse contexto, a A\u00e7o Cearense Industrial, uma das empresas do Grupo A\u00e7o Cearense, est\u00e1 apoiando o projeto \u201cAcademia Sinf\u00f4nica do Pec\u00e9m\u201d, para crian\u00e7as e jovens da comunidade.<\/p>\n<p>O projeto vai proporcionar aos alunos a forma\u00e7\u00e3o musical com pr\u00e1tica de conjunto para, em um futuro pr\u00f3ximo, formar a Orquestra Sinf\u00f4nica Infanto-juvenil do Pec\u00e9m. A a\u00e7\u00e3o disponibilizar\u00e1 228 vagas em 2022, sendo 114 por semestre, para crian\u00e7as e jovens na faixa et\u00e1ria de 06 a 11 anos, de escolas p\u00fablicas ou privadas.<\/p>\n<p>Luciana Rabelo, coordenadora do Instituto A\u00e7o Cearense, que acompanhou e esteve presente no lan\u00e7amento do projeto, refor\u00e7a o compromisso do Grupo A\u00e7o Cearense com a\u00e7\u00f5es que fomentem o desenvolvimento cultural e art\u00edstico para o p\u00fablico infanto-juvenil. \u201cBuscamos sempre apoiar projetos que tenham relev\u00e2ncia social. Nossa parceria com a AECIPP j\u00e1 vem de longas datas, sempre pautada no comprometimento com a comunidade, atrav\u00e9s de a\u00e7\u00f5es e programas que buscam o bem-estar social coletivo, por isso temos o maior prazer em apoiar a Academia Sinf\u00f4nica do Pec\u00e9m\u201d, afirma a coordenadora.<\/p>\n<p>O projeto est\u00e1 previsto para come\u00e7ar no dia 30 de mar\u00e7o, na Escola Euclides Pereira Gomes. Os alunos ter\u00e3o aulas de instrumentos e forma\u00e7\u00e3o musical duas vezes por semana.<\/p>\n<p>&nbsp;<\/p>\n<p><strong>Mais informa\u00e7\u00f5es para a Imprensa:<\/strong><\/p>\n<p>AD2M Engenharia de Comunica\u00e7\u00e3o<\/p>\n<p><a href=\"http:\/\/www.ad2m.com.br\/\">www.ad2m.com.br<\/a>\u00a0| (85) 3258.1001<\/p>\n<p>Camila Grangeiro \u2013\u00a0<a href=\"mailto:camilagrangeiro@ad2m.com.br\">camilagrangeiro@ad2m.com.br<\/a>\u00a0| (85) 9.9659.6890<\/p>\n<p>Waldirene Lisboa \u2013\u00a0waldirene@<a href=\"http:\/\/ad2m.com.br\/\">ad2m.com.br<\/a>\u00a0| (85) 9.9669.5790<\/p>\n<p>Mauro Costa \u2013\u00a0<a href=\"mailto:maurocosta@ad2m.com.br\">maurocosta@ad2m.com.br<\/a>\u00a0| (85) 9.8879.8474<\/p>\n","protected":false},"featured_media":2126,"template":"","meta":{"_acf_changed":false,"inline_featured_image":false},"categoria-noticia":[],"class_list":["post-2140","noticia","type-noticia","status-publish","has-post-thumbnail","hentry"],"acf":{"link":""},"yoast_head":"<!-- This site is optimized with the Yoast SEO plugin v25.9 - https:\/\/yoast.com\/wordpress\/plugins\/seo\/ -->\n<title>A\u00e7o Cearense apoia projeto de forma\u00e7\u00e3o musical para jovens do Pec\u00e9m - Grupo A\u00e7o Cearense<\/title>\n<meta name=\"robots\" content=\"index, follow, max-snippet:-1, max-image-preview:large, max-video-preview:-1\" \/>\n<link rel=\"canonical\" href=\"https:\/\/previews.elleven.digital\/acocearense\/noticia\/aco-cearense-apoia-projeto-de-formacao-musical-para-jovens-do-pecem\/\" \/>\n<meta property=\"og:locale\" content=\"pt_BR\" \/>\n<meta property=\"og:type\" content=\"article\" \/>\n<meta property=\"og:title\" content=\"A\u00e7o Cearense apoia projeto de forma\u00e7\u00e3o musical para jovens do Pec\u00e9m - Grupo A\u00e7o Cearense\" \/>\n<meta property=\"og:description\" content=\"A iniciativa ser\u00e1 realizada pela Associa\u00e7\u00e3o das Empresas do Complexo Industrial e Portu\u00e1rio do Pec\u00e9m(...)\" \/>\n<meta property=\"og:url\" content=\"https:\/\/previews.elleven.digital\/acocearense\/noticia\/aco-cearense-apoia-projeto-de-formacao-musical-para-jovens-do-pecem\/\" \/>\n<meta property=\"og:site_name\" content=\"Grupo A\u00e7o Cearense\" \/>\n<meta property=\"article:modified_time\" content=\"2025-05-07T20:33:49+00:00\" \/>\n<meta property=\"og:image\" content=\"https:\/\/previews.elleven.digital\/acocearense\/wp-content\/uploads\/2025\/05\/Academia-Sinfoica-768x576-1.png\" \/>\n\t<meta property=\"og:image:width\" content=\"768\" \/>\n\t<meta property=\"og:image:height\" content=\"576\" \/>\n\t<meta property=\"og:image:type\" content=\"image\/png\" \/>\n<meta name=\"twitter:card\" content=\"summary_large_image\" \/>\n<meta name=\"twitter:label1\" content=\"Est. tempo de leitura\" \/>\n\t<meta name=\"twitter:data1\" content=\"2 minutos\" \/>\n<script type=\"application\/ld+json\" class=\"yoast-schema-graph\">{\"@context\":\"https:\/\/schema.org\",\"@graph\":[{\"@type\":\"WebPage\",\"@id\":\"https:\/\/previews.elleven.digital\/acocearense\/noticia\/aco-cearense-apoia-projeto-de-formacao-musical-para-jovens-do-pecem\/\",\"url\":\"https:\/\/previews.elleven.digital\/acocearense\/noticia\/aco-cearense-apoia-projeto-de-formacao-musical-para-jovens-do-pecem\/\",\"name\":\"A\u00e7o Cearense apoia projeto de forma\u00e7\u00e3o musical para jovens do Pec\u00e9m - Grupo A\u00e7o Cearense\",\"isPartOf\":{\"@id\":\"https:\/\/previews.elleven.digital\/acocearense\/#website\"},\"primaryImageOfPage\":{\"@id\":\"https:\/\/previews.elleven.digital\/acocearense\/noticia\/aco-cearense-apoia-projeto-de-formacao-musical-para-jovens-do-pecem\/#primaryimage\"},\"image\":{\"@id\":\"https:\/\/previews.elleven.digital\/acocearense\/noticia\/aco-cearense-apoia-projeto-de-formacao-musical-para-jovens-do-pecem\/#primaryimage\"},\"thumbnailUrl\":\"https:\/\/previews.elleven.digital\/acocearense\/wp-content\/uploads\/2025\/05\/Academia-Sinfoica-768x576-1.png\",\"datePublished\":\"2022-03-29T20:33:21+00:00\",\"dateModified\":\"2025-05-07T20:33:49+00:00\",\"breadcrumb\":{\"@id\":\"https:\/\/previews.elleven.digital\/acocearense\/noticia\/aco-cearense-apoia-projeto-de-formacao-musical-para-jovens-do-pecem\/#breadcrumb\"},\"inLanguage\":\"pt-BR\",\"potentialAction\":[{\"@type\":\"ReadAction\",\"target\":[\"https:\/\/previews.elleven.digital\/acocearense\/noticia\/aco-cearense-apoia-projeto-de-formacao-musical-para-jovens-do-pecem\/\"]}]},{\"@type\":\"ImageObject\",\"inLanguage\":\"pt-BR\",\"@id\":\"https:\/\/previews.elleven.digital\/acocearense\/noticia\/aco-cearense-apoia-projeto-de-formacao-musical-para-jovens-do-pecem\/#primaryimage\",\"url\":\"https:\/\/previews.elleven.digital\/acocearense\/wp-content\/uploads\/2025\/05\/Academia-Sinfoica-768x576-1.png\",\"contentUrl\":\"https:\/\/previews.elleven.digital\/acocearense\/wp-content\/uploads\/2025\/05\/Academia-Sinfoica-768x576-1.png\",\"width\":768,\"height\":576},{\"@type\":\"BreadcrumbList\",\"@id\":\"https:\/\/previews.elleven.digital\/acocearense\/noticia\/aco-cearense-apoia-projeto-de-formacao-musical-para-jovens-do-pecem\/#breadcrumb\",\"itemListElement\":[{\"@type\":\"ListItem\",\"position\":1,\"name\":\"In\u00edcio\",\"item\":\"https:\/\/previews.elleven.digital\/acocearense\/\"},{\"@type\":\"ListItem\",\"position\":2,\"name\":\"Not\u00edcias\",\"item\":\"https:\/\/previews.elleven.digital\/acocearense\/noticias\/\"},{\"@type\":\"ListItem\",\"position\":3,\"name\":\"A\u00e7o Cearense apoia projeto de forma\u00e7\u00e3o musical para jovens do Pec\u00e9m\"}]},{\"@type\":\"WebSite\",\"@id\":\"https:\/\/previews.elleven.digital\/acocearense\/#website\",\"url\":\"https:\/\/previews.elleven.digital\/acocearense\/\",\"name\":\"A\u00e7o Cearense\",\"description\":\"H\u00e1 mais de 45 anos no mercado brasileiro do a\u00e7o.\",\"alternateName\":\"A\u00e7o Cearense\",\"potentialAction\":[{\"@type\":\"SearchAction\",\"target\":{\"@type\":\"EntryPoint\",\"urlTemplate\":\"https:\/\/previews.elleven.digital\/acocearense\/?s={search_term_string}\"},\"query-input\":{\"@type\":\"PropertyValueSpecification\",\"valueRequired\":true,\"valueName\":\"search_term_string\"}}],\"inLanguage\":\"pt-BR\"}]}<\/script>\n<!-- \/ Yoast SEO plugin. -->","yoast_head_json":{"title":"A\u00e7o Cearense apoia projeto de forma\u00e7\u00e3o musical para jovens do Pec\u00e9m - Grupo A\u00e7o Cearense","robots":{"index":"index","follow":"follow","max-snippet":"max-snippet:-1","max-image-preview":"max-image-preview:large","max-video-preview":"max-video-preview:-1"},"canonical":"https:\/\/previews.elleven.digital\/acocearense\/noticia\/aco-cearense-apoia-projeto-de-formacao-musical-para-jovens-do-pecem\/","og_locale":"pt_BR","og_type":"article","og_title":"A\u00e7o Cearense apoia projeto de forma\u00e7\u00e3o musical para jovens do Pec\u00e9m - Grupo A\u00e7o Cearense","og_description":"A iniciativa ser\u00e1 realizada pela Associa\u00e7\u00e3o das Empresas do Complexo Industrial e Portu\u00e1rio do Pec\u00e9m(...)","og_url":"https:\/\/previews.elleven.digital\/acocearense\/noticia\/aco-cearense-apoia-projeto-de-formacao-musical-para-jovens-do-pecem\/","og_site_name":"Grupo A\u00e7o Cearense","article_modified_time":"2025-05-07T20:33:49+00:00","og_image":[{"width":768,"height":576,"url":"https:\/\/previews.elleven.digital\/acocearense\/wp-content\/uploads\/2025\/05\/Academia-Sinfoica-768x576-1.png","type":"image\/png"}],"twitter_card":"summary_large_image","twitter_misc":{"Est. tempo de leitura":"2 minutos"},"schema":{"@context":"https:\/\/schema.org","@graph":[{"@type":"WebPage","@id":"https:\/\/previews.elleven.digital\/acocearense\/noticia\/aco-cearense-apoia-projeto-de-formacao-musical-para-jovens-do-pecem\/","url":"https:\/\/previews.elleven.digital\/acocearense\/noticia\/aco-cearense-apoia-projeto-de-formacao-musical-para-jovens-do-pecem\/","name":"A\u00e7o Cearense apoia projeto de forma\u00e7\u00e3o musical para jovens do Pec\u00e9m - Grupo A\u00e7o Cearense","isPartOf":{"@id":"https:\/\/previews.elleven.digital\/acocearense\/#website"},"primaryImageOfPage":{"@id":"https:\/\/previews.elleven.digital\/acocearense\/noticia\/aco-cearense-apoia-projeto-de-formacao-musical-para-jovens-do-pecem\/#primaryimage"},"image":{"@id":"https:\/\/previews.elleven.digital\/acocearense\/noticia\/aco-cearense-apoia-projeto-de-formacao-musical-para-jovens-do-pecem\/#primaryimage"},"thumbnailUrl":"https:\/\/previews.elleven.digital\/acocearense\/wp-content\/uploads\/2025\/05\/Academia-Sinfoica-768x576-1.png","datePublished":"2022-03-29T20:33:21+00:00","dateModified":"2025-05-07T20:33:49+00:00","breadcrumb":{"@id":"https:\/\/previews.elleven.digital\/acocearense\/noticia\/aco-cearense-apoia-projeto-de-formacao-musical-para-jovens-do-pecem\/#breadcrumb"},"inLanguage":"pt-BR","potentialAction":[{"@type":"ReadAction","target":["https:\/\/previews.elleven.digital\/acocearense\/noticia\/aco-cearense-apoia-projeto-de-formacao-musical-para-jovens-do-pecem\/"]}]},{"@type":"ImageObject","inLanguage":"pt-BR","@id":"https:\/\/previews.elleven.digital\/acocearense\/noticia\/aco-cearense-apoia-projeto-de-formacao-musical-para-jovens-do-pecem\/#primaryimage","url":"https:\/\/previews.elleven.digital\/acocearense\/wp-content\/uploads\/2025\/05\/Academia-Sinfoica-768x576-1.png","contentUrl":"https:\/\/previews.elleven.digital\/acocearense\/wp-content\/uploads\/2025\/05\/Academia-Sinfoica-768x576-1.png","width":768,"height":576},{"@type":"BreadcrumbList","@id":"https:\/\/previews.elleven.digital\/acocearense\/noticia\/aco-cearense-apoia-projeto-de-formacao-musical-para-jovens-do-pecem\/#breadcrumb","itemListElement":[{"@type":"ListItem","position":1,"name":"In\u00edcio","item":"https:\/\/previews.elleven.digital\/acocearense\/"},{"@type":"ListItem","position":2,"name":"Not\u00edcias","item":"https:\/\/previews.elleven.digital\/acocearense\/noticias\/"},{"@type":"ListItem","position":3,"name":"A\u00e7o Cearense apoia projeto de forma\u00e7\u00e3o musical para jovens do Pec\u00e9m"}]},{"@type":"WebSite","@id":"https:\/\/previews.elleven.digital\/acocearense\/#website","url":"https:\/\/previews.elleven.digital\/acocearense\/","name":"A\u00e7o Cearense","description":"H\u00e1 mais de 45 anos no mercado brasileiro do a\u00e7o.","alternateName":"A\u00e7o Cearense","potentialAction":[{"@type":"SearchAction","target":{"@type":"EntryPoint","urlTemplate":"https:\/\/previews.elleven.digital\/acocearense\/?s={search_term_string}"},"query-input":{"@type":"PropertyValueSpecification","valueRequired":true,"valueName":"search_term_string"}}],"inLanguage":"pt-BR"}]}},"_links":{"self":[{"href":"https:\/\/previews.elleven.digital\/acocearense\/wp-json\/wp\/v2\/noticia\/2140","targetHints":{"allow":["GET"]}}],"collection":[{"href":"https:\/\/previews.elleven.digital\/acocearense\/wp-json\/wp\/v2\/noticia"}],"about":[{"href":"https:\/\/previews.elleven.digital\/acocearense\/wp-json\/wp\/v2\/types\/noticia"}],"wp:featuredmedia":[{"embeddable":true,"href":"https:\/\/previews.elleven.digital\/acocearense\/wp-json\/wp\/v2\/media\/2126"}],"wp:attachment":[{"href":"https:\/\/previews.elleven.digital\/acocearense\/wp-json\/wp\/v2\/media?parent=2140"}],"wp:term":[{"taxonomy":"categoria-noticia","embeddable":true,"href":"https:\/\/previews.elleven.digital\/acocearense\/wp-json\/wp\/v2\/categoria-noticia?post=2140"}],"curies":[{"name":"wp","href":"https:\/\/api.w.org\/{rel}","templated":true}]}}