{"id":2139,"date":"2022-01-18T17:32:49","date_gmt":"2022-01-18T20:32:49","guid":{"rendered":"https:\/\/previews.elleven.digital\/acocearense\/?post_type=noticia&#038;p=2139"},"modified":"2025-05-07T17:33:15","modified_gmt":"2025-05-07T20:33:15","slug":"aline-ferreira-e-eleita-a-melhor-executiva-do-ceara","status":"publish","type":"noticia","link":"https:\/\/previews.elleven.digital\/acocearense\/noticia\/aline-ferreira-e-eleita-a-melhor-executiva-do-ceara\/","title":{"rendered":"Aline Ferreira \u00e9 eleita a melhor executiva do Cear\u00e1"},"content":{"rendered":"<p>A vice-presidente Comercial e Financeira do Grupo A\u00e7o Cearense,\u00a0Aline\u00a0Ferreira, \u00e9 a vencedora da categoria Melhor Executiva do Cear\u00e1, do\u00a0MT Indica 2021, premia\u00e7\u00e3o criada pela jornalista M\u00e1rcia Travessoni para eleger os melhores do ano em 19 categorias, divulgada na \u00faltima sexta-feira (28).<\/p>\n<p>O ranking listou dez importantes personalidades femininas do estado que est\u00e3o \u00e0 frente de grandes neg\u00f3cios. Aline Ferreira foi eleita pelo p\u00fablico geral com 34,89% dos votos, em uma vota\u00e7\u00e3o que durou cerca de cinco meses. Para a executiva, este reconhecimento se tornou uma honra. \u201cFiquei surpresa com a indica\u00e7\u00e3o e muito feliz com o resultado, principalmente considerando as demais executivas que eu admiro muito e que tamb\u00e9m foram indicadas. \u00c9 uma honra ter sido reconhecida pelo voto popular e agrade\u00e7o todo o carinho de quem acredita no meu trabalho. Esse reconhecimento reflete tudo que tenho aprendido e conquistado por meio da minha fam\u00edlia que \u00e9 meu alicerce, do time do Grupo A\u00e7o Cearense, que me ensina e apoia todos os dias, de todos que, de algum modo, fazem parte da minha hist\u00f3ria e, acima de tudo, de Deus, que me aben\u00e7oa com tantas oportunidades\u201d, destaca.<\/p>\n<p>Aline Ferreira\u00a0\u00e9 s\u00f3cia executiva e vice-presidente comercial e financeira do grupo A\u00e7o Cearense, al\u00e9m de tamb\u00e9m ser respons\u00e1vel pelas \u00e1reas de Pessoas, Gest\u00e3o e Processos, Marketing, S&amp;OP e Tecnologia da companhia. O grupo possui quatro empresas e um Instituto localizados nos estados do Par\u00e1, Tocantins e Cear\u00e1 com forte opera\u00e7\u00e3o no mercado nacional e atua\u00e7\u00e3o no segmento de Siderurgia e Metalurgia. Aline ainda \u00e9 embaixadora e mentora da Endeavor Brasil; conselheira consultiva do Lide Cear\u00e1 e presidente do Conselho Consultivo da Associa\u00e7\u00e3o J\u00fanior Achievement Cear\u00e1.<\/p>\n<p>&nbsp;<\/p>\n<p><strong>Mais informa\u00e7\u00f5es para a Imprensa:<\/strong><\/p>\n<p>AD2M Engenharia de Comunica\u00e7\u00e3o<\/p>\n<p><a href=\"http:\/\/www.ad2m.com.br\/\">www.ad2m.com.br<\/a>\u00a0| (85) 3258.1001<\/p>\n<p>Camila Grangeiro \u2013 camilagrangeiro@ad2m.com.br | (85) 9.9659.6890<\/p>\n<p>Waldirene Lisboa \u2013 waldirene@ad2m.com.br | (85) 9.9669.5790<\/p>\n<p>Mauro Costa \u2013 maurocosta@ad2m.com.br | (85) 9.8879.8474<\/p>\n","protected":false},"featured_media":2127,"template":"","meta":{"_acf_changed":false,"inline_featured_image":false},"categoria-noticia":[],"class_list":["post-2139","noticia","type-noticia","status-publish","has-post-thumbnail","hentry"],"acf":{"link":""},"yoast_head":"<!-- This site is optimized with the Yoast SEO plugin v25.9 - https:\/\/yoast.com\/wordpress\/plugins\/seo\/ -->\n<title>Aline Ferreira \u00e9 eleita a melhor executiva do Cear\u00e1 - Grupo A\u00e7o Cearense<\/title>\n<meta name=\"robots\" content=\"index, follow, max-snippet:-1, max-image-preview:large, max-video-preview:-1\" \/>\n<link rel=\"canonical\" href=\"https:\/\/previews.elleven.digital\/acocearense\/noticia\/aline-ferreira-e-eleita-a-melhor-executiva-do-ceara\/\" \/>\n<meta property=\"og:locale\" content=\"pt_BR\" \/>\n<meta property=\"og:type\" content=\"article\" \/>\n<meta property=\"og:title\" content=\"Aline Ferreira \u00e9 eleita a melhor executiva do Cear\u00e1 - Grupo A\u00e7o Cearense\" \/>\n<meta property=\"og:description\" content=\"A vice-presidente Comercial e Financeira do Grupo A\u00e7o Cearense,\u00a0Aline\u00a0Ferreira, \u00e9 a vencedora da categoria Melhor(...)\" \/>\n<meta property=\"og:url\" content=\"https:\/\/previews.elleven.digital\/acocearense\/noticia\/aline-ferreira-e-eleita-a-melhor-executiva-do-ceara\/\" \/>\n<meta property=\"og:site_name\" content=\"Grupo A\u00e7o Cearense\" \/>\n<meta property=\"article:modified_time\" content=\"2025-05-07T20:33:15+00:00\" \/>\n<meta property=\"og:image\" content=\"https:\/\/previews.elleven.digital\/acocearense\/wp-content\/uploads\/2025\/05\/Aline-Ferreira_Premio-MT-copy-768x576-1.png\" \/>\n\t<meta property=\"og:image:width\" content=\"768\" \/>\n\t<meta property=\"og:image:height\" content=\"576\" \/>\n\t<meta property=\"og:image:type\" content=\"image\/png\" \/>\n<meta name=\"twitter:card\" content=\"summary_large_image\" \/>\n<meta name=\"twitter:label1\" content=\"Est. tempo de leitura\" \/>\n\t<meta name=\"twitter:data1\" content=\"2 minutos\" \/>\n<script type=\"application\/ld+json\" class=\"yoast-schema-graph\">{\"@context\":\"https:\/\/schema.org\",\"@graph\":[{\"@type\":\"WebPage\",\"@id\":\"https:\/\/previews.elleven.digital\/acocearense\/noticia\/aline-ferreira-e-eleita-a-melhor-executiva-do-ceara\/\",\"url\":\"https:\/\/previews.elleven.digital\/acocearense\/noticia\/aline-ferreira-e-eleita-a-melhor-executiva-do-ceara\/\",\"name\":\"Aline Ferreira \u00e9 eleita a melhor executiva do Cear\u00e1 - Grupo A\u00e7o Cearense\",\"isPartOf\":{\"@id\":\"https:\/\/previews.elleven.digital\/acocearense\/#website\"},\"primaryImageOfPage\":{\"@id\":\"https:\/\/previews.elleven.digital\/acocearense\/noticia\/aline-ferreira-e-eleita-a-melhor-executiva-do-ceara\/#primaryimage\"},\"image\":{\"@id\":\"https:\/\/previews.elleven.digital\/acocearense\/noticia\/aline-ferreira-e-eleita-a-melhor-executiva-do-ceara\/#primaryimage\"},\"thumbnailUrl\":\"https:\/\/previews.elleven.digital\/acocearense\/wp-content\/uploads\/2025\/05\/Aline-Ferreira_Premio-MT-copy-768x576-1.png\",\"datePublished\":\"2022-01-18T20:32:49+00:00\",\"dateModified\":\"2025-05-07T20:33:15+00:00\",\"breadcrumb\":{\"@id\":\"https:\/\/previews.elleven.digital\/acocearense\/noticia\/aline-ferreira-e-eleita-a-melhor-executiva-do-ceara\/#breadcrumb\"},\"inLanguage\":\"pt-BR\",\"potentialAction\":[{\"@type\":\"ReadAction\",\"target\":[\"https:\/\/previews.elleven.digital\/acocearense\/noticia\/aline-ferreira-e-eleita-a-melhor-executiva-do-ceara\/\"]}]},{\"@type\":\"ImageObject\",\"inLanguage\":\"pt-BR\",\"@id\":\"https:\/\/previews.elleven.digital\/acocearense\/noticia\/aline-ferreira-e-eleita-a-melhor-executiva-do-ceara\/#primaryimage\",\"url\":\"https:\/\/previews.elleven.digital\/acocearense\/wp-content\/uploads\/2025\/05\/Aline-Ferreira_Premio-MT-copy-768x576-1.png\",\"contentUrl\":\"https:\/\/previews.elleven.digital\/acocearense\/wp-content\/uploads\/2025\/05\/Aline-Ferreira_Premio-MT-copy-768x576-1.png\",\"width\":768,\"height\":576},{\"@type\":\"BreadcrumbList\",\"@id\":\"https:\/\/previews.elleven.digital\/acocearense\/noticia\/aline-ferreira-e-eleita-a-melhor-executiva-do-ceara\/#breadcrumb\",\"itemListElement\":[{\"@type\":\"ListItem\",\"position\":1,\"name\":\"In\u00edcio\",\"item\":\"https:\/\/previews.elleven.digital\/acocearense\/\"},{\"@type\":\"ListItem\",\"position\":2,\"name\":\"Not\u00edcias\",\"item\":\"https:\/\/previews.elleven.digital\/acocearense\/noticias\/\"},{\"@type\":\"ListItem\",\"position\":3,\"name\":\"Aline Ferreira \u00e9 eleita a melhor executiva do Cear\u00e1\"}]},{\"@type\":\"WebSite\",\"@id\":\"https:\/\/previews.elleven.digital\/acocearense\/#website\",\"url\":\"https:\/\/previews.elleven.digital\/acocearense\/\",\"name\":\"A\u00e7o Cearense\",\"description\":\"H\u00e1 mais de 45 anos no mercado brasileiro do a\u00e7o.\",\"alternateName\":\"A\u00e7o Cearense\",\"potentialAction\":[{\"@type\":\"SearchAction\",\"target\":{\"@type\":\"EntryPoint\",\"urlTemplate\":\"https:\/\/previews.elleven.digital\/acocearense\/?s={search_term_string}\"},\"query-input\":{\"@type\":\"PropertyValueSpecification\",\"valueRequired\":true,\"valueName\":\"search_term_string\"}}],\"inLanguage\":\"pt-BR\"}]}<\/script>\n<!-- \/ Yoast SEO plugin. -->","yoast_head_json":{"title":"Aline Ferreira \u00e9 eleita a melhor executiva do Cear\u00e1 - Grupo A\u00e7o Cearense","robots":{"index":"index","follow":"follow","max-snippet":"max-snippet:-1","max-image-preview":"max-image-preview:large","max-video-preview":"max-video-preview:-1"},"canonical":"https:\/\/previews.elleven.digital\/acocearense\/noticia\/aline-ferreira-e-eleita-a-melhor-executiva-do-ceara\/","og_locale":"pt_BR","og_type":"article","og_title":"Aline Ferreira \u00e9 eleita a melhor executiva do Cear\u00e1 - Grupo A\u00e7o Cearense","og_description":"A vice-presidente Comercial e Financeira do Grupo A\u00e7o Cearense,\u00a0Aline\u00a0Ferreira, \u00e9 a vencedora da categoria Melhor(...)","og_url":"https:\/\/previews.elleven.digital\/acocearense\/noticia\/aline-ferreira-e-eleita-a-melhor-executiva-do-ceara\/","og_site_name":"Grupo A\u00e7o Cearense","article_modified_time":"2025-05-07T20:33:15+00:00","og_image":[{"width":768,"height":576,"url":"https:\/\/previews.elleven.digital\/acocearense\/wp-content\/uploads\/2025\/05\/Aline-Ferreira_Premio-MT-copy-768x576-1.png","type":"image\/png"}],"twitter_card":"summary_large_image","twitter_misc":{"Est. tempo de leitura":"2 minutos"},"schema":{"@context":"https:\/\/schema.org","@graph":[{"@type":"WebPage","@id":"https:\/\/previews.elleven.digital\/acocearense\/noticia\/aline-ferreira-e-eleita-a-melhor-executiva-do-ceara\/","url":"https:\/\/previews.elleven.digital\/acocearense\/noticia\/aline-ferreira-e-eleita-a-melhor-executiva-do-ceara\/","name":"Aline Ferreira \u00e9 eleita a melhor executiva do Cear\u00e1 - Grupo A\u00e7o Cearense","isPartOf":{"@id":"https:\/\/previews.elleven.digital\/acocearense\/#website"},"primaryImageOfPage":{"@id":"https:\/\/previews.elleven.digital\/acocearense\/noticia\/aline-ferreira-e-eleita-a-melhor-executiva-do-ceara\/#primaryimage"},"image":{"@id":"https:\/\/previews.elleven.digital\/acocearense\/noticia\/aline-ferreira-e-eleita-a-melhor-executiva-do-ceara\/#primaryimage"},"thumbnailUrl":"https:\/\/previews.elleven.digital\/acocearense\/wp-content\/uploads\/2025\/05\/Aline-Ferreira_Premio-MT-copy-768x576-1.png","datePublished":"2022-01-18T20:32:49+00:00","dateModified":"2025-05-07T20:33:15+00:00","breadcrumb":{"@id":"https:\/\/previews.elleven.digital\/acocearense\/noticia\/aline-ferreira-e-eleita-a-melhor-executiva-do-ceara\/#breadcrumb"},"inLanguage":"pt-BR","potentialAction":[{"@type":"ReadAction","target":["https:\/\/previews.elleven.digital\/acocearense\/noticia\/aline-ferreira-e-eleita-a-melhor-executiva-do-ceara\/"]}]},{"@type":"ImageObject","inLanguage":"pt-BR","@id":"https:\/\/previews.elleven.digital\/acocearense\/noticia\/aline-ferreira-e-eleita-a-melhor-executiva-do-ceara\/#primaryimage","url":"https:\/\/previews.elleven.digital\/acocearense\/wp-content\/uploads\/2025\/05\/Aline-Ferreira_Premio-MT-copy-768x576-1.png","contentUrl":"https:\/\/previews.elleven.digital\/acocearense\/wp-content\/uploads\/2025\/05\/Aline-Ferreira_Premio-MT-copy-768x576-1.png","width":768,"height":576},{"@type":"BreadcrumbList","@id":"https:\/\/previews.elleven.digital\/acocearense\/noticia\/aline-ferreira-e-eleita-a-melhor-executiva-do-ceara\/#breadcrumb","itemListElement":[{"@type":"ListItem","position":1,"name":"In\u00edcio","item":"https:\/\/previews.elleven.digital\/acocearense\/"},{"@type":"ListItem","position":2,"name":"Not\u00edcias","item":"https:\/\/previews.elleven.digital\/acocearense\/noticias\/"},{"@type":"ListItem","position":3,"name":"Aline Ferreira \u00e9 eleita a melhor executiva do Cear\u00e1"}]},{"@type":"WebSite","@id":"https:\/\/previews.elleven.digital\/acocearense\/#website","url":"https:\/\/previews.elleven.digital\/acocearense\/","name":"A\u00e7o Cearense","description":"H\u00e1 mais de 45 anos no mercado brasileiro do a\u00e7o.","alternateName":"A\u00e7o Cearense","potentialAction":[{"@type":"SearchAction","target":{"@type":"EntryPoint","urlTemplate":"https:\/\/previews.elleven.digital\/acocearense\/?s={search_term_string}"},"query-input":{"@type":"PropertyValueSpecification","valueRequired":true,"valueName":"search_term_string"}}],"inLanguage":"pt-BR"}]}},"_links":{"self":[{"href":"https:\/\/previews.elleven.digital\/acocearense\/wp-json\/wp\/v2\/noticia\/2139","targetHints":{"allow":["GET"]}}],"collection":[{"href":"https:\/\/previews.elleven.digital\/acocearense\/wp-json\/wp\/v2\/noticia"}],"about":[{"href":"https:\/\/previews.elleven.digital\/acocearense\/wp-json\/wp\/v2\/types\/noticia"}],"wp:featuredmedia":[{"embeddable":true,"href":"https:\/\/previews.elleven.digital\/acocearense\/wp-json\/wp\/v2\/media\/2127"}],"wp:attachment":[{"href":"https:\/\/previews.elleven.digital\/acocearense\/wp-json\/wp\/v2\/media?parent=2139"}],"wp:term":[{"taxonomy":"categoria-noticia","embeddable":true,"href":"https:\/\/previews.elleven.digital\/acocearense\/wp-json\/wp\/v2\/categoria-noticia?post=2139"}],"curies":[{"name":"wp","href":"https:\/\/api.w.org\/{rel}","templated":true}]}}