{"id":2138,"date":"2021-10-18T17:32:08","date_gmt":"2021-10-18T20:32:08","guid":{"rendered":"https:\/\/previews.elleven.digital\/acocearense\/?post_type=noticia&#038;p=2138"},"modified":"2025-05-07T17:32:43","modified_gmt":"2025-05-07T20:32:43","slug":"entre-as-maiores-e-melhores-empresas-do-pais-grupo-aco-cearense-figura-em-mais-um-ranking-nacional","status":"publish","type":"noticia","link":"https:\/\/previews.elleven.digital\/acocearense\/noticia\/entre-as-maiores-e-melhores-empresas-do-pais-grupo-aco-cearense-figura-em-mais-um-ranking-nacional\/","title":{"rendered":"Entre as maiores e melhores empresas do pa\u00eds, Grupo A\u00e7o Cearense figura em mais um ranking nacional"},"content":{"rendered":"<p>A institui\u00e7\u00e3o est\u00e1 entre as cinco melhores empresas em Desempenho Financeiro e Governan\u00e7a Corporativa, segundo \u00c9poca Neg\u00f3cios 360\u00ba<\/p>\n<p>O Grupo A\u00e7o Cearense est\u00e1 mais uma vez entre as maiores empresas do pa\u00eds, desta vez na edi\u00e7\u00e3o especial \u00c9poca Neg\u00f3cios 360\u00ba. Neste ano, o Grupo figura na 261\u00aa coloca\u00e7\u00e3o entre as 500 maiores empresas do pa\u00eds, subindo 30 posi\u00e7\u00f5es em rela\u00e7\u00e3o ao ano anterior. O Grupo tamb\u00e9m aparece na 149\u00aa posi\u00e7\u00e3o entre as 418 melhores companhias em excel\u00eancia, com destaque em diversos setores da economia, alcan\u00e7ando ainda o 3\u00ba lugar no indicador Desempenho Financeiro e o 5\u00ba no indicador Governan\u00e7a Corporativa, dentro do segmento Minera\u00e7\u00e3o e Siderurgia.<\/p>\n<p>O anu\u00e1rio tem como objetivo eleger as melhores companhias do pa\u00eds, em pesquisa realizada pela Funda\u00e7\u00e3o Dom Cabral, e \u00e9 um dos mais completos rankings empresariais, que reconhece empresas comprometidas com a busca da excel\u00eancia, classificadas nas dimens\u00f5es de desempenho financeiro, governan\u00e7a corporativa, inova\u00e7\u00e3o, pessoas, sustentabilidade e vis\u00e3o de futuro.<\/p>\n","protected":false},"featured_media":2128,"template":"","meta":{"_acf_changed":false,"inline_featured_image":false},"categoria-noticia":[],"class_list":["post-2138","noticia","type-noticia","status-publish","has-post-thumbnail","hentry"],"acf":{"link":""},"yoast_head":"<!-- This site is optimized with the Yoast SEO plugin v25.9 - https:\/\/yoast.com\/wordpress\/plugins\/seo\/ -->\n<title>Entre as maiores e melhores empresas do pa\u00eds, Grupo A\u00e7o Cearense figura em mais um ranking nacional - Grupo A\u00e7o Cearense<\/title>\n<meta name=\"robots\" content=\"index, follow, max-snippet:-1, max-image-preview:large, max-video-preview:-1\" \/>\n<link rel=\"canonical\" href=\"https:\/\/previews.elleven.digital\/acocearense\/noticia\/entre-as-maiores-e-melhores-empresas-do-pais-grupo-aco-cearense-figura-em-mais-um-ranking-nacional\/\" \/>\n<meta property=\"og:locale\" content=\"pt_BR\" \/>\n<meta property=\"og:type\" content=\"article\" \/>\n<meta property=\"og:title\" content=\"Entre as maiores e melhores empresas do pa\u00eds, Grupo A\u00e7o Cearense figura em mais um ranking nacional - Grupo A\u00e7o Cearense\" \/>\n<meta property=\"og:description\" content=\"A institui\u00e7\u00e3o est\u00e1 entre as cinco melhores empresas em Desempenho Financeiro e Governan\u00e7a Corporativa, segundo(...)\" \/>\n<meta property=\"og:url\" content=\"https:\/\/previews.elleven.digital\/acocearense\/noticia\/entre-as-maiores-e-melhores-empresas-do-pais-grupo-aco-cearense-figura-em-mais-um-ranking-nacional\/\" \/>\n<meta property=\"og:site_name\" content=\"Grupo A\u00e7o Cearense\" \/>\n<meta property=\"article:modified_time\" content=\"2025-05-07T20:32:43+00:00\" \/>\n<meta property=\"og:image\" content=\"https:\/\/previews.elleven.digital\/acocearense\/wp-content\/uploads\/2025\/05\/MATERIA_SITE_800x600-768x576-1.jpg\" \/>\n\t<meta property=\"og:image:width\" content=\"768\" \/>\n\t<meta property=\"og:image:height\" content=\"576\" \/>\n\t<meta property=\"og:image:type\" content=\"image\/jpeg\" \/>\n<meta name=\"twitter:card\" content=\"summary_large_image\" \/>\n<meta name=\"twitter:label1\" content=\"Est. tempo de leitura\" \/>\n\t<meta name=\"twitter:data1\" content=\"2 minutos\" \/>\n<script type=\"application\/ld+json\" class=\"yoast-schema-graph\">{\"@context\":\"https:\/\/schema.org\",\"@graph\":[{\"@type\":\"WebPage\",\"@id\":\"https:\/\/previews.elleven.digital\/acocearense\/noticia\/entre-as-maiores-e-melhores-empresas-do-pais-grupo-aco-cearense-figura-em-mais-um-ranking-nacional\/\",\"url\":\"https:\/\/previews.elleven.digital\/acocearense\/noticia\/entre-as-maiores-e-melhores-empresas-do-pais-grupo-aco-cearense-figura-em-mais-um-ranking-nacional\/\",\"name\":\"Entre as maiores e melhores empresas do pa\u00eds, Grupo A\u00e7o Cearense figura em mais um ranking nacional - Grupo A\u00e7o Cearense\",\"isPartOf\":{\"@id\":\"https:\/\/previews.elleven.digital\/acocearense\/#website\"},\"primaryImageOfPage\":{\"@id\":\"https:\/\/previews.elleven.digital\/acocearense\/noticia\/entre-as-maiores-e-melhores-empresas-do-pais-grupo-aco-cearense-figura-em-mais-um-ranking-nacional\/#primaryimage\"},\"image\":{\"@id\":\"https:\/\/previews.elleven.digital\/acocearense\/noticia\/entre-as-maiores-e-melhores-empresas-do-pais-grupo-aco-cearense-figura-em-mais-um-ranking-nacional\/#primaryimage\"},\"thumbnailUrl\":\"https:\/\/previews.elleven.digital\/acocearense\/wp-content\/uploads\/2025\/05\/MATERIA_SITE_800x600-768x576-1.jpg\",\"datePublished\":\"2021-10-18T20:32:08+00:00\",\"dateModified\":\"2025-05-07T20:32:43+00:00\",\"breadcrumb\":{\"@id\":\"https:\/\/previews.elleven.digital\/acocearense\/noticia\/entre-as-maiores-e-melhores-empresas-do-pais-grupo-aco-cearense-figura-em-mais-um-ranking-nacional\/#breadcrumb\"},\"inLanguage\":\"pt-BR\",\"potentialAction\":[{\"@type\":\"ReadAction\",\"target\":[\"https:\/\/previews.elleven.digital\/acocearense\/noticia\/entre-as-maiores-e-melhores-empresas-do-pais-grupo-aco-cearense-figura-em-mais-um-ranking-nacional\/\"]}]},{\"@type\":\"ImageObject\",\"inLanguage\":\"pt-BR\",\"@id\":\"https:\/\/previews.elleven.digital\/acocearense\/noticia\/entre-as-maiores-e-melhores-empresas-do-pais-grupo-aco-cearense-figura-em-mais-um-ranking-nacional\/#primaryimage\",\"url\":\"https:\/\/previews.elleven.digital\/acocearense\/wp-content\/uploads\/2025\/05\/MATERIA_SITE_800x600-768x576-1.jpg\",\"contentUrl\":\"https:\/\/previews.elleven.digital\/acocearense\/wp-content\/uploads\/2025\/05\/MATERIA_SITE_800x600-768x576-1.jpg\",\"width\":768,\"height\":576},{\"@type\":\"BreadcrumbList\",\"@id\":\"https:\/\/previews.elleven.digital\/acocearense\/noticia\/entre-as-maiores-e-melhores-empresas-do-pais-grupo-aco-cearense-figura-em-mais-um-ranking-nacional\/#breadcrumb\",\"itemListElement\":[{\"@type\":\"ListItem\",\"position\":1,\"name\":\"In\u00edcio\",\"item\":\"https:\/\/previews.elleven.digital\/acocearense\/\"},{\"@type\":\"ListItem\",\"position\":2,\"name\":\"Not\u00edcias\",\"item\":\"https:\/\/previews.elleven.digital\/acocearense\/noticias\/\"},{\"@type\":\"ListItem\",\"position\":3,\"name\":\"Entre as maiores e melhores empresas do pa\u00eds, Grupo A\u00e7o Cearense figura em mais um ranking nacional\"}]},{\"@type\":\"WebSite\",\"@id\":\"https:\/\/previews.elleven.digital\/acocearense\/#website\",\"url\":\"https:\/\/previews.elleven.digital\/acocearense\/\",\"name\":\"A\u00e7o Cearense\",\"description\":\"H\u00e1 mais de 45 anos no mercado brasileiro do a\u00e7o.\",\"alternateName\":\"A\u00e7o Cearense\",\"potentialAction\":[{\"@type\":\"SearchAction\",\"target\":{\"@type\":\"EntryPoint\",\"urlTemplate\":\"https:\/\/previews.elleven.digital\/acocearense\/?s={search_term_string}\"},\"query-input\":{\"@type\":\"PropertyValueSpecification\",\"valueRequired\":true,\"valueName\":\"search_term_string\"}}],\"inLanguage\":\"pt-BR\"}]}<\/script>\n<!-- \/ Yoast SEO plugin. -->","yoast_head_json":{"title":"Entre as maiores e melhores empresas do pa\u00eds, Grupo A\u00e7o Cearense figura em mais um ranking nacional - Grupo A\u00e7o Cearense","robots":{"index":"index","follow":"follow","max-snippet":"max-snippet:-1","max-image-preview":"max-image-preview:large","max-video-preview":"max-video-preview:-1"},"canonical":"https:\/\/previews.elleven.digital\/acocearense\/noticia\/entre-as-maiores-e-melhores-empresas-do-pais-grupo-aco-cearense-figura-em-mais-um-ranking-nacional\/","og_locale":"pt_BR","og_type":"article","og_title":"Entre as maiores e melhores empresas do pa\u00eds, Grupo A\u00e7o Cearense figura em mais um ranking nacional - Grupo A\u00e7o Cearense","og_description":"A institui\u00e7\u00e3o est\u00e1 entre as cinco melhores empresas em Desempenho Financeiro e Governan\u00e7a Corporativa, segundo(...)","og_url":"https:\/\/previews.elleven.digital\/acocearense\/noticia\/entre-as-maiores-e-melhores-empresas-do-pais-grupo-aco-cearense-figura-em-mais-um-ranking-nacional\/","og_site_name":"Grupo A\u00e7o Cearense","article_modified_time":"2025-05-07T20:32:43+00:00","og_image":[{"width":768,"height":576,"url":"https:\/\/previews.elleven.digital\/acocearense\/wp-content\/uploads\/2025\/05\/MATERIA_SITE_800x600-768x576-1.jpg","type":"image\/jpeg"}],"twitter_card":"summary_large_image","twitter_misc":{"Est. tempo de leitura":"2 minutos"},"schema":{"@context":"https:\/\/schema.org","@graph":[{"@type":"WebPage","@id":"https:\/\/previews.elleven.digital\/acocearense\/noticia\/entre-as-maiores-e-melhores-empresas-do-pais-grupo-aco-cearense-figura-em-mais-um-ranking-nacional\/","url":"https:\/\/previews.elleven.digital\/acocearense\/noticia\/entre-as-maiores-e-melhores-empresas-do-pais-grupo-aco-cearense-figura-em-mais-um-ranking-nacional\/","name":"Entre as maiores e melhores empresas do pa\u00eds, Grupo A\u00e7o Cearense figura em mais um ranking nacional - Grupo A\u00e7o Cearense","isPartOf":{"@id":"https:\/\/previews.elleven.digital\/acocearense\/#website"},"primaryImageOfPage":{"@id":"https:\/\/previews.elleven.digital\/acocearense\/noticia\/entre-as-maiores-e-melhores-empresas-do-pais-grupo-aco-cearense-figura-em-mais-um-ranking-nacional\/#primaryimage"},"image":{"@id":"https:\/\/previews.elleven.digital\/acocearense\/noticia\/entre-as-maiores-e-melhores-empresas-do-pais-grupo-aco-cearense-figura-em-mais-um-ranking-nacional\/#primaryimage"},"thumbnailUrl":"https:\/\/previews.elleven.digital\/acocearense\/wp-content\/uploads\/2025\/05\/MATERIA_SITE_800x600-768x576-1.jpg","datePublished":"2021-10-18T20:32:08+00:00","dateModified":"2025-05-07T20:32:43+00:00","breadcrumb":{"@id":"https:\/\/previews.elleven.digital\/acocearense\/noticia\/entre-as-maiores-e-melhores-empresas-do-pais-grupo-aco-cearense-figura-em-mais-um-ranking-nacional\/#breadcrumb"},"inLanguage":"pt-BR","potentialAction":[{"@type":"ReadAction","target":["https:\/\/previews.elleven.digital\/acocearense\/noticia\/entre-as-maiores-e-melhores-empresas-do-pais-grupo-aco-cearense-figura-em-mais-um-ranking-nacional\/"]}]},{"@type":"ImageObject","inLanguage":"pt-BR","@id":"https:\/\/previews.elleven.digital\/acocearense\/noticia\/entre-as-maiores-e-melhores-empresas-do-pais-grupo-aco-cearense-figura-em-mais-um-ranking-nacional\/#primaryimage","url":"https:\/\/previews.elleven.digital\/acocearense\/wp-content\/uploads\/2025\/05\/MATERIA_SITE_800x600-768x576-1.jpg","contentUrl":"https:\/\/previews.elleven.digital\/acocearense\/wp-content\/uploads\/2025\/05\/MATERIA_SITE_800x600-768x576-1.jpg","width":768,"height":576},{"@type":"BreadcrumbList","@id":"https:\/\/previews.elleven.digital\/acocearense\/noticia\/entre-as-maiores-e-melhores-empresas-do-pais-grupo-aco-cearense-figura-em-mais-um-ranking-nacional\/#breadcrumb","itemListElement":[{"@type":"ListItem","position":1,"name":"In\u00edcio","item":"https:\/\/previews.elleven.digital\/acocearense\/"},{"@type":"ListItem","position":2,"name":"Not\u00edcias","item":"https:\/\/previews.elleven.digital\/acocearense\/noticias\/"},{"@type":"ListItem","position":3,"name":"Entre as maiores e melhores empresas do pa\u00eds, Grupo A\u00e7o Cearense figura em mais um ranking nacional"}]},{"@type":"WebSite","@id":"https:\/\/previews.elleven.digital\/acocearense\/#website","url":"https:\/\/previews.elleven.digital\/acocearense\/","name":"A\u00e7o Cearense","description":"H\u00e1 mais de 45 anos no mercado brasileiro do a\u00e7o.","alternateName":"A\u00e7o Cearense","potentialAction":[{"@type":"SearchAction","target":{"@type":"EntryPoint","urlTemplate":"https:\/\/previews.elleven.digital\/acocearense\/?s={search_term_string}"},"query-input":{"@type":"PropertyValueSpecification","valueRequired":true,"valueName":"search_term_string"}}],"inLanguage":"pt-BR"}]}},"_links":{"self":[{"href":"https:\/\/previews.elleven.digital\/acocearense\/wp-json\/wp\/v2\/noticia\/2138","targetHints":{"allow":["GET"]}}],"collection":[{"href":"https:\/\/previews.elleven.digital\/acocearense\/wp-json\/wp\/v2\/noticia"}],"about":[{"href":"https:\/\/previews.elleven.digital\/acocearense\/wp-json\/wp\/v2\/types\/noticia"}],"wp:featuredmedia":[{"embeddable":true,"href":"https:\/\/previews.elleven.digital\/acocearense\/wp-json\/wp\/v2\/media\/2128"}],"wp:attachment":[{"href":"https:\/\/previews.elleven.digital\/acocearense\/wp-json\/wp\/v2\/media?parent=2138"}],"wp:term":[{"taxonomy":"categoria-noticia","embeddable":true,"href":"https:\/\/previews.elleven.digital\/acocearense\/wp-json\/wp\/v2\/categoria-noticia?post=2138"}],"curies":[{"name":"wp","href":"https:\/\/api.w.org\/{rel}","templated":true}]}}