{"id":2137,"date":"2021-10-07T17:31:34","date_gmt":"2021-10-07T20:31:34","guid":{"rendered":"https:\/\/previews.elleven.digital\/acocearense\/?post_type=noticia&#038;p=2137"},"modified":"2025-05-07T17:31:59","modified_gmt":"2025-05-07T20:31:59","slug":"grupo-aco-cearense-figura-entre-as-maiores-empresas-do-brasil-pelo-anuario-valor-1000","status":"publish","type":"noticia","link":"https:\/\/previews.elleven.digital\/acocearense\/noticia\/grupo-aco-cearense-figura-entre-as-maiores-empresas-do-brasil-pelo-anuario-valor-1000\/","title":{"rendered":"Grupo A\u00e7o Cearense figura entre as maiores empresas do Brasil pelo anu\u00e1rio Valor 1000"},"content":{"rendered":"<p>O Grupo A\u00e7o Cearense est\u00e1 mais uma vez entre as maiores empresas do pa\u00eds, segundo edi\u00e7\u00e3o especial da revista Valor 1000. Subindo 32 posi\u00e7\u00f5es em rela\u00e7\u00e3o ao ano anterior, o Grupo ficou na 260\u00aa coloca\u00e7\u00e3o e alcan\u00e7ou tamb\u00e9m a 16\u00aa posi\u00e7\u00e3o entre as 50 maiores empresas do Nordeste.<\/p>\n<p>O anu\u00e1rio Valor 1000 \u00e9 uma respeitada e consolidada publica\u00e7\u00e3o que ranqueia as grandes empresas do pa\u00eds. Al\u00e9m de utilizar como par\u00e2metro para o ranking das mil maiores a receita l\u00edquida, a publica\u00e7\u00e3o adota os crit\u00e9rios mais atuais de medida cont\u00e1bil do desempenho, como gera\u00e7\u00e3o de valor, medida pela margem Ebitda, patrim\u00f4nio l\u00edquido e a gest\u00e3o do endividamento.<\/p>\n<p>Os crit\u00e9rios utilizados pelo Valor 1000 t\u00eam a chancela da Escola de Administra\u00e7\u00e3o de Empresas da Funda\u00e7\u00e3o Get\u00falio Vargas de S\u00e3o Paulo e da Serasa Experian, parcerias da publica\u00e7\u00e3o.<\/p>\n","protected":false},"featured_media":2129,"template":"","meta":{"_acf_changed":false,"inline_featured_image":false},"categoria-noticia":[],"class_list":["post-2137","noticia","type-noticia","status-publish","has-post-thumbnail","hentry"],"acf":{"link":""},"yoast_head":"<!-- This site is optimized with the Yoast SEO plugin v25.9 - https:\/\/yoast.com\/wordpress\/plugins\/seo\/ -->\n<title>Grupo A\u00e7o Cearense figura entre as maiores empresas do Brasil pelo anu\u00e1rio Valor 1000 - Grupo A\u00e7o Cearense<\/title>\n<meta name=\"robots\" content=\"index, follow, max-snippet:-1, max-image-preview:large, max-video-preview:-1\" \/>\n<link rel=\"canonical\" href=\"https:\/\/previews.elleven.digital\/acocearense\/noticia\/grupo-aco-cearense-figura-entre-as-maiores-empresas-do-brasil-pelo-anuario-valor-1000\/\" \/>\n<meta property=\"og:locale\" content=\"pt_BR\" \/>\n<meta property=\"og:type\" content=\"article\" \/>\n<meta property=\"og:title\" content=\"Grupo A\u00e7o Cearense figura entre as maiores empresas do Brasil pelo anu\u00e1rio Valor 1000 - Grupo A\u00e7o Cearense\" \/>\n<meta property=\"og:description\" content=\"O Grupo A\u00e7o Cearense est\u00e1 mais uma vez entre as maiores empresas do pa\u00eds, segundo(...)\" \/>\n<meta property=\"og:url\" content=\"https:\/\/previews.elleven.digital\/acocearense\/noticia\/grupo-aco-cearense-figura-entre-as-maiores-empresas-do-brasil-pelo-anuario-valor-1000\/\" \/>\n<meta property=\"og:site_name\" content=\"Grupo A\u00e7o Cearense\" \/>\n<meta property=\"article:modified_time\" content=\"2025-05-07T20:31:59+00:00\" \/>\n<meta property=\"og:image\" content=\"https:\/\/previews.elleven.digital\/acocearense\/wp-content\/uploads\/2025\/05\/MATERIA_SITE_800x600_VALOR_v2-768x576-1.jpg\" \/>\n\t<meta property=\"og:image:width\" content=\"768\" \/>\n\t<meta property=\"og:image:height\" content=\"576\" \/>\n\t<meta property=\"og:image:type\" content=\"image\/jpeg\" \/>\n<meta name=\"twitter:card\" content=\"summary_large_image\" \/>\n<meta name=\"twitter:label1\" content=\"Est. tempo de leitura\" \/>\n\t<meta name=\"twitter:data1\" content=\"1 minuto\" \/>\n<script type=\"application\/ld+json\" class=\"yoast-schema-graph\">{\"@context\":\"https:\/\/schema.org\",\"@graph\":[{\"@type\":\"WebPage\",\"@id\":\"https:\/\/previews.elleven.digital\/acocearense\/noticia\/grupo-aco-cearense-figura-entre-as-maiores-empresas-do-brasil-pelo-anuario-valor-1000\/\",\"url\":\"https:\/\/previews.elleven.digital\/acocearense\/noticia\/grupo-aco-cearense-figura-entre-as-maiores-empresas-do-brasil-pelo-anuario-valor-1000\/\",\"name\":\"Grupo A\u00e7o Cearense figura entre as maiores empresas do Brasil pelo anu\u00e1rio Valor 1000 - Grupo A\u00e7o Cearense\",\"isPartOf\":{\"@id\":\"https:\/\/previews.elleven.digital\/acocearense\/#website\"},\"primaryImageOfPage\":{\"@id\":\"https:\/\/previews.elleven.digital\/acocearense\/noticia\/grupo-aco-cearense-figura-entre-as-maiores-empresas-do-brasil-pelo-anuario-valor-1000\/#primaryimage\"},\"image\":{\"@id\":\"https:\/\/previews.elleven.digital\/acocearense\/noticia\/grupo-aco-cearense-figura-entre-as-maiores-empresas-do-brasil-pelo-anuario-valor-1000\/#primaryimage\"},\"thumbnailUrl\":\"https:\/\/previews.elleven.digital\/acocearense\/wp-content\/uploads\/2025\/05\/MATERIA_SITE_800x600_VALOR_v2-768x576-1.jpg\",\"datePublished\":\"2021-10-07T20:31:34+00:00\",\"dateModified\":\"2025-05-07T20:31:59+00:00\",\"breadcrumb\":{\"@id\":\"https:\/\/previews.elleven.digital\/acocearense\/noticia\/grupo-aco-cearense-figura-entre-as-maiores-empresas-do-brasil-pelo-anuario-valor-1000\/#breadcrumb\"},\"inLanguage\":\"pt-BR\",\"potentialAction\":[{\"@type\":\"ReadAction\",\"target\":[\"https:\/\/previews.elleven.digital\/acocearense\/noticia\/grupo-aco-cearense-figura-entre-as-maiores-empresas-do-brasil-pelo-anuario-valor-1000\/\"]}]},{\"@type\":\"ImageObject\",\"inLanguage\":\"pt-BR\",\"@id\":\"https:\/\/previews.elleven.digital\/acocearense\/noticia\/grupo-aco-cearense-figura-entre-as-maiores-empresas-do-brasil-pelo-anuario-valor-1000\/#primaryimage\",\"url\":\"https:\/\/previews.elleven.digital\/acocearense\/wp-content\/uploads\/2025\/05\/MATERIA_SITE_800x600_VALOR_v2-768x576-1.jpg\",\"contentUrl\":\"https:\/\/previews.elleven.digital\/acocearense\/wp-content\/uploads\/2025\/05\/MATERIA_SITE_800x600_VALOR_v2-768x576-1.jpg\",\"width\":768,\"height\":576},{\"@type\":\"BreadcrumbList\",\"@id\":\"https:\/\/previews.elleven.digital\/acocearense\/noticia\/grupo-aco-cearense-figura-entre-as-maiores-empresas-do-brasil-pelo-anuario-valor-1000\/#breadcrumb\",\"itemListElement\":[{\"@type\":\"ListItem\",\"position\":1,\"name\":\"In\u00edcio\",\"item\":\"https:\/\/previews.elleven.digital\/acocearense\/\"},{\"@type\":\"ListItem\",\"position\":2,\"name\":\"Not\u00edcias\",\"item\":\"https:\/\/previews.elleven.digital\/acocearense\/noticias\/\"},{\"@type\":\"ListItem\",\"position\":3,\"name\":\"Grupo A\u00e7o Cearense figura entre as maiores empresas do Brasil pelo anu\u00e1rio Valor 1000\"}]},{\"@type\":\"WebSite\",\"@id\":\"https:\/\/previews.elleven.digital\/acocearense\/#website\",\"url\":\"https:\/\/previews.elleven.digital\/acocearense\/\",\"name\":\"A\u00e7o Cearense\",\"description\":\"H\u00e1 mais de 45 anos no mercado brasileiro do a\u00e7o.\",\"alternateName\":\"A\u00e7o Cearense\",\"potentialAction\":[{\"@type\":\"SearchAction\",\"target\":{\"@type\":\"EntryPoint\",\"urlTemplate\":\"https:\/\/previews.elleven.digital\/acocearense\/?s={search_term_string}\"},\"query-input\":{\"@type\":\"PropertyValueSpecification\",\"valueRequired\":true,\"valueName\":\"search_term_string\"}}],\"inLanguage\":\"pt-BR\"}]}<\/script>\n<!-- \/ Yoast SEO plugin. -->","yoast_head_json":{"title":"Grupo A\u00e7o Cearense figura entre as maiores empresas do Brasil pelo anu\u00e1rio Valor 1000 - Grupo A\u00e7o Cearense","robots":{"index":"index","follow":"follow","max-snippet":"max-snippet:-1","max-image-preview":"max-image-preview:large","max-video-preview":"max-video-preview:-1"},"canonical":"https:\/\/previews.elleven.digital\/acocearense\/noticia\/grupo-aco-cearense-figura-entre-as-maiores-empresas-do-brasil-pelo-anuario-valor-1000\/","og_locale":"pt_BR","og_type":"article","og_title":"Grupo A\u00e7o Cearense figura entre as maiores empresas do Brasil pelo anu\u00e1rio Valor 1000 - Grupo A\u00e7o Cearense","og_description":"O Grupo A\u00e7o Cearense est\u00e1 mais uma vez entre as maiores empresas do pa\u00eds, segundo(...)","og_url":"https:\/\/previews.elleven.digital\/acocearense\/noticia\/grupo-aco-cearense-figura-entre-as-maiores-empresas-do-brasil-pelo-anuario-valor-1000\/","og_site_name":"Grupo A\u00e7o Cearense","article_modified_time":"2025-05-07T20:31:59+00:00","og_image":[{"width":768,"height":576,"url":"https:\/\/previews.elleven.digital\/acocearense\/wp-content\/uploads\/2025\/05\/MATERIA_SITE_800x600_VALOR_v2-768x576-1.jpg","type":"image\/jpeg"}],"twitter_card":"summary_large_image","twitter_misc":{"Est. tempo de leitura":"1 minuto"},"schema":{"@context":"https:\/\/schema.org","@graph":[{"@type":"WebPage","@id":"https:\/\/previews.elleven.digital\/acocearense\/noticia\/grupo-aco-cearense-figura-entre-as-maiores-empresas-do-brasil-pelo-anuario-valor-1000\/","url":"https:\/\/previews.elleven.digital\/acocearense\/noticia\/grupo-aco-cearense-figura-entre-as-maiores-empresas-do-brasil-pelo-anuario-valor-1000\/","name":"Grupo A\u00e7o Cearense figura entre as maiores empresas do Brasil pelo anu\u00e1rio Valor 1000 - Grupo A\u00e7o Cearense","isPartOf":{"@id":"https:\/\/previews.elleven.digital\/acocearense\/#website"},"primaryImageOfPage":{"@id":"https:\/\/previews.elleven.digital\/acocearense\/noticia\/grupo-aco-cearense-figura-entre-as-maiores-empresas-do-brasil-pelo-anuario-valor-1000\/#primaryimage"},"image":{"@id":"https:\/\/previews.elleven.digital\/acocearense\/noticia\/grupo-aco-cearense-figura-entre-as-maiores-empresas-do-brasil-pelo-anuario-valor-1000\/#primaryimage"},"thumbnailUrl":"https:\/\/previews.elleven.digital\/acocearense\/wp-content\/uploads\/2025\/05\/MATERIA_SITE_800x600_VALOR_v2-768x576-1.jpg","datePublished":"2021-10-07T20:31:34+00:00","dateModified":"2025-05-07T20:31:59+00:00","breadcrumb":{"@id":"https:\/\/previews.elleven.digital\/acocearense\/noticia\/grupo-aco-cearense-figura-entre-as-maiores-empresas-do-brasil-pelo-anuario-valor-1000\/#breadcrumb"},"inLanguage":"pt-BR","potentialAction":[{"@type":"ReadAction","target":["https:\/\/previews.elleven.digital\/acocearense\/noticia\/grupo-aco-cearense-figura-entre-as-maiores-empresas-do-brasil-pelo-anuario-valor-1000\/"]}]},{"@type":"ImageObject","inLanguage":"pt-BR","@id":"https:\/\/previews.elleven.digital\/acocearense\/noticia\/grupo-aco-cearense-figura-entre-as-maiores-empresas-do-brasil-pelo-anuario-valor-1000\/#primaryimage","url":"https:\/\/previews.elleven.digital\/acocearense\/wp-content\/uploads\/2025\/05\/MATERIA_SITE_800x600_VALOR_v2-768x576-1.jpg","contentUrl":"https:\/\/previews.elleven.digital\/acocearense\/wp-content\/uploads\/2025\/05\/MATERIA_SITE_800x600_VALOR_v2-768x576-1.jpg","width":768,"height":576},{"@type":"BreadcrumbList","@id":"https:\/\/previews.elleven.digital\/acocearense\/noticia\/grupo-aco-cearense-figura-entre-as-maiores-empresas-do-brasil-pelo-anuario-valor-1000\/#breadcrumb","itemListElement":[{"@type":"ListItem","position":1,"name":"In\u00edcio","item":"https:\/\/previews.elleven.digital\/acocearense\/"},{"@type":"ListItem","position":2,"name":"Not\u00edcias","item":"https:\/\/previews.elleven.digital\/acocearense\/noticias\/"},{"@type":"ListItem","position":3,"name":"Grupo A\u00e7o Cearense figura entre as maiores empresas do Brasil pelo anu\u00e1rio Valor 1000"}]},{"@type":"WebSite","@id":"https:\/\/previews.elleven.digital\/acocearense\/#website","url":"https:\/\/previews.elleven.digital\/acocearense\/","name":"A\u00e7o Cearense","description":"H\u00e1 mais de 45 anos no mercado brasileiro do a\u00e7o.","alternateName":"A\u00e7o Cearense","potentialAction":[{"@type":"SearchAction","target":{"@type":"EntryPoint","urlTemplate":"https:\/\/previews.elleven.digital\/acocearense\/?s={search_term_string}"},"query-input":{"@type":"PropertyValueSpecification","valueRequired":true,"valueName":"search_term_string"}}],"inLanguage":"pt-BR"}]}},"_links":{"self":[{"href":"https:\/\/previews.elleven.digital\/acocearense\/wp-json\/wp\/v2\/noticia\/2137","targetHints":{"allow":["GET"]}}],"collection":[{"href":"https:\/\/previews.elleven.digital\/acocearense\/wp-json\/wp\/v2\/noticia"}],"about":[{"href":"https:\/\/previews.elleven.digital\/acocearense\/wp-json\/wp\/v2\/types\/noticia"}],"wp:featuredmedia":[{"embeddable":true,"href":"https:\/\/previews.elleven.digital\/acocearense\/wp-json\/wp\/v2\/media\/2129"}],"wp:attachment":[{"href":"https:\/\/previews.elleven.digital\/acocearense\/wp-json\/wp\/v2\/media?parent=2137"}],"wp:term":[{"taxonomy":"categoria-noticia","embeddable":true,"href":"https:\/\/previews.elleven.digital\/acocearense\/wp-json\/wp\/v2\/categoria-noticia?post=2137"}],"curies":[{"name":"wp","href":"https:\/\/api.w.org\/{rel}","templated":true}]}}