{"id":2136,"date":"2021-08-30T17:31:02","date_gmt":"2021-08-30T20:31:02","guid":{"rendered":"https:\/\/previews.elleven.digital\/acocearense\/?post_type=noticia&#038;p=2136"},"modified":"2025-05-07T17:31:29","modified_gmt":"2025-05-07T20:31:29","slug":"atleta-de-kickboxing-marabaense-recebe-apoio-para-participar-de-campeonato-nacional","status":"publish","type":"noticia","link":"https:\/\/previews.elleven.digital\/acocearense\/noticia\/atleta-de-kickboxing-marabaense-recebe-apoio-para-participar-de-campeonato-nacional\/","title":{"rendered":"Atleta de Kickboxing marabaense recebe apoio para participar de Campeonato Nacional"},"content":{"rendered":"<p>Sempre em busca de fomentar o esporte e a cultura, a SINOBRAS vem apoiando projetos e a\u00e7\u00f5es no estado do Par\u00e1. Neste sentido, ap\u00f3s apoiar o Projeto Pedag\u00f3gico Jiu-jitsu da Pol\u00edcia Militar, a empresa entra como patrocinadora do atleta Jhonny Yori, um dos participantes do Projeto, que vai representar o estado no 30\u00b0 Campeonato Brasileiro de kickboxing. A competi\u00e7\u00e3o acontecer\u00e1 entre os dias 4 e 7 de setembro, no Rio de Janeiro.<\/p>\n<p>Jhonny Yori come\u00e7ou a treinar kickboxing no in\u00edcio de 2020, com poucos recursos por conta da pandemia de covid-1, que restringiu a circula\u00e7\u00e3o de pessoas e a abertura de estabelecimentos, mas, mesmo treinando em casa com o aux\u00edlio de amigos, ele se tornou um destaque na modalidade e agora se prepara para seu primeiro torneio nacional. \u201cO esporte melhorou minha qualidade de vida. Al\u00e9m de ajudar no condicionamento f\u00edsico, mental e est\u00e9tico, deu a mim um prop\u00f3sito na vida. Entrei na faculdade de Educa\u00e7\u00e3o F\u00edsica e comecei a repassar a import\u00e2ncia do esporte para as pessoas\u201d, comentou.<\/p>\n<p>Jhonny conta sobre a sua expectativa de participar de um campeonato pela primeira vez. \u201cParticipar de uma competi\u00e7\u00e3o nacional \u00e9 a realiza\u00e7\u00e3o de um sonho que todo praticante de arte marcial tem. Subir em um ringue e, independente do resultado, saber que \u00e9 um vencedor s\u00f3 por estar ali. Se mais empresas tivessem essa iniciativa, as portas se abririam para outros amantes do esporte, tenho certeza. Precisamos desse apoio\u201d, ressalta o lutador.<\/p>\n","protected":false},"featured_media":2130,"template":"","meta":{"_acf_changed":false,"inline_featured_image":false},"categoria-noticia":[],"class_list":["post-2136","noticia","type-noticia","status-publish","has-post-thumbnail","hentry"],"acf":{"link":""},"yoast_head":"<!-- This site is optimized with the Yoast SEO plugin v25.9 - https:\/\/yoast.com\/wordpress\/plugins\/seo\/ -->\n<title>Atleta de Kickboxing marabaense recebe apoio para participar de Campeonato Nacional - Grupo A\u00e7o Cearense<\/title>\n<meta name=\"robots\" content=\"index, follow, max-snippet:-1, max-image-preview:large, max-video-preview:-1\" \/>\n<link rel=\"canonical\" href=\"https:\/\/previews.elleven.digital\/acocearense\/noticia\/atleta-de-kickboxing-marabaense-recebe-apoio-para-participar-de-campeonato-nacional\/\" \/>\n<meta property=\"og:locale\" content=\"pt_BR\" \/>\n<meta property=\"og:type\" content=\"article\" \/>\n<meta property=\"og:title\" content=\"Atleta de Kickboxing marabaense recebe apoio para participar de Campeonato Nacional - Grupo A\u00e7o Cearense\" \/>\n<meta property=\"og:description\" content=\"Sempre em busca de fomentar o esporte e a cultura, a SINOBRAS vem apoiando projetos(...)\" \/>\n<meta property=\"og:url\" content=\"https:\/\/previews.elleven.digital\/acocearense\/noticia\/atleta-de-kickboxing-marabaense-recebe-apoio-para-participar-de-campeonato-nacional\/\" \/>\n<meta property=\"og:site_name\" content=\"Grupo A\u00e7o Cearense\" \/>\n<meta property=\"article:modified_time\" content=\"2025-05-07T20:31:29+00:00\" \/>\n<meta property=\"og:image\" content=\"https:\/\/previews.elleven.digital\/acocearense\/wp-content\/uploads\/2025\/05\/Atleta-de-Kickboxing-marabaense-recebe-apoio-para-participar-de-Campeonato-Nacional-768x576-1.png\" \/>\n\t<meta property=\"og:image:width\" content=\"768\" \/>\n\t<meta property=\"og:image:height\" content=\"576\" \/>\n\t<meta property=\"og:image:type\" content=\"image\/png\" \/>\n<meta name=\"twitter:card\" content=\"summary_large_image\" \/>\n<meta name=\"twitter:label1\" content=\"Est. tempo de leitura\" \/>\n\t<meta name=\"twitter:data1\" content=\"2 minutos\" \/>\n<script type=\"application\/ld+json\" class=\"yoast-schema-graph\">{\"@context\":\"https:\/\/schema.org\",\"@graph\":[{\"@type\":\"WebPage\",\"@id\":\"https:\/\/previews.elleven.digital\/acocearense\/noticia\/atleta-de-kickboxing-marabaense-recebe-apoio-para-participar-de-campeonato-nacional\/\",\"url\":\"https:\/\/previews.elleven.digital\/acocearense\/noticia\/atleta-de-kickboxing-marabaense-recebe-apoio-para-participar-de-campeonato-nacional\/\",\"name\":\"Atleta de Kickboxing marabaense recebe apoio para participar de Campeonato Nacional - Grupo A\u00e7o Cearense\",\"isPartOf\":{\"@id\":\"https:\/\/previews.elleven.digital\/acocearense\/#website\"},\"primaryImageOfPage\":{\"@id\":\"https:\/\/previews.elleven.digital\/acocearense\/noticia\/atleta-de-kickboxing-marabaense-recebe-apoio-para-participar-de-campeonato-nacional\/#primaryimage\"},\"image\":{\"@id\":\"https:\/\/previews.elleven.digital\/acocearense\/noticia\/atleta-de-kickboxing-marabaense-recebe-apoio-para-participar-de-campeonato-nacional\/#primaryimage\"},\"thumbnailUrl\":\"https:\/\/previews.elleven.digital\/acocearense\/wp-content\/uploads\/2025\/05\/Atleta-de-Kickboxing-marabaense-recebe-apoio-para-participar-de-Campeonato-Nacional-768x576-1.png\",\"datePublished\":\"2021-08-30T20:31:02+00:00\",\"dateModified\":\"2025-05-07T20:31:29+00:00\",\"breadcrumb\":{\"@id\":\"https:\/\/previews.elleven.digital\/acocearense\/noticia\/atleta-de-kickboxing-marabaense-recebe-apoio-para-participar-de-campeonato-nacional\/#breadcrumb\"},\"inLanguage\":\"pt-BR\",\"potentialAction\":[{\"@type\":\"ReadAction\",\"target\":[\"https:\/\/previews.elleven.digital\/acocearense\/noticia\/atleta-de-kickboxing-marabaense-recebe-apoio-para-participar-de-campeonato-nacional\/\"]}]},{\"@type\":\"ImageObject\",\"inLanguage\":\"pt-BR\",\"@id\":\"https:\/\/previews.elleven.digital\/acocearense\/noticia\/atleta-de-kickboxing-marabaense-recebe-apoio-para-participar-de-campeonato-nacional\/#primaryimage\",\"url\":\"https:\/\/previews.elleven.digital\/acocearense\/wp-content\/uploads\/2025\/05\/Atleta-de-Kickboxing-marabaense-recebe-apoio-para-participar-de-Campeonato-Nacional-768x576-1.png\",\"contentUrl\":\"https:\/\/previews.elleven.digital\/acocearense\/wp-content\/uploads\/2025\/05\/Atleta-de-Kickboxing-marabaense-recebe-apoio-para-participar-de-Campeonato-Nacional-768x576-1.png\",\"width\":768,\"height\":576},{\"@type\":\"BreadcrumbList\",\"@id\":\"https:\/\/previews.elleven.digital\/acocearense\/noticia\/atleta-de-kickboxing-marabaense-recebe-apoio-para-participar-de-campeonato-nacional\/#breadcrumb\",\"itemListElement\":[{\"@type\":\"ListItem\",\"position\":1,\"name\":\"In\u00edcio\",\"item\":\"https:\/\/previews.elleven.digital\/acocearense\/\"},{\"@type\":\"ListItem\",\"position\":2,\"name\":\"Not\u00edcias\",\"item\":\"https:\/\/previews.elleven.digital\/acocearense\/noticias\/\"},{\"@type\":\"ListItem\",\"position\":3,\"name\":\"Atleta de Kickboxing marabaense recebe apoio para participar de Campeonato Nacional\"}]},{\"@type\":\"WebSite\",\"@id\":\"https:\/\/previews.elleven.digital\/acocearense\/#website\",\"url\":\"https:\/\/previews.elleven.digital\/acocearense\/\",\"name\":\"A\u00e7o Cearense\",\"description\":\"H\u00e1 mais de 45 anos no mercado brasileiro do a\u00e7o.\",\"alternateName\":\"A\u00e7o Cearense\",\"potentialAction\":[{\"@type\":\"SearchAction\",\"target\":{\"@type\":\"EntryPoint\",\"urlTemplate\":\"https:\/\/previews.elleven.digital\/acocearense\/?s={search_term_string}\"},\"query-input\":{\"@type\":\"PropertyValueSpecification\",\"valueRequired\":true,\"valueName\":\"search_term_string\"}}],\"inLanguage\":\"pt-BR\"}]}<\/script>\n<!-- \/ Yoast SEO plugin. -->","yoast_head_json":{"title":"Atleta de Kickboxing marabaense recebe apoio para participar de Campeonato Nacional - Grupo A\u00e7o Cearense","robots":{"index":"index","follow":"follow","max-snippet":"max-snippet:-1","max-image-preview":"max-image-preview:large","max-video-preview":"max-video-preview:-1"},"canonical":"https:\/\/previews.elleven.digital\/acocearense\/noticia\/atleta-de-kickboxing-marabaense-recebe-apoio-para-participar-de-campeonato-nacional\/","og_locale":"pt_BR","og_type":"article","og_title":"Atleta de Kickboxing marabaense recebe apoio para participar de Campeonato Nacional - Grupo A\u00e7o Cearense","og_description":"Sempre em busca de fomentar o esporte e a cultura, a SINOBRAS vem apoiando projetos(...)","og_url":"https:\/\/previews.elleven.digital\/acocearense\/noticia\/atleta-de-kickboxing-marabaense-recebe-apoio-para-participar-de-campeonato-nacional\/","og_site_name":"Grupo A\u00e7o Cearense","article_modified_time":"2025-05-07T20:31:29+00:00","og_image":[{"width":768,"height":576,"url":"https:\/\/previews.elleven.digital\/acocearense\/wp-content\/uploads\/2025\/05\/Atleta-de-Kickboxing-marabaense-recebe-apoio-para-participar-de-Campeonato-Nacional-768x576-1.png","type":"image\/png"}],"twitter_card":"summary_large_image","twitter_misc":{"Est. tempo de leitura":"2 minutos"},"schema":{"@context":"https:\/\/schema.org","@graph":[{"@type":"WebPage","@id":"https:\/\/previews.elleven.digital\/acocearense\/noticia\/atleta-de-kickboxing-marabaense-recebe-apoio-para-participar-de-campeonato-nacional\/","url":"https:\/\/previews.elleven.digital\/acocearense\/noticia\/atleta-de-kickboxing-marabaense-recebe-apoio-para-participar-de-campeonato-nacional\/","name":"Atleta de Kickboxing marabaense recebe apoio para participar de Campeonato Nacional - Grupo A\u00e7o Cearense","isPartOf":{"@id":"https:\/\/previews.elleven.digital\/acocearense\/#website"},"primaryImageOfPage":{"@id":"https:\/\/previews.elleven.digital\/acocearense\/noticia\/atleta-de-kickboxing-marabaense-recebe-apoio-para-participar-de-campeonato-nacional\/#primaryimage"},"image":{"@id":"https:\/\/previews.elleven.digital\/acocearense\/noticia\/atleta-de-kickboxing-marabaense-recebe-apoio-para-participar-de-campeonato-nacional\/#primaryimage"},"thumbnailUrl":"https:\/\/previews.elleven.digital\/acocearense\/wp-content\/uploads\/2025\/05\/Atleta-de-Kickboxing-marabaense-recebe-apoio-para-participar-de-Campeonato-Nacional-768x576-1.png","datePublished":"2021-08-30T20:31:02+00:00","dateModified":"2025-05-07T20:31:29+00:00","breadcrumb":{"@id":"https:\/\/previews.elleven.digital\/acocearense\/noticia\/atleta-de-kickboxing-marabaense-recebe-apoio-para-participar-de-campeonato-nacional\/#breadcrumb"},"inLanguage":"pt-BR","potentialAction":[{"@type":"ReadAction","target":["https:\/\/previews.elleven.digital\/acocearense\/noticia\/atleta-de-kickboxing-marabaense-recebe-apoio-para-participar-de-campeonato-nacional\/"]}]},{"@type":"ImageObject","inLanguage":"pt-BR","@id":"https:\/\/previews.elleven.digital\/acocearense\/noticia\/atleta-de-kickboxing-marabaense-recebe-apoio-para-participar-de-campeonato-nacional\/#primaryimage","url":"https:\/\/previews.elleven.digital\/acocearense\/wp-content\/uploads\/2025\/05\/Atleta-de-Kickboxing-marabaense-recebe-apoio-para-participar-de-Campeonato-Nacional-768x576-1.png","contentUrl":"https:\/\/previews.elleven.digital\/acocearense\/wp-content\/uploads\/2025\/05\/Atleta-de-Kickboxing-marabaense-recebe-apoio-para-participar-de-Campeonato-Nacional-768x576-1.png","width":768,"height":576},{"@type":"BreadcrumbList","@id":"https:\/\/previews.elleven.digital\/acocearense\/noticia\/atleta-de-kickboxing-marabaense-recebe-apoio-para-participar-de-campeonato-nacional\/#breadcrumb","itemListElement":[{"@type":"ListItem","position":1,"name":"In\u00edcio","item":"https:\/\/previews.elleven.digital\/acocearense\/"},{"@type":"ListItem","position":2,"name":"Not\u00edcias","item":"https:\/\/previews.elleven.digital\/acocearense\/noticias\/"},{"@type":"ListItem","position":3,"name":"Atleta de Kickboxing marabaense recebe apoio para participar de Campeonato Nacional"}]},{"@type":"WebSite","@id":"https:\/\/previews.elleven.digital\/acocearense\/#website","url":"https:\/\/previews.elleven.digital\/acocearense\/","name":"A\u00e7o Cearense","description":"H\u00e1 mais de 45 anos no mercado brasileiro do a\u00e7o.","alternateName":"A\u00e7o Cearense","potentialAction":[{"@type":"SearchAction","target":{"@type":"EntryPoint","urlTemplate":"https:\/\/previews.elleven.digital\/acocearense\/?s={search_term_string}"},"query-input":{"@type":"PropertyValueSpecification","valueRequired":true,"valueName":"search_term_string"}}],"inLanguage":"pt-BR"}]}},"_links":{"self":[{"href":"https:\/\/previews.elleven.digital\/acocearense\/wp-json\/wp\/v2\/noticia\/2136","targetHints":{"allow":["GET"]}}],"collection":[{"href":"https:\/\/previews.elleven.digital\/acocearense\/wp-json\/wp\/v2\/noticia"}],"about":[{"href":"https:\/\/previews.elleven.digital\/acocearense\/wp-json\/wp\/v2\/types\/noticia"}],"wp:featuredmedia":[{"embeddable":true,"href":"https:\/\/previews.elleven.digital\/acocearense\/wp-json\/wp\/v2\/media\/2130"}],"wp:attachment":[{"href":"https:\/\/previews.elleven.digital\/acocearense\/wp-json\/wp\/v2\/media?parent=2136"}],"wp:term":[{"taxonomy":"categoria-noticia","embeddable":true,"href":"https:\/\/previews.elleven.digital\/acocearense\/wp-json\/wp\/v2\/categoria-noticia?post=2136"}],"curies":[{"name":"wp","href":"https:\/\/api.w.org\/{rel}","templated":true}]}}