{"id":2134,"date":"2021-08-11T17:30:27","date_gmt":"2021-08-11T20:30:27","guid":{"rendered":"https:\/\/previews.elleven.digital\/acocearense\/?post_type=noticia&#038;p=2134"},"modified":"2025-05-07T17:30:59","modified_gmt":"2025-05-07T20:30:59","slug":"com-11-anos-de-historia-instituto-aco-cearense-ja-investiu-mais-de-r-17-milhoes-em-acoes-sociais","status":"publish","type":"noticia","link":"https:\/\/previews.elleven.digital\/acocearense\/noticia\/com-11-anos-de-historia-instituto-aco-cearense-ja-investiu-mais-de-r-17-milhoes-em-acoes-sociais\/","title":{"rendered":"Com 11 anos de hist\u00f3ria, Instituto A\u00e7o Cearense j\u00e1 investiu mais de R$ 17 milh\u00f5es em a\u00e7\u00f5es sociais"},"content":{"rendered":"<p><i>Em 2021, 83 institui\u00e7\u00f5es j\u00e1 foram contempladas<\/i><\/p>\n<p>Promover iniciativas sociais para transforma\u00e7\u00e3o de vidas de quem precisa \u00e9 a miss\u00e3o do Instituto A\u00e7o Cearense, criado h\u00e1 11 anos pelo Grupo A\u00e7o Cearense. Desde o in\u00edcio de sua funda\u00e7\u00e3o at\u00e9 julho deste ano, a entidade j\u00e1 investiu mais de R$ 17 milh\u00f5es em projetos sociais e auxiliou 216 institui\u00e7\u00f5es localizadas no Cear\u00e1, Par\u00e1 e Tocantins, melhorando a vida de mais de 132 mil pessoas.<\/p>\n<p>Em 2021, o Instituto A\u00e7o Cearense, al\u00e9m das doa\u00e7\u00f5es mensais, j\u00e1 realizou tamb\u00e9m doa\u00e7\u00f5es de cestas b\u00e1sicas, insumos, equipamentos e estrutura hospitalar, m\u00e1scaras, kits escolares, testes de Covid-19, medicamentos, material de limpeza e higiene pessoal para comunidades carentes e para 32 institui\u00e7\u00f5es, com um investimento de mais de R$ 5 milh\u00f5es. Com a pandemia, o Instituto intensificou suas a\u00e7\u00f5es, trabalhando assiduamente com entidades que atendem pessoas em situa\u00e7\u00e3o de vulnerabilidade social.<\/p>\n<p>Para a presidente do Instituto, Rosemeire Matos, \u00e9 necess\u00e1rio continuar focando em projetos sociais que ajudem as pessoas nesse momento ainda mais dif\u00edcil. \u201cNosso trabalho se intensificou em 2020 e continuamos as iniciativas este ano. Queremos trabalhar cada vez mais em prol de quem precisa de nossa ajuda\u201d.<\/p>\n<p>O Instituto A\u00e7o Cearense desenvolve ainda um importante trabalho na \u00e1rea social, apoiando entidades do terceiro setor, que est\u00e3o engajadas com esporte, empreendedorismo e assist\u00eancia a crian\u00e7as, jovens e idosos.<\/p>\n<p>Para saber mais e entrar nessa corrente do bem, basta seguir a p\u00e1gina do instituto no Instagram\u00a0<a href=\"https:\/\/www.instagram.com\/institutoacocearense\/\" target=\"_blank\" rel=\"noopener\">@institutoacocearense<\/a>\u00a0ou acessar o site:\u00a0<a href=\"https:\/\/institutoacocearense.com.br\/\">https:\/\/institutoacocearense.com.br<\/a>.<\/p>\n","protected":false},"featured_media":2131,"template":"","meta":{"_acf_changed":false,"inline_featured_image":false},"categoria-noticia":[],"class_list":["post-2134","noticia","type-noticia","status-publish","has-post-thumbnail","hentry"],"acf":{"link":""},"yoast_head":"<!-- This site is optimized with the Yoast SEO plugin v25.9 - https:\/\/yoast.com\/wordpress\/plugins\/seo\/ -->\n<title>Com 11 anos de hist\u00f3ria, Instituto A\u00e7o Cearense j\u00e1 investiu mais de R$ 17 milh\u00f5es em a\u00e7\u00f5es sociais - Grupo A\u00e7o Cearense<\/title>\n<meta name=\"robots\" content=\"index, follow, max-snippet:-1, max-image-preview:large, max-video-preview:-1\" \/>\n<link rel=\"canonical\" href=\"https:\/\/previews.elleven.digital\/acocearense\/noticia\/com-11-anos-de-historia-instituto-aco-cearense-ja-investiu-mais-de-r-17-milhoes-em-acoes-sociais\/\" \/>\n<meta property=\"og:locale\" content=\"pt_BR\" \/>\n<meta property=\"og:type\" content=\"article\" \/>\n<meta property=\"og:title\" content=\"Com 11 anos de hist\u00f3ria, Instituto A\u00e7o Cearense j\u00e1 investiu mais de R$ 17 milh\u00f5es em a\u00e7\u00f5es sociais - Grupo A\u00e7o Cearense\" \/>\n<meta property=\"og:description\" content=\"Em 2021, 83 institui\u00e7\u00f5es j\u00e1 foram contempladas Promover iniciativas sociais para transforma\u00e7\u00e3o de vidas de(...)\" \/>\n<meta property=\"og:url\" content=\"https:\/\/previews.elleven.digital\/acocearense\/noticia\/com-11-anos-de-historia-instituto-aco-cearense-ja-investiu-mais-de-r-17-milhoes-em-acoes-sociais\/\" \/>\n<meta property=\"og:site_name\" content=\"Grupo A\u00e7o Cearense\" \/>\n<meta property=\"article:modified_time\" content=\"2025-05-07T20:30:59+00:00\" \/>\n<meta property=\"og:image\" content=\"https:\/\/previews.elleven.digital\/acocearense\/wp-content\/uploads\/2025\/05\/Com-11-anos-de-historia-Instituto-Aco-Cearense-ja-investiu-mais-de-R-17-milhoes-em-acoes-sociais-768x576-1.png\" \/>\n\t<meta property=\"og:image:width\" content=\"768\" \/>\n\t<meta property=\"og:image:height\" content=\"576\" \/>\n\t<meta property=\"og:image:type\" content=\"image\/png\" \/>\n<meta name=\"twitter:card\" content=\"summary_large_image\" \/>\n<meta name=\"twitter:label1\" content=\"Est. tempo de leitura\" \/>\n\t<meta name=\"twitter:data1\" content=\"2 minutos\" \/>\n<script type=\"application\/ld+json\" class=\"yoast-schema-graph\">{\"@context\":\"https:\/\/schema.org\",\"@graph\":[{\"@type\":\"WebPage\",\"@id\":\"https:\/\/previews.elleven.digital\/acocearense\/noticia\/com-11-anos-de-historia-instituto-aco-cearense-ja-investiu-mais-de-r-17-milhoes-em-acoes-sociais\/\",\"url\":\"https:\/\/previews.elleven.digital\/acocearense\/noticia\/com-11-anos-de-historia-instituto-aco-cearense-ja-investiu-mais-de-r-17-milhoes-em-acoes-sociais\/\",\"name\":\"Com 11 anos de hist\u00f3ria, Instituto A\u00e7o Cearense j\u00e1 investiu mais de R$ 17 milh\u00f5es em a\u00e7\u00f5es sociais - Grupo A\u00e7o Cearense\",\"isPartOf\":{\"@id\":\"https:\/\/previews.elleven.digital\/acocearense\/#website\"},\"primaryImageOfPage\":{\"@id\":\"https:\/\/previews.elleven.digital\/acocearense\/noticia\/com-11-anos-de-historia-instituto-aco-cearense-ja-investiu-mais-de-r-17-milhoes-em-acoes-sociais\/#primaryimage\"},\"image\":{\"@id\":\"https:\/\/previews.elleven.digital\/acocearense\/noticia\/com-11-anos-de-historia-instituto-aco-cearense-ja-investiu-mais-de-r-17-milhoes-em-acoes-sociais\/#primaryimage\"},\"thumbnailUrl\":\"https:\/\/previews.elleven.digital\/acocearense\/wp-content\/uploads\/2025\/05\/Com-11-anos-de-historia-Instituto-Aco-Cearense-ja-investiu-mais-de-R-17-milhoes-em-acoes-sociais-768x576-1.png\",\"datePublished\":\"2021-08-11T20:30:27+00:00\",\"dateModified\":\"2025-05-07T20:30:59+00:00\",\"breadcrumb\":{\"@id\":\"https:\/\/previews.elleven.digital\/acocearense\/noticia\/com-11-anos-de-historia-instituto-aco-cearense-ja-investiu-mais-de-r-17-milhoes-em-acoes-sociais\/#breadcrumb\"},\"inLanguage\":\"pt-BR\",\"potentialAction\":[{\"@type\":\"ReadAction\",\"target\":[\"https:\/\/previews.elleven.digital\/acocearense\/noticia\/com-11-anos-de-historia-instituto-aco-cearense-ja-investiu-mais-de-r-17-milhoes-em-acoes-sociais\/\"]}]},{\"@type\":\"ImageObject\",\"inLanguage\":\"pt-BR\",\"@id\":\"https:\/\/previews.elleven.digital\/acocearense\/noticia\/com-11-anos-de-historia-instituto-aco-cearense-ja-investiu-mais-de-r-17-milhoes-em-acoes-sociais\/#primaryimage\",\"url\":\"https:\/\/previews.elleven.digital\/acocearense\/wp-content\/uploads\/2025\/05\/Com-11-anos-de-historia-Instituto-Aco-Cearense-ja-investiu-mais-de-R-17-milhoes-em-acoes-sociais-768x576-1.png\",\"contentUrl\":\"https:\/\/previews.elleven.digital\/acocearense\/wp-content\/uploads\/2025\/05\/Com-11-anos-de-historia-Instituto-Aco-Cearense-ja-investiu-mais-de-R-17-milhoes-em-acoes-sociais-768x576-1.png\",\"width\":768,\"height\":576},{\"@type\":\"BreadcrumbList\",\"@id\":\"https:\/\/previews.elleven.digital\/acocearense\/noticia\/com-11-anos-de-historia-instituto-aco-cearense-ja-investiu-mais-de-r-17-milhoes-em-acoes-sociais\/#breadcrumb\",\"itemListElement\":[{\"@type\":\"ListItem\",\"position\":1,\"name\":\"In\u00edcio\",\"item\":\"https:\/\/previews.elleven.digital\/acocearense\/\"},{\"@type\":\"ListItem\",\"position\":2,\"name\":\"Not\u00edcias\",\"item\":\"https:\/\/previews.elleven.digital\/acocearense\/noticias\/\"},{\"@type\":\"ListItem\",\"position\":3,\"name\":\"Com 11 anos de hist\u00f3ria, Instituto A\u00e7o Cearense j\u00e1 investiu mais de R$ 17 milh\u00f5es em a\u00e7\u00f5es sociais\"}]},{\"@type\":\"WebSite\",\"@id\":\"https:\/\/previews.elleven.digital\/acocearense\/#website\",\"url\":\"https:\/\/previews.elleven.digital\/acocearense\/\",\"name\":\"A\u00e7o Cearense\",\"description\":\"H\u00e1 mais de 45 anos no mercado brasileiro do a\u00e7o.\",\"alternateName\":\"A\u00e7o Cearense\",\"potentialAction\":[{\"@type\":\"SearchAction\",\"target\":{\"@type\":\"EntryPoint\",\"urlTemplate\":\"https:\/\/previews.elleven.digital\/acocearense\/?s={search_term_string}\"},\"query-input\":{\"@type\":\"PropertyValueSpecification\",\"valueRequired\":true,\"valueName\":\"search_term_string\"}}],\"inLanguage\":\"pt-BR\"}]}<\/script>\n<!-- \/ Yoast SEO plugin. -->","yoast_head_json":{"title":"Com 11 anos de hist\u00f3ria, Instituto A\u00e7o Cearense j\u00e1 investiu mais de R$ 17 milh\u00f5es em a\u00e7\u00f5es sociais - Grupo A\u00e7o Cearense","robots":{"index":"index","follow":"follow","max-snippet":"max-snippet:-1","max-image-preview":"max-image-preview:large","max-video-preview":"max-video-preview:-1"},"canonical":"https:\/\/previews.elleven.digital\/acocearense\/noticia\/com-11-anos-de-historia-instituto-aco-cearense-ja-investiu-mais-de-r-17-milhoes-em-acoes-sociais\/","og_locale":"pt_BR","og_type":"article","og_title":"Com 11 anos de hist\u00f3ria, Instituto A\u00e7o Cearense j\u00e1 investiu mais de R$ 17 milh\u00f5es em a\u00e7\u00f5es sociais - Grupo A\u00e7o Cearense","og_description":"Em 2021, 83 institui\u00e7\u00f5es j\u00e1 foram contempladas Promover iniciativas sociais para transforma\u00e7\u00e3o de vidas de(...)","og_url":"https:\/\/previews.elleven.digital\/acocearense\/noticia\/com-11-anos-de-historia-instituto-aco-cearense-ja-investiu-mais-de-r-17-milhoes-em-acoes-sociais\/","og_site_name":"Grupo A\u00e7o Cearense","article_modified_time":"2025-05-07T20:30:59+00:00","og_image":[{"width":768,"height":576,"url":"https:\/\/previews.elleven.digital\/acocearense\/wp-content\/uploads\/2025\/05\/Com-11-anos-de-historia-Instituto-Aco-Cearense-ja-investiu-mais-de-R-17-milhoes-em-acoes-sociais-768x576-1.png","type":"image\/png"}],"twitter_card":"summary_large_image","twitter_misc":{"Est. tempo de leitura":"2 minutos"},"schema":{"@context":"https:\/\/schema.org","@graph":[{"@type":"WebPage","@id":"https:\/\/previews.elleven.digital\/acocearense\/noticia\/com-11-anos-de-historia-instituto-aco-cearense-ja-investiu-mais-de-r-17-milhoes-em-acoes-sociais\/","url":"https:\/\/previews.elleven.digital\/acocearense\/noticia\/com-11-anos-de-historia-instituto-aco-cearense-ja-investiu-mais-de-r-17-milhoes-em-acoes-sociais\/","name":"Com 11 anos de hist\u00f3ria, Instituto A\u00e7o Cearense j\u00e1 investiu mais de R$ 17 milh\u00f5es em a\u00e7\u00f5es sociais - Grupo A\u00e7o Cearense","isPartOf":{"@id":"https:\/\/previews.elleven.digital\/acocearense\/#website"},"primaryImageOfPage":{"@id":"https:\/\/previews.elleven.digital\/acocearense\/noticia\/com-11-anos-de-historia-instituto-aco-cearense-ja-investiu-mais-de-r-17-milhoes-em-acoes-sociais\/#primaryimage"},"image":{"@id":"https:\/\/previews.elleven.digital\/acocearense\/noticia\/com-11-anos-de-historia-instituto-aco-cearense-ja-investiu-mais-de-r-17-milhoes-em-acoes-sociais\/#primaryimage"},"thumbnailUrl":"https:\/\/previews.elleven.digital\/acocearense\/wp-content\/uploads\/2025\/05\/Com-11-anos-de-historia-Instituto-Aco-Cearense-ja-investiu-mais-de-R-17-milhoes-em-acoes-sociais-768x576-1.png","datePublished":"2021-08-11T20:30:27+00:00","dateModified":"2025-05-07T20:30:59+00:00","breadcrumb":{"@id":"https:\/\/previews.elleven.digital\/acocearense\/noticia\/com-11-anos-de-historia-instituto-aco-cearense-ja-investiu-mais-de-r-17-milhoes-em-acoes-sociais\/#breadcrumb"},"inLanguage":"pt-BR","potentialAction":[{"@type":"ReadAction","target":["https:\/\/previews.elleven.digital\/acocearense\/noticia\/com-11-anos-de-historia-instituto-aco-cearense-ja-investiu-mais-de-r-17-milhoes-em-acoes-sociais\/"]}]},{"@type":"ImageObject","inLanguage":"pt-BR","@id":"https:\/\/previews.elleven.digital\/acocearense\/noticia\/com-11-anos-de-historia-instituto-aco-cearense-ja-investiu-mais-de-r-17-milhoes-em-acoes-sociais\/#primaryimage","url":"https:\/\/previews.elleven.digital\/acocearense\/wp-content\/uploads\/2025\/05\/Com-11-anos-de-historia-Instituto-Aco-Cearense-ja-investiu-mais-de-R-17-milhoes-em-acoes-sociais-768x576-1.png","contentUrl":"https:\/\/previews.elleven.digital\/acocearense\/wp-content\/uploads\/2025\/05\/Com-11-anos-de-historia-Instituto-Aco-Cearense-ja-investiu-mais-de-R-17-milhoes-em-acoes-sociais-768x576-1.png","width":768,"height":576},{"@type":"BreadcrumbList","@id":"https:\/\/previews.elleven.digital\/acocearense\/noticia\/com-11-anos-de-historia-instituto-aco-cearense-ja-investiu-mais-de-r-17-milhoes-em-acoes-sociais\/#breadcrumb","itemListElement":[{"@type":"ListItem","position":1,"name":"In\u00edcio","item":"https:\/\/previews.elleven.digital\/acocearense\/"},{"@type":"ListItem","position":2,"name":"Not\u00edcias","item":"https:\/\/previews.elleven.digital\/acocearense\/noticias\/"},{"@type":"ListItem","position":3,"name":"Com 11 anos de hist\u00f3ria, Instituto A\u00e7o Cearense j\u00e1 investiu mais de R$ 17 milh\u00f5es em a\u00e7\u00f5es sociais"}]},{"@type":"WebSite","@id":"https:\/\/previews.elleven.digital\/acocearense\/#website","url":"https:\/\/previews.elleven.digital\/acocearense\/","name":"A\u00e7o Cearense","description":"H\u00e1 mais de 45 anos no mercado brasileiro do a\u00e7o.","alternateName":"A\u00e7o Cearense","potentialAction":[{"@type":"SearchAction","target":{"@type":"EntryPoint","urlTemplate":"https:\/\/previews.elleven.digital\/acocearense\/?s={search_term_string}"},"query-input":{"@type":"PropertyValueSpecification","valueRequired":true,"valueName":"search_term_string"}}],"inLanguage":"pt-BR"}]}},"_links":{"self":[{"href":"https:\/\/previews.elleven.digital\/acocearense\/wp-json\/wp\/v2\/noticia\/2134","targetHints":{"allow":["GET"]}}],"collection":[{"href":"https:\/\/previews.elleven.digital\/acocearense\/wp-json\/wp\/v2\/noticia"}],"about":[{"href":"https:\/\/previews.elleven.digital\/acocearense\/wp-json\/wp\/v2\/types\/noticia"}],"wp:featuredmedia":[{"embeddable":true,"href":"https:\/\/previews.elleven.digital\/acocearense\/wp-json\/wp\/v2\/media\/2131"}],"wp:attachment":[{"href":"https:\/\/previews.elleven.digital\/acocearense\/wp-json\/wp\/v2\/media?parent=2134"}],"wp:term":[{"taxonomy":"categoria-noticia","embeddable":true,"href":"https:\/\/previews.elleven.digital\/acocearense\/wp-json\/wp\/v2\/categoria-noticia?post=2134"}],"curies":[{"name":"wp","href":"https:\/\/api.w.org\/{rel}","templated":true}]}}