{"id":2120,"date":"2021-06-10T17:24:08","date_gmt":"2021-06-10T20:24:08","guid":{"rendered":"https:\/\/previews.elleven.digital\/acocearense\/?post_type=noticia&#038;p=2120"},"modified":"2025-05-07T17:24:40","modified_gmt":"2025-05-07T20:24:40","slug":"sinobras-doa-equipamentos-de-informatica-para-projeto-pedagogico-de-jiu-jitsu-da-policia-militar-de-maraba","status":"publish","type":"noticia","link":"https:\/\/previews.elleven.digital\/acocearense\/noticia\/sinobras-doa-equipamentos-de-informatica-para-projeto-pedagogico-de-jiu-jitsu-da-policia-militar-de-maraba\/","title":{"rendered":"SINOBRAS doa equipamentos de inform\u00e1tica para Projeto Pedag\u00f3gico de Jiu-jitsu da Pol\u00edcia Militar de Marab\u00e1"},"content":{"rendered":"<p>Na \u00faltima ter\u00e7a-feira (8), a SINOBRAS realizou doa\u00e7\u00e3o de equipamentos de inform\u00e1tica para o Projeto Pedag\u00f3gico Jiu-jitsu realizado pelo 34\u00ba Batalh\u00e3o da Pol\u00edcia Militar. Com o objetivo de apoiar a forma\u00e7\u00e3o cidad\u00e3 de crian\u00e7as e adolescentes do munic\u00edpio de Marab\u00e1, a empresa segue fomentando o esporte junto \u00e0 Pol\u00edcia Militar do Estado.<\/p>\n<p>Em fevereiro deste ano, a SINOBRAS fez a doa\u00e7\u00e3o de tatames e quimonos para o projeto, que agregar\u00e1 valores fundamentais para crian\u00e7as e adolescentes de 8 a 15 anos, contribuindo com o amadurecimento por meio do esporte. Agora, a empresa fez a doa\u00e7\u00e3o de equipamentos de inform\u00e1tica, que ser\u00e3o utilizados na parte administrativa do programa.<\/p>\n<p>Ian Correa, vice-presidente de opera\u00e7\u00f5es do Grupo A\u00e7o Cearense, do qual a SINOBRAS faz parte, disse que parcerias como esta contribuem para uma sociedade melhor, al\u00e9m de fortalecer as rela\u00e7\u00f5es institucionais. \u201cSabemos que muitas crian\u00e7as vivem na ociosidade e o esporte tem papel fundamental para o aprimoramento f\u00edsico, social e emocional delas. Para n\u00f3s, \u00e9 sempre uma satisfa\u00e7\u00e3o auxiliar programas que oportunizam benef\u00edcios para o desenvolvimento desses jovens\u201d.<\/p>\n<p>O projeto est\u00e1 em fase de estrutura\u00e7\u00e3o e aguarda o momento mais seguro, por causa da pandemia de Covid-19, para iniciar as atividades.<\/p>\n","protected":false},"featured_media":2105,"template":"","meta":{"_acf_changed":false,"inline_featured_image":false},"categoria-noticia":[],"class_list":["post-2120","noticia","type-noticia","status-publish","has-post-thumbnail","hentry"],"acf":{"link":""},"yoast_head":"<!-- This site is optimized with the Yoast SEO plugin v25.9 - https:\/\/yoast.com\/wordpress\/plugins\/seo\/ -->\n<title>SINOBRAS doa equipamentos de inform\u00e1tica para Projeto Pedag\u00f3gico de Jiu-jitsu da Pol\u00edcia Militar de Marab\u00e1 - Grupo A\u00e7o Cearense<\/title>\n<meta name=\"robots\" content=\"index, follow, max-snippet:-1, max-image-preview:large, max-video-preview:-1\" \/>\n<link rel=\"canonical\" href=\"https:\/\/previews.elleven.digital\/acocearense\/noticia\/sinobras-doa-equipamentos-de-informatica-para-projeto-pedagogico-de-jiu-jitsu-da-policia-militar-de-maraba\/\" \/>\n<meta property=\"og:locale\" content=\"pt_BR\" \/>\n<meta property=\"og:type\" content=\"article\" \/>\n<meta property=\"og:title\" content=\"SINOBRAS doa equipamentos de inform\u00e1tica para Projeto Pedag\u00f3gico de Jiu-jitsu da Pol\u00edcia Militar de Marab\u00e1 - Grupo A\u00e7o Cearense\" \/>\n<meta property=\"og:description\" content=\"Na \u00faltima ter\u00e7a-feira (8), a SINOBRAS realizou doa\u00e7\u00e3o de equipamentos de inform\u00e1tica para o Projeto(...)\" \/>\n<meta property=\"og:url\" content=\"https:\/\/previews.elleven.digital\/acocearense\/noticia\/sinobras-doa-equipamentos-de-informatica-para-projeto-pedagogico-de-jiu-jitsu-da-policia-militar-de-maraba\/\" \/>\n<meta property=\"og:site_name\" content=\"Grupo A\u00e7o Cearense\" \/>\n<meta property=\"article:modified_time\" content=\"2025-05-07T20:24:40+00:00\" \/>\n<meta property=\"og:image\" content=\"https:\/\/previews.elleven.digital\/acocearense\/wp-content\/uploads\/2025\/05\/SINOBRAS-doa-equipamentos-de-informatica-para-Projeto-Pedagogico-de-Jiu-jitsu-da-Policia-Militar-de-Maraba-768x576-1.png\" \/>\n\t<meta property=\"og:image:width\" content=\"768\" \/>\n\t<meta property=\"og:image:height\" content=\"576\" \/>\n\t<meta property=\"og:image:type\" content=\"image\/png\" \/>\n<meta name=\"twitter:card\" content=\"summary_large_image\" \/>\n<meta name=\"twitter:label1\" content=\"Est. tempo de leitura\" \/>\n\t<meta name=\"twitter:data1\" content=\"2 minutos\" \/>\n<script type=\"application\/ld+json\" class=\"yoast-schema-graph\">{\"@context\":\"https:\/\/schema.org\",\"@graph\":[{\"@type\":\"WebPage\",\"@id\":\"https:\/\/previews.elleven.digital\/acocearense\/noticia\/sinobras-doa-equipamentos-de-informatica-para-projeto-pedagogico-de-jiu-jitsu-da-policia-militar-de-maraba\/\",\"url\":\"https:\/\/previews.elleven.digital\/acocearense\/noticia\/sinobras-doa-equipamentos-de-informatica-para-projeto-pedagogico-de-jiu-jitsu-da-policia-militar-de-maraba\/\",\"name\":\"SINOBRAS doa equipamentos de inform\u00e1tica para Projeto Pedag\u00f3gico de Jiu-jitsu da Pol\u00edcia Militar de Marab\u00e1 - Grupo A\u00e7o Cearense\",\"isPartOf\":{\"@id\":\"https:\/\/previews.elleven.digital\/acocearense\/#website\"},\"primaryImageOfPage\":{\"@id\":\"https:\/\/previews.elleven.digital\/acocearense\/noticia\/sinobras-doa-equipamentos-de-informatica-para-projeto-pedagogico-de-jiu-jitsu-da-policia-militar-de-maraba\/#primaryimage\"},\"image\":{\"@id\":\"https:\/\/previews.elleven.digital\/acocearense\/noticia\/sinobras-doa-equipamentos-de-informatica-para-projeto-pedagogico-de-jiu-jitsu-da-policia-militar-de-maraba\/#primaryimage\"},\"thumbnailUrl\":\"https:\/\/previews.elleven.digital\/acocearense\/wp-content\/uploads\/2025\/05\/SINOBRAS-doa-equipamentos-de-informatica-para-Projeto-Pedagogico-de-Jiu-jitsu-da-Policia-Militar-de-Maraba-768x576-1.png\",\"datePublished\":\"2021-06-10T20:24:08+00:00\",\"dateModified\":\"2025-05-07T20:24:40+00:00\",\"breadcrumb\":{\"@id\":\"https:\/\/previews.elleven.digital\/acocearense\/noticia\/sinobras-doa-equipamentos-de-informatica-para-projeto-pedagogico-de-jiu-jitsu-da-policia-militar-de-maraba\/#breadcrumb\"},\"inLanguage\":\"pt-BR\",\"potentialAction\":[{\"@type\":\"ReadAction\",\"target\":[\"https:\/\/previews.elleven.digital\/acocearense\/noticia\/sinobras-doa-equipamentos-de-informatica-para-projeto-pedagogico-de-jiu-jitsu-da-policia-militar-de-maraba\/\"]}]},{\"@type\":\"ImageObject\",\"inLanguage\":\"pt-BR\",\"@id\":\"https:\/\/previews.elleven.digital\/acocearense\/noticia\/sinobras-doa-equipamentos-de-informatica-para-projeto-pedagogico-de-jiu-jitsu-da-policia-militar-de-maraba\/#primaryimage\",\"url\":\"https:\/\/previews.elleven.digital\/acocearense\/wp-content\/uploads\/2025\/05\/SINOBRAS-doa-equipamentos-de-informatica-para-Projeto-Pedagogico-de-Jiu-jitsu-da-Policia-Militar-de-Maraba-768x576-1.png\",\"contentUrl\":\"https:\/\/previews.elleven.digital\/acocearense\/wp-content\/uploads\/2025\/05\/SINOBRAS-doa-equipamentos-de-informatica-para-Projeto-Pedagogico-de-Jiu-jitsu-da-Policia-Militar-de-Maraba-768x576-1.png\",\"width\":768,\"height\":576},{\"@type\":\"BreadcrumbList\",\"@id\":\"https:\/\/previews.elleven.digital\/acocearense\/noticia\/sinobras-doa-equipamentos-de-informatica-para-projeto-pedagogico-de-jiu-jitsu-da-policia-militar-de-maraba\/#breadcrumb\",\"itemListElement\":[{\"@type\":\"ListItem\",\"position\":1,\"name\":\"In\u00edcio\",\"item\":\"https:\/\/previews.elleven.digital\/acocearense\/\"},{\"@type\":\"ListItem\",\"position\":2,\"name\":\"Not\u00edcias\",\"item\":\"https:\/\/previews.elleven.digital\/acocearense\/noticias\/\"},{\"@type\":\"ListItem\",\"position\":3,\"name\":\"SINOBRAS doa equipamentos de inform\u00e1tica para Projeto Pedag\u00f3gico de Jiu-jitsu da Pol\u00edcia Militar de Marab\u00e1\"}]},{\"@type\":\"WebSite\",\"@id\":\"https:\/\/previews.elleven.digital\/acocearense\/#website\",\"url\":\"https:\/\/previews.elleven.digital\/acocearense\/\",\"name\":\"A\u00e7o Cearense\",\"description\":\"H\u00e1 mais de 45 anos no mercado brasileiro do a\u00e7o.\",\"alternateName\":\"A\u00e7o Cearense\",\"potentialAction\":[{\"@type\":\"SearchAction\",\"target\":{\"@type\":\"EntryPoint\",\"urlTemplate\":\"https:\/\/previews.elleven.digital\/acocearense\/?s={search_term_string}\"},\"query-input\":{\"@type\":\"PropertyValueSpecification\",\"valueRequired\":true,\"valueName\":\"search_term_string\"}}],\"inLanguage\":\"pt-BR\"}]}<\/script>\n<!-- \/ Yoast SEO plugin. -->","yoast_head_json":{"title":"SINOBRAS doa equipamentos de inform\u00e1tica para Projeto Pedag\u00f3gico de Jiu-jitsu da Pol\u00edcia Militar de Marab\u00e1 - Grupo A\u00e7o Cearense","robots":{"index":"index","follow":"follow","max-snippet":"max-snippet:-1","max-image-preview":"max-image-preview:large","max-video-preview":"max-video-preview:-1"},"canonical":"https:\/\/previews.elleven.digital\/acocearense\/noticia\/sinobras-doa-equipamentos-de-informatica-para-projeto-pedagogico-de-jiu-jitsu-da-policia-militar-de-maraba\/","og_locale":"pt_BR","og_type":"article","og_title":"SINOBRAS doa equipamentos de inform\u00e1tica para Projeto Pedag\u00f3gico de Jiu-jitsu da Pol\u00edcia Militar de Marab\u00e1 - Grupo A\u00e7o Cearense","og_description":"Na \u00faltima ter\u00e7a-feira (8), a SINOBRAS realizou doa\u00e7\u00e3o de equipamentos de inform\u00e1tica para o Projeto(...)","og_url":"https:\/\/previews.elleven.digital\/acocearense\/noticia\/sinobras-doa-equipamentos-de-informatica-para-projeto-pedagogico-de-jiu-jitsu-da-policia-militar-de-maraba\/","og_site_name":"Grupo A\u00e7o Cearense","article_modified_time":"2025-05-07T20:24:40+00:00","og_image":[{"width":768,"height":576,"url":"https:\/\/previews.elleven.digital\/acocearense\/wp-content\/uploads\/2025\/05\/SINOBRAS-doa-equipamentos-de-informatica-para-Projeto-Pedagogico-de-Jiu-jitsu-da-Policia-Militar-de-Maraba-768x576-1.png","type":"image\/png"}],"twitter_card":"summary_large_image","twitter_misc":{"Est. tempo de leitura":"2 minutos"},"schema":{"@context":"https:\/\/schema.org","@graph":[{"@type":"WebPage","@id":"https:\/\/previews.elleven.digital\/acocearense\/noticia\/sinobras-doa-equipamentos-de-informatica-para-projeto-pedagogico-de-jiu-jitsu-da-policia-militar-de-maraba\/","url":"https:\/\/previews.elleven.digital\/acocearense\/noticia\/sinobras-doa-equipamentos-de-informatica-para-projeto-pedagogico-de-jiu-jitsu-da-policia-militar-de-maraba\/","name":"SINOBRAS doa equipamentos de inform\u00e1tica para Projeto Pedag\u00f3gico de Jiu-jitsu da Pol\u00edcia Militar de Marab\u00e1 - Grupo A\u00e7o Cearense","isPartOf":{"@id":"https:\/\/previews.elleven.digital\/acocearense\/#website"},"primaryImageOfPage":{"@id":"https:\/\/previews.elleven.digital\/acocearense\/noticia\/sinobras-doa-equipamentos-de-informatica-para-projeto-pedagogico-de-jiu-jitsu-da-policia-militar-de-maraba\/#primaryimage"},"image":{"@id":"https:\/\/previews.elleven.digital\/acocearense\/noticia\/sinobras-doa-equipamentos-de-informatica-para-projeto-pedagogico-de-jiu-jitsu-da-policia-militar-de-maraba\/#primaryimage"},"thumbnailUrl":"https:\/\/previews.elleven.digital\/acocearense\/wp-content\/uploads\/2025\/05\/SINOBRAS-doa-equipamentos-de-informatica-para-Projeto-Pedagogico-de-Jiu-jitsu-da-Policia-Militar-de-Maraba-768x576-1.png","datePublished":"2021-06-10T20:24:08+00:00","dateModified":"2025-05-07T20:24:40+00:00","breadcrumb":{"@id":"https:\/\/previews.elleven.digital\/acocearense\/noticia\/sinobras-doa-equipamentos-de-informatica-para-projeto-pedagogico-de-jiu-jitsu-da-policia-militar-de-maraba\/#breadcrumb"},"inLanguage":"pt-BR","potentialAction":[{"@type":"ReadAction","target":["https:\/\/previews.elleven.digital\/acocearense\/noticia\/sinobras-doa-equipamentos-de-informatica-para-projeto-pedagogico-de-jiu-jitsu-da-policia-militar-de-maraba\/"]}]},{"@type":"ImageObject","inLanguage":"pt-BR","@id":"https:\/\/previews.elleven.digital\/acocearense\/noticia\/sinobras-doa-equipamentos-de-informatica-para-projeto-pedagogico-de-jiu-jitsu-da-policia-militar-de-maraba\/#primaryimage","url":"https:\/\/previews.elleven.digital\/acocearense\/wp-content\/uploads\/2025\/05\/SINOBRAS-doa-equipamentos-de-informatica-para-Projeto-Pedagogico-de-Jiu-jitsu-da-Policia-Militar-de-Maraba-768x576-1.png","contentUrl":"https:\/\/previews.elleven.digital\/acocearense\/wp-content\/uploads\/2025\/05\/SINOBRAS-doa-equipamentos-de-informatica-para-Projeto-Pedagogico-de-Jiu-jitsu-da-Policia-Militar-de-Maraba-768x576-1.png","width":768,"height":576},{"@type":"BreadcrumbList","@id":"https:\/\/previews.elleven.digital\/acocearense\/noticia\/sinobras-doa-equipamentos-de-informatica-para-projeto-pedagogico-de-jiu-jitsu-da-policia-militar-de-maraba\/#breadcrumb","itemListElement":[{"@type":"ListItem","position":1,"name":"In\u00edcio","item":"https:\/\/previews.elleven.digital\/acocearense\/"},{"@type":"ListItem","position":2,"name":"Not\u00edcias","item":"https:\/\/previews.elleven.digital\/acocearense\/noticias\/"},{"@type":"ListItem","position":3,"name":"SINOBRAS doa equipamentos de inform\u00e1tica para Projeto Pedag\u00f3gico de Jiu-jitsu da Pol\u00edcia Militar de Marab\u00e1"}]},{"@type":"WebSite","@id":"https:\/\/previews.elleven.digital\/acocearense\/#website","url":"https:\/\/previews.elleven.digital\/acocearense\/","name":"A\u00e7o Cearense","description":"H\u00e1 mais de 45 anos no mercado brasileiro do a\u00e7o.","alternateName":"A\u00e7o Cearense","potentialAction":[{"@type":"SearchAction","target":{"@type":"EntryPoint","urlTemplate":"https:\/\/previews.elleven.digital\/acocearense\/?s={search_term_string}"},"query-input":{"@type":"PropertyValueSpecification","valueRequired":true,"valueName":"search_term_string"}}],"inLanguage":"pt-BR"}]}},"_links":{"self":[{"href":"https:\/\/previews.elleven.digital\/acocearense\/wp-json\/wp\/v2\/noticia\/2120","targetHints":{"allow":["GET"]}}],"collection":[{"href":"https:\/\/previews.elleven.digital\/acocearense\/wp-json\/wp\/v2\/noticia"}],"about":[{"href":"https:\/\/previews.elleven.digital\/acocearense\/wp-json\/wp\/v2\/types\/noticia"}],"wp:featuredmedia":[{"embeddable":true,"href":"https:\/\/previews.elleven.digital\/acocearense\/wp-json\/wp\/v2\/media\/2105"}],"wp:attachment":[{"href":"https:\/\/previews.elleven.digital\/acocearense\/wp-json\/wp\/v2\/media?parent=2120"}],"wp:term":[{"taxonomy":"categoria-noticia","embeddable":true,"href":"https:\/\/previews.elleven.digital\/acocearense\/wp-json\/wp\/v2\/categoria-noticia?post=2120"}],"curies":[{"name":"wp","href":"https:\/\/api.w.org\/{rel}","templated":true}]}}