{"id":2119,"date":"2021-06-08T17:23:35","date_gmt":"2021-06-08T20:23:35","guid":{"rendered":"https:\/\/previews.elleven.digital\/acocearense\/?post_type=noticia&#038;p=2119"},"modified":"2025-05-07T17:24:00","modified_gmt":"2025-05-07T20:24:00","slug":"desenvolvimento-de-talentos-grupo-aco-cearense-promove-programa-de-qualificacao-para-colaboradores","status":"publish","type":"noticia","link":"https:\/\/previews.elleven.digital\/acocearense\/noticia\/desenvolvimento-de-talentos-grupo-aco-cearense-promove-programa-de-qualificacao-para-colaboradores\/","title":{"rendered":"Desenvolvimento de talentos: Grupo A\u00e7o Cearense promove programa de qualifica\u00e7\u00e3o para colaboradores"},"content":{"rendered":"<p>Com o objetivo de capacitar e fortalecer seus profissionais, o Grupo A\u00e7o Cearense est\u00e1 promovendo o \u201cQualifica\u00e7o\u201d, programa de desenvolvimento para seus colaboradores.<\/p>\n<p>O Programa foi criado com base nas premissas de Desenvolvimento Humano e Cultura Organizacional do Grupo com o prop\u00f3sito de atrair, desenvolver e reter times, contribuindo para a sustentabilidade do neg\u00f3cio. Por meio do Qualifica\u00e7o, o colaborador tem a oportunidade de participar de um ciclo completo de aprendizagem com o intuito de aprimorar suas habilidades t\u00e9cnicas e comportamentais.<\/p>\n<p>Conforme a gerente de Recursos Humanos, Valqu\u00edria Ferreira, o programa iniciou em 2020, na SINOBRAS, empresa do Grupo situada em Marab\u00e1, no Par\u00e1, e agora est\u00e1 sendo estendido para as demais empresas do Grupo: A\u00e7o Cearense Industrial, A\u00e7o Cearense Comercial e SINOBRAS Florestal. \u201cCom o sucesso do programa na SINOBRAS, acreditamos que seria importante ampliar para as demais empresas. Os colaboradores participam de trilhas de conhecimentos e capacita\u00e7\u00f5es que corroboram com o conhecimento que j\u00e1 trazem em sua bagagem profissional\u201d, explica.<\/p>\n<p>Os colaboradores j\u00e1 come\u00e7aram a participar das primeiras trilhas de aprendizagem. \u201cO projeto ser\u00e1 de grande aporte para o meu crescimento e amadurecimento profissional. Ter oportunidade de participar de treinamentos, receber conte\u00fados e colocar em pr\u00e1tica todos os novos conhecimentos adquiridos, ir\u00e1 maximizar meus resultados e melhorar minha performance no ambiente de trabalho. Estou cheio de expectativas e muito motivado diante desse incr\u00edvel desafio\u201d, destaca Jorge Siqueira, analista de Gest\u00e3o e Processos da produ\u00e7\u00e3o da A\u00e7o Cearense Industrial.<\/p>\n<p><img loading=\"lazy\" decoding=\"async\" class=\"size-full wp-image-10476 aligncenter\" src=\"https:\/\/previews.elleven.digital\/acocearense\/wp-content\/uploads\/2021\/06\/Desenvolvimento-de-talentos-Grupo-Aco-Cearense-promove-programa-de-qualificacao-para-colaboradores-2.png\" sizes=\"auto, (max-width: 800px) 100vw, 800px\" srcset=\"https:\/\/previews.elleven.digital\/acocearense\/wp-content\/uploads\/2021\/06\/Desenvolvimento-de-talentos-Grupo-Aco-Cearense-promove-programa-de-qualificacao-para-colaboradores-2.png 800w, https:\/\/previews.elleven.digital\/acocearense\/wp-content\/uploads\/2021\/06\/Desenvolvimento-de-talentos-Grupo-Aco-Cearense-promove-programa-de-qualificacao-para-colaboradores-2-300x225.png 300w, https:\/\/previews.elleven.digital\/acocearense\/wp-content\/uploads\/2021\/06\/Desenvolvimento-de-talentos-Grupo-Aco-Cearense-promove-programa-de-qualificacao-para-colaboradores-2-768x576.png 768w\" alt=\"Desenvolvimento de talentos Grupo A\u00e7o Cearense promove programa de qualifica\u00e7\u00e3o para colaboradores\" width=\"800\" height=\"600\" \/><\/p>\n","protected":false},"featured_media":2106,"template":"","meta":{"_acf_changed":false,"inline_featured_image":false},"categoria-noticia":[],"class_list":["post-2119","noticia","type-noticia","status-publish","has-post-thumbnail","hentry"],"acf":{"link":""},"yoast_head":"<!-- This site is optimized with the Yoast SEO plugin v25.9 - https:\/\/yoast.com\/wordpress\/plugins\/seo\/ -->\n<title>Desenvolvimento de talentos: Grupo A\u00e7o Cearense promove programa de qualifica\u00e7\u00e3o para colaboradores - Grupo A\u00e7o Cearense<\/title>\n<meta name=\"robots\" content=\"index, follow, max-snippet:-1, max-image-preview:large, max-video-preview:-1\" \/>\n<link rel=\"canonical\" href=\"https:\/\/previews.elleven.digital\/acocearense\/noticia\/desenvolvimento-de-talentos-grupo-aco-cearense-promove-programa-de-qualificacao-para-colaboradores\/\" \/>\n<meta property=\"og:locale\" content=\"pt_BR\" \/>\n<meta property=\"og:type\" content=\"article\" \/>\n<meta property=\"og:title\" content=\"Desenvolvimento de talentos: Grupo A\u00e7o Cearense promove programa de qualifica\u00e7\u00e3o para colaboradores - Grupo A\u00e7o Cearense\" \/>\n<meta property=\"og:description\" content=\"Com o objetivo de capacitar e fortalecer seus profissionais, o Grupo A\u00e7o Cearense est\u00e1 promovendo(...)\" \/>\n<meta property=\"og:url\" content=\"https:\/\/previews.elleven.digital\/acocearense\/noticia\/desenvolvimento-de-talentos-grupo-aco-cearense-promove-programa-de-qualificacao-para-colaboradores\/\" \/>\n<meta property=\"og:site_name\" content=\"Grupo A\u00e7o Cearense\" \/>\n<meta property=\"article:modified_time\" content=\"2025-05-07T20:24:00+00:00\" \/>\n<meta property=\"og:image\" content=\"https:\/\/previews.elleven.digital\/acocearense\/wp-content\/uploads\/2025\/05\/Desenvolvimento-de-talentos-Grupo-Aco-Cearense-promove-programa-de-qualificacao-para-colaboradores-768x576-1.png\" \/>\n\t<meta property=\"og:image:width\" content=\"768\" \/>\n\t<meta property=\"og:image:height\" content=\"576\" \/>\n\t<meta property=\"og:image:type\" content=\"image\/png\" \/>\n<meta name=\"twitter:card\" content=\"summary_large_image\" \/>\n<meta name=\"twitter:label1\" content=\"Est. tempo de leitura\" \/>\n\t<meta name=\"twitter:data1\" content=\"2 minutos\" \/>\n<script type=\"application\/ld+json\" class=\"yoast-schema-graph\">{\"@context\":\"https:\/\/schema.org\",\"@graph\":[{\"@type\":\"WebPage\",\"@id\":\"https:\/\/previews.elleven.digital\/acocearense\/noticia\/desenvolvimento-de-talentos-grupo-aco-cearense-promove-programa-de-qualificacao-para-colaboradores\/\",\"url\":\"https:\/\/previews.elleven.digital\/acocearense\/noticia\/desenvolvimento-de-talentos-grupo-aco-cearense-promove-programa-de-qualificacao-para-colaboradores\/\",\"name\":\"Desenvolvimento de talentos: Grupo A\u00e7o Cearense promove programa de qualifica\u00e7\u00e3o para colaboradores - Grupo A\u00e7o Cearense\",\"isPartOf\":{\"@id\":\"https:\/\/previews.elleven.digital\/acocearense\/#website\"},\"primaryImageOfPage\":{\"@id\":\"https:\/\/previews.elleven.digital\/acocearense\/noticia\/desenvolvimento-de-talentos-grupo-aco-cearense-promove-programa-de-qualificacao-para-colaboradores\/#primaryimage\"},\"image\":{\"@id\":\"https:\/\/previews.elleven.digital\/acocearense\/noticia\/desenvolvimento-de-talentos-grupo-aco-cearense-promove-programa-de-qualificacao-para-colaboradores\/#primaryimage\"},\"thumbnailUrl\":\"https:\/\/previews.elleven.digital\/acocearense\/wp-content\/uploads\/2025\/05\/Desenvolvimento-de-talentos-Grupo-Aco-Cearense-promove-programa-de-qualificacao-para-colaboradores-768x576-1.png\",\"datePublished\":\"2021-06-08T20:23:35+00:00\",\"dateModified\":\"2025-05-07T20:24:00+00:00\",\"breadcrumb\":{\"@id\":\"https:\/\/previews.elleven.digital\/acocearense\/noticia\/desenvolvimento-de-talentos-grupo-aco-cearense-promove-programa-de-qualificacao-para-colaboradores\/#breadcrumb\"},\"inLanguage\":\"pt-BR\",\"potentialAction\":[{\"@type\":\"ReadAction\",\"target\":[\"https:\/\/previews.elleven.digital\/acocearense\/noticia\/desenvolvimento-de-talentos-grupo-aco-cearense-promove-programa-de-qualificacao-para-colaboradores\/\"]}]},{\"@type\":\"ImageObject\",\"inLanguage\":\"pt-BR\",\"@id\":\"https:\/\/previews.elleven.digital\/acocearense\/noticia\/desenvolvimento-de-talentos-grupo-aco-cearense-promove-programa-de-qualificacao-para-colaboradores\/#primaryimage\",\"url\":\"https:\/\/previews.elleven.digital\/acocearense\/wp-content\/uploads\/2025\/05\/Desenvolvimento-de-talentos-Grupo-Aco-Cearense-promove-programa-de-qualificacao-para-colaboradores-768x576-1.png\",\"contentUrl\":\"https:\/\/previews.elleven.digital\/acocearense\/wp-content\/uploads\/2025\/05\/Desenvolvimento-de-talentos-Grupo-Aco-Cearense-promove-programa-de-qualificacao-para-colaboradores-768x576-1.png\",\"width\":768,\"height\":576},{\"@type\":\"BreadcrumbList\",\"@id\":\"https:\/\/previews.elleven.digital\/acocearense\/noticia\/desenvolvimento-de-talentos-grupo-aco-cearense-promove-programa-de-qualificacao-para-colaboradores\/#breadcrumb\",\"itemListElement\":[{\"@type\":\"ListItem\",\"position\":1,\"name\":\"In\u00edcio\",\"item\":\"https:\/\/previews.elleven.digital\/acocearense\/\"},{\"@type\":\"ListItem\",\"position\":2,\"name\":\"Not\u00edcias\",\"item\":\"https:\/\/previews.elleven.digital\/acocearense\/noticias\/\"},{\"@type\":\"ListItem\",\"position\":3,\"name\":\"Desenvolvimento de talentos: Grupo A\u00e7o Cearense promove programa de qualifica\u00e7\u00e3o para colaboradores\"}]},{\"@type\":\"WebSite\",\"@id\":\"https:\/\/previews.elleven.digital\/acocearense\/#website\",\"url\":\"https:\/\/previews.elleven.digital\/acocearense\/\",\"name\":\"A\u00e7o Cearense\",\"description\":\"H\u00e1 mais de 45 anos no mercado brasileiro do a\u00e7o.\",\"alternateName\":\"A\u00e7o Cearense\",\"potentialAction\":[{\"@type\":\"SearchAction\",\"target\":{\"@type\":\"EntryPoint\",\"urlTemplate\":\"https:\/\/previews.elleven.digital\/acocearense\/?s={search_term_string}\"},\"query-input\":{\"@type\":\"PropertyValueSpecification\",\"valueRequired\":true,\"valueName\":\"search_term_string\"}}],\"inLanguage\":\"pt-BR\"}]}<\/script>\n<!-- \/ Yoast SEO plugin. -->","yoast_head_json":{"title":"Desenvolvimento de talentos: Grupo A\u00e7o Cearense promove programa de qualifica\u00e7\u00e3o para colaboradores - Grupo A\u00e7o Cearense","robots":{"index":"index","follow":"follow","max-snippet":"max-snippet:-1","max-image-preview":"max-image-preview:large","max-video-preview":"max-video-preview:-1"},"canonical":"https:\/\/previews.elleven.digital\/acocearense\/noticia\/desenvolvimento-de-talentos-grupo-aco-cearense-promove-programa-de-qualificacao-para-colaboradores\/","og_locale":"pt_BR","og_type":"article","og_title":"Desenvolvimento de talentos: Grupo A\u00e7o Cearense promove programa de qualifica\u00e7\u00e3o para colaboradores - Grupo A\u00e7o Cearense","og_description":"Com o objetivo de capacitar e fortalecer seus profissionais, o Grupo A\u00e7o Cearense est\u00e1 promovendo(...)","og_url":"https:\/\/previews.elleven.digital\/acocearense\/noticia\/desenvolvimento-de-talentos-grupo-aco-cearense-promove-programa-de-qualificacao-para-colaboradores\/","og_site_name":"Grupo A\u00e7o Cearense","article_modified_time":"2025-05-07T20:24:00+00:00","og_image":[{"width":768,"height":576,"url":"https:\/\/previews.elleven.digital\/acocearense\/wp-content\/uploads\/2025\/05\/Desenvolvimento-de-talentos-Grupo-Aco-Cearense-promove-programa-de-qualificacao-para-colaboradores-768x576-1.png","type":"image\/png"}],"twitter_card":"summary_large_image","twitter_misc":{"Est. tempo de leitura":"2 minutos"},"schema":{"@context":"https:\/\/schema.org","@graph":[{"@type":"WebPage","@id":"https:\/\/previews.elleven.digital\/acocearense\/noticia\/desenvolvimento-de-talentos-grupo-aco-cearense-promove-programa-de-qualificacao-para-colaboradores\/","url":"https:\/\/previews.elleven.digital\/acocearense\/noticia\/desenvolvimento-de-talentos-grupo-aco-cearense-promove-programa-de-qualificacao-para-colaboradores\/","name":"Desenvolvimento de talentos: Grupo A\u00e7o Cearense promove programa de qualifica\u00e7\u00e3o para colaboradores - Grupo A\u00e7o Cearense","isPartOf":{"@id":"https:\/\/previews.elleven.digital\/acocearense\/#website"},"primaryImageOfPage":{"@id":"https:\/\/previews.elleven.digital\/acocearense\/noticia\/desenvolvimento-de-talentos-grupo-aco-cearense-promove-programa-de-qualificacao-para-colaboradores\/#primaryimage"},"image":{"@id":"https:\/\/previews.elleven.digital\/acocearense\/noticia\/desenvolvimento-de-talentos-grupo-aco-cearense-promove-programa-de-qualificacao-para-colaboradores\/#primaryimage"},"thumbnailUrl":"https:\/\/previews.elleven.digital\/acocearense\/wp-content\/uploads\/2025\/05\/Desenvolvimento-de-talentos-Grupo-Aco-Cearense-promove-programa-de-qualificacao-para-colaboradores-768x576-1.png","datePublished":"2021-06-08T20:23:35+00:00","dateModified":"2025-05-07T20:24:00+00:00","breadcrumb":{"@id":"https:\/\/previews.elleven.digital\/acocearense\/noticia\/desenvolvimento-de-talentos-grupo-aco-cearense-promove-programa-de-qualificacao-para-colaboradores\/#breadcrumb"},"inLanguage":"pt-BR","potentialAction":[{"@type":"ReadAction","target":["https:\/\/previews.elleven.digital\/acocearense\/noticia\/desenvolvimento-de-talentos-grupo-aco-cearense-promove-programa-de-qualificacao-para-colaboradores\/"]}]},{"@type":"ImageObject","inLanguage":"pt-BR","@id":"https:\/\/previews.elleven.digital\/acocearense\/noticia\/desenvolvimento-de-talentos-grupo-aco-cearense-promove-programa-de-qualificacao-para-colaboradores\/#primaryimage","url":"https:\/\/previews.elleven.digital\/acocearense\/wp-content\/uploads\/2025\/05\/Desenvolvimento-de-talentos-Grupo-Aco-Cearense-promove-programa-de-qualificacao-para-colaboradores-768x576-1.png","contentUrl":"https:\/\/previews.elleven.digital\/acocearense\/wp-content\/uploads\/2025\/05\/Desenvolvimento-de-talentos-Grupo-Aco-Cearense-promove-programa-de-qualificacao-para-colaboradores-768x576-1.png","width":768,"height":576},{"@type":"BreadcrumbList","@id":"https:\/\/previews.elleven.digital\/acocearense\/noticia\/desenvolvimento-de-talentos-grupo-aco-cearense-promove-programa-de-qualificacao-para-colaboradores\/#breadcrumb","itemListElement":[{"@type":"ListItem","position":1,"name":"In\u00edcio","item":"https:\/\/previews.elleven.digital\/acocearense\/"},{"@type":"ListItem","position":2,"name":"Not\u00edcias","item":"https:\/\/previews.elleven.digital\/acocearense\/noticias\/"},{"@type":"ListItem","position":3,"name":"Desenvolvimento de talentos: Grupo A\u00e7o Cearense promove programa de qualifica\u00e7\u00e3o para colaboradores"}]},{"@type":"WebSite","@id":"https:\/\/previews.elleven.digital\/acocearense\/#website","url":"https:\/\/previews.elleven.digital\/acocearense\/","name":"A\u00e7o Cearense","description":"H\u00e1 mais de 45 anos no mercado brasileiro do a\u00e7o.","alternateName":"A\u00e7o Cearense","potentialAction":[{"@type":"SearchAction","target":{"@type":"EntryPoint","urlTemplate":"https:\/\/previews.elleven.digital\/acocearense\/?s={search_term_string}"},"query-input":{"@type":"PropertyValueSpecification","valueRequired":true,"valueName":"search_term_string"}}],"inLanguage":"pt-BR"}]}},"_links":{"self":[{"href":"https:\/\/previews.elleven.digital\/acocearense\/wp-json\/wp\/v2\/noticia\/2119","targetHints":{"allow":["GET"]}}],"collection":[{"href":"https:\/\/previews.elleven.digital\/acocearense\/wp-json\/wp\/v2\/noticia"}],"about":[{"href":"https:\/\/previews.elleven.digital\/acocearense\/wp-json\/wp\/v2\/types\/noticia"}],"wp:featuredmedia":[{"embeddable":true,"href":"https:\/\/previews.elleven.digital\/acocearense\/wp-json\/wp\/v2\/media\/2106"}],"wp:attachment":[{"href":"https:\/\/previews.elleven.digital\/acocearense\/wp-json\/wp\/v2\/media?parent=2119"}],"wp:term":[{"taxonomy":"categoria-noticia","embeddable":true,"href":"https:\/\/previews.elleven.digital\/acocearense\/wp-json\/wp\/v2\/categoria-noticia?post=2119"}],"curies":[{"name":"wp","href":"https:\/\/api.w.org\/{rel}","templated":true}]}}