{"id":2118,"date":"2021-06-04T17:23:07","date_gmt":"2021-06-04T20:23:07","guid":{"rendered":"https:\/\/previews.elleven.digital\/acocearense\/?post_type=noticia&#038;p=2118"},"modified":"2025-05-07T17:23:31","modified_gmt":"2025-05-07T20:23:31","slug":"sinobras-colabora-com-operacao-do-exercito-brasileiro-e-incinera-armas-apreendidas","status":"publish","type":"noticia","link":"https:\/\/previews.elleven.digital\/acocearense\/noticia\/sinobras-colabora-com-operacao-do-exercito-brasileiro-e-incinera-armas-apreendidas\/","title":{"rendered":"SINOBRAS colabora com opera\u00e7\u00e3o do Ex\u00e9rcito Brasileiro e incinera armas apreendidas"},"content":{"rendered":"<p>Na \u00faltima ter\u00e7a-feira (1), a SINOBRAS, empresa do Grupo A\u00e7o Cearense, recebeu uma comitiva da 23\u00aa Brigada de Infantaria de Selva de Marab\u00e1 e da 8\u00aa Regi\u00e3o Militar, sediada em Bel\u00e9m, para a incinera\u00e7\u00e3o de armas apreendidas pelo Ex\u00e9rcito Brasileiro. Cerca de 3 mil armamentos acondicionados em 19 ton\u00e9is, apreendidos por \u00f3rg\u00e3os de seguran\u00e7a do Par\u00e1, Maranh\u00e3o e Tocantins foram incinerados no Forno El\u00e9trico da Aciaria por meio da \u201cOpera\u00e7\u00e3o Ves\u00favio\u201d.<\/p>\n<p>A boa rela\u00e7\u00e3o entre a SINOBRAS e o Ex\u00e9rcito Brasileiro j\u00e1 faz parte de uma parceria constru\u00edda ao longo dos mais de 14 anos da empresa. \u201cA SINOBRAS est\u00e1 sempre de portas abertas para colaborar com o pa\u00eds. \u00c9 uma honra apoiar o Ex\u00e9rcito Brasileiro e contribuir para o bem da sociedade\u201d, ressalta o diretor industrial do Grupo A\u00e7o Cearense, Milton Lima.<\/p>\n","protected":false},"featured_media":2107,"template":"","meta":{"_acf_changed":false,"inline_featured_image":false},"categoria-noticia":[],"class_list":["post-2118","noticia","type-noticia","status-publish","has-post-thumbnail","hentry"],"acf":{"link":""},"yoast_head":"<!-- This site is optimized with the Yoast SEO plugin v25.9 - https:\/\/yoast.com\/wordpress\/plugins\/seo\/ -->\n<title>SINOBRAS colabora com opera\u00e7\u00e3o do Ex\u00e9rcito Brasileiro e incinera armas apreendidas - Grupo A\u00e7o Cearense<\/title>\n<meta name=\"robots\" content=\"index, follow, max-snippet:-1, max-image-preview:large, max-video-preview:-1\" \/>\n<link rel=\"canonical\" href=\"https:\/\/previews.elleven.digital\/acocearense\/noticia\/sinobras-colabora-com-operacao-do-exercito-brasileiro-e-incinera-armas-apreendidas\/\" \/>\n<meta property=\"og:locale\" content=\"pt_BR\" \/>\n<meta property=\"og:type\" content=\"article\" \/>\n<meta property=\"og:title\" content=\"SINOBRAS colabora com opera\u00e7\u00e3o do Ex\u00e9rcito Brasileiro e incinera armas apreendidas - Grupo A\u00e7o Cearense\" \/>\n<meta property=\"og:description\" content=\"Na \u00faltima ter\u00e7a-feira (1), a SINOBRAS, empresa do Grupo A\u00e7o Cearense, recebeu uma comitiva da(...)\" \/>\n<meta property=\"og:url\" content=\"https:\/\/previews.elleven.digital\/acocearense\/noticia\/sinobras-colabora-com-operacao-do-exercito-brasileiro-e-incinera-armas-apreendidas\/\" \/>\n<meta property=\"og:site_name\" content=\"Grupo A\u00e7o Cearense\" \/>\n<meta property=\"article:modified_time\" content=\"2025-05-07T20:23:31+00:00\" \/>\n<meta property=\"og:image\" content=\"https:\/\/previews.elleven.digital\/acocearense\/wp-content\/uploads\/2025\/05\/SINOBRAS-colabora-com-operacao-do-Exercito-Brasileiro-e-incinera-armas-apreendidas-768x576-1.png\" \/>\n\t<meta property=\"og:image:width\" content=\"768\" \/>\n\t<meta property=\"og:image:height\" content=\"576\" \/>\n\t<meta property=\"og:image:type\" content=\"image\/png\" \/>\n<meta name=\"twitter:card\" content=\"summary_large_image\" \/>\n<meta name=\"twitter:label1\" content=\"Est. tempo de leitura\" \/>\n\t<meta name=\"twitter:data1\" content=\"1 minuto\" \/>\n<script type=\"application\/ld+json\" class=\"yoast-schema-graph\">{\"@context\":\"https:\/\/schema.org\",\"@graph\":[{\"@type\":\"WebPage\",\"@id\":\"https:\/\/previews.elleven.digital\/acocearense\/noticia\/sinobras-colabora-com-operacao-do-exercito-brasileiro-e-incinera-armas-apreendidas\/\",\"url\":\"https:\/\/previews.elleven.digital\/acocearense\/noticia\/sinobras-colabora-com-operacao-do-exercito-brasileiro-e-incinera-armas-apreendidas\/\",\"name\":\"SINOBRAS colabora com opera\u00e7\u00e3o do Ex\u00e9rcito Brasileiro e incinera armas apreendidas - Grupo A\u00e7o Cearense\",\"isPartOf\":{\"@id\":\"https:\/\/previews.elleven.digital\/acocearense\/#website\"},\"primaryImageOfPage\":{\"@id\":\"https:\/\/previews.elleven.digital\/acocearense\/noticia\/sinobras-colabora-com-operacao-do-exercito-brasileiro-e-incinera-armas-apreendidas\/#primaryimage\"},\"image\":{\"@id\":\"https:\/\/previews.elleven.digital\/acocearense\/noticia\/sinobras-colabora-com-operacao-do-exercito-brasileiro-e-incinera-armas-apreendidas\/#primaryimage\"},\"thumbnailUrl\":\"https:\/\/previews.elleven.digital\/acocearense\/wp-content\/uploads\/2025\/05\/SINOBRAS-colabora-com-operacao-do-Exercito-Brasileiro-e-incinera-armas-apreendidas-768x576-1.png\",\"datePublished\":\"2021-06-04T20:23:07+00:00\",\"dateModified\":\"2025-05-07T20:23:31+00:00\",\"breadcrumb\":{\"@id\":\"https:\/\/previews.elleven.digital\/acocearense\/noticia\/sinobras-colabora-com-operacao-do-exercito-brasileiro-e-incinera-armas-apreendidas\/#breadcrumb\"},\"inLanguage\":\"pt-BR\",\"potentialAction\":[{\"@type\":\"ReadAction\",\"target\":[\"https:\/\/previews.elleven.digital\/acocearense\/noticia\/sinobras-colabora-com-operacao-do-exercito-brasileiro-e-incinera-armas-apreendidas\/\"]}]},{\"@type\":\"ImageObject\",\"inLanguage\":\"pt-BR\",\"@id\":\"https:\/\/previews.elleven.digital\/acocearense\/noticia\/sinobras-colabora-com-operacao-do-exercito-brasileiro-e-incinera-armas-apreendidas\/#primaryimage\",\"url\":\"https:\/\/previews.elleven.digital\/acocearense\/wp-content\/uploads\/2025\/05\/SINOBRAS-colabora-com-operacao-do-Exercito-Brasileiro-e-incinera-armas-apreendidas-768x576-1.png\",\"contentUrl\":\"https:\/\/previews.elleven.digital\/acocearense\/wp-content\/uploads\/2025\/05\/SINOBRAS-colabora-com-operacao-do-Exercito-Brasileiro-e-incinera-armas-apreendidas-768x576-1.png\",\"width\":768,\"height\":576},{\"@type\":\"BreadcrumbList\",\"@id\":\"https:\/\/previews.elleven.digital\/acocearense\/noticia\/sinobras-colabora-com-operacao-do-exercito-brasileiro-e-incinera-armas-apreendidas\/#breadcrumb\",\"itemListElement\":[{\"@type\":\"ListItem\",\"position\":1,\"name\":\"In\u00edcio\",\"item\":\"https:\/\/previews.elleven.digital\/acocearense\/\"},{\"@type\":\"ListItem\",\"position\":2,\"name\":\"Not\u00edcias\",\"item\":\"https:\/\/previews.elleven.digital\/acocearense\/noticias\/\"},{\"@type\":\"ListItem\",\"position\":3,\"name\":\"SINOBRAS colabora com opera\u00e7\u00e3o do Ex\u00e9rcito Brasileiro e incinera armas apreendidas\"}]},{\"@type\":\"WebSite\",\"@id\":\"https:\/\/previews.elleven.digital\/acocearense\/#website\",\"url\":\"https:\/\/previews.elleven.digital\/acocearense\/\",\"name\":\"A\u00e7o Cearense\",\"description\":\"H\u00e1 mais de 45 anos no mercado brasileiro do a\u00e7o.\",\"alternateName\":\"A\u00e7o Cearense\",\"potentialAction\":[{\"@type\":\"SearchAction\",\"target\":{\"@type\":\"EntryPoint\",\"urlTemplate\":\"https:\/\/previews.elleven.digital\/acocearense\/?s={search_term_string}\"},\"query-input\":{\"@type\":\"PropertyValueSpecification\",\"valueRequired\":true,\"valueName\":\"search_term_string\"}}],\"inLanguage\":\"pt-BR\"}]}<\/script>\n<!-- \/ Yoast SEO plugin. -->","yoast_head_json":{"title":"SINOBRAS colabora com opera\u00e7\u00e3o do Ex\u00e9rcito Brasileiro e incinera armas apreendidas - Grupo A\u00e7o Cearense","robots":{"index":"index","follow":"follow","max-snippet":"max-snippet:-1","max-image-preview":"max-image-preview:large","max-video-preview":"max-video-preview:-1"},"canonical":"https:\/\/previews.elleven.digital\/acocearense\/noticia\/sinobras-colabora-com-operacao-do-exercito-brasileiro-e-incinera-armas-apreendidas\/","og_locale":"pt_BR","og_type":"article","og_title":"SINOBRAS colabora com opera\u00e7\u00e3o do Ex\u00e9rcito Brasileiro e incinera armas apreendidas - Grupo A\u00e7o Cearense","og_description":"Na \u00faltima ter\u00e7a-feira (1), a SINOBRAS, empresa do Grupo A\u00e7o Cearense, recebeu uma comitiva da(...)","og_url":"https:\/\/previews.elleven.digital\/acocearense\/noticia\/sinobras-colabora-com-operacao-do-exercito-brasileiro-e-incinera-armas-apreendidas\/","og_site_name":"Grupo A\u00e7o Cearense","article_modified_time":"2025-05-07T20:23:31+00:00","og_image":[{"width":768,"height":576,"url":"https:\/\/previews.elleven.digital\/acocearense\/wp-content\/uploads\/2025\/05\/SINOBRAS-colabora-com-operacao-do-Exercito-Brasileiro-e-incinera-armas-apreendidas-768x576-1.png","type":"image\/png"}],"twitter_card":"summary_large_image","twitter_misc":{"Est. tempo de leitura":"1 minuto"},"schema":{"@context":"https:\/\/schema.org","@graph":[{"@type":"WebPage","@id":"https:\/\/previews.elleven.digital\/acocearense\/noticia\/sinobras-colabora-com-operacao-do-exercito-brasileiro-e-incinera-armas-apreendidas\/","url":"https:\/\/previews.elleven.digital\/acocearense\/noticia\/sinobras-colabora-com-operacao-do-exercito-brasileiro-e-incinera-armas-apreendidas\/","name":"SINOBRAS colabora com opera\u00e7\u00e3o do Ex\u00e9rcito Brasileiro e incinera armas apreendidas - Grupo A\u00e7o Cearense","isPartOf":{"@id":"https:\/\/previews.elleven.digital\/acocearense\/#website"},"primaryImageOfPage":{"@id":"https:\/\/previews.elleven.digital\/acocearense\/noticia\/sinobras-colabora-com-operacao-do-exercito-brasileiro-e-incinera-armas-apreendidas\/#primaryimage"},"image":{"@id":"https:\/\/previews.elleven.digital\/acocearense\/noticia\/sinobras-colabora-com-operacao-do-exercito-brasileiro-e-incinera-armas-apreendidas\/#primaryimage"},"thumbnailUrl":"https:\/\/previews.elleven.digital\/acocearense\/wp-content\/uploads\/2025\/05\/SINOBRAS-colabora-com-operacao-do-Exercito-Brasileiro-e-incinera-armas-apreendidas-768x576-1.png","datePublished":"2021-06-04T20:23:07+00:00","dateModified":"2025-05-07T20:23:31+00:00","breadcrumb":{"@id":"https:\/\/previews.elleven.digital\/acocearense\/noticia\/sinobras-colabora-com-operacao-do-exercito-brasileiro-e-incinera-armas-apreendidas\/#breadcrumb"},"inLanguage":"pt-BR","potentialAction":[{"@type":"ReadAction","target":["https:\/\/previews.elleven.digital\/acocearense\/noticia\/sinobras-colabora-com-operacao-do-exercito-brasileiro-e-incinera-armas-apreendidas\/"]}]},{"@type":"ImageObject","inLanguage":"pt-BR","@id":"https:\/\/previews.elleven.digital\/acocearense\/noticia\/sinobras-colabora-com-operacao-do-exercito-brasileiro-e-incinera-armas-apreendidas\/#primaryimage","url":"https:\/\/previews.elleven.digital\/acocearense\/wp-content\/uploads\/2025\/05\/SINOBRAS-colabora-com-operacao-do-Exercito-Brasileiro-e-incinera-armas-apreendidas-768x576-1.png","contentUrl":"https:\/\/previews.elleven.digital\/acocearense\/wp-content\/uploads\/2025\/05\/SINOBRAS-colabora-com-operacao-do-Exercito-Brasileiro-e-incinera-armas-apreendidas-768x576-1.png","width":768,"height":576},{"@type":"BreadcrumbList","@id":"https:\/\/previews.elleven.digital\/acocearense\/noticia\/sinobras-colabora-com-operacao-do-exercito-brasileiro-e-incinera-armas-apreendidas\/#breadcrumb","itemListElement":[{"@type":"ListItem","position":1,"name":"In\u00edcio","item":"https:\/\/previews.elleven.digital\/acocearense\/"},{"@type":"ListItem","position":2,"name":"Not\u00edcias","item":"https:\/\/previews.elleven.digital\/acocearense\/noticias\/"},{"@type":"ListItem","position":3,"name":"SINOBRAS colabora com opera\u00e7\u00e3o do Ex\u00e9rcito Brasileiro e incinera armas apreendidas"}]},{"@type":"WebSite","@id":"https:\/\/previews.elleven.digital\/acocearense\/#website","url":"https:\/\/previews.elleven.digital\/acocearense\/","name":"A\u00e7o Cearense","description":"H\u00e1 mais de 45 anos no mercado brasileiro do a\u00e7o.","alternateName":"A\u00e7o Cearense","potentialAction":[{"@type":"SearchAction","target":{"@type":"EntryPoint","urlTemplate":"https:\/\/previews.elleven.digital\/acocearense\/?s={search_term_string}"},"query-input":{"@type":"PropertyValueSpecification","valueRequired":true,"valueName":"search_term_string"}}],"inLanguage":"pt-BR"}]}},"_links":{"self":[{"href":"https:\/\/previews.elleven.digital\/acocearense\/wp-json\/wp\/v2\/noticia\/2118","targetHints":{"allow":["GET"]}}],"collection":[{"href":"https:\/\/previews.elleven.digital\/acocearense\/wp-json\/wp\/v2\/noticia"}],"about":[{"href":"https:\/\/previews.elleven.digital\/acocearense\/wp-json\/wp\/v2\/types\/noticia"}],"wp:featuredmedia":[{"embeddable":true,"href":"https:\/\/previews.elleven.digital\/acocearense\/wp-json\/wp\/v2\/media\/2107"}],"wp:attachment":[{"href":"https:\/\/previews.elleven.digital\/acocearense\/wp-json\/wp\/v2\/media?parent=2118"}],"wp:term":[{"taxonomy":"categoria-noticia","embeddable":true,"href":"https:\/\/previews.elleven.digital\/acocearense\/wp-json\/wp\/v2\/categoria-noticia?post=2118"}],"curies":[{"name":"wp","href":"https:\/\/api.w.org\/{rel}","templated":true}]}}