{"id":2117,"date":"2021-06-01T17:22:21","date_gmt":"2021-06-01T20:22:21","guid":{"rendered":"https:\/\/previews.elleven.digital\/acocearense\/?post_type=noticia&#038;p=2117"},"modified":"2025-05-07T17:22:53","modified_gmt":"2025-05-07T20:22:53","slug":"campanha-do-instituto-aco-cearense-arrecada-mais-de-62-toneladas-de-alimentos-para-familias-carentes","status":"publish","type":"noticia","link":"https:\/\/previews.elleven.digital\/acocearense\/noticia\/campanha-do-instituto-aco-cearense-arrecada-mais-de-62-toneladas-de-alimentos-para-familias-carentes\/","title":{"rendered":"Campanha do Instituto A\u00e7o Cearense arrecada mais de 62 toneladas de alimentos para fam\u00edlias carentes"},"content":{"rendered":"<p>O Instituto A\u00e7o Cearense vem realizando in\u00fameras a\u00e7\u00f5es para melhorar a condi\u00e7\u00e3o das pessoas que vivem em situa\u00e7\u00e3o de vulnerabilidade social durante a pandemia de Covid-19. V\u00e1rias campanhas foram promovidas para a doa\u00e7\u00e3o de medicamentos, cilindros de oxig\u00eanio, m\u00e1scaras e material de higiene pessoal. No entanto, a inseguran\u00e7a alimentar foi um dos problemas mais agravados nos \u00faltimos meses e, por essa raz\u00e3o, a entidade realizou a campanha \u201cDe Cora\u00e7\u00e3o para Cora\u00e7\u00e3o \u2013 Fome N\u00e3o\u201d, arrecadando mais de 62 toneladas de alimentos para fam\u00edlias carentes.<\/p>\n<p>Al\u00e9m da doa\u00e7\u00e3o do pr\u00f3prio Instituto, a campanha tamb\u00e9m mobilizou todos os colaboradores das empresas do grupo, assim como parceiros e clientes. Com os valores arrecadados, as cestas b\u00e1sicas ir\u00e3o contribuir no combate \u00e0 fome de 4.970 fam\u00edlias, que fazem parte de projetos atendidos pelo Instituto A\u00e7o Cearense. Esses projetos selecionados est\u00e3o situados no Cear\u00e1, Par\u00e1 e Tocantins, estados onde atuam as empresas do Grupo: A\u00e7o Cearense Industrial, A\u00e7o Cearense Comercial, SINOBRAS e SINOBRAS Florestal.<\/p>\n<p>Segundo Rosemeire Matos, presidente do Instituto A\u00e7o Cearense, o sucesso da campanha se deve \u00e0 solidariedade das pessoas que acreditam no trabalho do Instituto. \u201cSomos muito gratos a todos que contribu\u00edram de alguma forma, seja fazendo sua doa\u00e7\u00e3o ou ajudando na divulga\u00e7\u00e3o da campanha. Sabemos que a situa\u00e7\u00e3o dessas pessoas \u00e9 delicada e que quem tem fome, tem pressa. O Instituto A\u00e7o Cearense tem em seu hist\u00f3rico uma longa trajet\u00f3ria de campanhas que tiveram sucesso gra\u00e7as a todos que acreditam e contribuem em nossos projetos. Hoje estamos ajudando 4.970 fam\u00edlias e isso s\u00f3 foi poss\u00edvel com a solidariedade de todos que se juntaram a n\u00f3s nessa causa\u201d, destaca.<\/p>\n<p><img loading=\"lazy\" decoding=\"async\" class=\"size-full wp-image-10400 aligncenter\" src=\"https:\/\/previews.elleven.digital\/acocearense\/wp-content\/uploads\/2021\/06\/Campanha-do-Instituto-Aco-Cearense-arrecada-mais-de-62-toneladas-de-alimentos-para-familias-carentes-2.png\" sizes=\"auto, (max-width: 800px) 100vw, 800px\" srcset=\"https:\/\/previews.elleven.digital\/acocearense\/wp-content\/uploads\/2021\/06\/Campanha-do-Instituto-Aco-Cearense-arrecada-mais-de-62-toneladas-de-alimentos-para-familias-carentes-2.png 800w, https:\/\/previews.elleven.digital\/acocearense\/wp-content\/uploads\/2021\/06\/Campanha-do-Instituto-Aco-Cearense-arrecada-mais-de-62-toneladas-de-alimentos-para-familias-carentes-2-300x225.png 300w, https:\/\/previews.elleven.digital\/acocearense\/wp-content\/uploads\/2021\/06\/Campanha-do-Instituto-Aco-Cearense-arrecada-mais-de-62-toneladas-de-alimentos-para-familias-carentes-2-768x576.png 768w\" alt=\"Campanha do Instituto A\u00e7o Cearense arrecada mais de 62 toneladas de alimentos para fam\u00edlias carentes\" width=\"800\" height=\"600\" \/><\/p>\n","protected":false},"featured_media":2112,"template":"","meta":{"_acf_changed":false,"inline_featured_image":false},"categoria-noticia":[],"class_list":["post-2117","noticia","type-noticia","status-publish","has-post-thumbnail","hentry"],"acf":{"link":""},"yoast_head":"<!-- This site is optimized with the Yoast SEO plugin v25.9 - https:\/\/yoast.com\/wordpress\/plugins\/seo\/ -->\n<title>Campanha do Instituto A\u00e7o Cearense arrecada mais de 62 toneladas de alimentos para fam\u00edlias carentes - Grupo A\u00e7o Cearense<\/title>\n<meta name=\"robots\" content=\"index, follow, max-snippet:-1, max-image-preview:large, max-video-preview:-1\" \/>\n<link rel=\"canonical\" href=\"https:\/\/previews.elleven.digital\/acocearense\/noticia\/campanha-do-instituto-aco-cearense-arrecada-mais-de-62-toneladas-de-alimentos-para-familias-carentes\/\" \/>\n<meta property=\"og:locale\" content=\"pt_BR\" \/>\n<meta property=\"og:type\" content=\"article\" \/>\n<meta property=\"og:title\" content=\"Campanha do Instituto A\u00e7o Cearense arrecada mais de 62 toneladas de alimentos para fam\u00edlias carentes - Grupo A\u00e7o Cearense\" \/>\n<meta property=\"og:description\" content=\"O Instituto A\u00e7o Cearense vem realizando in\u00fameras a\u00e7\u00f5es para melhorar a condi\u00e7\u00e3o das pessoas que(...)\" \/>\n<meta property=\"og:url\" content=\"https:\/\/previews.elleven.digital\/acocearense\/noticia\/campanha-do-instituto-aco-cearense-arrecada-mais-de-62-toneladas-de-alimentos-para-familias-carentes\/\" \/>\n<meta property=\"og:site_name\" content=\"Grupo A\u00e7o Cearense\" \/>\n<meta property=\"article:modified_time\" content=\"2025-05-07T20:22:53+00:00\" \/>\n<meta property=\"og:image\" content=\"https:\/\/previews.elleven.digital\/acocearense\/wp-content\/uploads\/2025\/05\/Instituto-Aco-Cearense-doa-recursos-para-beneficiar-saude-publica-e-alimentacao-de-familias-carentes-768x575-2.jpg\" \/>\n\t<meta property=\"og:image:width\" content=\"768\" \/>\n\t<meta property=\"og:image:height\" content=\"575\" \/>\n\t<meta property=\"og:image:type\" content=\"image\/jpeg\" \/>\n<meta name=\"twitter:card\" content=\"summary_large_image\" \/>\n<meta name=\"twitter:label1\" content=\"Est. tempo de leitura\" \/>\n\t<meta name=\"twitter:data1\" content=\"2 minutos\" \/>\n<script type=\"application\/ld+json\" class=\"yoast-schema-graph\">{\"@context\":\"https:\/\/schema.org\",\"@graph\":[{\"@type\":\"WebPage\",\"@id\":\"https:\/\/previews.elleven.digital\/acocearense\/noticia\/campanha-do-instituto-aco-cearense-arrecada-mais-de-62-toneladas-de-alimentos-para-familias-carentes\/\",\"url\":\"https:\/\/previews.elleven.digital\/acocearense\/noticia\/campanha-do-instituto-aco-cearense-arrecada-mais-de-62-toneladas-de-alimentos-para-familias-carentes\/\",\"name\":\"Campanha do Instituto A\u00e7o Cearense arrecada mais de 62 toneladas de alimentos para fam\u00edlias carentes - Grupo A\u00e7o Cearense\",\"isPartOf\":{\"@id\":\"https:\/\/previews.elleven.digital\/acocearense\/#website\"},\"primaryImageOfPage\":{\"@id\":\"https:\/\/previews.elleven.digital\/acocearense\/noticia\/campanha-do-instituto-aco-cearense-arrecada-mais-de-62-toneladas-de-alimentos-para-familias-carentes\/#primaryimage\"},\"image\":{\"@id\":\"https:\/\/previews.elleven.digital\/acocearense\/noticia\/campanha-do-instituto-aco-cearense-arrecada-mais-de-62-toneladas-de-alimentos-para-familias-carentes\/#primaryimage\"},\"thumbnailUrl\":\"https:\/\/previews.elleven.digital\/acocearense\/wp-content\/uploads\/2025\/05\/Instituto-Aco-Cearense-doa-recursos-para-beneficiar-saude-publica-e-alimentacao-de-familias-carentes-768x575-2.jpg\",\"datePublished\":\"2021-06-01T20:22:21+00:00\",\"dateModified\":\"2025-05-07T20:22:53+00:00\",\"breadcrumb\":{\"@id\":\"https:\/\/previews.elleven.digital\/acocearense\/noticia\/campanha-do-instituto-aco-cearense-arrecada-mais-de-62-toneladas-de-alimentos-para-familias-carentes\/#breadcrumb\"},\"inLanguage\":\"pt-BR\",\"potentialAction\":[{\"@type\":\"ReadAction\",\"target\":[\"https:\/\/previews.elleven.digital\/acocearense\/noticia\/campanha-do-instituto-aco-cearense-arrecada-mais-de-62-toneladas-de-alimentos-para-familias-carentes\/\"]}]},{\"@type\":\"ImageObject\",\"inLanguage\":\"pt-BR\",\"@id\":\"https:\/\/previews.elleven.digital\/acocearense\/noticia\/campanha-do-instituto-aco-cearense-arrecada-mais-de-62-toneladas-de-alimentos-para-familias-carentes\/#primaryimage\",\"url\":\"https:\/\/previews.elleven.digital\/acocearense\/wp-content\/uploads\/2025\/05\/Instituto-Aco-Cearense-doa-recursos-para-beneficiar-saude-publica-e-alimentacao-de-familias-carentes-768x575-2.jpg\",\"contentUrl\":\"https:\/\/previews.elleven.digital\/acocearense\/wp-content\/uploads\/2025\/05\/Instituto-Aco-Cearense-doa-recursos-para-beneficiar-saude-publica-e-alimentacao-de-familias-carentes-768x575-2.jpg\",\"width\":768,\"height\":575},{\"@type\":\"BreadcrumbList\",\"@id\":\"https:\/\/previews.elleven.digital\/acocearense\/noticia\/campanha-do-instituto-aco-cearense-arrecada-mais-de-62-toneladas-de-alimentos-para-familias-carentes\/#breadcrumb\",\"itemListElement\":[{\"@type\":\"ListItem\",\"position\":1,\"name\":\"In\u00edcio\",\"item\":\"https:\/\/previews.elleven.digital\/acocearense\/\"},{\"@type\":\"ListItem\",\"position\":2,\"name\":\"Not\u00edcias\",\"item\":\"https:\/\/previews.elleven.digital\/acocearense\/noticias\/\"},{\"@type\":\"ListItem\",\"position\":3,\"name\":\"Campanha do Instituto A\u00e7o Cearense arrecada mais de 62 toneladas de alimentos para fam\u00edlias carentes\"}]},{\"@type\":\"WebSite\",\"@id\":\"https:\/\/previews.elleven.digital\/acocearense\/#website\",\"url\":\"https:\/\/previews.elleven.digital\/acocearense\/\",\"name\":\"A\u00e7o Cearense\",\"description\":\"H\u00e1 mais de 45 anos no mercado brasileiro do a\u00e7o.\",\"alternateName\":\"A\u00e7o Cearense\",\"potentialAction\":[{\"@type\":\"SearchAction\",\"target\":{\"@type\":\"EntryPoint\",\"urlTemplate\":\"https:\/\/previews.elleven.digital\/acocearense\/?s={search_term_string}\"},\"query-input\":{\"@type\":\"PropertyValueSpecification\",\"valueRequired\":true,\"valueName\":\"search_term_string\"}}],\"inLanguage\":\"pt-BR\"}]}<\/script>\n<!-- \/ Yoast SEO plugin. -->","yoast_head_json":{"title":"Campanha do Instituto A\u00e7o Cearense arrecada mais de 62 toneladas de alimentos para fam\u00edlias carentes - Grupo A\u00e7o Cearense","robots":{"index":"index","follow":"follow","max-snippet":"max-snippet:-1","max-image-preview":"max-image-preview:large","max-video-preview":"max-video-preview:-1"},"canonical":"https:\/\/previews.elleven.digital\/acocearense\/noticia\/campanha-do-instituto-aco-cearense-arrecada-mais-de-62-toneladas-de-alimentos-para-familias-carentes\/","og_locale":"pt_BR","og_type":"article","og_title":"Campanha do Instituto A\u00e7o Cearense arrecada mais de 62 toneladas de alimentos para fam\u00edlias carentes - Grupo A\u00e7o Cearense","og_description":"O Instituto A\u00e7o Cearense vem realizando in\u00fameras a\u00e7\u00f5es para melhorar a condi\u00e7\u00e3o das pessoas que(...)","og_url":"https:\/\/previews.elleven.digital\/acocearense\/noticia\/campanha-do-instituto-aco-cearense-arrecada-mais-de-62-toneladas-de-alimentos-para-familias-carentes\/","og_site_name":"Grupo A\u00e7o Cearense","article_modified_time":"2025-05-07T20:22:53+00:00","og_image":[{"width":768,"height":575,"url":"https:\/\/previews.elleven.digital\/acocearense\/wp-content\/uploads\/2025\/05\/Instituto-Aco-Cearense-doa-recursos-para-beneficiar-saude-publica-e-alimentacao-de-familias-carentes-768x575-2.jpg","type":"image\/jpeg"}],"twitter_card":"summary_large_image","twitter_misc":{"Est. tempo de leitura":"2 minutos"},"schema":{"@context":"https:\/\/schema.org","@graph":[{"@type":"WebPage","@id":"https:\/\/previews.elleven.digital\/acocearense\/noticia\/campanha-do-instituto-aco-cearense-arrecada-mais-de-62-toneladas-de-alimentos-para-familias-carentes\/","url":"https:\/\/previews.elleven.digital\/acocearense\/noticia\/campanha-do-instituto-aco-cearense-arrecada-mais-de-62-toneladas-de-alimentos-para-familias-carentes\/","name":"Campanha do Instituto A\u00e7o Cearense arrecada mais de 62 toneladas de alimentos para fam\u00edlias carentes - Grupo A\u00e7o Cearense","isPartOf":{"@id":"https:\/\/previews.elleven.digital\/acocearense\/#website"},"primaryImageOfPage":{"@id":"https:\/\/previews.elleven.digital\/acocearense\/noticia\/campanha-do-instituto-aco-cearense-arrecada-mais-de-62-toneladas-de-alimentos-para-familias-carentes\/#primaryimage"},"image":{"@id":"https:\/\/previews.elleven.digital\/acocearense\/noticia\/campanha-do-instituto-aco-cearense-arrecada-mais-de-62-toneladas-de-alimentos-para-familias-carentes\/#primaryimage"},"thumbnailUrl":"https:\/\/previews.elleven.digital\/acocearense\/wp-content\/uploads\/2025\/05\/Instituto-Aco-Cearense-doa-recursos-para-beneficiar-saude-publica-e-alimentacao-de-familias-carentes-768x575-2.jpg","datePublished":"2021-06-01T20:22:21+00:00","dateModified":"2025-05-07T20:22:53+00:00","breadcrumb":{"@id":"https:\/\/previews.elleven.digital\/acocearense\/noticia\/campanha-do-instituto-aco-cearense-arrecada-mais-de-62-toneladas-de-alimentos-para-familias-carentes\/#breadcrumb"},"inLanguage":"pt-BR","potentialAction":[{"@type":"ReadAction","target":["https:\/\/previews.elleven.digital\/acocearense\/noticia\/campanha-do-instituto-aco-cearense-arrecada-mais-de-62-toneladas-de-alimentos-para-familias-carentes\/"]}]},{"@type":"ImageObject","inLanguage":"pt-BR","@id":"https:\/\/previews.elleven.digital\/acocearense\/noticia\/campanha-do-instituto-aco-cearense-arrecada-mais-de-62-toneladas-de-alimentos-para-familias-carentes\/#primaryimage","url":"https:\/\/previews.elleven.digital\/acocearense\/wp-content\/uploads\/2025\/05\/Instituto-Aco-Cearense-doa-recursos-para-beneficiar-saude-publica-e-alimentacao-de-familias-carentes-768x575-2.jpg","contentUrl":"https:\/\/previews.elleven.digital\/acocearense\/wp-content\/uploads\/2025\/05\/Instituto-Aco-Cearense-doa-recursos-para-beneficiar-saude-publica-e-alimentacao-de-familias-carentes-768x575-2.jpg","width":768,"height":575},{"@type":"BreadcrumbList","@id":"https:\/\/previews.elleven.digital\/acocearense\/noticia\/campanha-do-instituto-aco-cearense-arrecada-mais-de-62-toneladas-de-alimentos-para-familias-carentes\/#breadcrumb","itemListElement":[{"@type":"ListItem","position":1,"name":"In\u00edcio","item":"https:\/\/previews.elleven.digital\/acocearense\/"},{"@type":"ListItem","position":2,"name":"Not\u00edcias","item":"https:\/\/previews.elleven.digital\/acocearense\/noticias\/"},{"@type":"ListItem","position":3,"name":"Campanha do Instituto A\u00e7o Cearense arrecada mais de 62 toneladas de alimentos para fam\u00edlias carentes"}]},{"@type":"WebSite","@id":"https:\/\/previews.elleven.digital\/acocearense\/#website","url":"https:\/\/previews.elleven.digital\/acocearense\/","name":"A\u00e7o Cearense","description":"H\u00e1 mais de 45 anos no mercado brasileiro do a\u00e7o.","alternateName":"A\u00e7o Cearense","potentialAction":[{"@type":"SearchAction","target":{"@type":"EntryPoint","urlTemplate":"https:\/\/previews.elleven.digital\/acocearense\/?s={search_term_string}"},"query-input":{"@type":"PropertyValueSpecification","valueRequired":true,"valueName":"search_term_string"}}],"inLanguage":"pt-BR"}]}},"_links":{"self":[{"href":"https:\/\/previews.elleven.digital\/acocearense\/wp-json\/wp\/v2\/noticia\/2117","targetHints":{"allow":["GET"]}}],"collection":[{"href":"https:\/\/previews.elleven.digital\/acocearense\/wp-json\/wp\/v2\/noticia"}],"about":[{"href":"https:\/\/previews.elleven.digital\/acocearense\/wp-json\/wp\/v2\/types\/noticia"}],"wp:featuredmedia":[{"embeddable":true,"href":"https:\/\/previews.elleven.digital\/acocearense\/wp-json\/wp\/v2\/media\/2112"}],"wp:attachment":[{"href":"https:\/\/previews.elleven.digital\/acocearense\/wp-json\/wp\/v2\/media?parent=2117"}],"wp:term":[{"taxonomy":"categoria-noticia","embeddable":true,"href":"https:\/\/previews.elleven.digital\/acocearense\/wp-json\/wp\/v2\/categoria-noticia?post=2117"}],"curies":[{"name":"wp","href":"https:\/\/api.w.org\/{rel}","templated":true}]}}