{"id":2116,"date":"2021-05-14T17:21:54","date_gmt":"2021-05-14T20:21:54","guid":{"rendered":"https:\/\/previews.elleven.digital\/acocearense\/?post_type=noticia&#038;p=2116"},"modified":"2025-05-07T17:22:17","modified_gmt":"2025-05-07T20:22:17","slug":"de-coracao-para-coracao-campanha-do-instituto-aco-cearense-para-ajudar-familias-carentes-chega-na-reta-final","status":"publish","type":"noticia","link":"https:\/\/previews.elleven.digital\/acocearense\/noticia\/de-coracao-para-coracao-campanha-do-instituto-aco-cearense-para-ajudar-familias-carentes-chega-na-reta-final\/","title":{"rendered":"De cora\u00e7\u00e3o para cora\u00e7\u00e3o: Campanha do Instituto A\u00e7o Cearense para ajudar fam\u00edlias carentes chega na reta final"},"content":{"rendered":"<p>A campanha \u201cDe Cora\u00e7\u00e3o para Cora\u00e7\u00e3o \u2013 Fome N\u00e3o\u201d est\u00e1 angariando fundos para a compra de cestas b\u00e1sicas que ser\u00e3o doadas para as fam\u00edlias carentes dos estados do Cear\u00e1, Par\u00e1 e Tocantins, onde est\u00e3o localizadas as empresas do Grupo: A\u00e7o Cearense Industrial, A\u00e7o Cearense Comercial, SINOBRAS e SINOBRAS Florestal. Neste sentido, a institui\u00e7\u00e3o intensifica a campanha nos \u00faltimos dias para beneficiar o maior n\u00famero de pessoas.<\/p>\n<p>A presidente do Instituto A\u00e7o Cearense, Rosemeire Matos, explica que al\u00e9m da crise sanit\u00e1ria, muitas pessoas est\u00e3o passando por uma grave crise de inseguran\u00e7a alimentar, o que fez com que o Instituto idealizasse a campanha. \u201cJ\u00e1 realizamos projetos sociais h\u00e1 11 anos, e desde mar\u00e7o de 2020 estamos intensificando as a\u00e7\u00f5es devido ao impacto da pandemia. J\u00e1 fizemos a cess\u00e3o de cilindros de oxig\u00eanio, doa\u00e7\u00e3o de toneladas de alimentos, m\u00e1scaras, kits escolares, testes de Covid-19, medicamentos, material de limpeza e higiene pessoal, agora estamos chamando a aten\u00e7\u00e3o da sociedade para que juntos possamos ajudar mais pessoas\u201d, ressalta.<\/p>\n<p>Para participar \u00e9 muito simples, basta acessar o site\u00a0<a href=\"https:\/\/institutoacocearense.com.br\/\" target=\"_blank\" rel=\"noopener\">institutoacocearense.com.br<\/a>\u00a0e doar por pix ou transfer\u00eancia banc\u00e1ria. As doa\u00e7\u00f5es podem ser feitas at\u00e9 o dia 20 de maio. O Instituto A\u00e7o Cearense tamb\u00e9m vai incluir um aporte financeiro adicional para a compra de mais cestas b\u00e1sicas.<\/p>\n<h2>Formas de doa\u00e7\u00e3o<\/h2>\n<p><strong>PIX:<\/strong>\u00a011725750000147 (chave CNPJ)<\/p>\n<p><strong>Transfer\u00eancia:<\/strong>\u00a0Instituto A\u00e7o Cearense \u2013 CNPJ: 11.725.750\/0001-47<br \/>\nBanco do Brasil \u2013 Ag\u00eancia: 03434-7 Conta: 106.283-2<\/p>\n","protected":false},"featured_media":2111,"template":"","meta":{"_acf_changed":false,"inline_featured_image":false},"categoria-noticia":[],"class_list":["post-2116","noticia","type-noticia","status-publish","has-post-thumbnail","hentry"],"acf":{"link":""},"yoast_head":"<!-- This site is optimized with the Yoast SEO plugin v25.9 - https:\/\/yoast.com\/wordpress\/plugins\/seo\/ -->\n<title>De cora\u00e7\u00e3o para cora\u00e7\u00e3o: Campanha do Instituto A\u00e7o Cearense para ajudar fam\u00edlias carentes chega na reta final - Grupo A\u00e7o Cearense<\/title>\n<meta name=\"robots\" content=\"index, follow, max-snippet:-1, max-image-preview:large, max-video-preview:-1\" \/>\n<link rel=\"canonical\" href=\"https:\/\/previews.elleven.digital\/acocearense\/noticia\/de-coracao-para-coracao-campanha-do-instituto-aco-cearense-para-ajudar-familias-carentes-chega-na-reta-final\/\" \/>\n<meta property=\"og:locale\" content=\"pt_BR\" \/>\n<meta property=\"og:type\" content=\"article\" \/>\n<meta property=\"og:title\" content=\"De cora\u00e7\u00e3o para cora\u00e7\u00e3o: Campanha do Instituto A\u00e7o Cearense para ajudar fam\u00edlias carentes chega na reta final - Grupo A\u00e7o Cearense\" \/>\n<meta property=\"og:description\" content=\"A campanha \u201cDe Cora\u00e7\u00e3o para Cora\u00e7\u00e3o \u2013 Fome N\u00e3o\u201d est\u00e1 angariando fundos para a compra(...)\" \/>\n<meta property=\"og:url\" content=\"https:\/\/previews.elleven.digital\/acocearense\/noticia\/de-coracao-para-coracao-campanha-do-instituto-aco-cearense-para-ajudar-familias-carentes-chega-na-reta-final\/\" \/>\n<meta property=\"og:site_name\" content=\"Grupo A\u00e7o Cearense\" \/>\n<meta property=\"article:modified_time\" content=\"2025-05-07T20:22:17+00:00\" \/>\n<meta property=\"og:image\" content=\"https:\/\/previews.elleven.digital\/acocearense\/wp-content\/uploads\/2025\/05\/Design-sem-nome-768x576-1.png\" \/>\n\t<meta property=\"og:image:width\" content=\"768\" \/>\n\t<meta property=\"og:image:height\" content=\"576\" \/>\n\t<meta property=\"og:image:type\" content=\"image\/png\" \/>\n<meta name=\"twitter:card\" content=\"summary_large_image\" \/>\n<meta name=\"twitter:label1\" content=\"Est. tempo de leitura\" \/>\n\t<meta name=\"twitter:data1\" content=\"1 minuto\" \/>\n<script type=\"application\/ld+json\" class=\"yoast-schema-graph\">{\"@context\":\"https:\/\/schema.org\",\"@graph\":[{\"@type\":\"WebPage\",\"@id\":\"https:\/\/previews.elleven.digital\/acocearense\/noticia\/de-coracao-para-coracao-campanha-do-instituto-aco-cearense-para-ajudar-familias-carentes-chega-na-reta-final\/\",\"url\":\"https:\/\/previews.elleven.digital\/acocearense\/noticia\/de-coracao-para-coracao-campanha-do-instituto-aco-cearense-para-ajudar-familias-carentes-chega-na-reta-final\/\",\"name\":\"De cora\u00e7\u00e3o para cora\u00e7\u00e3o: Campanha do Instituto A\u00e7o Cearense para ajudar fam\u00edlias carentes chega na reta final - Grupo A\u00e7o Cearense\",\"isPartOf\":{\"@id\":\"https:\/\/previews.elleven.digital\/acocearense\/#website\"},\"primaryImageOfPage\":{\"@id\":\"https:\/\/previews.elleven.digital\/acocearense\/noticia\/de-coracao-para-coracao-campanha-do-instituto-aco-cearense-para-ajudar-familias-carentes-chega-na-reta-final\/#primaryimage\"},\"image\":{\"@id\":\"https:\/\/previews.elleven.digital\/acocearense\/noticia\/de-coracao-para-coracao-campanha-do-instituto-aco-cearense-para-ajudar-familias-carentes-chega-na-reta-final\/#primaryimage\"},\"thumbnailUrl\":\"https:\/\/previews.elleven.digital\/acocearense\/wp-content\/uploads\/2025\/05\/Design-sem-nome-768x576-1.png\",\"datePublished\":\"2021-05-14T20:21:54+00:00\",\"dateModified\":\"2025-05-07T20:22:17+00:00\",\"breadcrumb\":{\"@id\":\"https:\/\/previews.elleven.digital\/acocearense\/noticia\/de-coracao-para-coracao-campanha-do-instituto-aco-cearense-para-ajudar-familias-carentes-chega-na-reta-final\/#breadcrumb\"},\"inLanguage\":\"pt-BR\",\"potentialAction\":[{\"@type\":\"ReadAction\",\"target\":[\"https:\/\/previews.elleven.digital\/acocearense\/noticia\/de-coracao-para-coracao-campanha-do-instituto-aco-cearense-para-ajudar-familias-carentes-chega-na-reta-final\/\"]}]},{\"@type\":\"ImageObject\",\"inLanguage\":\"pt-BR\",\"@id\":\"https:\/\/previews.elleven.digital\/acocearense\/noticia\/de-coracao-para-coracao-campanha-do-instituto-aco-cearense-para-ajudar-familias-carentes-chega-na-reta-final\/#primaryimage\",\"url\":\"https:\/\/previews.elleven.digital\/acocearense\/wp-content\/uploads\/2025\/05\/Design-sem-nome-768x576-1.png\",\"contentUrl\":\"https:\/\/previews.elleven.digital\/acocearense\/wp-content\/uploads\/2025\/05\/Design-sem-nome-768x576-1.png\",\"width\":768,\"height\":576},{\"@type\":\"BreadcrumbList\",\"@id\":\"https:\/\/previews.elleven.digital\/acocearense\/noticia\/de-coracao-para-coracao-campanha-do-instituto-aco-cearense-para-ajudar-familias-carentes-chega-na-reta-final\/#breadcrumb\",\"itemListElement\":[{\"@type\":\"ListItem\",\"position\":1,\"name\":\"In\u00edcio\",\"item\":\"https:\/\/previews.elleven.digital\/acocearense\/\"},{\"@type\":\"ListItem\",\"position\":2,\"name\":\"Not\u00edcias\",\"item\":\"https:\/\/previews.elleven.digital\/acocearense\/noticias\/\"},{\"@type\":\"ListItem\",\"position\":3,\"name\":\"De cora\u00e7\u00e3o para cora\u00e7\u00e3o: Campanha do Instituto A\u00e7o Cearense para ajudar fam\u00edlias carentes chega na reta final\"}]},{\"@type\":\"WebSite\",\"@id\":\"https:\/\/previews.elleven.digital\/acocearense\/#website\",\"url\":\"https:\/\/previews.elleven.digital\/acocearense\/\",\"name\":\"A\u00e7o Cearense\",\"description\":\"H\u00e1 mais de 45 anos no mercado brasileiro do a\u00e7o.\",\"alternateName\":\"A\u00e7o Cearense\",\"potentialAction\":[{\"@type\":\"SearchAction\",\"target\":{\"@type\":\"EntryPoint\",\"urlTemplate\":\"https:\/\/previews.elleven.digital\/acocearense\/?s={search_term_string}\"},\"query-input\":{\"@type\":\"PropertyValueSpecification\",\"valueRequired\":true,\"valueName\":\"search_term_string\"}}],\"inLanguage\":\"pt-BR\"}]}<\/script>\n<!-- \/ Yoast SEO plugin. -->","yoast_head_json":{"title":"De cora\u00e7\u00e3o para cora\u00e7\u00e3o: Campanha do Instituto A\u00e7o Cearense para ajudar fam\u00edlias carentes chega na reta final - Grupo A\u00e7o Cearense","robots":{"index":"index","follow":"follow","max-snippet":"max-snippet:-1","max-image-preview":"max-image-preview:large","max-video-preview":"max-video-preview:-1"},"canonical":"https:\/\/previews.elleven.digital\/acocearense\/noticia\/de-coracao-para-coracao-campanha-do-instituto-aco-cearense-para-ajudar-familias-carentes-chega-na-reta-final\/","og_locale":"pt_BR","og_type":"article","og_title":"De cora\u00e7\u00e3o para cora\u00e7\u00e3o: Campanha do Instituto A\u00e7o Cearense para ajudar fam\u00edlias carentes chega na reta final - Grupo A\u00e7o Cearense","og_description":"A campanha \u201cDe Cora\u00e7\u00e3o para Cora\u00e7\u00e3o \u2013 Fome N\u00e3o\u201d est\u00e1 angariando fundos para a compra(...)","og_url":"https:\/\/previews.elleven.digital\/acocearense\/noticia\/de-coracao-para-coracao-campanha-do-instituto-aco-cearense-para-ajudar-familias-carentes-chega-na-reta-final\/","og_site_name":"Grupo A\u00e7o Cearense","article_modified_time":"2025-05-07T20:22:17+00:00","og_image":[{"width":768,"height":576,"url":"https:\/\/previews.elleven.digital\/acocearense\/wp-content\/uploads\/2025\/05\/Design-sem-nome-768x576-1.png","type":"image\/png"}],"twitter_card":"summary_large_image","twitter_misc":{"Est. tempo de leitura":"1 minuto"},"schema":{"@context":"https:\/\/schema.org","@graph":[{"@type":"WebPage","@id":"https:\/\/previews.elleven.digital\/acocearense\/noticia\/de-coracao-para-coracao-campanha-do-instituto-aco-cearense-para-ajudar-familias-carentes-chega-na-reta-final\/","url":"https:\/\/previews.elleven.digital\/acocearense\/noticia\/de-coracao-para-coracao-campanha-do-instituto-aco-cearense-para-ajudar-familias-carentes-chega-na-reta-final\/","name":"De cora\u00e7\u00e3o para cora\u00e7\u00e3o: Campanha do Instituto A\u00e7o Cearense para ajudar fam\u00edlias carentes chega na reta final - Grupo A\u00e7o Cearense","isPartOf":{"@id":"https:\/\/previews.elleven.digital\/acocearense\/#website"},"primaryImageOfPage":{"@id":"https:\/\/previews.elleven.digital\/acocearense\/noticia\/de-coracao-para-coracao-campanha-do-instituto-aco-cearense-para-ajudar-familias-carentes-chega-na-reta-final\/#primaryimage"},"image":{"@id":"https:\/\/previews.elleven.digital\/acocearense\/noticia\/de-coracao-para-coracao-campanha-do-instituto-aco-cearense-para-ajudar-familias-carentes-chega-na-reta-final\/#primaryimage"},"thumbnailUrl":"https:\/\/previews.elleven.digital\/acocearense\/wp-content\/uploads\/2025\/05\/Design-sem-nome-768x576-1.png","datePublished":"2021-05-14T20:21:54+00:00","dateModified":"2025-05-07T20:22:17+00:00","breadcrumb":{"@id":"https:\/\/previews.elleven.digital\/acocearense\/noticia\/de-coracao-para-coracao-campanha-do-instituto-aco-cearense-para-ajudar-familias-carentes-chega-na-reta-final\/#breadcrumb"},"inLanguage":"pt-BR","potentialAction":[{"@type":"ReadAction","target":["https:\/\/previews.elleven.digital\/acocearense\/noticia\/de-coracao-para-coracao-campanha-do-instituto-aco-cearense-para-ajudar-familias-carentes-chega-na-reta-final\/"]}]},{"@type":"ImageObject","inLanguage":"pt-BR","@id":"https:\/\/previews.elleven.digital\/acocearense\/noticia\/de-coracao-para-coracao-campanha-do-instituto-aco-cearense-para-ajudar-familias-carentes-chega-na-reta-final\/#primaryimage","url":"https:\/\/previews.elleven.digital\/acocearense\/wp-content\/uploads\/2025\/05\/Design-sem-nome-768x576-1.png","contentUrl":"https:\/\/previews.elleven.digital\/acocearense\/wp-content\/uploads\/2025\/05\/Design-sem-nome-768x576-1.png","width":768,"height":576},{"@type":"BreadcrumbList","@id":"https:\/\/previews.elleven.digital\/acocearense\/noticia\/de-coracao-para-coracao-campanha-do-instituto-aco-cearense-para-ajudar-familias-carentes-chega-na-reta-final\/#breadcrumb","itemListElement":[{"@type":"ListItem","position":1,"name":"In\u00edcio","item":"https:\/\/previews.elleven.digital\/acocearense\/"},{"@type":"ListItem","position":2,"name":"Not\u00edcias","item":"https:\/\/previews.elleven.digital\/acocearense\/noticias\/"},{"@type":"ListItem","position":3,"name":"De cora\u00e7\u00e3o para cora\u00e7\u00e3o: Campanha do Instituto A\u00e7o Cearense para ajudar fam\u00edlias carentes chega na reta final"}]},{"@type":"WebSite","@id":"https:\/\/previews.elleven.digital\/acocearense\/#website","url":"https:\/\/previews.elleven.digital\/acocearense\/","name":"A\u00e7o Cearense","description":"H\u00e1 mais de 45 anos no mercado brasileiro do a\u00e7o.","alternateName":"A\u00e7o Cearense","potentialAction":[{"@type":"SearchAction","target":{"@type":"EntryPoint","urlTemplate":"https:\/\/previews.elleven.digital\/acocearense\/?s={search_term_string}"},"query-input":{"@type":"PropertyValueSpecification","valueRequired":true,"valueName":"search_term_string"}}],"inLanguage":"pt-BR"}]}},"_links":{"self":[{"href":"https:\/\/previews.elleven.digital\/acocearense\/wp-json\/wp\/v2\/noticia\/2116","targetHints":{"allow":["GET"]}}],"collection":[{"href":"https:\/\/previews.elleven.digital\/acocearense\/wp-json\/wp\/v2\/noticia"}],"about":[{"href":"https:\/\/previews.elleven.digital\/acocearense\/wp-json\/wp\/v2\/types\/noticia"}],"wp:featuredmedia":[{"embeddable":true,"href":"https:\/\/previews.elleven.digital\/acocearense\/wp-json\/wp\/v2\/media\/2111"}],"wp:attachment":[{"href":"https:\/\/previews.elleven.digital\/acocearense\/wp-json\/wp\/v2\/media?parent=2116"}],"wp:term":[{"taxonomy":"categoria-noticia","embeddable":true,"href":"https:\/\/previews.elleven.digital\/acocearense\/wp-json\/wp\/v2\/categoria-noticia?post=2116"}],"curies":[{"name":"wp","href":"https:\/\/api.w.org\/{rel}","templated":true}]}}