{"id":2114,"date":"2021-04-23T17:20:52","date_gmt":"2021-04-23T20:20:52","guid":{"rendered":"https:\/\/previews.elleven.digital\/acocearense\/?post_type=noticia&#038;p=2114"},"modified":"2025-05-07T17:21:20","modified_gmt":"2025-05-07T20:21:20","slug":"sinobras-recebe-visita-do-novo-secretario-de-desenvolvimento-economico-do-para","status":"publish","type":"noticia","link":"https:\/\/previews.elleven.digital\/acocearense\/noticia\/sinobras-recebe-visita-do-novo-secretario-de-desenvolvimento-economico-do-para\/","title":{"rendered":"SINOBRAS recebe visita do novo Secret\u00e1rio de Desenvolvimento Econ\u00f4mico do Par\u00e1"},"content":{"rendered":"<p>A SINOBRAS \u2013 Sider\u00fargica Norte Brasil S.A., empresa do Grupo A\u00e7o Cearense, recebeu na manh\u00e3 desta sexta-feira (23), a visita do novo Secret\u00e1rio de Estado de Desenvolvimento Econ\u00f4mico, Minera\u00e7\u00e3o e Energia (Sedeme), Jos\u00e9 Fernando Gomes J\u00fanior, e de sua comitiva. Ian Corr\u00eaa, Vice-Presidente de Opera\u00e7\u00f5es do Grupo, e Clayton Labes, diretor de Sustentabilidade da SINOBRAS, apresentaram ao Secret\u00e1rio o projeto de expans\u00e3o da empresa \u201cSINOBRAS fase 2\u201d e as necessidades para o seu andamento.<\/p>\n<p>Durante o encontro, o Secret\u00e1rio Jos\u00e9 Fernando Gomes J\u00fanior reafirmou o compromisso do Governador Helder Barbalho com a expans\u00e3o da empresa e se mostrou disposto a ajudar em tudo que for necess\u00e1rio.<\/p>\n<p>\u201cA expans\u00e3o da SINOBRAS \u00e9 muito importante para n\u00f3s e para o Par\u00e1. Ela ir\u00e1 gerar um pico de 600 empregos durante a fase de implanta\u00e7\u00e3o e 220 empregos diretos durante a fase de opera\u00e7\u00e3o. Produziremos novos produtos, o vergalh\u00e3o CA 50 em rolo e fio-m\u00e1quina, possibilitando atrair novas empresas para a regi\u00e3o para consumir essa mat\u00e9ria-prima e gerar mais empregos e renda. Ficamos honrados e muito otimistas com esse encontro e apoio\u201d, afirma Ian Corr\u00eaa, Vice-Presidente de Opera\u00e7\u00f5es do Grupo A\u00e7o Cearense.<\/p>\n<p>O projeto de expans\u00e3o SINOBRAS fase 2, que estava parado desde 2015, foi retomado em outubro de 2020. O projeto inclui a instala\u00e7\u00e3o da Lamina\u00e7\u00e3o 2, com capacidade de produ\u00e7\u00e3o de 500 mil toneladas\/ano de a\u00e7o laminado em bobina; um novo galp\u00e3o para endireitamento de bobinas; e uma nova subesta\u00e7\u00e3o e linha de transmiss\u00e3o de 230kV. Com isso, a SINOBRAS, que tem capacidade para produzir 380 mil toneladas de a\u00e7o laminado\/ano, passar\u00e1 a ter capacidade de produ\u00e7\u00e3o de 880 mil toneladas\/ ano.<\/p>\n","protected":false},"featured_media":2109,"template":"","meta":{"_acf_changed":false,"inline_featured_image":false},"categoria-noticia":[],"class_list":["post-2114","noticia","type-noticia","status-publish","has-post-thumbnail","hentry"],"acf":{"link":""},"yoast_head":"<!-- This site is optimized with the Yoast SEO plugin v25.9 - https:\/\/yoast.com\/wordpress\/plugins\/seo\/ -->\n<title>SINOBRAS recebe visita do novo Secret\u00e1rio de Desenvolvimento Econ\u00f4mico do Par\u00e1 - Grupo A\u00e7o Cearense<\/title>\n<meta name=\"robots\" content=\"index, follow, max-snippet:-1, max-image-preview:large, max-video-preview:-1\" \/>\n<link rel=\"canonical\" href=\"https:\/\/previews.elleven.digital\/acocearense\/noticia\/sinobras-recebe-visita-do-novo-secretario-de-desenvolvimento-economico-do-para\/\" \/>\n<meta property=\"og:locale\" content=\"pt_BR\" \/>\n<meta property=\"og:type\" content=\"article\" \/>\n<meta property=\"og:title\" content=\"SINOBRAS recebe visita do novo Secret\u00e1rio de Desenvolvimento Econ\u00f4mico do Par\u00e1 - Grupo A\u00e7o Cearense\" \/>\n<meta property=\"og:description\" content=\"A SINOBRAS \u2013 Sider\u00fargica Norte Brasil S.A., empresa do Grupo A\u00e7o Cearense, recebeu na manh\u00e3(...)\" \/>\n<meta property=\"og:url\" content=\"https:\/\/previews.elleven.digital\/acocearense\/noticia\/sinobras-recebe-visita-do-novo-secretario-de-desenvolvimento-economico-do-para\/\" \/>\n<meta property=\"og:site_name\" content=\"Grupo A\u00e7o Cearense\" \/>\n<meta property=\"article:modified_time\" content=\"2025-05-07T20:21:20+00:00\" \/>\n<meta property=\"og:image\" content=\"https:\/\/previews.elleven.digital\/acocearense\/wp-content\/uploads\/2025\/05\/SINOBRAS-recebe-visita-do-novo-Secretario-de-Desenvolvimento-Economico-do-Para-768x576-1.png\" \/>\n\t<meta property=\"og:image:width\" content=\"768\" \/>\n\t<meta property=\"og:image:height\" content=\"576\" \/>\n\t<meta property=\"og:image:type\" content=\"image\/png\" \/>\n<meta name=\"twitter:card\" content=\"summary_large_image\" \/>\n<meta name=\"twitter:label1\" content=\"Est. tempo de leitura\" \/>\n\t<meta name=\"twitter:data1\" content=\"2 minutos\" \/>\n<script type=\"application\/ld+json\" class=\"yoast-schema-graph\">{\"@context\":\"https:\/\/schema.org\",\"@graph\":[{\"@type\":\"WebPage\",\"@id\":\"https:\/\/previews.elleven.digital\/acocearense\/noticia\/sinobras-recebe-visita-do-novo-secretario-de-desenvolvimento-economico-do-para\/\",\"url\":\"https:\/\/previews.elleven.digital\/acocearense\/noticia\/sinobras-recebe-visita-do-novo-secretario-de-desenvolvimento-economico-do-para\/\",\"name\":\"SINOBRAS recebe visita do novo Secret\u00e1rio de Desenvolvimento Econ\u00f4mico do Par\u00e1 - Grupo A\u00e7o Cearense\",\"isPartOf\":{\"@id\":\"https:\/\/previews.elleven.digital\/acocearense\/#website\"},\"primaryImageOfPage\":{\"@id\":\"https:\/\/previews.elleven.digital\/acocearense\/noticia\/sinobras-recebe-visita-do-novo-secretario-de-desenvolvimento-economico-do-para\/#primaryimage\"},\"image\":{\"@id\":\"https:\/\/previews.elleven.digital\/acocearense\/noticia\/sinobras-recebe-visita-do-novo-secretario-de-desenvolvimento-economico-do-para\/#primaryimage\"},\"thumbnailUrl\":\"https:\/\/previews.elleven.digital\/acocearense\/wp-content\/uploads\/2025\/05\/SINOBRAS-recebe-visita-do-novo-Secretario-de-Desenvolvimento-Economico-do-Para-768x576-1.png\",\"datePublished\":\"2021-04-23T20:20:52+00:00\",\"dateModified\":\"2025-05-07T20:21:20+00:00\",\"breadcrumb\":{\"@id\":\"https:\/\/previews.elleven.digital\/acocearense\/noticia\/sinobras-recebe-visita-do-novo-secretario-de-desenvolvimento-economico-do-para\/#breadcrumb\"},\"inLanguage\":\"pt-BR\",\"potentialAction\":[{\"@type\":\"ReadAction\",\"target\":[\"https:\/\/previews.elleven.digital\/acocearense\/noticia\/sinobras-recebe-visita-do-novo-secretario-de-desenvolvimento-economico-do-para\/\"]}]},{\"@type\":\"ImageObject\",\"inLanguage\":\"pt-BR\",\"@id\":\"https:\/\/previews.elleven.digital\/acocearense\/noticia\/sinobras-recebe-visita-do-novo-secretario-de-desenvolvimento-economico-do-para\/#primaryimage\",\"url\":\"https:\/\/previews.elleven.digital\/acocearense\/wp-content\/uploads\/2025\/05\/SINOBRAS-recebe-visita-do-novo-Secretario-de-Desenvolvimento-Economico-do-Para-768x576-1.png\",\"contentUrl\":\"https:\/\/previews.elleven.digital\/acocearense\/wp-content\/uploads\/2025\/05\/SINOBRAS-recebe-visita-do-novo-Secretario-de-Desenvolvimento-Economico-do-Para-768x576-1.png\",\"width\":768,\"height\":576},{\"@type\":\"BreadcrumbList\",\"@id\":\"https:\/\/previews.elleven.digital\/acocearense\/noticia\/sinobras-recebe-visita-do-novo-secretario-de-desenvolvimento-economico-do-para\/#breadcrumb\",\"itemListElement\":[{\"@type\":\"ListItem\",\"position\":1,\"name\":\"In\u00edcio\",\"item\":\"https:\/\/previews.elleven.digital\/acocearense\/\"},{\"@type\":\"ListItem\",\"position\":2,\"name\":\"Not\u00edcias\",\"item\":\"https:\/\/previews.elleven.digital\/acocearense\/noticias\/\"},{\"@type\":\"ListItem\",\"position\":3,\"name\":\"SINOBRAS recebe visita do novo Secret\u00e1rio de Desenvolvimento Econ\u00f4mico do Par\u00e1\"}]},{\"@type\":\"WebSite\",\"@id\":\"https:\/\/previews.elleven.digital\/acocearense\/#website\",\"url\":\"https:\/\/previews.elleven.digital\/acocearense\/\",\"name\":\"A\u00e7o Cearense\",\"description\":\"H\u00e1 mais de 45 anos no mercado brasileiro do a\u00e7o.\",\"alternateName\":\"A\u00e7o Cearense\",\"potentialAction\":[{\"@type\":\"SearchAction\",\"target\":{\"@type\":\"EntryPoint\",\"urlTemplate\":\"https:\/\/previews.elleven.digital\/acocearense\/?s={search_term_string}\"},\"query-input\":{\"@type\":\"PropertyValueSpecification\",\"valueRequired\":true,\"valueName\":\"search_term_string\"}}],\"inLanguage\":\"pt-BR\"}]}<\/script>\n<!-- \/ Yoast SEO plugin. -->","yoast_head_json":{"title":"SINOBRAS recebe visita do novo Secret\u00e1rio de Desenvolvimento Econ\u00f4mico do Par\u00e1 - Grupo A\u00e7o Cearense","robots":{"index":"index","follow":"follow","max-snippet":"max-snippet:-1","max-image-preview":"max-image-preview:large","max-video-preview":"max-video-preview:-1"},"canonical":"https:\/\/previews.elleven.digital\/acocearense\/noticia\/sinobras-recebe-visita-do-novo-secretario-de-desenvolvimento-economico-do-para\/","og_locale":"pt_BR","og_type":"article","og_title":"SINOBRAS recebe visita do novo Secret\u00e1rio de Desenvolvimento Econ\u00f4mico do Par\u00e1 - Grupo A\u00e7o Cearense","og_description":"A SINOBRAS \u2013 Sider\u00fargica Norte Brasil S.A., empresa do Grupo A\u00e7o Cearense, recebeu na manh\u00e3(...)","og_url":"https:\/\/previews.elleven.digital\/acocearense\/noticia\/sinobras-recebe-visita-do-novo-secretario-de-desenvolvimento-economico-do-para\/","og_site_name":"Grupo A\u00e7o Cearense","article_modified_time":"2025-05-07T20:21:20+00:00","og_image":[{"width":768,"height":576,"url":"https:\/\/previews.elleven.digital\/acocearense\/wp-content\/uploads\/2025\/05\/SINOBRAS-recebe-visita-do-novo-Secretario-de-Desenvolvimento-Economico-do-Para-768x576-1.png","type":"image\/png"}],"twitter_card":"summary_large_image","twitter_misc":{"Est. tempo de leitura":"2 minutos"},"schema":{"@context":"https:\/\/schema.org","@graph":[{"@type":"WebPage","@id":"https:\/\/previews.elleven.digital\/acocearense\/noticia\/sinobras-recebe-visita-do-novo-secretario-de-desenvolvimento-economico-do-para\/","url":"https:\/\/previews.elleven.digital\/acocearense\/noticia\/sinobras-recebe-visita-do-novo-secretario-de-desenvolvimento-economico-do-para\/","name":"SINOBRAS recebe visita do novo Secret\u00e1rio de Desenvolvimento Econ\u00f4mico do Par\u00e1 - Grupo A\u00e7o Cearense","isPartOf":{"@id":"https:\/\/previews.elleven.digital\/acocearense\/#website"},"primaryImageOfPage":{"@id":"https:\/\/previews.elleven.digital\/acocearense\/noticia\/sinobras-recebe-visita-do-novo-secretario-de-desenvolvimento-economico-do-para\/#primaryimage"},"image":{"@id":"https:\/\/previews.elleven.digital\/acocearense\/noticia\/sinobras-recebe-visita-do-novo-secretario-de-desenvolvimento-economico-do-para\/#primaryimage"},"thumbnailUrl":"https:\/\/previews.elleven.digital\/acocearense\/wp-content\/uploads\/2025\/05\/SINOBRAS-recebe-visita-do-novo-Secretario-de-Desenvolvimento-Economico-do-Para-768x576-1.png","datePublished":"2021-04-23T20:20:52+00:00","dateModified":"2025-05-07T20:21:20+00:00","breadcrumb":{"@id":"https:\/\/previews.elleven.digital\/acocearense\/noticia\/sinobras-recebe-visita-do-novo-secretario-de-desenvolvimento-economico-do-para\/#breadcrumb"},"inLanguage":"pt-BR","potentialAction":[{"@type":"ReadAction","target":["https:\/\/previews.elleven.digital\/acocearense\/noticia\/sinobras-recebe-visita-do-novo-secretario-de-desenvolvimento-economico-do-para\/"]}]},{"@type":"ImageObject","inLanguage":"pt-BR","@id":"https:\/\/previews.elleven.digital\/acocearense\/noticia\/sinobras-recebe-visita-do-novo-secretario-de-desenvolvimento-economico-do-para\/#primaryimage","url":"https:\/\/previews.elleven.digital\/acocearense\/wp-content\/uploads\/2025\/05\/SINOBRAS-recebe-visita-do-novo-Secretario-de-Desenvolvimento-Economico-do-Para-768x576-1.png","contentUrl":"https:\/\/previews.elleven.digital\/acocearense\/wp-content\/uploads\/2025\/05\/SINOBRAS-recebe-visita-do-novo-Secretario-de-Desenvolvimento-Economico-do-Para-768x576-1.png","width":768,"height":576},{"@type":"BreadcrumbList","@id":"https:\/\/previews.elleven.digital\/acocearense\/noticia\/sinobras-recebe-visita-do-novo-secretario-de-desenvolvimento-economico-do-para\/#breadcrumb","itemListElement":[{"@type":"ListItem","position":1,"name":"In\u00edcio","item":"https:\/\/previews.elleven.digital\/acocearense\/"},{"@type":"ListItem","position":2,"name":"Not\u00edcias","item":"https:\/\/previews.elleven.digital\/acocearense\/noticias\/"},{"@type":"ListItem","position":3,"name":"SINOBRAS recebe visita do novo Secret\u00e1rio de Desenvolvimento Econ\u00f4mico do Par\u00e1"}]},{"@type":"WebSite","@id":"https:\/\/previews.elleven.digital\/acocearense\/#website","url":"https:\/\/previews.elleven.digital\/acocearense\/","name":"A\u00e7o Cearense","description":"H\u00e1 mais de 45 anos no mercado brasileiro do a\u00e7o.","alternateName":"A\u00e7o Cearense","potentialAction":[{"@type":"SearchAction","target":{"@type":"EntryPoint","urlTemplate":"https:\/\/previews.elleven.digital\/acocearense\/?s={search_term_string}"},"query-input":{"@type":"PropertyValueSpecification","valueRequired":true,"valueName":"search_term_string"}}],"inLanguage":"pt-BR"}]}},"_links":{"self":[{"href":"https:\/\/previews.elleven.digital\/acocearense\/wp-json\/wp\/v2\/noticia\/2114","targetHints":{"allow":["GET"]}}],"collection":[{"href":"https:\/\/previews.elleven.digital\/acocearense\/wp-json\/wp\/v2\/noticia"}],"about":[{"href":"https:\/\/previews.elleven.digital\/acocearense\/wp-json\/wp\/v2\/types\/noticia"}],"wp:featuredmedia":[{"embeddable":true,"href":"https:\/\/previews.elleven.digital\/acocearense\/wp-json\/wp\/v2\/media\/2109"}],"wp:attachment":[{"href":"https:\/\/previews.elleven.digital\/acocearense\/wp-json\/wp\/v2\/media?parent=2114"}],"wp:term":[{"taxonomy":"categoria-noticia","embeddable":true,"href":"https:\/\/previews.elleven.digital\/acocearense\/wp-json\/wp\/v2\/categoria-noticia?post=2114"}],"curies":[{"name":"wp","href":"https:\/\/api.w.org\/{rel}","templated":true}]}}