{"id":2113,"date":"2021-04-23T17:20:15","date_gmt":"2021-04-23T20:20:15","guid":{"rendered":"https:\/\/previews.elleven.digital\/acocearense\/?post_type=noticia&#038;p=2113"},"modified":"2025-05-07T17:20:45","modified_gmt":"2025-05-07T20:20:45","slug":"instituto-aco-cearense-doa-1200kg-de-alimentos-para-campanha-cesta-amiga","status":"publish","type":"noticia","link":"https:\/\/previews.elleven.digital\/acocearense\/noticia\/instituto-aco-cearense-doa-1200kg-de-alimentos-para-campanha-cesta-amiga\/","title":{"rendered":"Instituto A\u00e7o Cearense doa 1200kg de alimentos para campanha Cesta Amiga"},"content":{"rendered":"<p>Na \u00faltima ter\u00e7a-feira (13), representantes do Instituto A\u00e7o Cearense estiveram na sede da Associa\u00e7\u00e3o das Empresas do Complexo Industrial e Portu\u00e1rio do Pec\u00e9m (AECIPP) para realizar a doa\u00e7\u00e3o de 100 cestas b\u00e1sicas (cerca de 1200 kg de alimentos) para a campanha \u201cCesta amiga: alimentando esperan\u00e7as\u201d.<\/p>\n<p>As doa\u00e7\u00f5es est\u00e3o sendo destinadas a fam\u00edlias que vivem em situa\u00e7\u00e3o de vulnerabilidade social e que, nesse momento, em raz\u00e3o da pandemia de Covid-19, enfrentam ainda mais dificuldades.<\/p>\n<p>Para a presidente do Instituto A\u00e7o Cearense, Rosemeire Matos, toda doa\u00e7\u00e3o \u00e9 importante. \u201cSempre que poss\u00edvel, nos aliamos a nossos parceiros para ajudar em campanhas como estas, pois sabemos da seriedade da institui\u00e7\u00e3o. Toda doa\u00e7\u00e3o \u00e9 importante para essas fam\u00edlias que necessitam tanto\u201d, destaca.<\/p>\n","protected":false},"featured_media":2110,"template":"","meta":{"_acf_changed":false,"inline_featured_image":false},"categoria-noticia":[],"class_list":["post-2113","noticia","type-noticia","status-publish","has-post-thumbnail","hentry"],"acf":{"link":""},"yoast_head":"<!-- This site is optimized with the Yoast SEO plugin v25.9 - https:\/\/yoast.com\/wordpress\/plugins\/seo\/ -->\n<title>Instituto A\u00e7o Cearense doa 1200kg de alimentos para campanha Cesta Amiga - Grupo A\u00e7o Cearense<\/title>\n<meta name=\"robots\" content=\"index, follow, max-snippet:-1, max-image-preview:large, max-video-preview:-1\" \/>\n<link rel=\"canonical\" href=\"https:\/\/previews.elleven.digital\/acocearense\/noticia\/instituto-aco-cearense-doa-1200kg-de-alimentos-para-campanha-cesta-amiga\/\" \/>\n<meta property=\"og:locale\" content=\"pt_BR\" \/>\n<meta property=\"og:type\" content=\"article\" \/>\n<meta property=\"og:title\" content=\"Instituto A\u00e7o Cearense doa 1200kg de alimentos para campanha Cesta Amiga - Grupo A\u00e7o Cearense\" \/>\n<meta property=\"og:description\" content=\"Na \u00faltima ter\u00e7a-feira (13), representantes do Instituto A\u00e7o Cearense estiveram na sede da Associa\u00e7\u00e3o das(...)\" \/>\n<meta property=\"og:url\" content=\"https:\/\/previews.elleven.digital\/acocearense\/noticia\/instituto-aco-cearense-doa-1200kg-de-alimentos-para-campanha-cesta-amiga\/\" \/>\n<meta property=\"og:site_name\" content=\"Grupo A\u00e7o Cearense\" \/>\n<meta property=\"article:modified_time\" content=\"2025-05-07T20:20:45+00:00\" \/>\n<meta property=\"og:image\" content=\"https:\/\/previews.elleven.digital\/acocearense\/wp-content\/uploads\/2025\/05\/Instituto-Aco-Cearense-doa-1200kg-de-alimentos-para-campanha-Cesta-Amiga-768x576-1.png\" \/>\n\t<meta property=\"og:image:width\" content=\"768\" \/>\n\t<meta property=\"og:image:height\" content=\"576\" \/>\n\t<meta property=\"og:image:type\" content=\"image\/png\" \/>\n<meta name=\"twitter:card\" content=\"summary_large_image\" \/>\n<meta name=\"twitter:label1\" content=\"Est. tempo de leitura\" \/>\n\t<meta name=\"twitter:data1\" content=\"1 minuto\" \/>\n<script type=\"application\/ld+json\" class=\"yoast-schema-graph\">{\"@context\":\"https:\/\/schema.org\",\"@graph\":[{\"@type\":\"WebPage\",\"@id\":\"https:\/\/previews.elleven.digital\/acocearense\/noticia\/instituto-aco-cearense-doa-1200kg-de-alimentos-para-campanha-cesta-amiga\/\",\"url\":\"https:\/\/previews.elleven.digital\/acocearense\/noticia\/instituto-aco-cearense-doa-1200kg-de-alimentos-para-campanha-cesta-amiga\/\",\"name\":\"Instituto A\u00e7o Cearense doa 1200kg de alimentos para campanha Cesta Amiga - Grupo A\u00e7o Cearense\",\"isPartOf\":{\"@id\":\"https:\/\/previews.elleven.digital\/acocearense\/#website\"},\"primaryImageOfPage\":{\"@id\":\"https:\/\/previews.elleven.digital\/acocearense\/noticia\/instituto-aco-cearense-doa-1200kg-de-alimentos-para-campanha-cesta-amiga\/#primaryimage\"},\"image\":{\"@id\":\"https:\/\/previews.elleven.digital\/acocearense\/noticia\/instituto-aco-cearense-doa-1200kg-de-alimentos-para-campanha-cesta-amiga\/#primaryimage\"},\"thumbnailUrl\":\"https:\/\/previews.elleven.digital\/acocearense\/wp-content\/uploads\/2025\/05\/Instituto-Aco-Cearense-doa-1200kg-de-alimentos-para-campanha-Cesta-Amiga-768x576-1.png\",\"datePublished\":\"2021-04-23T20:20:15+00:00\",\"dateModified\":\"2025-05-07T20:20:45+00:00\",\"breadcrumb\":{\"@id\":\"https:\/\/previews.elleven.digital\/acocearense\/noticia\/instituto-aco-cearense-doa-1200kg-de-alimentos-para-campanha-cesta-amiga\/#breadcrumb\"},\"inLanguage\":\"pt-BR\",\"potentialAction\":[{\"@type\":\"ReadAction\",\"target\":[\"https:\/\/previews.elleven.digital\/acocearense\/noticia\/instituto-aco-cearense-doa-1200kg-de-alimentos-para-campanha-cesta-amiga\/\"]}]},{\"@type\":\"ImageObject\",\"inLanguage\":\"pt-BR\",\"@id\":\"https:\/\/previews.elleven.digital\/acocearense\/noticia\/instituto-aco-cearense-doa-1200kg-de-alimentos-para-campanha-cesta-amiga\/#primaryimage\",\"url\":\"https:\/\/previews.elleven.digital\/acocearense\/wp-content\/uploads\/2025\/05\/Instituto-Aco-Cearense-doa-1200kg-de-alimentos-para-campanha-Cesta-Amiga-768x576-1.png\",\"contentUrl\":\"https:\/\/previews.elleven.digital\/acocearense\/wp-content\/uploads\/2025\/05\/Instituto-Aco-Cearense-doa-1200kg-de-alimentos-para-campanha-Cesta-Amiga-768x576-1.png\",\"width\":768,\"height\":576},{\"@type\":\"BreadcrumbList\",\"@id\":\"https:\/\/previews.elleven.digital\/acocearense\/noticia\/instituto-aco-cearense-doa-1200kg-de-alimentos-para-campanha-cesta-amiga\/#breadcrumb\",\"itemListElement\":[{\"@type\":\"ListItem\",\"position\":1,\"name\":\"In\u00edcio\",\"item\":\"https:\/\/previews.elleven.digital\/acocearense\/\"},{\"@type\":\"ListItem\",\"position\":2,\"name\":\"Not\u00edcias\",\"item\":\"https:\/\/previews.elleven.digital\/acocearense\/noticias\/\"},{\"@type\":\"ListItem\",\"position\":3,\"name\":\"Instituto A\u00e7o Cearense doa 1200kg de alimentos para campanha Cesta Amiga\"}]},{\"@type\":\"WebSite\",\"@id\":\"https:\/\/previews.elleven.digital\/acocearense\/#website\",\"url\":\"https:\/\/previews.elleven.digital\/acocearense\/\",\"name\":\"A\u00e7o Cearense\",\"description\":\"H\u00e1 mais de 45 anos no mercado brasileiro do a\u00e7o.\",\"alternateName\":\"A\u00e7o Cearense\",\"potentialAction\":[{\"@type\":\"SearchAction\",\"target\":{\"@type\":\"EntryPoint\",\"urlTemplate\":\"https:\/\/previews.elleven.digital\/acocearense\/?s={search_term_string}\"},\"query-input\":{\"@type\":\"PropertyValueSpecification\",\"valueRequired\":true,\"valueName\":\"search_term_string\"}}],\"inLanguage\":\"pt-BR\"}]}<\/script>\n<!-- \/ Yoast SEO plugin. -->","yoast_head_json":{"title":"Instituto A\u00e7o Cearense doa 1200kg de alimentos para campanha Cesta Amiga - Grupo A\u00e7o Cearense","robots":{"index":"index","follow":"follow","max-snippet":"max-snippet:-1","max-image-preview":"max-image-preview:large","max-video-preview":"max-video-preview:-1"},"canonical":"https:\/\/previews.elleven.digital\/acocearense\/noticia\/instituto-aco-cearense-doa-1200kg-de-alimentos-para-campanha-cesta-amiga\/","og_locale":"pt_BR","og_type":"article","og_title":"Instituto A\u00e7o Cearense doa 1200kg de alimentos para campanha Cesta Amiga - Grupo A\u00e7o Cearense","og_description":"Na \u00faltima ter\u00e7a-feira (13), representantes do Instituto A\u00e7o Cearense estiveram na sede da Associa\u00e7\u00e3o das(...)","og_url":"https:\/\/previews.elleven.digital\/acocearense\/noticia\/instituto-aco-cearense-doa-1200kg-de-alimentos-para-campanha-cesta-amiga\/","og_site_name":"Grupo A\u00e7o Cearense","article_modified_time":"2025-05-07T20:20:45+00:00","og_image":[{"width":768,"height":576,"url":"https:\/\/previews.elleven.digital\/acocearense\/wp-content\/uploads\/2025\/05\/Instituto-Aco-Cearense-doa-1200kg-de-alimentos-para-campanha-Cesta-Amiga-768x576-1.png","type":"image\/png"}],"twitter_card":"summary_large_image","twitter_misc":{"Est. tempo de leitura":"1 minuto"},"schema":{"@context":"https:\/\/schema.org","@graph":[{"@type":"WebPage","@id":"https:\/\/previews.elleven.digital\/acocearense\/noticia\/instituto-aco-cearense-doa-1200kg-de-alimentos-para-campanha-cesta-amiga\/","url":"https:\/\/previews.elleven.digital\/acocearense\/noticia\/instituto-aco-cearense-doa-1200kg-de-alimentos-para-campanha-cesta-amiga\/","name":"Instituto A\u00e7o Cearense doa 1200kg de alimentos para campanha Cesta Amiga - Grupo A\u00e7o Cearense","isPartOf":{"@id":"https:\/\/previews.elleven.digital\/acocearense\/#website"},"primaryImageOfPage":{"@id":"https:\/\/previews.elleven.digital\/acocearense\/noticia\/instituto-aco-cearense-doa-1200kg-de-alimentos-para-campanha-cesta-amiga\/#primaryimage"},"image":{"@id":"https:\/\/previews.elleven.digital\/acocearense\/noticia\/instituto-aco-cearense-doa-1200kg-de-alimentos-para-campanha-cesta-amiga\/#primaryimage"},"thumbnailUrl":"https:\/\/previews.elleven.digital\/acocearense\/wp-content\/uploads\/2025\/05\/Instituto-Aco-Cearense-doa-1200kg-de-alimentos-para-campanha-Cesta-Amiga-768x576-1.png","datePublished":"2021-04-23T20:20:15+00:00","dateModified":"2025-05-07T20:20:45+00:00","breadcrumb":{"@id":"https:\/\/previews.elleven.digital\/acocearense\/noticia\/instituto-aco-cearense-doa-1200kg-de-alimentos-para-campanha-cesta-amiga\/#breadcrumb"},"inLanguage":"pt-BR","potentialAction":[{"@type":"ReadAction","target":["https:\/\/previews.elleven.digital\/acocearense\/noticia\/instituto-aco-cearense-doa-1200kg-de-alimentos-para-campanha-cesta-amiga\/"]}]},{"@type":"ImageObject","inLanguage":"pt-BR","@id":"https:\/\/previews.elleven.digital\/acocearense\/noticia\/instituto-aco-cearense-doa-1200kg-de-alimentos-para-campanha-cesta-amiga\/#primaryimage","url":"https:\/\/previews.elleven.digital\/acocearense\/wp-content\/uploads\/2025\/05\/Instituto-Aco-Cearense-doa-1200kg-de-alimentos-para-campanha-Cesta-Amiga-768x576-1.png","contentUrl":"https:\/\/previews.elleven.digital\/acocearense\/wp-content\/uploads\/2025\/05\/Instituto-Aco-Cearense-doa-1200kg-de-alimentos-para-campanha-Cesta-Amiga-768x576-1.png","width":768,"height":576},{"@type":"BreadcrumbList","@id":"https:\/\/previews.elleven.digital\/acocearense\/noticia\/instituto-aco-cearense-doa-1200kg-de-alimentos-para-campanha-cesta-amiga\/#breadcrumb","itemListElement":[{"@type":"ListItem","position":1,"name":"In\u00edcio","item":"https:\/\/previews.elleven.digital\/acocearense\/"},{"@type":"ListItem","position":2,"name":"Not\u00edcias","item":"https:\/\/previews.elleven.digital\/acocearense\/noticias\/"},{"@type":"ListItem","position":3,"name":"Instituto A\u00e7o Cearense doa 1200kg de alimentos para campanha Cesta Amiga"}]},{"@type":"WebSite","@id":"https:\/\/previews.elleven.digital\/acocearense\/#website","url":"https:\/\/previews.elleven.digital\/acocearense\/","name":"A\u00e7o Cearense","description":"H\u00e1 mais de 45 anos no mercado brasileiro do a\u00e7o.","alternateName":"A\u00e7o Cearense","potentialAction":[{"@type":"SearchAction","target":{"@type":"EntryPoint","urlTemplate":"https:\/\/previews.elleven.digital\/acocearense\/?s={search_term_string}"},"query-input":{"@type":"PropertyValueSpecification","valueRequired":true,"valueName":"search_term_string"}}],"inLanguage":"pt-BR"}]}},"_links":{"self":[{"href":"https:\/\/previews.elleven.digital\/acocearense\/wp-json\/wp\/v2\/noticia\/2113","targetHints":{"allow":["GET"]}}],"collection":[{"href":"https:\/\/previews.elleven.digital\/acocearense\/wp-json\/wp\/v2\/noticia"}],"about":[{"href":"https:\/\/previews.elleven.digital\/acocearense\/wp-json\/wp\/v2\/types\/noticia"}],"wp:featuredmedia":[{"embeddable":true,"href":"https:\/\/previews.elleven.digital\/acocearense\/wp-json\/wp\/v2\/media\/2110"}],"wp:attachment":[{"href":"https:\/\/previews.elleven.digital\/acocearense\/wp-json\/wp\/v2\/media?parent=2113"}],"wp:term":[{"taxonomy":"categoria-noticia","embeddable":true,"href":"https:\/\/previews.elleven.digital\/acocearense\/wp-json\/wp\/v2\/categoria-noticia?post=2113"}],"curies":[{"name":"wp","href":"https:\/\/api.w.org\/{rel}","templated":true}]}}