{"id":2103,"date":"2021-04-23T17:16:37","date_gmt":"2021-04-23T20:16:37","guid":{"rendered":"https:\/\/previews.elleven.digital\/acocearense\/?post_type=noticia&#038;p=2103"},"modified":"2025-05-07T17:20:10","modified_gmt":"2025-05-07T20:20:10","slug":"instituto-aco-cearense-lanca-campanha-para-ajudar-familias-carentes","status":"publish","type":"noticia","link":"https:\/\/previews.elleven.digital\/acocearense\/noticia\/instituto-aco-cearense-lanca-campanha-para-ajudar-familias-carentes\/","title":{"rendered":"Instituto A\u00e7o Cearense lan\u00e7a campanha para ajudar fam\u00edlias carentes"},"content":{"rendered":"<p class=\"p1\">O Instituto A\u00e7o Cearense h\u00e1 11 anos realiza a\u00e7\u00f5es em diversas \u00e1reas sociais. Nos \u00faltimos 2 anos, as a\u00e7\u00f5es foram intensificadas devido a pandemia, com a cess\u00e3o de cilindros de oxig\u00eanio, doa\u00e7\u00e3o de toneladas de alimentos, m\u00e1scaras, kits escolares, testes de Covid-19, medicamentos, material de limpeza e higiene pessoal.<\/p>\n<p class=\"p1\">Para ajudar ainda mais essas pessoas que est\u00e3o sendo diretamente impactadas neste momento, o Instituto est\u00e1 lan\u00e7ando a campanha \u201cDe cora\u00e7\u00e3o para cora\u00e7\u00e3o\u201d, que pretende arrecadar fundos para alimentar fam\u00edlias em situa\u00e7\u00e3o de vulnerabilidade social. Os valores arrecadados ser\u00e3o revertidos em cestas b\u00e1sicas para as fam\u00edlias atendidas pelo Instituto A\u00e7o Cearense. As doa\u00e7\u00f5es podem ser feitas por meio de transfer\u00eancias, boletos banc\u00e1rios ou pix.<\/p>\n<p class=\"p1\">A presidente do Instituto A\u00e7o Cearense, Rosemeire Matos, destaca que a uni\u00e3o agora \u00e9 o caminho mais eficaz para que sejam beneficiadas o maior n\u00famero de pessoas. \u201cA Campanha de Cora\u00e7\u00e3o para Cora\u00e7\u00e3o tem a inten\u00e7\u00e3o de unir for\u00e7as para um bem maior. A ideia \u00e9 que qualquer pessoa ou institui\u00e7\u00e3o possa doar. Quanto mais gente se unir, mais pessoas receber\u00e3o esse amparo\u201d, explica. Com as arrecada\u00e7\u00f5es, a entidade pretende ajudar as fam\u00edlias de comunidades carentes nos tr\u00eas estados onde atua: Cear\u00e1, Par\u00e1 e Tocantins.<\/p>\n<h2>Formas de doa\u00e7\u00e3o:<\/h2>\n<p>\u2022 PIX: 11725750000147 (chave CNPJ)<br \/>\n\u2022 Boleto:\u00a0<a href=\"http:\/\/bit.ly\/IAC-FomeN%C3%A3o\">bit.ly\/IAC-FomeN\u00e3o<\/a><br \/>\n\u2022 Transfer\u00eancia:<br \/>\nINSTITUTO A\u00c7O CEARENSE<br \/>\nCNPJ: 11.725.750\/0001-47<br \/>\nBanco do Brasil<br \/>\nAgencia: 03434-7 Conta: 106.283-2<\/p>\n","protected":false},"featured_media":2111,"template":"","meta":{"_acf_changed":false,"inline_featured_image":false},"categoria-noticia":[],"class_list":["post-2103","noticia","type-noticia","status-publish","has-post-thumbnail","hentry"],"acf":{"link":""},"yoast_head":"<!-- This site is optimized with the Yoast SEO plugin v25.9 - https:\/\/yoast.com\/wordpress\/plugins\/seo\/ -->\n<title>Instituto A\u00e7o Cearense lan\u00e7a campanha para ajudar fam\u00edlias carentes - Grupo A\u00e7o Cearense<\/title>\n<meta name=\"robots\" content=\"index, follow, max-snippet:-1, max-image-preview:large, max-video-preview:-1\" \/>\n<link rel=\"canonical\" href=\"https:\/\/previews.elleven.digital\/acocearense\/noticia\/instituto-aco-cearense-lanca-campanha-para-ajudar-familias-carentes\/\" \/>\n<meta property=\"og:locale\" content=\"pt_BR\" \/>\n<meta property=\"og:type\" content=\"article\" \/>\n<meta property=\"og:title\" content=\"Instituto A\u00e7o Cearense lan\u00e7a campanha para ajudar fam\u00edlias carentes - Grupo A\u00e7o Cearense\" \/>\n<meta property=\"og:description\" content=\"O Instituto A\u00e7o Cearense h\u00e1 11 anos realiza a\u00e7\u00f5es em diversas \u00e1reas sociais. Nos \u00faltimos(...)\" \/>\n<meta property=\"og:url\" content=\"https:\/\/previews.elleven.digital\/acocearense\/noticia\/instituto-aco-cearense-lanca-campanha-para-ajudar-familias-carentes\/\" \/>\n<meta property=\"og:site_name\" content=\"Grupo A\u00e7o Cearense\" \/>\n<meta property=\"article:modified_time\" content=\"2025-05-07T20:20:10+00:00\" \/>\n<meta property=\"og:image\" content=\"https:\/\/previews.elleven.digital\/acocearense\/wp-content\/uploads\/2025\/05\/Design-sem-nome-768x576-1.png\" \/>\n\t<meta property=\"og:image:width\" content=\"768\" \/>\n\t<meta property=\"og:image:height\" content=\"576\" \/>\n\t<meta property=\"og:image:type\" content=\"image\/png\" \/>\n<meta name=\"twitter:card\" content=\"summary_large_image\" \/>\n<meta name=\"twitter:label1\" content=\"Est. tempo de leitura\" \/>\n\t<meta name=\"twitter:data1\" content=\"2 minutos\" \/>\n<script type=\"application\/ld+json\" class=\"yoast-schema-graph\">{\"@context\":\"https:\/\/schema.org\",\"@graph\":[{\"@type\":\"WebPage\",\"@id\":\"https:\/\/previews.elleven.digital\/acocearense\/noticia\/instituto-aco-cearense-lanca-campanha-para-ajudar-familias-carentes\/\",\"url\":\"https:\/\/previews.elleven.digital\/acocearense\/noticia\/instituto-aco-cearense-lanca-campanha-para-ajudar-familias-carentes\/\",\"name\":\"Instituto A\u00e7o Cearense lan\u00e7a campanha para ajudar fam\u00edlias carentes - Grupo A\u00e7o Cearense\",\"isPartOf\":{\"@id\":\"https:\/\/previews.elleven.digital\/acocearense\/#website\"},\"primaryImageOfPage\":{\"@id\":\"https:\/\/previews.elleven.digital\/acocearense\/noticia\/instituto-aco-cearense-lanca-campanha-para-ajudar-familias-carentes\/#primaryimage\"},\"image\":{\"@id\":\"https:\/\/previews.elleven.digital\/acocearense\/noticia\/instituto-aco-cearense-lanca-campanha-para-ajudar-familias-carentes\/#primaryimage\"},\"thumbnailUrl\":\"https:\/\/previews.elleven.digital\/acocearense\/wp-content\/uploads\/2025\/05\/Design-sem-nome-768x576-1.png\",\"datePublished\":\"2021-04-23T20:16:37+00:00\",\"dateModified\":\"2025-05-07T20:20:10+00:00\",\"breadcrumb\":{\"@id\":\"https:\/\/previews.elleven.digital\/acocearense\/noticia\/instituto-aco-cearense-lanca-campanha-para-ajudar-familias-carentes\/#breadcrumb\"},\"inLanguage\":\"pt-BR\",\"potentialAction\":[{\"@type\":\"ReadAction\",\"target\":[\"https:\/\/previews.elleven.digital\/acocearense\/noticia\/instituto-aco-cearense-lanca-campanha-para-ajudar-familias-carentes\/\"]}]},{\"@type\":\"ImageObject\",\"inLanguage\":\"pt-BR\",\"@id\":\"https:\/\/previews.elleven.digital\/acocearense\/noticia\/instituto-aco-cearense-lanca-campanha-para-ajudar-familias-carentes\/#primaryimage\",\"url\":\"https:\/\/previews.elleven.digital\/acocearense\/wp-content\/uploads\/2025\/05\/Design-sem-nome-768x576-1.png\",\"contentUrl\":\"https:\/\/previews.elleven.digital\/acocearense\/wp-content\/uploads\/2025\/05\/Design-sem-nome-768x576-1.png\",\"width\":768,\"height\":576},{\"@type\":\"BreadcrumbList\",\"@id\":\"https:\/\/previews.elleven.digital\/acocearense\/noticia\/instituto-aco-cearense-lanca-campanha-para-ajudar-familias-carentes\/#breadcrumb\",\"itemListElement\":[{\"@type\":\"ListItem\",\"position\":1,\"name\":\"In\u00edcio\",\"item\":\"https:\/\/previews.elleven.digital\/acocearense\/\"},{\"@type\":\"ListItem\",\"position\":2,\"name\":\"Not\u00edcias\",\"item\":\"https:\/\/previews.elleven.digital\/acocearense\/noticias\/\"},{\"@type\":\"ListItem\",\"position\":3,\"name\":\"Instituto A\u00e7o Cearense lan\u00e7a campanha para ajudar fam\u00edlias carentes\"}]},{\"@type\":\"WebSite\",\"@id\":\"https:\/\/previews.elleven.digital\/acocearense\/#website\",\"url\":\"https:\/\/previews.elleven.digital\/acocearense\/\",\"name\":\"A\u00e7o Cearense\",\"description\":\"H\u00e1 mais de 45 anos no mercado brasileiro do a\u00e7o.\",\"alternateName\":\"A\u00e7o Cearense\",\"potentialAction\":[{\"@type\":\"SearchAction\",\"target\":{\"@type\":\"EntryPoint\",\"urlTemplate\":\"https:\/\/previews.elleven.digital\/acocearense\/?s={search_term_string}\"},\"query-input\":{\"@type\":\"PropertyValueSpecification\",\"valueRequired\":true,\"valueName\":\"search_term_string\"}}],\"inLanguage\":\"pt-BR\"}]}<\/script>\n<!-- \/ Yoast SEO plugin. -->","yoast_head_json":{"title":"Instituto A\u00e7o Cearense lan\u00e7a campanha para ajudar fam\u00edlias carentes - Grupo A\u00e7o Cearense","robots":{"index":"index","follow":"follow","max-snippet":"max-snippet:-1","max-image-preview":"max-image-preview:large","max-video-preview":"max-video-preview:-1"},"canonical":"https:\/\/previews.elleven.digital\/acocearense\/noticia\/instituto-aco-cearense-lanca-campanha-para-ajudar-familias-carentes\/","og_locale":"pt_BR","og_type":"article","og_title":"Instituto A\u00e7o Cearense lan\u00e7a campanha para ajudar fam\u00edlias carentes - Grupo A\u00e7o Cearense","og_description":"O Instituto A\u00e7o Cearense h\u00e1 11 anos realiza a\u00e7\u00f5es em diversas \u00e1reas sociais. Nos \u00faltimos(...)","og_url":"https:\/\/previews.elleven.digital\/acocearense\/noticia\/instituto-aco-cearense-lanca-campanha-para-ajudar-familias-carentes\/","og_site_name":"Grupo A\u00e7o Cearense","article_modified_time":"2025-05-07T20:20:10+00:00","og_image":[{"width":768,"height":576,"url":"https:\/\/previews.elleven.digital\/acocearense\/wp-content\/uploads\/2025\/05\/Design-sem-nome-768x576-1.png","type":"image\/png"}],"twitter_card":"summary_large_image","twitter_misc":{"Est. tempo de leitura":"2 minutos"},"schema":{"@context":"https:\/\/schema.org","@graph":[{"@type":"WebPage","@id":"https:\/\/previews.elleven.digital\/acocearense\/noticia\/instituto-aco-cearense-lanca-campanha-para-ajudar-familias-carentes\/","url":"https:\/\/previews.elleven.digital\/acocearense\/noticia\/instituto-aco-cearense-lanca-campanha-para-ajudar-familias-carentes\/","name":"Instituto A\u00e7o Cearense lan\u00e7a campanha para ajudar fam\u00edlias carentes - Grupo A\u00e7o Cearense","isPartOf":{"@id":"https:\/\/previews.elleven.digital\/acocearense\/#website"},"primaryImageOfPage":{"@id":"https:\/\/previews.elleven.digital\/acocearense\/noticia\/instituto-aco-cearense-lanca-campanha-para-ajudar-familias-carentes\/#primaryimage"},"image":{"@id":"https:\/\/previews.elleven.digital\/acocearense\/noticia\/instituto-aco-cearense-lanca-campanha-para-ajudar-familias-carentes\/#primaryimage"},"thumbnailUrl":"https:\/\/previews.elleven.digital\/acocearense\/wp-content\/uploads\/2025\/05\/Design-sem-nome-768x576-1.png","datePublished":"2021-04-23T20:16:37+00:00","dateModified":"2025-05-07T20:20:10+00:00","breadcrumb":{"@id":"https:\/\/previews.elleven.digital\/acocearense\/noticia\/instituto-aco-cearense-lanca-campanha-para-ajudar-familias-carentes\/#breadcrumb"},"inLanguage":"pt-BR","potentialAction":[{"@type":"ReadAction","target":["https:\/\/previews.elleven.digital\/acocearense\/noticia\/instituto-aco-cearense-lanca-campanha-para-ajudar-familias-carentes\/"]}]},{"@type":"ImageObject","inLanguage":"pt-BR","@id":"https:\/\/previews.elleven.digital\/acocearense\/noticia\/instituto-aco-cearense-lanca-campanha-para-ajudar-familias-carentes\/#primaryimage","url":"https:\/\/previews.elleven.digital\/acocearense\/wp-content\/uploads\/2025\/05\/Design-sem-nome-768x576-1.png","contentUrl":"https:\/\/previews.elleven.digital\/acocearense\/wp-content\/uploads\/2025\/05\/Design-sem-nome-768x576-1.png","width":768,"height":576},{"@type":"BreadcrumbList","@id":"https:\/\/previews.elleven.digital\/acocearense\/noticia\/instituto-aco-cearense-lanca-campanha-para-ajudar-familias-carentes\/#breadcrumb","itemListElement":[{"@type":"ListItem","position":1,"name":"In\u00edcio","item":"https:\/\/previews.elleven.digital\/acocearense\/"},{"@type":"ListItem","position":2,"name":"Not\u00edcias","item":"https:\/\/previews.elleven.digital\/acocearense\/noticias\/"},{"@type":"ListItem","position":3,"name":"Instituto A\u00e7o Cearense lan\u00e7a campanha para ajudar fam\u00edlias carentes"}]},{"@type":"WebSite","@id":"https:\/\/previews.elleven.digital\/acocearense\/#website","url":"https:\/\/previews.elleven.digital\/acocearense\/","name":"A\u00e7o Cearense","description":"H\u00e1 mais de 45 anos no mercado brasileiro do a\u00e7o.","alternateName":"A\u00e7o Cearense","potentialAction":[{"@type":"SearchAction","target":{"@type":"EntryPoint","urlTemplate":"https:\/\/previews.elleven.digital\/acocearense\/?s={search_term_string}"},"query-input":{"@type":"PropertyValueSpecification","valueRequired":true,"valueName":"search_term_string"}}],"inLanguage":"pt-BR"}]}},"_links":{"self":[{"href":"https:\/\/previews.elleven.digital\/acocearense\/wp-json\/wp\/v2\/noticia\/2103","targetHints":{"allow":["GET"]}}],"collection":[{"href":"https:\/\/previews.elleven.digital\/acocearense\/wp-json\/wp\/v2\/noticia"}],"about":[{"href":"https:\/\/previews.elleven.digital\/acocearense\/wp-json\/wp\/v2\/types\/noticia"}],"wp:featuredmedia":[{"embeddable":true,"href":"https:\/\/previews.elleven.digital\/acocearense\/wp-json\/wp\/v2\/media\/2111"}],"wp:attachment":[{"href":"https:\/\/previews.elleven.digital\/acocearense\/wp-json\/wp\/v2\/media?parent=2103"}],"wp:term":[{"taxonomy":"categoria-noticia","embeddable":true,"href":"https:\/\/previews.elleven.digital\/acocearense\/wp-json\/wp\/v2\/categoria-noticia?post=2103"}],"curies":[{"name":"wp","href":"https:\/\/api.w.org\/{rel}","templated":true}]}}