{"id":2102,"date":"2021-04-16T17:16:14","date_gmt":"2021-04-16T20:16:14","guid":{"rendered":"https:\/\/previews.elleven.digital\/acocearense\/?post_type=noticia&#038;p=2102"},"modified":"2025-05-07T17:16:35","modified_gmt":"2025-05-07T20:16:35","slug":"colaboradores-da-sinobras-florestal-participam-de-campanha-de-doacao-de-sangue","status":"publish","type":"noticia","link":"https:\/\/previews.elleven.digital\/acocearense\/noticia\/colaboradores-da-sinobras-florestal-participam-de-campanha-de-doacao-de-sangue\/","title":{"rendered":"Colaboradores da SINOBRAS Florestal participam de campanha de doa\u00e7\u00e3o de sangue"},"content":{"rendered":"<p>Na \u00faltima semana, colaboradores da SINOBRAS Florestal, empresa do Grupo A\u00e7o Cearense, mostraram mais uma vez que a solidariedade tem um papel essencial nesses tempos dif\u00edceis e participaram de uma campanha de doa\u00e7\u00e3o de sangue. Em parceria com o hemocentro de Augustin\u00f3polis \u2013 TO, a a\u00e7\u00e3o foi promovida pela \u00e1rea do Servi\u00e7o Especializado em Seguran\u00e7a e Sa\u00fade no Trabalho Rural da empresa, com o apoio da Secretaria de Sa\u00fade de S\u00e3o Bento do Tocantins.<\/p>\n<p>Em decorr\u00eancia da escassez de doa\u00e7\u00f5es durante o per\u00edodo de pandemia, a\u00e7\u00f5es como estas s\u00e3o necess\u00e1rias para garantir o estoque dos hemocentros, como explica a gerente da SINOBRAS Florestal, Juliane Ellem Costa. \u201cSempre que poss\u00edvel, realizamos esta parceria, levando nossas equipes para doar, pois sabemos que \u00e9 um simples ato que pode salvar muitas vidas, especialmente neste momento de pandemia, onde se faz mais necess\u00e1rio ainda manter o abastecimento dos bancos de sangue\u201d.<\/p>\n<p>Todos os doadores passaram pela avalia\u00e7\u00e3o da empresa e tamb\u00e9m do hemocentro. Para doar \u00e9 necess\u00e1rio estar bem de sa\u00fade, ter entre 16 e 69 anos, pesar no m\u00ednimo 50 quilos e estar bem alimentado nas \u00faltimas 24 horas. Al\u00e9m disso, todos os cuidados sanit\u00e1rios foram tomados para evitar qualquer situa\u00e7\u00e3o de risco para os participantes. Para os doadores, essa miss\u00e3o foi gratificante. \u201cQuem j\u00e1 \u00e9 doador que continue doando e quem n\u00e3o for, e puder ser, pode come\u00e7ar. Eu fico grato em ajudar quem precisa mais do que nunca da nossa ajuda. \u201d, diz o colaborador Mauro de Jesus.<\/p>\n<p>O Grupo A\u00e7o Cearense tem se empenhado para atenuar a situa\u00e7\u00e3o da pandemia de Covid-19 em todos os estados onde opera, s\u00e3o eles Tocantins, Cear\u00e1 e Par\u00e1. Muitas doa\u00e7\u00f5es foram feitas atrav\u00e9s do Instituto A\u00e7o Cearense e tamb\u00e9m das empresas do Grupo, como cestas b\u00e1sicas, kits de higiene, cilindros de oxig\u00eanio, medicamentos, entre outros.<\/p>\n","protected":false},"featured_media":2084,"template":"","meta":{"_acf_changed":false,"inline_featured_image":false},"categoria-noticia":[],"class_list":["post-2102","noticia","type-noticia","status-publish","has-post-thumbnail","hentry"],"acf":{"link":""},"yoast_head":"<!-- This site is optimized with the Yoast SEO plugin v25.9 - https:\/\/yoast.com\/wordpress\/plugins\/seo\/ -->\n<title>Colaboradores da SINOBRAS Florestal participam de campanha de doa\u00e7\u00e3o de sangue - Grupo A\u00e7o Cearense<\/title>\n<meta name=\"robots\" content=\"index, follow, max-snippet:-1, max-image-preview:large, max-video-preview:-1\" \/>\n<link rel=\"canonical\" href=\"https:\/\/previews.elleven.digital\/acocearense\/noticia\/colaboradores-da-sinobras-florestal-participam-de-campanha-de-doacao-de-sangue\/\" \/>\n<meta property=\"og:locale\" content=\"pt_BR\" \/>\n<meta property=\"og:type\" content=\"article\" \/>\n<meta property=\"og:title\" content=\"Colaboradores da SINOBRAS Florestal participam de campanha de doa\u00e7\u00e3o de sangue - Grupo A\u00e7o Cearense\" \/>\n<meta property=\"og:description\" content=\"Na \u00faltima semana, colaboradores da SINOBRAS Florestal, empresa do Grupo A\u00e7o Cearense, mostraram mais uma(...)\" \/>\n<meta property=\"og:url\" content=\"https:\/\/previews.elleven.digital\/acocearense\/noticia\/colaboradores-da-sinobras-florestal-participam-de-campanha-de-doacao-de-sangue\/\" \/>\n<meta property=\"og:site_name\" content=\"Grupo A\u00e7o Cearense\" \/>\n<meta property=\"article:modified_time\" content=\"2025-05-07T20:16:35+00:00\" \/>\n<meta property=\"og:image\" content=\"https:\/\/previews.elleven.digital\/acocearense\/wp-content\/uploads\/2025\/05\/gac-1-768x576-1.png\" \/>\n\t<meta property=\"og:image:width\" content=\"768\" \/>\n\t<meta property=\"og:image:height\" content=\"576\" \/>\n\t<meta property=\"og:image:type\" content=\"image\/png\" \/>\n<meta name=\"twitter:card\" content=\"summary_large_image\" \/>\n<meta name=\"twitter:label1\" content=\"Est. tempo de leitura\" \/>\n\t<meta name=\"twitter:data1\" content=\"2 minutos\" \/>\n<script type=\"application\/ld+json\" class=\"yoast-schema-graph\">{\"@context\":\"https:\/\/schema.org\",\"@graph\":[{\"@type\":\"WebPage\",\"@id\":\"https:\/\/previews.elleven.digital\/acocearense\/noticia\/colaboradores-da-sinobras-florestal-participam-de-campanha-de-doacao-de-sangue\/\",\"url\":\"https:\/\/previews.elleven.digital\/acocearense\/noticia\/colaboradores-da-sinobras-florestal-participam-de-campanha-de-doacao-de-sangue\/\",\"name\":\"Colaboradores da SINOBRAS Florestal participam de campanha de doa\u00e7\u00e3o de sangue - Grupo A\u00e7o Cearense\",\"isPartOf\":{\"@id\":\"https:\/\/previews.elleven.digital\/acocearense\/#website\"},\"primaryImageOfPage\":{\"@id\":\"https:\/\/previews.elleven.digital\/acocearense\/noticia\/colaboradores-da-sinobras-florestal-participam-de-campanha-de-doacao-de-sangue\/#primaryimage\"},\"image\":{\"@id\":\"https:\/\/previews.elleven.digital\/acocearense\/noticia\/colaboradores-da-sinobras-florestal-participam-de-campanha-de-doacao-de-sangue\/#primaryimage\"},\"thumbnailUrl\":\"https:\/\/previews.elleven.digital\/acocearense\/wp-content\/uploads\/2025\/05\/gac-1-768x576-1.png\",\"datePublished\":\"2021-04-16T20:16:14+00:00\",\"dateModified\":\"2025-05-07T20:16:35+00:00\",\"breadcrumb\":{\"@id\":\"https:\/\/previews.elleven.digital\/acocearense\/noticia\/colaboradores-da-sinobras-florestal-participam-de-campanha-de-doacao-de-sangue\/#breadcrumb\"},\"inLanguage\":\"pt-BR\",\"potentialAction\":[{\"@type\":\"ReadAction\",\"target\":[\"https:\/\/previews.elleven.digital\/acocearense\/noticia\/colaboradores-da-sinobras-florestal-participam-de-campanha-de-doacao-de-sangue\/\"]}]},{\"@type\":\"ImageObject\",\"inLanguage\":\"pt-BR\",\"@id\":\"https:\/\/previews.elleven.digital\/acocearense\/noticia\/colaboradores-da-sinobras-florestal-participam-de-campanha-de-doacao-de-sangue\/#primaryimage\",\"url\":\"https:\/\/previews.elleven.digital\/acocearense\/wp-content\/uploads\/2025\/05\/gac-1-768x576-1.png\",\"contentUrl\":\"https:\/\/previews.elleven.digital\/acocearense\/wp-content\/uploads\/2025\/05\/gac-1-768x576-1.png\",\"width\":768,\"height\":576},{\"@type\":\"BreadcrumbList\",\"@id\":\"https:\/\/previews.elleven.digital\/acocearense\/noticia\/colaboradores-da-sinobras-florestal-participam-de-campanha-de-doacao-de-sangue\/#breadcrumb\",\"itemListElement\":[{\"@type\":\"ListItem\",\"position\":1,\"name\":\"In\u00edcio\",\"item\":\"https:\/\/previews.elleven.digital\/acocearense\/\"},{\"@type\":\"ListItem\",\"position\":2,\"name\":\"Not\u00edcias\",\"item\":\"https:\/\/previews.elleven.digital\/acocearense\/noticias\/\"},{\"@type\":\"ListItem\",\"position\":3,\"name\":\"Colaboradores da SINOBRAS Florestal participam de campanha de doa\u00e7\u00e3o de sangue\"}]},{\"@type\":\"WebSite\",\"@id\":\"https:\/\/previews.elleven.digital\/acocearense\/#website\",\"url\":\"https:\/\/previews.elleven.digital\/acocearense\/\",\"name\":\"A\u00e7o Cearense\",\"description\":\"H\u00e1 mais de 45 anos no mercado brasileiro do a\u00e7o.\",\"alternateName\":\"A\u00e7o Cearense\",\"potentialAction\":[{\"@type\":\"SearchAction\",\"target\":{\"@type\":\"EntryPoint\",\"urlTemplate\":\"https:\/\/previews.elleven.digital\/acocearense\/?s={search_term_string}\"},\"query-input\":{\"@type\":\"PropertyValueSpecification\",\"valueRequired\":true,\"valueName\":\"search_term_string\"}}],\"inLanguage\":\"pt-BR\"}]}<\/script>\n<!-- \/ Yoast SEO plugin. -->","yoast_head_json":{"title":"Colaboradores da SINOBRAS Florestal participam de campanha de doa\u00e7\u00e3o de sangue - Grupo A\u00e7o Cearense","robots":{"index":"index","follow":"follow","max-snippet":"max-snippet:-1","max-image-preview":"max-image-preview:large","max-video-preview":"max-video-preview:-1"},"canonical":"https:\/\/previews.elleven.digital\/acocearense\/noticia\/colaboradores-da-sinobras-florestal-participam-de-campanha-de-doacao-de-sangue\/","og_locale":"pt_BR","og_type":"article","og_title":"Colaboradores da SINOBRAS Florestal participam de campanha de doa\u00e7\u00e3o de sangue - Grupo A\u00e7o Cearense","og_description":"Na \u00faltima semana, colaboradores da SINOBRAS Florestal, empresa do Grupo A\u00e7o Cearense, mostraram mais uma(...)","og_url":"https:\/\/previews.elleven.digital\/acocearense\/noticia\/colaboradores-da-sinobras-florestal-participam-de-campanha-de-doacao-de-sangue\/","og_site_name":"Grupo A\u00e7o Cearense","article_modified_time":"2025-05-07T20:16:35+00:00","og_image":[{"width":768,"height":576,"url":"https:\/\/previews.elleven.digital\/acocearense\/wp-content\/uploads\/2025\/05\/gac-1-768x576-1.png","type":"image\/png"}],"twitter_card":"summary_large_image","twitter_misc":{"Est. tempo de leitura":"2 minutos"},"schema":{"@context":"https:\/\/schema.org","@graph":[{"@type":"WebPage","@id":"https:\/\/previews.elleven.digital\/acocearense\/noticia\/colaboradores-da-sinobras-florestal-participam-de-campanha-de-doacao-de-sangue\/","url":"https:\/\/previews.elleven.digital\/acocearense\/noticia\/colaboradores-da-sinobras-florestal-participam-de-campanha-de-doacao-de-sangue\/","name":"Colaboradores da SINOBRAS Florestal participam de campanha de doa\u00e7\u00e3o de sangue - Grupo A\u00e7o Cearense","isPartOf":{"@id":"https:\/\/previews.elleven.digital\/acocearense\/#website"},"primaryImageOfPage":{"@id":"https:\/\/previews.elleven.digital\/acocearense\/noticia\/colaboradores-da-sinobras-florestal-participam-de-campanha-de-doacao-de-sangue\/#primaryimage"},"image":{"@id":"https:\/\/previews.elleven.digital\/acocearense\/noticia\/colaboradores-da-sinobras-florestal-participam-de-campanha-de-doacao-de-sangue\/#primaryimage"},"thumbnailUrl":"https:\/\/previews.elleven.digital\/acocearense\/wp-content\/uploads\/2025\/05\/gac-1-768x576-1.png","datePublished":"2021-04-16T20:16:14+00:00","dateModified":"2025-05-07T20:16:35+00:00","breadcrumb":{"@id":"https:\/\/previews.elleven.digital\/acocearense\/noticia\/colaboradores-da-sinobras-florestal-participam-de-campanha-de-doacao-de-sangue\/#breadcrumb"},"inLanguage":"pt-BR","potentialAction":[{"@type":"ReadAction","target":["https:\/\/previews.elleven.digital\/acocearense\/noticia\/colaboradores-da-sinobras-florestal-participam-de-campanha-de-doacao-de-sangue\/"]}]},{"@type":"ImageObject","inLanguage":"pt-BR","@id":"https:\/\/previews.elleven.digital\/acocearense\/noticia\/colaboradores-da-sinobras-florestal-participam-de-campanha-de-doacao-de-sangue\/#primaryimage","url":"https:\/\/previews.elleven.digital\/acocearense\/wp-content\/uploads\/2025\/05\/gac-1-768x576-1.png","contentUrl":"https:\/\/previews.elleven.digital\/acocearense\/wp-content\/uploads\/2025\/05\/gac-1-768x576-1.png","width":768,"height":576},{"@type":"BreadcrumbList","@id":"https:\/\/previews.elleven.digital\/acocearense\/noticia\/colaboradores-da-sinobras-florestal-participam-de-campanha-de-doacao-de-sangue\/#breadcrumb","itemListElement":[{"@type":"ListItem","position":1,"name":"In\u00edcio","item":"https:\/\/previews.elleven.digital\/acocearense\/"},{"@type":"ListItem","position":2,"name":"Not\u00edcias","item":"https:\/\/previews.elleven.digital\/acocearense\/noticias\/"},{"@type":"ListItem","position":3,"name":"Colaboradores da SINOBRAS Florestal participam de campanha de doa\u00e7\u00e3o de sangue"}]},{"@type":"WebSite","@id":"https:\/\/previews.elleven.digital\/acocearense\/#website","url":"https:\/\/previews.elleven.digital\/acocearense\/","name":"A\u00e7o Cearense","description":"H\u00e1 mais de 45 anos no mercado brasileiro do a\u00e7o.","alternateName":"A\u00e7o Cearense","potentialAction":[{"@type":"SearchAction","target":{"@type":"EntryPoint","urlTemplate":"https:\/\/previews.elleven.digital\/acocearense\/?s={search_term_string}"},"query-input":{"@type":"PropertyValueSpecification","valueRequired":true,"valueName":"search_term_string"}}],"inLanguage":"pt-BR"}]}},"_links":{"self":[{"href":"https:\/\/previews.elleven.digital\/acocearense\/wp-json\/wp\/v2\/noticia\/2102","targetHints":{"allow":["GET"]}}],"collection":[{"href":"https:\/\/previews.elleven.digital\/acocearense\/wp-json\/wp\/v2\/noticia"}],"about":[{"href":"https:\/\/previews.elleven.digital\/acocearense\/wp-json\/wp\/v2\/types\/noticia"}],"wp:featuredmedia":[{"embeddable":true,"href":"https:\/\/previews.elleven.digital\/acocearense\/wp-json\/wp\/v2\/media\/2084"}],"wp:attachment":[{"href":"https:\/\/previews.elleven.digital\/acocearense\/wp-json\/wp\/v2\/media?parent=2102"}],"wp:term":[{"taxonomy":"categoria-noticia","embeddable":true,"href":"https:\/\/previews.elleven.digital\/acocearense\/wp-json\/wp\/v2\/categoria-noticia?post=2102"}],"curies":[{"name":"wp","href":"https:\/\/api.w.org\/{rel}","templated":true}]}}