{"id":2101,"date":"2021-04-16T17:15:51","date_gmt":"2021-04-16T20:15:51","guid":{"rendered":"https:\/\/previews.elleven.digital\/acocearense\/?post_type=noticia&#038;p=2101"},"modified":"2025-05-07T17:16:11","modified_gmt":"2025-05-07T20:16:11","slug":"instituto-aco-cearense-doa-recursos-para-beneficiar-saude-publica-e-alimentacao-de-familias-carentes","status":"publish","type":"noticia","link":"https:\/\/previews.elleven.digital\/acocearense\/noticia\/instituto-aco-cearense-doa-recursos-para-beneficiar-saude-publica-e-alimentacao-de-familias-carentes\/","title":{"rendered":"Instituto A\u00e7o Cearense doa recursos para beneficiar sa\u00fade p\u00fablica e alimenta\u00e7\u00e3o de fam\u00edlias carentes"},"content":{"rendered":"<p><i>Neste m\u00eas, a institui\u00e7\u00e3o est\u00e1 doando insumos hospitalares e 4 mil cestas b\u00e1sicas.<\/i><\/p>\n<div>\n<p>A pandemia do coronav\u00edrus entrou para a hist\u00f3ria como uma das maiores crises da humanidade. Diante do cen\u00e1rio em que o mundo vem passando, a iniciativa privada tem dado grandes passos para atenuar os impactos dessa crise. Em solidariedade \u00e0s pessoas que sofrem com a propaga\u00e7\u00e3o da Covid-19, o Instituto A\u00e7o Cearense do Grupo A\u00e7o Cearense realizou a doa\u00e7\u00e3o de insumos hospitalares para a rede de sa\u00fade de Fortaleza e cestas b\u00e1sicas para fam\u00edlias carentes.<\/p>\n<p>A institui\u00e7\u00e3o fez a doa\u00e7\u00e3o de respiradores (ventiladores pulmonares \u2013 adulto, pedi\u00e1trico e neonatal) e realizou a loca\u00e7\u00e3o de estruturas para a montagem de unidades do Hospital Geral de Fortaleza (HGF) e para a climatiza\u00e7\u00e3o do local. Al\u00e9m disso, o Instituto se mobilizou e doou 2 mil cestas b\u00e1sicas para fam\u00edlias em vulnerabilidade social de Fortaleza, Caucaia e S\u00e3o Gon\u00e7alo do Amarante e enviou outras 2 mil cestas para uma a\u00e7\u00e3o conjunta com a Federa\u00e7\u00e3o das Ind\u00fastrias do Estado do Cear\u00e1 (FIEC).<\/p>\n<p>Para a\u00a0presidente do Instituto A\u00e7o Cearense,\u00a0Rosemeire\u00a0Matos, essas doa\u00e7\u00f5es fazem parte de um movimento que a institui\u00e7\u00e3o encara como essencial. \u201cLevar ajuda e um pouco de al\u00edvio para as pessoas que est\u00e3o sendo diretamente impactadas pela pandemia \u00e9 um dever social. O Grupo A\u00e7o Cearense \u00e9 uma empresa que carrega valores humanos em seu prop\u00f3sito empresarial, e por isso nosso instituto foi criado, para transformar vidas, contribuir com uma sociedade mais justa e auxiliar quem mais precisa\u201d, afirma.<\/p>\n<p>O Instituto A\u00e7o Cearense tem participado ativamente de a\u00e7\u00f5es sociais em seus 11 anos de exist\u00eancia e desde mar\u00e7o de 2020 intensificou as contribui\u00e7\u00f5es. O Grupo A\u00e7o Cearense j\u00e1 realizou diversas doa\u00e7\u00f5es durante a pandemia, como a cess\u00e3o de cilindros de oxig\u00eanio \u00e0 prefeituras no Cear\u00e1 e no Par\u00e1, e tamb\u00e9m a doa\u00e7\u00e3o de toneladas de alimentos, m\u00e1scaras, kits escolares, testes de covid, medicamentos, material de limpeza e higiene pessoal para comunidades carentes.<\/p>\n<\/div>\n<div><img loading=\"lazy\" decoding=\"async\" class=\"size-full wp-image-10221 aligncenter\" src=\"https:\/\/previews.elleven.digital\/acocearense\/wp-content\/uploads\/2021\/04\/Instituto-Aco-Cearense-doa-recursos-para-beneficiar-saude-publica-e-alimentacao-de-familias-carentes-2.jpg\" sizes=\"auto, (max-width: 800px) 100vw, 800px\" srcset=\"https:\/\/previews.elleven.digital\/acocearense\/wp-content\/uploads\/2021\/04\/Instituto-Aco-Cearense-doa-recursos-para-beneficiar-saude-publica-e-alimentacao-de-familias-carentes-2.jpg 800w, https:\/\/previews.elleven.digital\/acocearense\/wp-content\/uploads\/2021\/04\/Instituto-Aco-Cearense-doa-recursos-para-beneficiar-saude-publica-e-alimentacao-de-familias-carentes-2-300x169.jpg 300w, https:\/\/previews.elleven.digital\/acocearense\/wp-content\/uploads\/2021\/04\/Instituto-Aco-Cearense-doa-recursos-para-beneficiar-saude-publica-e-alimentacao-de-familias-carentes-2-768x432.jpg 768w\" alt=\"Instituto A\u00e7o Cearense doa recursos para beneficiar sa\u00fade p\u00fablica e alimenta\u00e7\u00e3o de fam\u00edlias carentes 2\" width=\"800\" height=\"450\" \/><\/div>\n","protected":false},"featured_media":2085,"template":"","meta":{"_acf_changed":false,"inline_featured_image":false},"categoria-noticia":[],"class_list":["post-2101","noticia","type-noticia","status-publish","has-post-thumbnail","hentry"],"acf":{"link":""},"yoast_head":"<!-- This site is optimized with the Yoast SEO plugin v25.9 - https:\/\/yoast.com\/wordpress\/plugins\/seo\/ -->\n<title>Instituto A\u00e7o Cearense doa recursos para beneficiar sa\u00fade p\u00fablica e alimenta\u00e7\u00e3o de fam\u00edlias carentes - Grupo A\u00e7o Cearense<\/title>\n<meta name=\"robots\" content=\"index, follow, max-snippet:-1, max-image-preview:large, max-video-preview:-1\" \/>\n<link rel=\"canonical\" href=\"https:\/\/previews.elleven.digital\/acocearense\/noticia\/instituto-aco-cearense-doa-recursos-para-beneficiar-saude-publica-e-alimentacao-de-familias-carentes\/\" \/>\n<meta property=\"og:locale\" content=\"pt_BR\" \/>\n<meta property=\"og:type\" content=\"article\" \/>\n<meta property=\"og:title\" content=\"Instituto A\u00e7o Cearense doa recursos para beneficiar sa\u00fade p\u00fablica e alimenta\u00e7\u00e3o de fam\u00edlias carentes - Grupo A\u00e7o Cearense\" \/>\n<meta property=\"og:description\" content=\"Neste m\u00eas, a institui\u00e7\u00e3o est\u00e1 doando insumos hospitalares e 4 mil cestas b\u00e1sicas. A pandemia(...)\" \/>\n<meta property=\"og:url\" content=\"https:\/\/previews.elleven.digital\/acocearense\/noticia\/instituto-aco-cearense-doa-recursos-para-beneficiar-saude-publica-e-alimentacao-de-familias-carentes\/\" \/>\n<meta property=\"og:site_name\" content=\"Grupo A\u00e7o Cearense\" \/>\n<meta property=\"article:modified_time\" content=\"2025-05-07T20:16:11+00:00\" \/>\n<meta property=\"og:image\" content=\"https:\/\/previews.elleven.digital\/acocearense\/wp-content\/uploads\/2025\/05\/Instituto-Aco-Cearense-doa-recursos-para-beneficiar-saude-publica-e-alimentacao-de-familias-carentes-768x575-1.jpg\" \/>\n\t<meta property=\"og:image:width\" content=\"768\" \/>\n\t<meta property=\"og:image:height\" content=\"575\" \/>\n\t<meta property=\"og:image:type\" content=\"image\/jpeg\" \/>\n<meta name=\"twitter:card\" content=\"summary_large_image\" \/>\n<meta name=\"twitter:label1\" content=\"Est. tempo de leitura\" \/>\n\t<meta name=\"twitter:data1\" content=\"1 minuto\" \/>\n<script type=\"application\/ld+json\" class=\"yoast-schema-graph\">{\"@context\":\"https:\/\/schema.org\",\"@graph\":[{\"@type\":\"WebPage\",\"@id\":\"https:\/\/previews.elleven.digital\/acocearense\/noticia\/instituto-aco-cearense-doa-recursos-para-beneficiar-saude-publica-e-alimentacao-de-familias-carentes\/\",\"url\":\"https:\/\/previews.elleven.digital\/acocearense\/noticia\/instituto-aco-cearense-doa-recursos-para-beneficiar-saude-publica-e-alimentacao-de-familias-carentes\/\",\"name\":\"Instituto A\u00e7o Cearense doa recursos para beneficiar sa\u00fade p\u00fablica e alimenta\u00e7\u00e3o de fam\u00edlias carentes - Grupo A\u00e7o Cearense\",\"isPartOf\":{\"@id\":\"https:\/\/previews.elleven.digital\/acocearense\/#website\"},\"primaryImageOfPage\":{\"@id\":\"https:\/\/previews.elleven.digital\/acocearense\/noticia\/instituto-aco-cearense-doa-recursos-para-beneficiar-saude-publica-e-alimentacao-de-familias-carentes\/#primaryimage\"},\"image\":{\"@id\":\"https:\/\/previews.elleven.digital\/acocearense\/noticia\/instituto-aco-cearense-doa-recursos-para-beneficiar-saude-publica-e-alimentacao-de-familias-carentes\/#primaryimage\"},\"thumbnailUrl\":\"https:\/\/previews.elleven.digital\/acocearense\/wp-content\/uploads\/2025\/05\/Instituto-Aco-Cearense-doa-recursos-para-beneficiar-saude-publica-e-alimentacao-de-familias-carentes-768x575-1.jpg\",\"datePublished\":\"2021-04-16T20:15:51+00:00\",\"dateModified\":\"2025-05-07T20:16:11+00:00\",\"breadcrumb\":{\"@id\":\"https:\/\/previews.elleven.digital\/acocearense\/noticia\/instituto-aco-cearense-doa-recursos-para-beneficiar-saude-publica-e-alimentacao-de-familias-carentes\/#breadcrumb\"},\"inLanguage\":\"pt-BR\",\"potentialAction\":[{\"@type\":\"ReadAction\",\"target\":[\"https:\/\/previews.elleven.digital\/acocearense\/noticia\/instituto-aco-cearense-doa-recursos-para-beneficiar-saude-publica-e-alimentacao-de-familias-carentes\/\"]}]},{\"@type\":\"ImageObject\",\"inLanguage\":\"pt-BR\",\"@id\":\"https:\/\/previews.elleven.digital\/acocearense\/noticia\/instituto-aco-cearense-doa-recursos-para-beneficiar-saude-publica-e-alimentacao-de-familias-carentes\/#primaryimage\",\"url\":\"https:\/\/previews.elleven.digital\/acocearense\/wp-content\/uploads\/2025\/05\/Instituto-Aco-Cearense-doa-recursos-para-beneficiar-saude-publica-e-alimentacao-de-familias-carentes-768x575-1.jpg\",\"contentUrl\":\"https:\/\/previews.elleven.digital\/acocearense\/wp-content\/uploads\/2025\/05\/Instituto-Aco-Cearense-doa-recursos-para-beneficiar-saude-publica-e-alimentacao-de-familias-carentes-768x575-1.jpg\",\"width\":768,\"height\":575},{\"@type\":\"BreadcrumbList\",\"@id\":\"https:\/\/previews.elleven.digital\/acocearense\/noticia\/instituto-aco-cearense-doa-recursos-para-beneficiar-saude-publica-e-alimentacao-de-familias-carentes\/#breadcrumb\",\"itemListElement\":[{\"@type\":\"ListItem\",\"position\":1,\"name\":\"In\u00edcio\",\"item\":\"https:\/\/previews.elleven.digital\/acocearense\/\"},{\"@type\":\"ListItem\",\"position\":2,\"name\":\"Not\u00edcias\",\"item\":\"https:\/\/previews.elleven.digital\/acocearense\/noticias\/\"},{\"@type\":\"ListItem\",\"position\":3,\"name\":\"Instituto A\u00e7o Cearense doa recursos para beneficiar sa\u00fade p\u00fablica e alimenta\u00e7\u00e3o de fam\u00edlias carentes\"}]},{\"@type\":\"WebSite\",\"@id\":\"https:\/\/previews.elleven.digital\/acocearense\/#website\",\"url\":\"https:\/\/previews.elleven.digital\/acocearense\/\",\"name\":\"A\u00e7o Cearense\",\"description\":\"H\u00e1 mais de 45 anos no mercado brasileiro do a\u00e7o.\",\"alternateName\":\"A\u00e7o Cearense\",\"potentialAction\":[{\"@type\":\"SearchAction\",\"target\":{\"@type\":\"EntryPoint\",\"urlTemplate\":\"https:\/\/previews.elleven.digital\/acocearense\/?s={search_term_string}\"},\"query-input\":{\"@type\":\"PropertyValueSpecification\",\"valueRequired\":true,\"valueName\":\"search_term_string\"}}],\"inLanguage\":\"pt-BR\"}]}<\/script>\n<!-- \/ Yoast SEO plugin. -->","yoast_head_json":{"title":"Instituto A\u00e7o Cearense doa recursos para beneficiar sa\u00fade p\u00fablica e alimenta\u00e7\u00e3o de fam\u00edlias carentes - Grupo A\u00e7o Cearense","robots":{"index":"index","follow":"follow","max-snippet":"max-snippet:-1","max-image-preview":"max-image-preview:large","max-video-preview":"max-video-preview:-1"},"canonical":"https:\/\/previews.elleven.digital\/acocearense\/noticia\/instituto-aco-cearense-doa-recursos-para-beneficiar-saude-publica-e-alimentacao-de-familias-carentes\/","og_locale":"pt_BR","og_type":"article","og_title":"Instituto A\u00e7o Cearense doa recursos para beneficiar sa\u00fade p\u00fablica e alimenta\u00e7\u00e3o de fam\u00edlias carentes - Grupo A\u00e7o Cearense","og_description":"Neste m\u00eas, a institui\u00e7\u00e3o est\u00e1 doando insumos hospitalares e 4 mil cestas b\u00e1sicas. A pandemia(...)","og_url":"https:\/\/previews.elleven.digital\/acocearense\/noticia\/instituto-aco-cearense-doa-recursos-para-beneficiar-saude-publica-e-alimentacao-de-familias-carentes\/","og_site_name":"Grupo A\u00e7o Cearense","article_modified_time":"2025-05-07T20:16:11+00:00","og_image":[{"width":768,"height":575,"url":"https:\/\/previews.elleven.digital\/acocearense\/wp-content\/uploads\/2025\/05\/Instituto-Aco-Cearense-doa-recursos-para-beneficiar-saude-publica-e-alimentacao-de-familias-carentes-768x575-1.jpg","type":"image\/jpeg"}],"twitter_card":"summary_large_image","twitter_misc":{"Est. tempo de leitura":"1 minuto"},"schema":{"@context":"https:\/\/schema.org","@graph":[{"@type":"WebPage","@id":"https:\/\/previews.elleven.digital\/acocearense\/noticia\/instituto-aco-cearense-doa-recursos-para-beneficiar-saude-publica-e-alimentacao-de-familias-carentes\/","url":"https:\/\/previews.elleven.digital\/acocearense\/noticia\/instituto-aco-cearense-doa-recursos-para-beneficiar-saude-publica-e-alimentacao-de-familias-carentes\/","name":"Instituto A\u00e7o Cearense doa recursos para beneficiar sa\u00fade p\u00fablica e alimenta\u00e7\u00e3o de fam\u00edlias carentes - Grupo A\u00e7o Cearense","isPartOf":{"@id":"https:\/\/previews.elleven.digital\/acocearense\/#website"},"primaryImageOfPage":{"@id":"https:\/\/previews.elleven.digital\/acocearense\/noticia\/instituto-aco-cearense-doa-recursos-para-beneficiar-saude-publica-e-alimentacao-de-familias-carentes\/#primaryimage"},"image":{"@id":"https:\/\/previews.elleven.digital\/acocearense\/noticia\/instituto-aco-cearense-doa-recursos-para-beneficiar-saude-publica-e-alimentacao-de-familias-carentes\/#primaryimage"},"thumbnailUrl":"https:\/\/previews.elleven.digital\/acocearense\/wp-content\/uploads\/2025\/05\/Instituto-Aco-Cearense-doa-recursos-para-beneficiar-saude-publica-e-alimentacao-de-familias-carentes-768x575-1.jpg","datePublished":"2021-04-16T20:15:51+00:00","dateModified":"2025-05-07T20:16:11+00:00","breadcrumb":{"@id":"https:\/\/previews.elleven.digital\/acocearense\/noticia\/instituto-aco-cearense-doa-recursos-para-beneficiar-saude-publica-e-alimentacao-de-familias-carentes\/#breadcrumb"},"inLanguage":"pt-BR","potentialAction":[{"@type":"ReadAction","target":["https:\/\/previews.elleven.digital\/acocearense\/noticia\/instituto-aco-cearense-doa-recursos-para-beneficiar-saude-publica-e-alimentacao-de-familias-carentes\/"]}]},{"@type":"ImageObject","inLanguage":"pt-BR","@id":"https:\/\/previews.elleven.digital\/acocearense\/noticia\/instituto-aco-cearense-doa-recursos-para-beneficiar-saude-publica-e-alimentacao-de-familias-carentes\/#primaryimage","url":"https:\/\/previews.elleven.digital\/acocearense\/wp-content\/uploads\/2025\/05\/Instituto-Aco-Cearense-doa-recursos-para-beneficiar-saude-publica-e-alimentacao-de-familias-carentes-768x575-1.jpg","contentUrl":"https:\/\/previews.elleven.digital\/acocearense\/wp-content\/uploads\/2025\/05\/Instituto-Aco-Cearense-doa-recursos-para-beneficiar-saude-publica-e-alimentacao-de-familias-carentes-768x575-1.jpg","width":768,"height":575},{"@type":"BreadcrumbList","@id":"https:\/\/previews.elleven.digital\/acocearense\/noticia\/instituto-aco-cearense-doa-recursos-para-beneficiar-saude-publica-e-alimentacao-de-familias-carentes\/#breadcrumb","itemListElement":[{"@type":"ListItem","position":1,"name":"In\u00edcio","item":"https:\/\/previews.elleven.digital\/acocearense\/"},{"@type":"ListItem","position":2,"name":"Not\u00edcias","item":"https:\/\/previews.elleven.digital\/acocearense\/noticias\/"},{"@type":"ListItem","position":3,"name":"Instituto A\u00e7o Cearense doa recursos para beneficiar sa\u00fade p\u00fablica e alimenta\u00e7\u00e3o de fam\u00edlias carentes"}]},{"@type":"WebSite","@id":"https:\/\/previews.elleven.digital\/acocearense\/#website","url":"https:\/\/previews.elleven.digital\/acocearense\/","name":"A\u00e7o Cearense","description":"H\u00e1 mais de 45 anos no mercado brasileiro do a\u00e7o.","alternateName":"A\u00e7o Cearense","potentialAction":[{"@type":"SearchAction","target":{"@type":"EntryPoint","urlTemplate":"https:\/\/previews.elleven.digital\/acocearense\/?s={search_term_string}"},"query-input":{"@type":"PropertyValueSpecification","valueRequired":true,"valueName":"search_term_string"}}],"inLanguage":"pt-BR"}]}},"_links":{"self":[{"href":"https:\/\/previews.elleven.digital\/acocearense\/wp-json\/wp\/v2\/noticia\/2101","targetHints":{"allow":["GET"]}}],"collection":[{"href":"https:\/\/previews.elleven.digital\/acocearense\/wp-json\/wp\/v2\/noticia"}],"about":[{"href":"https:\/\/previews.elleven.digital\/acocearense\/wp-json\/wp\/v2\/types\/noticia"}],"wp:featuredmedia":[{"embeddable":true,"href":"https:\/\/previews.elleven.digital\/acocearense\/wp-json\/wp\/v2\/media\/2085"}],"wp:attachment":[{"href":"https:\/\/previews.elleven.digital\/acocearense\/wp-json\/wp\/v2\/media?parent=2101"}],"wp:term":[{"taxonomy":"categoria-noticia","embeddable":true,"href":"https:\/\/previews.elleven.digital\/acocearense\/wp-json\/wp\/v2\/categoria-noticia?post=2101"}],"curies":[{"name":"wp","href":"https:\/\/api.w.org\/{rel}","templated":true}]}}