{"id":2098,"date":"2021-03-26T17:13:57","date_gmt":"2021-03-26T20:13:57","guid":{"rendered":"https:\/\/previews.elleven.digital\/acocearense\/?post_type=noticia&#038;p=2098"},"modified":"2025-05-07T17:14:20","modified_gmt":"2025-05-07T20:14:20","slug":"sinobras-apresenta-case-de-sucesso-com-projeto-de-inclusao-de-pcds-em-audiencia-do-ministerio-publico-do-trabalho","status":"publish","type":"noticia","link":"https:\/\/previews.elleven.digital\/acocearense\/noticia\/sinobras-apresenta-case-de-sucesso-com-projeto-de-inclusao-de-pcds-em-audiencia-do-ministerio-publico-do-trabalho\/","title":{"rendered":"SINOBRAS apresenta case de sucesso com projeto de inclus\u00e3o de PcDs em audi\u00eancia do Minist\u00e9rio P\u00fablico do Trabalho"},"content":{"rendered":"<p>A inclus\u00e3o de pessoas com defici\u00eancia vai muito al\u00e9m do cumprimento da legisla\u00e7\u00e3o. Proporcionar um ambiente adequado e agregador, com respeito \u00e0s diferen\u00e7as, iniciativas de apoio e maneiras de combater o preconceito s\u00e3o as principais formas de promover essa inclus\u00e3o. Ciente do seu papel enquanto empresa que transforma a realidade de toda uma comunidade, a SINOBRAS investe em a\u00e7\u00f5es para proporcionar um espa\u00e7o adequado para o trabalho de pessoas com defici\u00eancia e, por este motivo, foi convidada para apresentar seu case de sucesso em uma audi\u00eancia p\u00fablica promovida pelo Minist\u00e9rio P\u00fablico do Trabalho, que aconteceu na \u00faltima sexta-feira, 19 de mar\u00e7o, para a apresenta\u00e7\u00e3o e lan\u00e7amento do Projeto + Inclus\u00e3o.<\/p>\n<p>A reuni\u00e3o foi realizada de forma virtual e contou com a presen\u00e7a de representantes do Minist\u00e9rio P\u00fablico do Trabalho, da Prefeitura de Marab\u00e1, do Conselho Municipal da Pessoa Com Defici\u00eancia, de empresas privadas e de entidades sociais para pessoas com defici\u00eancia. O Projeto + Inclus\u00e3o prev\u00ea a produ\u00e7\u00e3o de um banco de cadastro de PcDs para o trabalho no sul e sudeste do Par\u00e1, colaborando com empregadores na contrata\u00e7\u00e3o de pessoas com defici\u00eancia, fazendo o encaminhamento desses trabalhadores para as vagas ofertadas.<\/p>\n<p>Na ocasi\u00e3o, Admilson Rocha, consultor de RH da SINOBRAS, e Sara Linda, coordenadora jur\u00eddica da SINOBRAS, apresentaram os dados e as a\u00e7\u00f5es que a empresa implantou para receber os profissionais PcDs. Entre as a\u00e7\u00f5es, est\u00e1 um Projeto Educacional que ensina L\u00edngua Brasileira de Sinais (Libras) para todos as pessoas dos setores que receberam colaboradores surdos, al\u00e9m de um projeto de capacita\u00e7\u00e3o, onde as pessoas com defici\u00eancia passam por um curso de forma\u00e7\u00e3o pelo per\u00edodo 11 meses, j\u00e1 com a carteira assinada e todos os benef\u00edcios como colaborador, enquanto se qualificam para suas fun\u00e7\u00f5es.<\/p>\n<p>A SINOBRAS conta tamb\u00e9m com uma estrutura adaptada com piso t\u00e1til, rampas de acesso, corrim\u00f5es, portas, refeit\u00f3rios e banheiros adaptados, e realiza constantemente a sensibiliza\u00e7\u00e3o de seus colaboradores em parceria com \u00f3rg\u00e3os e institui\u00e7\u00f5es de educa\u00e7\u00e3o. Para a coordenadora jur\u00eddica, Sara Linda, essas a\u00e7\u00f5es v\u00e3o al\u00e9m do que a legisla\u00e7\u00e3o exige. \u201cA empresa vai muito al\u00e9m do cumprimento da lei. Hoje temos um quadro com mais de 60 pessoas com defici\u00eancia que de fato foram integradas \u00e0 empresa, e estamos preparados para contribuir com o crescimento delas no mercado de trabalho. Sabemos que fazer nossa parte \u00e9 tamb\u00e9m proporcionar dignidade e orgulho para todos esses colaboradores. Estamos sempre abertos a acolher e respeitar todas as diferen\u00e7as\u201d, destaca.<\/p>\n","protected":false},"featured_media":2088,"template":"","meta":{"_acf_changed":false,"inline_featured_image":false},"categoria-noticia":[],"class_list":["post-2098","noticia","type-noticia","status-publish","has-post-thumbnail","hentry"],"acf":{"link":""},"yoast_head":"<!-- This site is optimized with the Yoast SEO plugin v25.9 - https:\/\/yoast.com\/wordpress\/plugins\/seo\/ -->\n<title>SINOBRAS apresenta case de sucesso com projeto de inclus\u00e3o de PcDs em audi\u00eancia do Minist\u00e9rio P\u00fablico do Trabalho - Grupo A\u00e7o Cearense<\/title>\n<meta name=\"robots\" content=\"index, follow, max-snippet:-1, max-image-preview:large, max-video-preview:-1\" \/>\n<link rel=\"canonical\" href=\"https:\/\/previews.elleven.digital\/acocearense\/noticia\/sinobras-apresenta-case-de-sucesso-com-projeto-de-inclusao-de-pcds-em-audiencia-do-ministerio-publico-do-trabalho\/\" \/>\n<meta property=\"og:locale\" content=\"pt_BR\" \/>\n<meta property=\"og:type\" content=\"article\" \/>\n<meta property=\"og:title\" content=\"SINOBRAS apresenta case de sucesso com projeto de inclus\u00e3o de PcDs em audi\u00eancia do Minist\u00e9rio P\u00fablico do Trabalho - Grupo A\u00e7o Cearense\" \/>\n<meta property=\"og:description\" content=\"A inclus\u00e3o de pessoas com defici\u00eancia vai muito al\u00e9m do cumprimento da legisla\u00e7\u00e3o. Proporcionar um(...)\" \/>\n<meta property=\"og:url\" content=\"https:\/\/previews.elleven.digital\/acocearense\/noticia\/sinobras-apresenta-case-de-sucesso-com-projeto-de-inclusao-de-pcds-em-audiencia-do-ministerio-publico-do-trabalho\/\" \/>\n<meta property=\"og:site_name\" content=\"Grupo A\u00e7o Cearense\" \/>\n<meta property=\"article:modified_time\" content=\"2025-05-07T20:14:20+00:00\" \/>\n<meta property=\"og:image\" content=\"https:\/\/previews.elleven.digital\/acocearense\/wp-content\/uploads\/2025\/05\/case-sinobras-768x576-1.jpg\" \/>\n\t<meta property=\"og:image:width\" content=\"768\" \/>\n\t<meta property=\"og:image:height\" content=\"576\" \/>\n\t<meta property=\"og:image:type\" content=\"image\/jpeg\" \/>\n<meta name=\"twitter:card\" content=\"summary_large_image\" \/>\n<meta name=\"twitter:label1\" content=\"Est. tempo de leitura\" \/>\n\t<meta name=\"twitter:data1\" content=\"3 minutos\" \/>\n<script type=\"application\/ld+json\" class=\"yoast-schema-graph\">{\"@context\":\"https:\/\/schema.org\",\"@graph\":[{\"@type\":\"WebPage\",\"@id\":\"https:\/\/previews.elleven.digital\/acocearense\/noticia\/sinobras-apresenta-case-de-sucesso-com-projeto-de-inclusao-de-pcds-em-audiencia-do-ministerio-publico-do-trabalho\/\",\"url\":\"https:\/\/previews.elleven.digital\/acocearense\/noticia\/sinobras-apresenta-case-de-sucesso-com-projeto-de-inclusao-de-pcds-em-audiencia-do-ministerio-publico-do-trabalho\/\",\"name\":\"SINOBRAS apresenta case de sucesso com projeto de inclus\u00e3o de PcDs em audi\u00eancia do Minist\u00e9rio P\u00fablico do Trabalho - Grupo A\u00e7o Cearense\",\"isPartOf\":{\"@id\":\"https:\/\/previews.elleven.digital\/acocearense\/#website\"},\"primaryImageOfPage\":{\"@id\":\"https:\/\/previews.elleven.digital\/acocearense\/noticia\/sinobras-apresenta-case-de-sucesso-com-projeto-de-inclusao-de-pcds-em-audiencia-do-ministerio-publico-do-trabalho\/#primaryimage\"},\"image\":{\"@id\":\"https:\/\/previews.elleven.digital\/acocearense\/noticia\/sinobras-apresenta-case-de-sucesso-com-projeto-de-inclusao-de-pcds-em-audiencia-do-ministerio-publico-do-trabalho\/#primaryimage\"},\"thumbnailUrl\":\"https:\/\/previews.elleven.digital\/acocearense\/wp-content\/uploads\/2025\/05\/case-sinobras-768x576-1.jpg\",\"datePublished\":\"2021-03-26T20:13:57+00:00\",\"dateModified\":\"2025-05-07T20:14:20+00:00\",\"breadcrumb\":{\"@id\":\"https:\/\/previews.elleven.digital\/acocearense\/noticia\/sinobras-apresenta-case-de-sucesso-com-projeto-de-inclusao-de-pcds-em-audiencia-do-ministerio-publico-do-trabalho\/#breadcrumb\"},\"inLanguage\":\"pt-BR\",\"potentialAction\":[{\"@type\":\"ReadAction\",\"target\":[\"https:\/\/previews.elleven.digital\/acocearense\/noticia\/sinobras-apresenta-case-de-sucesso-com-projeto-de-inclusao-de-pcds-em-audiencia-do-ministerio-publico-do-trabalho\/\"]}]},{\"@type\":\"ImageObject\",\"inLanguage\":\"pt-BR\",\"@id\":\"https:\/\/previews.elleven.digital\/acocearense\/noticia\/sinobras-apresenta-case-de-sucesso-com-projeto-de-inclusao-de-pcds-em-audiencia-do-ministerio-publico-do-trabalho\/#primaryimage\",\"url\":\"https:\/\/previews.elleven.digital\/acocearense\/wp-content\/uploads\/2025\/05\/case-sinobras-768x576-1.jpg\",\"contentUrl\":\"https:\/\/previews.elleven.digital\/acocearense\/wp-content\/uploads\/2025\/05\/case-sinobras-768x576-1.jpg\",\"width\":768,\"height\":576},{\"@type\":\"BreadcrumbList\",\"@id\":\"https:\/\/previews.elleven.digital\/acocearense\/noticia\/sinobras-apresenta-case-de-sucesso-com-projeto-de-inclusao-de-pcds-em-audiencia-do-ministerio-publico-do-trabalho\/#breadcrumb\",\"itemListElement\":[{\"@type\":\"ListItem\",\"position\":1,\"name\":\"In\u00edcio\",\"item\":\"https:\/\/previews.elleven.digital\/acocearense\/\"},{\"@type\":\"ListItem\",\"position\":2,\"name\":\"Not\u00edcias\",\"item\":\"https:\/\/previews.elleven.digital\/acocearense\/noticias\/\"},{\"@type\":\"ListItem\",\"position\":3,\"name\":\"SINOBRAS apresenta case de sucesso com projeto de inclus\u00e3o de PcDs em audi\u00eancia do Minist\u00e9rio P\u00fablico do Trabalho\"}]},{\"@type\":\"WebSite\",\"@id\":\"https:\/\/previews.elleven.digital\/acocearense\/#website\",\"url\":\"https:\/\/previews.elleven.digital\/acocearense\/\",\"name\":\"A\u00e7o Cearense\",\"description\":\"H\u00e1 mais de 45 anos no mercado brasileiro do a\u00e7o.\",\"alternateName\":\"A\u00e7o Cearense\",\"potentialAction\":[{\"@type\":\"SearchAction\",\"target\":{\"@type\":\"EntryPoint\",\"urlTemplate\":\"https:\/\/previews.elleven.digital\/acocearense\/?s={search_term_string}\"},\"query-input\":{\"@type\":\"PropertyValueSpecification\",\"valueRequired\":true,\"valueName\":\"search_term_string\"}}],\"inLanguage\":\"pt-BR\"}]}<\/script>\n<!-- \/ Yoast SEO plugin. -->","yoast_head_json":{"title":"SINOBRAS apresenta case de sucesso com projeto de inclus\u00e3o de PcDs em audi\u00eancia do Minist\u00e9rio P\u00fablico do Trabalho - Grupo A\u00e7o Cearense","robots":{"index":"index","follow":"follow","max-snippet":"max-snippet:-1","max-image-preview":"max-image-preview:large","max-video-preview":"max-video-preview:-1"},"canonical":"https:\/\/previews.elleven.digital\/acocearense\/noticia\/sinobras-apresenta-case-de-sucesso-com-projeto-de-inclusao-de-pcds-em-audiencia-do-ministerio-publico-do-trabalho\/","og_locale":"pt_BR","og_type":"article","og_title":"SINOBRAS apresenta case de sucesso com projeto de inclus\u00e3o de PcDs em audi\u00eancia do Minist\u00e9rio P\u00fablico do Trabalho - Grupo A\u00e7o Cearense","og_description":"A inclus\u00e3o de pessoas com defici\u00eancia vai muito al\u00e9m do cumprimento da legisla\u00e7\u00e3o. Proporcionar um(...)","og_url":"https:\/\/previews.elleven.digital\/acocearense\/noticia\/sinobras-apresenta-case-de-sucesso-com-projeto-de-inclusao-de-pcds-em-audiencia-do-ministerio-publico-do-trabalho\/","og_site_name":"Grupo A\u00e7o Cearense","article_modified_time":"2025-05-07T20:14:20+00:00","og_image":[{"width":768,"height":576,"url":"https:\/\/previews.elleven.digital\/acocearense\/wp-content\/uploads\/2025\/05\/case-sinobras-768x576-1.jpg","type":"image\/jpeg"}],"twitter_card":"summary_large_image","twitter_misc":{"Est. tempo de leitura":"3 minutos"},"schema":{"@context":"https:\/\/schema.org","@graph":[{"@type":"WebPage","@id":"https:\/\/previews.elleven.digital\/acocearense\/noticia\/sinobras-apresenta-case-de-sucesso-com-projeto-de-inclusao-de-pcds-em-audiencia-do-ministerio-publico-do-trabalho\/","url":"https:\/\/previews.elleven.digital\/acocearense\/noticia\/sinobras-apresenta-case-de-sucesso-com-projeto-de-inclusao-de-pcds-em-audiencia-do-ministerio-publico-do-trabalho\/","name":"SINOBRAS apresenta case de sucesso com projeto de inclus\u00e3o de PcDs em audi\u00eancia do Minist\u00e9rio P\u00fablico do Trabalho - Grupo A\u00e7o Cearense","isPartOf":{"@id":"https:\/\/previews.elleven.digital\/acocearense\/#website"},"primaryImageOfPage":{"@id":"https:\/\/previews.elleven.digital\/acocearense\/noticia\/sinobras-apresenta-case-de-sucesso-com-projeto-de-inclusao-de-pcds-em-audiencia-do-ministerio-publico-do-trabalho\/#primaryimage"},"image":{"@id":"https:\/\/previews.elleven.digital\/acocearense\/noticia\/sinobras-apresenta-case-de-sucesso-com-projeto-de-inclusao-de-pcds-em-audiencia-do-ministerio-publico-do-trabalho\/#primaryimage"},"thumbnailUrl":"https:\/\/previews.elleven.digital\/acocearense\/wp-content\/uploads\/2025\/05\/case-sinobras-768x576-1.jpg","datePublished":"2021-03-26T20:13:57+00:00","dateModified":"2025-05-07T20:14:20+00:00","breadcrumb":{"@id":"https:\/\/previews.elleven.digital\/acocearense\/noticia\/sinobras-apresenta-case-de-sucesso-com-projeto-de-inclusao-de-pcds-em-audiencia-do-ministerio-publico-do-trabalho\/#breadcrumb"},"inLanguage":"pt-BR","potentialAction":[{"@type":"ReadAction","target":["https:\/\/previews.elleven.digital\/acocearense\/noticia\/sinobras-apresenta-case-de-sucesso-com-projeto-de-inclusao-de-pcds-em-audiencia-do-ministerio-publico-do-trabalho\/"]}]},{"@type":"ImageObject","inLanguage":"pt-BR","@id":"https:\/\/previews.elleven.digital\/acocearense\/noticia\/sinobras-apresenta-case-de-sucesso-com-projeto-de-inclusao-de-pcds-em-audiencia-do-ministerio-publico-do-trabalho\/#primaryimage","url":"https:\/\/previews.elleven.digital\/acocearense\/wp-content\/uploads\/2025\/05\/case-sinobras-768x576-1.jpg","contentUrl":"https:\/\/previews.elleven.digital\/acocearense\/wp-content\/uploads\/2025\/05\/case-sinobras-768x576-1.jpg","width":768,"height":576},{"@type":"BreadcrumbList","@id":"https:\/\/previews.elleven.digital\/acocearense\/noticia\/sinobras-apresenta-case-de-sucesso-com-projeto-de-inclusao-de-pcds-em-audiencia-do-ministerio-publico-do-trabalho\/#breadcrumb","itemListElement":[{"@type":"ListItem","position":1,"name":"In\u00edcio","item":"https:\/\/previews.elleven.digital\/acocearense\/"},{"@type":"ListItem","position":2,"name":"Not\u00edcias","item":"https:\/\/previews.elleven.digital\/acocearense\/noticias\/"},{"@type":"ListItem","position":3,"name":"SINOBRAS apresenta case de sucesso com projeto de inclus\u00e3o de PcDs em audi\u00eancia do Minist\u00e9rio P\u00fablico do Trabalho"}]},{"@type":"WebSite","@id":"https:\/\/previews.elleven.digital\/acocearense\/#website","url":"https:\/\/previews.elleven.digital\/acocearense\/","name":"A\u00e7o Cearense","description":"H\u00e1 mais de 45 anos no mercado brasileiro do a\u00e7o.","alternateName":"A\u00e7o Cearense","potentialAction":[{"@type":"SearchAction","target":{"@type":"EntryPoint","urlTemplate":"https:\/\/previews.elleven.digital\/acocearense\/?s={search_term_string}"},"query-input":{"@type":"PropertyValueSpecification","valueRequired":true,"valueName":"search_term_string"}}],"inLanguage":"pt-BR"}]}},"_links":{"self":[{"href":"https:\/\/previews.elleven.digital\/acocearense\/wp-json\/wp\/v2\/noticia\/2098","targetHints":{"allow":["GET"]}}],"collection":[{"href":"https:\/\/previews.elleven.digital\/acocearense\/wp-json\/wp\/v2\/noticia"}],"about":[{"href":"https:\/\/previews.elleven.digital\/acocearense\/wp-json\/wp\/v2\/types\/noticia"}],"wp:featuredmedia":[{"embeddable":true,"href":"https:\/\/previews.elleven.digital\/acocearense\/wp-json\/wp\/v2\/media\/2088"}],"wp:attachment":[{"href":"https:\/\/previews.elleven.digital\/acocearense\/wp-json\/wp\/v2\/media?parent=2098"}],"wp:term":[{"taxonomy":"categoria-noticia","embeddable":true,"href":"https:\/\/previews.elleven.digital\/acocearense\/wp-json\/wp\/v2\/categoria-noticia?post=2098"}],"curies":[{"name":"wp","href":"https:\/\/api.w.org\/{rel}","templated":true}]}}