{"id":2097,"date":"2021-03-23T17:13:27","date_gmt":"2021-03-23T20:13:27","guid":{"rendered":"https:\/\/previews.elleven.digital\/acocearense\/?post_type=noticia&#038;p=2097"},"modified":"2025-05-07T17:13:52","modified_gmt":"2025-05-07T20:13:52","slug":"sinobras-florestal-adquire-nova-fazenda-para-plantio-de-eucalipto","status":"publish","type":"noticia","link":"https:\/\/previews.elleven.digital\/acocearense\/noticia\/sinobras-florestal-adquire-nova-fazenda-para-plantio-de-eucalipto\/","title":{"rendered":"SINOBRAS Florestal adquire nova fazenda para plantio de eucalipto"},"content":{"rendered":"<p>Sempre alinhada a um modelo de sustentabilidade respons\u00e1vel, prezando pelo uso correto dos recursos naturais, de forma a reduzir os impactos no meio ambiente, a SINOBRAS Florestal, empresa do Grupo A\u00e7o Cearense, adquiriu mais uma fazenda para o plantio renov\u00e1vel de eucalipto, para aumentar sua produ\u00e7\u00e3o de redutor bioenerg\u00e9tico (carv\u00e3o vegetal), que abastece a Sider\u00fargica Norte Brasil S.A. \u2013 SINOBRAS.<\/p>\n<p>A nova fazenda tem 10.323 hectares, est\u00e1 situada no munic\u00edpio de Anan\u00e1s (TO), e, agora, faz parte dos ativos florestais da SINOBRAS Florestal, que j\u00e1 contava com 15 fazendas nos munic\u00edpios de Araguatins e S\u00e3o Bento do Tocantins (TO). Com a aquisi\u00e7\u00e3o, o Grupo A\u00e7o Cearense contabiliza 16 fazendas de plantio de eucalipto, atingindo um total de 35.531 hectares pr\u00f3prios.<\/p>\n<p>Segundo Juliane Ellem Costa, Gerente da SINOBRAS Florestal, uma nova fazenda impacta de forma muito positiva, tanto na produ\u00e7\u00e3o industrial, como na preserva\u00e7\u00e3o ambiental. \u201cEssa aquisi\u00e7\u00e3o refor\u00e7a a nossa sustentabilidade e representa um incremento na capacidade de produ\u00e7\u00e3o de madeira para a fabrica\u00e7\u00e3o de redutor bioenerg\u00e9tico. Significa tamb\u00e9m aumentar a \u00e1rea de preserva\u00e7\u00e3o, contribuindo para a manuten\u00e7\u00e3o da flora e fauna da regi\u00e3o\u201d, explica.<\/p>\n<p>A SINOBRAS Florestal possui 46 fornos retangulares, que mitigam os impactos ambientais e produzem o redutor bioenerg\u00e9tico que \u00e9 utilizado pela SINOBRAS, sider\u00fargica localizada em Marab\u00e1, no Par\u00e1. Gera cerca de 200 empregos diretos e, por ocasi\u00e3o do plantio, outros colaboradores s\u00e3o somados \u00e0s opera\u00e7\u00f5es sazonais.<\/p>\n","protected":false},"featured_media":2089,"template":"","meta":{"_acf_changed":false,"inline_featured_image":false},"categoria-noticia":[],"class_list":["post-2097","noticia","type-noticia","status-publish","has-post-thumbnail","hentry"],"acf":{"link":""},"yoast_head":"<!-- This site is optimized with the Yoast SEO plugin v25.9 - https:\/\/yoast.com\/wordpress\/plugins\/seo\/ -->\n<title>SINOBRAS Florestal adquire nova fazenda para plantio de eucalipto - Grupo A\u00e7o Cearense<\/title>\n<meta name=\"robots\" content=\"index, follow, max-snippet:-1, max-image-preview:large, max-video-preview:-1\" \/>\n<link rel=\"canonical\" href=\"https:\/\/previews.elleven.digital\/acocearense\/noticia\/sinobras-florestal-adquire-nova-fazenda-para-plantio-de-eucalipto\/\" \/>\n<meta property=\"og:locale\" content=\"pt_BR\" \/>\n<meta property=\"og:type\" content=\"article\" \/>\n<meta property=\"og:title\" content=\"SINOBRAS Florestal adquire nova fazenda para plantio de eucalipto - Grupo A\u00e7o Cearense\" \/>\n<meta property=\"og:description\" content=\"Sempre alinhada a um modelo de sustentabilidade respons\u00e1vel, prezando pelo uso correto dos recursos naturais,(...)\" \/>\n<meta property=\"og:url\" content=\"https:\/\/previews.elleven.digital\/acocearense\/noticia\/sinobras-florestal-adquire-nova-fazenda-para-plantio-de-eucalipto\/\" \/>\n<meta property=\"og:site_name\" content=\"Grupo A\u00e7o Cearense\" \/>\n<meta property=\"article:modified_time\" content=\"2025-05-07T20:13:52+00:00\" \/>\n<meta property=\"og:image\" content=\"https:\/\/previews.elleven.digital\/acocearense\/wp-content\/uploads\/2025\/05\/sinobras-florestal-nova-fazenda-768x576-1.jpg\" \/>\n\t<meta property=\"og:image:width\" content=\"768\" \/>\n\t<meta property=\"og:image:height\" content=\"576\" \/>\n\t<meta property=\"og:image:type\" content=\"image\/jpeg\" \/>\n<meta name=\"twitter:card\" content=\"summary_large_image\" \/>\n<meta name=\"twitter:label1\" content=\"Est. tempo de leitura\" \/>\n\t<meta name=\"twitter:data1\" content=\"1 minuto\" \/>\n<script type=\"application\/ld+json\" class=\"yoast-schema-graph\">{\"@context\":\"https:\/\/schema.org\",\"@graph\":[{\"@type\":\"WebPage\",\"@id\":\"https:\/\/previews.elleven.digital\/acocearense\/noticia\/sinobras-florestal-adquire-nova-fazenda-para-plantio-de-eucalipto\/\",\"url\":\"https:\/\/previews.elleven.digital\/acocearense\/noticia\/sinobras-florestal-adquire-nova-fazenda-para-plantio-de-eucalipto\/\",\"name\":\"SINOBRAS Florestal adquire nova fazenda para plantio de eucalipto - Grupo A\u00e7o Cearense\",\"isPartOf\":{\"@id\":\"https:\/\/previews.elleven.digital\/acocearense\/#website\"},\"primaryImageOfPage\":{\"@id\":\"https:\/\/previews.elleven.digital\/acocearense\/noticia\/sinobras-florestal-adquire-nova-fazenda-para-plantio-de-eucalipto\/#primaryimage\"},\"image\":{\"@id\":\"https:\/\/previews.elleven.digital\/acocearense\/noticia\/sinobras-florestal-adquire-nova-fazenda-para-plantio-de-eucalipto\/#primaryimage\"},\"thumbnailUrl\":\"https:\/\/previews.elleven.digital\/acocearense\/wp-content\/uploads\/2025\/05\/sinobras-florestal-nova-fazenda-768x576-1.jpg\",\"datePublished\":\"2021-03-23T20:13:27+00:00\",\"dateModified\":\"2025-05-07T20:13:52+00:00\",\"breadcrumb\":{\"@id\":\"https:\/\/previews.elleven.digital\/acocearense\/noticia\/sinobras-florestal-adquire-nova-fazenda-para-plantio-de-eucalipto\/#breadcrumb\"},\"inLanguage\":\"pt-BR\",\"potentialAction\":[{\"@type\":\"ReadAction\",\"target\":[\"https:\/\/previews.elleven.digital\/acocearense\/noticia\/sinobras-florestal-adquire-nova-fazenda-para-plantio-de-eucalipto\/\"]}]},{\"@type\":\"ImageObject\",\"inLanguage\":\"pt-BR\",\"@id\":\"https:\/\/previews.elleven.digital\/acocearense\/noticia\/sinobras-florestal-adquire-nova-fazenda-para-plantio-de-eucalipto\/#primaryimage\",\"url\":\"https:\/\/previews.elleven.digital\/acocearense\/wp-content\/uploads\/2025\/05\/sinobras-florestal-nova-fazenda-768x576-1.jpg\",\"contentUrl\":\"https:\/\/previews.elleven.digital\/acocearense\/wp-content\/uploads\/2025\/05\/sinobras-florestal-nova-fazenda-768x576-1.jpg\",\"width\":768,\"height\":576},{\"@type\":\"BreadcrumbList\",\"@id\":\"https:\/\/previews.elleven.digital\/acocearense\/noticia\/sinobras-florestal-adquire-nova-fazenda-para-plantio-de-eucalipto\/#breadcrumb\",\"itemListElement\":[{\"@type\":\"ListItem\",\"position\":1,\"name\":\"In\u00edcio\",\"item\":\"https:\/\/previews.elleven.digital\/acocearense\/\"},{\"@type\":\"ListItem\",\"position\":2,\"name\":\"Not\u00edcias\",\"item\":\"https:\/\/previews.elleven.digital\/acocearense\/noticias\/\"},{\"@type\":\"ListItem\",\"position\":3,\"name\":\"SINOBRAS Florestal adquire nova fazenda para plantio de eucalipto\"}]},{\"@type\":\"WebSite\",\"@id\":\"https:\/\/previews.elleven.digital\/acocearense\/#website\",\"url\":\"https:\/\/previews.elleven.digital\/acocearense\/\",\"name\":\"A\u00e7o Cearense\",\"description\":\"H\u00e1 mais de 45 anos no mercado brasileiro do a\u00e7o.\",\"alternateName\":\"A\u00e7o Cearense\",\"potentialAction\":[{\"@type\":\"SearchAction\",\"target\":{\"@type\":\"EntryPoint\",\"urlTemplate\":\"https:\/\/previews.elleven.digital\/acocearense\/?s={search_term_string}\"},\"query-input\":{\"@type\":\"PropertyValueSpecification\",\"valueRequired\":true,\"valueName\":\"search_term_string\"}}],\"inLanguage\":\"pt-BR\"}]}<\/script>\n<!-- \/ Yoast SEO plugin. -->","yoast_head_json":{"title":"SINOBRAS Florestal adquire nova fazenda para plantio de eucalipto - Grupo A\u00e7o Cearense","robots":{"index":"index","follow":"follow","max-snippet":"max-snippet:-1","max-image-preview":"max-image-preview:large","max-video-preview":"max-video-preview:-1"},"canonical":"https:\/\/previews.elleven.digital\/acocearense\/noticia\/sinobras-florestal-adquire-nova-fazenda-para-plantio-de-eucalipto\/","og_locale":"pt_BR","og_type":"article","og_title":"SINOBRAS Florestal adquire nova fazenda para plantio de eucalipto - Grupo A\u00e7o Cearense","og_description":"Sempre alinhada a um modelo de sustentabilidade respons\u00e1vel, prezando pelo uso correto dos recursos naturais,(...)","og_url":"https:\/\/previews.elleven.digital\/acocearense\/noticia\/sinobras-florestal-adquire-nova-fazenda-para-plantio-de-eucalipto\/","og_site_name":"Grupo A\u00e7o Cearense","article_modified_time":"2025-05-07T20:13:52+00:00","og_image":[{"width":768,"height":576,"url":"https:\/\/previews.elleven.digital\/acocearense\/wp-content\/uploads\/2025\/05\/sinobras-florestal-nova-fazenda-768x576-1.jpg","type":"image\/jpeg"}],"twitter_card":"summary_large_image","twitter_misc":{"Est. tempo de leitura":"1 minuto"},"schema":{"@context":"https:\/\/schema.org","@graph":[{"@type":"WebPage","@id":"https:\/\/previews.elleven.digital\/acocearense\/noticia\/sinobras-florestal-adquire-nova-fazenda-para-plantio-de-eucalipto\/","url":"https:\/\/previews.elleven.digital\/acocearense\/noticia\/sinobras-florestal-adquire-nova-fazenda-para-plantio-de-eucalipto\/","name":"SINOBRAS Florestal adquire nova fazenda para plantio de eucalipto - Grupo A\u00e7o Cearense","isPartOf":{"@id":"https:\/\/previews.elleven.digital\/acocearense\/#website"},"primaryImageOfPage":{"@id":"https:\/\/previews.elleven.digital\/acocearense\/noticia\/sinobras-florestal-adquire-nova-fazenda-para-plantio-de-eucalipto\/#primaryimage"},"image":{"@id":"https:\/\/previews.elleven.digital\/acocearense\/noticia\/sinobras-florestal-adquire-nova-fazenda-para-plantio-de-eucalipto\/#primaryimage"},"thumbnailUrl":"https:\/\/previews.elleven.digital\/acocearense\/wp-content\/uploads\/2025\/05\/sinobras-florestal-nova-fazenda-768x576-1.jpg","datePublished":"2021-03-23T20:13:27+00:00","dateModified":"2025-05-07T20:13:52+00:00","breadcrumb":{"@id":"https:\/\/previews.elleven.digital\/acocearense\/noticia\/sinobras-florestal-adquire-nova-fazenda-para-plantio-de-eucalipto\/#breadcrumb"},"inLanguage":"pt-BR","potentialAction":[{"@type":"ReadAction","target":["https:\/\/previews.elleven.digital\/acocearense\/noticia\/sinobras-florestal-adquire-nova-fazenda-para-plantio-de-eucalipto\/"]}]},{"@type":"ImageObject","inLanguage":"pt-BR","@id":"https:\/\/previews.elleven.digital\/acocearense\/noticia\/sinobras-florestal-adquire-nova-fazenda-para-plantio-de-eucalipto\/#primaryimage","url":"https:\/\/previews.elleven.digital\/acocearense\/wp-content\/uploads\/2025\/05\/sinobras-florestal-nova-fazenda-768x576-1.jpg","contentUrl":"https:\/\/previews.elleven.digital\/acocearense\/wp-content\/uploads\/2025\/05\/sinobras-florestal-nova-fazenda-768x576-1.jpg","width":768,"height":576},{"@type":"BreadcrumbList","@id":"https:\/\/previews.elleven.digital\/acocearense\/noticia\/sinobras-florestal-adquire-nova-fazenda-para-plantio-de-eucalipto\/#breadcrumb","itemListElement":[{"@type":"ListItem","position":1,"name":"In\u00edcio","item":"https:\/\/previews.elleven.digital\/acocearense\/"},{"@type":"ListItem","position":2,"name":"Not\u00edcias","item":"https:\/\/previews.elleven.digital\/acocearense\/noticias\/"},{"@type":"ListItem","position":3,"name":"SINOBRAS Florestal adquire nova fazenda para plantio de eucalipto"}]},{"@type":"WebSite","@id":"https:\/\/previews.elleven.digital\/acocearense\/#website","url":"https:\/\/previews.elleven.digital\/acocearense\/","name":"A\u00e7o Cearense","description":"H\u00e1 mais de 45 anos no mercado brasileiro do a\u00e7o.","alternateName":"A\u00e7o Cearense","potentialAction":[{"@type":"SearchAction","target":{"@type":"EntryPoint","urlTemplate":"https:\/\/previews.elleven.digital\/acocearense\/?s={search_term_string}"},"query-input":{"@type":"PropertyValueSpecification","valueRequired":true,"valueName":"search_term_string"}}],"inLanguage":"pt-BR"}]}},"_links":{"self":[{"href":"https:\/\/previews.elleven.digital\/acocearense\/wp-json\/wp\/v2\/noticia\/2097","targetHints":{"allow":["GET"]}}],"collection":[{"href":"https:\/\/previews.elleven.digital\/acocearense\/wp-json\/wp\/v2\/noticia"}],"about":[{"href":"https:\/\/previews.elleven.digital\/acocearense\/wp-json\/wp\/v2\/types\/noticia"}],"wp:featuredmedia":[{"embeddable":true,"href":"https:\/\/previews.elleven.digital\/acocearense\/wp-json\/wp\/v2\/media\/2089"}],"wp:attachment":[{"href":"https:\/\/previews.elleven.digital\/acocearense\/wp-json\/wp\/v2\/media?parent=2097"}],"wp:term":[{"taxonomy":"categoria-noticia","embeddable":true,"href":"https:\/\/previews.elleven.digital\/acocearense\/wp-json\/wp\/v2\/categoria-noticia?post=2097"}],"curies":[{"name":"wp","href":"https:\/\/api.w.org\/{rel}","templated":true}]}}