{"id":2095,"date":"2021-03-08T17:12:38","date_gmt":"2021-03-08T20:12:38","guid":{"rendered":"https:\/\/previews.elleven.digital\/acocearense\/?post_type=noticia&#038;p=2095"},"modified":"2025-05-07T17:12:57","modified_gmt":"2025-05-07T20:12:57","slug":"dia-da-mulher-e-celebrado-com-debate-e-acoes-de-reconhecimento-pelo-grupo-aco-cearense","status":"publish","type":"noticia","link":"https:\/\/previews.elleven.digital\/acocearense\/noticia\/dia-da-mulher-e-celebrado-com-debate-e-acoes-de-reconhecimento-pelo-grupo-aco-cearense\/","title":{"rendered":"Dia da Mulher \u00e9 celebrado com debate e a\u00e7\u00f5es de reconhecimento pelo Grupo A\u00e7o Cearense"},"content":{"rendered":"<div>O Dia Internacional da Mulher \u00e9 um momento de conscientiza\u00e7\u00e3o e reflex\u00e3o sobre a luta das mulheres por igualdade.\u00a0O Grupo A\u00e7o Cearense compreende que \u00e9 fundamental abordar o respeito e o reconhecimento \u00e0s causas femininas. Neste sentido, em comemora\u00e7\u00e3o \u00e0 data, celebrado no dia 8 de mar\u00e7o, o Grupo preparou a\u00e7\u00f5es voltadas para suas colaboradoras, como uma forma de trazer, para dentro do ambiente de trabalho, discuss\u00f5es importantes sobre g\u00eanero e protagonismo feminino.<\/div>\n<div><\/div>\n<div>Desde o in\u00edcio do m\u00eas, todos os colaboradores ter\u00e3o a oportunidade de exaltar e reconhecer os talentos das mulheres que fazem parte do dia a dia do Grupo A\u00e7o Cearense. A Campanha \u201cSomos Gratos, Mulheres\u201d vai levar mensagens de apoio e carinho dos colegas de trabalho em reconhecimento \u00e0s mulheres que atuam nas empresas do Grupo, por meio da intranet.<\/div>\n<div><\/div>\n<div>No dia 8 de mar\u00e7o,\u00a0Milena Monteiro, Lideran\u00e7a Nacional da \u00e1rea Socioassistencial do Projeto Justiceiras, ser\u00e1 convidada para um encontro virtual com os colaboradores das empresas do Grupo. O encontro ser\u00e1 mediado por uma representante do setor de Recursos Humanos e ter\u00e1 como tema \u201cA viol\u00eancia contra a mulher\u201d, como uma forma de sensibilizar o p\u00fablico sobre uma tem\u00e1tica t\u00e3o importante. O projeto Justiceiras foi idealizado em meio \u00e0 preocupa\u00e7\u00e3o com o aumento dos casos de viol\u00eancia dom\u00e9stica durante o isolamento social.<\/div>\n<div><\/div>\n<div>Segundo Cinthia Cavalcanti, diretora de desenvolvimento organizacional e TI do Grupo A\u00e7o Cearense, a\u00e7\u00f5es como estas podem contribuir com a reflex\u00e3o do tema. \u201cQueremos que nossas colaboradoras tenham acesso \u00e0 informa\u00e7\u00e3o e que sintam-se acolhidas pela empresa. \u00c9 essencial que elas saibam como procurar ajuda em casos de viol\u00eancia e que entendam que essa viol\u00eancia pode ser f\u00edsica, psicol\u00f3gica, moral e at\u00e9 patrimonial. Nosso objetivo \u00e9 incentiv\u00e1-las a se informar melhor e compreender seus direitos, por isso refor\u00e7amos a necessidade de manter debates sobre viol\u00eancia dom\u00e9stica, protagonismo feminino, entre outros temas que auxiliam a termos uma sociedade melhor e mais justa entre os g\u00eaneros\u201d, destaca.<\/div>\n","protected":false},"featured_media":2091,"template":"","meta":{"_acf_changed":false,"inline_featured_image":false},"categoria-noticia":[],"class_list":["post-2095","noticia","type-noticia","status-publish","has-post-thumbnail","hentry"],"acf":{"link":""},"yoast_head":"<!-- This site is optimized with the Yoast SEO plugin v25.9 - https:\/\/yoast.com\/wordpress\/plugins\/seo\/ -->\n<title>Dia da Mulher \u00e9 celebrado com debate e a\u00e7\u00f5es de reconhecimento pelo Grupo A\u00e7o Cearense - Grupo A\u00e7o Cearense<\/title>\n<meta name=\"robots\" content=\"index, follow, max-snippet:-1, max-image-preview:large, max-video-preview:-1\" \/>\n<link rel=\"canonical\" href=\"https:\/\/previews.elleven.digital\/acocearense\/noticia\/dia-da-mulher-e-celebrado-com-debate-e-acoes-de-reconhecimento-pelo-grupo-aco-cearense\/\" \/>\n<meta property=\"og:locale\" content=\"pt_BR\" \/>\n<meta property=\"og:type\" content=\"article\" \/>\n<meta property=\"og:title\" content=\"Dia da Mulher \u00e9 celebrado com debate e a\u00e7\u00f5es de reconhecimento pelo Grupo A\u00e7o Cearense - Grupo A\u00e7o Cearense\" \/>\n<meta property=\"og:description\" content=\"O Dia Internacional da Mulher \u00e9 um momento de conscientiza\u00e7\u00e3o e reflex\u00e3o sobre a luta(...)\" \/>\n<meta property=\"og:url\" content=\"https:\/\/previews.elleven.digital\/acocearense\/noticia\/dia-da-mulher-e-celebrado-com-debate-e-acoes-de-reconhecimento-pelo-grupo-aco-cearense\/\" \/>\n<meta property=\"og:site_name\" content=\"Grupo A\u00e7o Cearense\" \/>\n<meta property=\"article:modified_time\" content=\"2025-05-07T20:12:57+00:00\" \/>\n<meta property=\"og:image\" content=\"https:\/\/previews.elleven.digital\/acocearense\/wp-content\/uploads\/2025\/05\/roda-conversa-768x576-1.jpg\" \/>\n\t<meta property=\"og:image:width\" content=\"768\" \/>\n\t<meta property=\"og:image:height\" content=\"576\" \/>\n\t<meta property=\"og:image:type\" content=\"image\/jpeg\" \/>\n<meta name=\"twitter:card\" content=\"summary_large_image\" \/>\n<meta name=\"twitter:label1\" content=\"Est. tempo de leitura\" \/>\n\t<meta name=\"twitter:data1\" content=\"2 minutos\" \/>\n<script type=\"application\/ld+json\" class=\"yoast-schema-graph\">{\"@context\":\"https:\/\/schema.org\",\"@graph\":[{\"@type\":\"WebPage\",\"@id\":\"https:\/\/previews.elleven.digital\/acocearense\/noticia\/dia-da-mulher-e-celebrado-com-debate-e-acoes-de-reconhecimento-pelo-grupo-aco-cearense\/\",\"url\":\"https:\/\/previews.elleven.digital\/acocearense\/noticia\/dia-da-mulher-e-celebrado-com-debate-e-acoes-de-reconhecimento-pelo-grupo-aco-cearense\/\",\"name\":\"Dia da Mulher \u00e9 celebrado com debate e a\u00e7\u00f5es de reconhecimento pelo Grupo A\u00e7o Cearense - Grupo A\u00e7o Cearense\",\"isPartOf\":{\"@id\":\"https:\/\/previews.elleven.digital\/acocearense\/#website\"},\"primaryImageOfPage\":{\"@id\":\"https:\/\/previews.elleven.digital\/acocearense\/noticia\/dia-da-mulher-e-celebrado-com-debate-e-acoes-de-reconhecimento-pelo-grupo-aco-cearense\/#primaryimage\"},\"image\":{\"@id\":\"https:\/\/previews.elleven.digital\/acocearense\/noticia\/dia-da-mulher-e-celebrado-com-debate-e-acoes-de-reconhecimento-pelo-grupo-aco-cearense\/#primaryimage\"},\"thumbnailUrl\":\"https:\/\/previews.elleven.digital\/acocearense\/wp-content\/uploads\/2025\/05\/roda-conversa-768x576-1.jpg\",\"datePublished\":\"2021-03-08T20:12:38+00:00\",\"dateModified\":\"2025-05-07T20:12:57+00:00\",\"breadcrumb\":{\"@id\":\"https:\/\/previews.elleven.digital\/acocearense\/noticia\/dia-da-mulher-e-celebrado-com-debate-e-acoes-de-reconhecimento-pelo-grupo-aco-cearense\/#breadcrumb\"},\"inLanguage\":\"pt-BR\",\"potentialAction\":[{\"@type\":\"ReadAction\",\"target\":[\"https:\/\/previews.elleven.digital\/acocearense\/noticia\/dia-da-mulher-e-celebrado-com-debate-e-acoes-de-reconhecimento-pelo-grupo-aco-cearense\/\"]}]},{\"@type\":\"ImageObject\",\"inLanguage\":\"pt-BR\",\"@id\":\"https:\/\/previews.elleven.digital\/acocearense\/noticia\/dia-da-mulher-e-celebrado-com-debate-e-acoes-de-reconhecimento-pelo-grupo-aco-cearense\/#primaryimage\",\"url\":\"https:\/\/previews.elleven.digital\/acocearense\/wp-content\/uploads\/2025\/05\/roda-conversa-768x576-1.jpg\",\"contentUrl\":\"https:\/\/previews.elleven.digital\/acocearense\/wp-content\/uploads\/2025\/05\/roda-conversa-768x576-1.jpg\",\"width\":768,\"height\":576},{\"@type\":\"BreadcrumbList\",\"@id\":\"https:\/\/previews.elleven.digital\/acocearense\/noticia\/dia-da-mulher-e-celebrado-com-debate-e-acoes-de-reconhecimento-pelo-grupo-aco-cearense\/#breadcrumb\",\"itemListElement\":[{\"@type\":\"ListItem\",\"position\":1,\"name\":\"In\u00edcio\",\"item\":\"https:\/\/previews.elleven.digital\/acocearense\/\"},{\"@type\":\"ListItem\",\"position\":2,\"name\":\"Not\u00edcias\",\"item\":\"https:\/\/previews.elleven.digital\/acocearense\/noticias\/\"},{\"@type\":\"ListItem\",\"position\":3,\"name\":\"Dia da Mulher \u00e9 celebrado com debate e a\u00e7\u00f5es de reconhecimento pelo Grupo A\u00e7o Cearense\"}]},{\"@type\":\"WebSite\",\"@id\":\"https:\/\/previews.elleven.digital\/acocearense\/#website\",\"url\":\"https:\/\/previews.elleven.digital\/acocearense\/\",\"name\":\"A\u00e7o Cearense\",\"description\":\"H\u00e1 mais de 45 anos no mercado brasileiro do a\u00e7o.\",\"alternateName\":\"A\u00e7o Cearense\",\"potentialAction\":[{\"@type\":\"SearchAction\",\"target\":{\"@type\":\"EntryPoint\",\"urlTemplate\":\"https:\/\/previews.elleven.digital\/acocearense\/?s={search_term_string}\"},\"query-input\":{\"@type\":\"PropertyValueSpecification\",\"valueRequired\":true,\"valueName\":\"search_term_string\"}}],\"inLanguage\":\"pt-BR\"}]}<\/script>\n<!-- \/ Yoast SEO plugin. -->","yoast_head_json":{"title":"Dia da Mulher \u00e9 celebrado com debate e a\u00e7\u00f5es de reconhecimento pelo Grupo A\u00e7o Cearense - Grupo A\u00e7o Cearense","robots":{"index":"index","follow":"follow","max-snippet":"max-snippet:-1","max-image-preview":"max-image-preview:large","max-video-preview":"max-video-preview:-1"},"canonical":"https:\/\/previews.elleven.digital\/acocearense\/noticia\/dia-da-mulher-e-celebrado-com-debate-e-acoes-de-reconhecimento-pelo-grupo-aco-cearense\/","og_locale":"pt_BR","og_type":"article","og_title":"Dia da Mulher \u00e9 celebrado com debate e a\u00e7\u00f5es de reconhecimento pelo Grupo A\u00e7o Cearense - Grupo A\u00e7o Cearense","og_description":"O Dia Internacional da Mulher \u00e9 um momento de conscientiza\u00e7\u00e3o e reflex\u00e3o sobre a luta(...)","og_url":"https:\/\/previews.elleven.digital\/acocearense\/noticia\/dia-da-mulher-e-celebrado-com-debate-e-acoes-de-reconhecimento-pelo-grupo-aco-cearense\/","og_site_name":"Grupo A\u00e7o Cearense","article_modified_time":"2025-05-07T20:12:57+00:00","og_image":[{"width":768,"height":576,"url":"https:\/\/previews.elleven.digital\/acocearense\/wp-content\/uploads\/2025\/05\/roda-conversa-768x576-1.jpg","type":"image\/jpeg"}],"twitter_card":"summary_large_image","twitter_misc":{"Est. tempo de leitura":"2 minutos"},"schema":{"@context":"https:\/\/schema.org","@graph":[{"@type":"WebPage","@id":"https:\/\/previews.elleven.digital\/acocearense\/noticia\/dia-da-mulher-e-celebrado-com-debate-e-acoes-de-reconhecimento-pelo-grupo-aco-cearense\/","url":"https:\/\/previews.elleven.digital\/acocearense\/noticia\/dia-da-mulher-e-celebrado-com-debate-e-acoes-de-reconhecimento-pelo-grupo-aco-cearense\/","name":"Dia da Mulher \u00e9 celebrado com debate e a\u00e7\u00f5es de reconhecimento pelo Grupo A\u00e7o Cearense - Grupo A\u00e7o Cearense","isPartOf":{"@id":"https:\/\/previews.elleven.digital\/acocearense\/#website"},"primaryImageOfPage":{"@id":"https:\/\/previews.elleven.digital\/acocearense\/noticia\/dia-da-mulher-e-celebrado-com-debate-e-acoes-de-reconhecimento-pelo-grupo-aco-cearense\/#primaryimage"},"image":{"@id":"https:\/\/previews.elleven.digital\/acocearense\/noticia\/dia-da-mulher-e-celebrado-com-debate-e-acoes-de-reconhecimento-pelo-grupo-aco-cearense\/#primaryimage"},"thumbnailUrl":"https:\/\/previews.elleven.digital\/acocearense\/wp-content\/uploads\/2025\/05\/roda-conversa-768x576-1.jpg","datePublished":"2021-03-08T20:12:38+00:00","dateModified":"2025-05-07T20:12:57+00:00","breadcrumb":{"@id":"https:\/\/previews.elleven.digital\/acocearense\/noticia\/dia-da-mulher-e-celebrado-com-debate-e-acoes-de-reconhecimento-pelo-grupo-aco-cearense\/#breadcrumb"},"inLanguage":"pt-BR","potentialAction":[{"@type":"ReadAction","target":["https:\/\/previews.elleven.digital\/acocearense\/noticia\/dia-da-mulher-e-celebrado-com-debate-e-acoes-de-reconhecimento-pelo-grupo-aco-cearense\/"]}]},{"@type":"ImageObject","inLanguage":"pt-BR","@id":"https:\/\/previews.elleven.digital\/acocearense\/noticia\/dia-da-mulher-e-celebrado-com-debate-e-acoes-de-reconhecimento-pelo-grupo-aco-cearense\/#primaryimage","url":"https:\/\/previews.elleven.digital\/acocearense\/wp-content\/uploads\/2025\/05\/roda-conversa-768x576-1.jpg","contentUrl":"https:\/\/previews.elleven.digital\/acocearense\/wp-content\/uploads\/2025\/05\/roda-conversa-768x576-1.jpg","width":768,"height":576},{"@type":"BreadcrumbList","@id":"https:\/\/previews.elleven.digital\/acocearense\/noticia\/dia-da-mulher-e-celebrado-com-debate-e-acoes-de-reconhecimento-pelo-grupo-aco-cearense\/#breadcrumb","itemListElement":[{"@type":"ListItem","position":1,"name":"In\u00edcio","item":"https:\/\/previews.elleven.digital\/acocearense\/"},{"@type":"ListItem","position":2,"name":"Not\u00edcias","item":"https:\/\/previews.elleven.digital\/acocearense\/noticias\/"},{"@type":"ListItem","position":3,"name":"Dia da Mulher \u00e9 celebrado com debate e a\u00e7\u00f5es de reconhecimento pelo Grupo A\u00e7o Cearense"}]},{"@type":"WebSite","@id":"https:\/\/previews.elleven.digital\/acocearense\/#website","url":"https:\/\/previews.elleven.digital\/acocearense\/","name":"A\u00e7o Cearense","description":"H\u00e1 mais de 45 anos no mercado brasileiro do a\u00e7o.","alternateName":"A\u00e7o Cearense","potentialAction":[{"@type":"SearchAction","target":{"@type":"EntryPoint","urlTemplate":"https:\/\/previews.elleven.digital\/acocearense\/?s={search_term_string}"},"query-input":{"@type":"PropertyValueSpecification","valueRequired":true,"valueName":"search_term_string"}}],"inLanguage":"pt-BR"}]}},"_links":{"self":[{"href":"https:\/\/previews.elleven.digital\/acocearense\/wp-json\/wp\/v2\/noticia\/2095","targetHints":{"allow":["GET"]}}],"collection":[{"href":"https:\/\/previews.elleven.digital\/acocearense\/wp-json\/wp\/v2\/noticia"}],"about":[{"href":"https:\/\/previews.elleven.digital\/acocearense\/wp-json\/wp\/v2\/types\/noticia"}],"wp:featuredmedia":[{"embeddable":true,"href":"https:\/\/previews.elleven.digital\/acocearense\/wp-json\/wp\/v2\/media\/2091"}],"wp:attachment":[{"href":"https:\/\/previews.elleven.digital\/acocearense\/wp-json\/wp\/v2\/media?parent=2095"}],"wp:term":[{"taxonomy":"categoria-noticia","embeddable":true,"href":"https:\/\/previews.elleven.digital\/acocearense\/wp-json\/wp\/v2\/categoria-noticia?post=2095"}],"curies":[{"name":"wp","href":"https:\/\/api.w.org\/{rel}","templated":true}]}}