{"id":2094,"date":"2021-03-08T17:12:05","date_gmt":"2021-03-08T20:12:05","guid":{"rendered":"https:\/\/previews.elleven.digital\/acocearense\/?post_type=noticia&#038;p=2094"},"modified":"2025-05-07T17:12:33","modified_gmt":"2025-05-07T20:12:33","slug":"sinobras-e-agraciada-com-selo-cultura-para-empresa-amiga-da-cultura","status":"publish","type":"noticia","link":"https:\/\/previews.elleven.digital\/acocearense\/noticia\/sinobras-e-agraciada-com-selo-cultura-para-empresa-amiga-da-cultura\/","title":{"rendered":"SINOBRAS \u00e9 agraciada com \u201cSelo Cultura Par\u00e1 \u2013 Empresa Amiga da Cultura\u201d"},"content":{"rendered":"<p>A SINOBRAS recebeu, na \u00faltima quarta-feira (3), do Governo do Estado do Par\u00e1, o \u201cSelo Cultura Par\u00e1 \u2013 Empresa Amiga da Cultura\u201d, um reconhecimento a empresas que contribuem com o fortalecimento da economia, da cultura e da arte, por meio da Lei Semear. A entrega do selo foi realizada pelo governador do Par\u00e1, Helder Barbalho, por meio de uma cerim\u00f4nia on-line, respeitando as orienta\u00e7\u00f5es do Governo do Estado sobre o protocolo sanit\u00e1rio de combate \u00e0 Covid-19.<\/p>\n<p>A SINOBRAS foi uma das 11 empresas patrocinadoras de projetos em 2020. Na ocasi\u00e3o, foi lan\u00e7ada a Lei Semear 2021 e mais dois importantes projetos culturais e de inser\u00e7\u00e3o social: o Edital Arte Livre e o Projeto Sons de Liberdade. As a\u00e7\u00f5es mobilizam as secretarias de Estado de Cultura (Secult), de Administra\u00e7\u00e3o Penitenci\u00e1ria (Seap), da Fazenda (Sefa) e de Desenvolvimento Econ\u00f4mico, Minera\u00e7\u00e3o e Energia (Sedeme), a Funda\u00e7\u00e3o Cultural do Par\u00e1 (FCP), a Funda\u00e7\u00e3o Carlos Gomes (FCG) e empresas privadas que t\u00eam em seu prop\u00f3sito o desenvolvimento socioecon\u00f4mico e cultural da regi\u00e3o, como a SINOBRAS.<\/p>\n<p>Para Ian Corr\u00eaa, vice-presidente de opera\u00e7\u00f5es do Grupo A\u00e7o Cearense, essa premia\u00e7\u00e3o \u00e9 um reconhecimento importante de todo o trabalho da SINOBRAS na constru\u00e7\u00e3o de um futuro mais pr\u00f3spero. \u201cSer reconhecida como empresa amiga da cultura nos d\u00e1 um \u00e2nimo neste momento t\u00e3o delicado em que vivenciamos tantas dificuldades. Sabemos que a cultura foi uma das \u00e1reas mais afetadas pela pandemia e o quanto ela pode ser agente transformador de muitas vidas. Para a SINOBRAS, este reconhecimento \u00e9 uma amostra de que o nosso esfor\u00e7o est\u00e1 sendo empenhado no caminho certo, como incentivadora da arte e da cultura em nosso estado\u201d, afirma.<\/p>\n","protected":false},"featured_media":2092,"template":"","meta":{"_acf_changed":false,"inline_featured_image":false},"categoria-noticia":[],"class_list":["post-2094","noticia","type-noticia","status-publish","has-post-thumbnail","hentry"],"acf":{"link":""},"yoast_head":"<!-- This site is optimized with the Yoast SEO plugin v25.9 - https:\/\/yoast.com\/wordpress\/plugins\/seo\/ -->\n<title>SINOBRAS \u00e9 agraciada com \u201cSelo Cultura Par\u00e1 \u2013 Empresa Amiga da Cultura\u201d - Grupo A\u00e7o Cearense<\/title>\n<meta name=\"robots\" content=\"index, follow, max-snippet:-1, max-image-preview:large, max-video-preview:-1\" \/>\n<link rel=\"canonical\" href=\"https:\/\/previews.elleven.digital\/acocearense\/noticia\/sinobras-e-agraciada-com-selo-cultura-para-empresa-amiga-da-cultura\/\" \/>\n<meta property=\"og:locale\" content=\"pt_BR\" \/>\n<meta property=\"og:type\" content=\"article\" \/>\n<meta property=\"og:title\" content=\"SINOBRAS \u00e9 agraciada com \u201cSelo Cultura Par\u00e1 \u2013 Empresa Amiga da Cultura\u201d - Grupo A\u00e7o Cearense\" \/>\n<meta property=\"og:description\" content=\"A SINOBRAS recebeu, na \u00faltima quarta-feira (3), do Governo do Estado do Par\u00e1, o \u201cSelo(...)\" \/>\n<meta property=\"og:url\" content=\"https:\/\/previews.elleven.digital\/acocearense\/noticia\/sinobras-e-agraciada-com-selo-cultura-para-empresa-amiga-da-cultura\/\" \/>\n<meta property=\"og:site_name\" content=\"Grupo A\u00e7o Cearense\" \/>\n<meta property=\"article:modified_time\" content=\"2025-05-07T20:12:33+00:00\" \/>\n<meta property=\"og:image\" content=\"https:\/\/previews.elleven.digital\/acocearense\/wp-content\/uploads\/2025\/05\/selo-cultura-para-768x576-1.jpg\" \/>\n\t<meta property=\"og:image:width\" content=\"768\" \/>\n\t<meta property=\"og:image:height\" content=\"576\" \/>\n\t<meta property=\"og:image:type\" content=\"image\/jpeg\" \/>\n<meta name=\"twitter:card\" content=\"summary_large_image\" \/>\n<meta name=\"twitter:label1\" content=\"Est. tempo de leitura\" \/>\n\t<meta name=\"twitter:data1\" content=\"2 minutos\" \/>\n<script type=\"application\/ld+json\" class=\"yoast-schema-graph\">{\"@context\":\"https:\/\/schema.org\",\"@graph\":[{\"@type\":\"WebPage\",\"@id\":\"https:\/\/previews.elleven.digital\/acocearense\/noticia\/sinobras-e-agraciada-com-selo-cultura-para-empresa-amiga-da-cultura\/\",\"url\":\"https:\/\/previews.elleven.digital\/acocearense\/noticia\/sinobras-e-agraciada-com-selo-cultura-para-empresa-amiga-da-cultura\/\",\"name\":\"SINOBRAS \u00e9 agraciada com \u201cSelo Cultura Par\u00e1 \u2013 Empresa Amiga da Cultura\u201d - Grupo A\u00e7o Cearense\",\"isPartOf\":{\"@id\":\"https:\/\/previews.elleven.digital\/acocearense\/#website\"},\"primaryImageOfPage\":{\"@id\":\"https:\/\/previews.elleven.digital\/acocearense\/noticia\/sinobras-e-agraciada-com-selo-cultura-para-empresa-amiga-da-cultura\/#primaryimage\"},\"image\":{\"@id\":\"https:\/\/previews.elleven.digital\/acocearense\/noticia\/sinobras-e-agraciada-com-selo-cultura-para-empresa-amiga-da-cultura\/#primaryimage\"},\"thumbnailUrl\":\"https:\/\/previews.elleven.digital\/acocearense\/wp-content\/uploads\/2025\/05\/selo-cultura-para-768x576-1.jpg\",\"datePublished\":\"2021-03-08T20:12:05+00:00\",\"dateModified\":\"2025-05-07T20:12:33+00:00\",\"breadcrumb\":{\"@id\":\"https:\/\/previews.elleven.digital\/acocearense\/noticia\/sinobras-e-agraciada-com-selo-cultura-para-empresa-amiga-da-cultura\/#breadcrumb\"},\"inLanguage\":\"pt-BR\",\"potentialAction\":[{\"@type\":\"ReadAction\",\"target\":[\"https:\/\/previews.elleven.digital\/acocearense\/noticia\/sinobras-e-agraciada-com-selo-cultura-para-empresa-amiga-da-cultura\/\"]}]},{\"@type\":\"ImageObject\",\"inLanguage\":\"pt-BR\",\"@id\":\"https:\/\/previews.elleven.digital\/acocearense\/noticia\/sinobras-e-agraciada-com-selo-cultura-para-empresa-amiga-da-cultura\/#primaryimage\",\"url\":\"https:\/\/previews.elleven.digital\/acocearense\/wp-content\/uploads\/2025\/05\/selo-cultura-para-768x576-1.jpg\",\"contentUrl\":\"https:\/\/previews.elleven.digital\/acocearense\/wp-content\/uploads\/2025\/05\/selo-cultura-para-768x576-1.jpg\",\"width\":768,\"height\":576},{\"@type\":\"BreadcrumbList\",\"@id\":\"https:\/\/previews.elleven.digital\/acocearense\/noticia\/sinobras-e-agraciada-com-selo-cultura-para-empresa-amiga-da-cultura\/#breadcrumb\",\"itemListElement\":[{\"@type\":\"ListItem\",\"position\":1,\"name\":\"In\u00edcio\",\"item\":\"https:\/\/previews.elleven.digital\/acocearense\/\"},{\"@type\":\"ListItem\",\"position\":2,\"name\":\"Not\u00edcias\",\"item\":\"https:\/\/previews.elleven.digital\/acocearense\/noticias\/\"},{\"@type\":\"ListItem\",\"position\":3,\"name\":\"SINOBRAS \u00e9 agraciada com \u201cSelo Cultura Par\u00e1 \u2013 Empresa Amiga da Cultura\u201d\"}]},{\"@type\":\"WebSite\",\"@id\":\"https:\/\/previews.elleven.digital\/acocearense\/#website\",\"url\":\"https:\/\/previews.elleven.digital\/acocearense\/\",\"name\":\"A\u00e7o Cearense\",\"description\":\"H\u00e1 mais de 45 anos no mercado brasileiro do a\u00e7o.\",\"alternateName\":\"A\u00e7o Cearense\",\"potentialAction\":[{\"@type\":\"SearchAction\",\"target\":{\"@type\":\"EntryPoint\",\"urlTemplate\":\"https:\/\/previews.elleven.digital\/acocearense\/?s={search_term_string}\"},\"query-input\":{\"@type\":\"PropertyValueSpecification\",\"valueRequired\":true,\"valueName\":\"search_term_string\"}}],\"inLanguage\":\"pt-BR\"}]}<\/script>\n<!-- \/ Yoast SEO plugin. -->","yoast_head_json":{"title":"SINOBRAS \u00e9 agraciada com \u201cSelo Cultura Par\u00e1 \u2013 Empresa Amiga da Cultura\u201d - Grupo A\u00e7o Cearense","robots":{"index":"index","follow":"follow","max-snippet":"max-snippet:-1","max-image-preview":"max-image-preview:large","max-video-preview":"max-video-preview:-1"},"canonical":"https:\/\/previews.elleven.digital\/acocearense\/noticia\/sinobras-e-agraciada-com-selo-cultura-para-empresa-amiga-da-cultura\/","og_locale":"pt_BR","og_type":"article","og_title":"SINOBRAS \u00e9 agraciada com \u201cSelo Cultura Par\u00e1 \u2013 Empresa Amiga da Cultura\u201d - Grupo A\u00e7o Cearense","og_description":"A SINOBRAS recebeu, na \u00faltima quarta-feira (3), do Governo do Estado do Par\u00e1, o \u201cSelo(...)","og_url":"https:\/\/previews.elleven.digital\/acocearense\/noticia\/sinobras-e-agraciada-com-selo-cultura-para-empresa-amiga-da-cultura\/","og_site_name":"Grupo A\u00e7o Cearense","article_modified_time":"2025-05-07T20:12:33+00:00","og_image":[{"width":768,"height":576,"url":"https:\/\/previews.elleven.digital\/acocearense\/wp-content\/uploads\/2025\/05\/selo-cultura-para-768x576-1.jpg","type":"image\/jpeg"}],"twitter_card":"summary_large_image","twitter_misc":{"Est. tempo de leitura":"2 minutos"},"schema":{"@context":"https:\/\/schema.org","@graph":[{"@type":"WebPage","@id":"https:\/\/previews.elleven.digital\/acocearense\/noticia\/sinobras-e-agraciada-com-selo-cultura-para-empresa-amiga-da-cultura\/","url":"https:\/\/previews.elleven.digital\/acocearense\/noticia\/sinobras-e-agraciada-com-selo-cultura-para-empresa-amiga-da-cultura\/","name":"SINOBRAS \u00e9 agraciada com \u201cSelo Cultura Par\u00e1 \u2013 Empresa Amiga da Cultura\u201d - Grupo A\u00e7o Cearense","isPartOf":{"@id":"https:\/\/previews.elleven.digital\/acocearense\/#website"},"primaryImageOfPage":{"@id":"https:\/\/previews.elleven.digital\/acocearense\/noticia\/sinobras-e-agraciada-com-selo-cultura-para-empresa-amiga-da-cultura\/#primaryimage"},"image":{"@id":"https:\/\/previews.elleven.digital\/acocearense\/noticia\/sinobras-e-agraciada-com-selo-cultura-para-empresa-amiga-da-cultura\/#primaryimage"},"thumbnailUrl":"https:\/\/previews.elleven.digital\/acocearense\/wp-content\/uploads\/2025\/05\/selo-cultura-para-768x576-1.jpg","datePublished":"2021-03-08T20:12:05+00:00","dateModified":"2025-05-07T20:12:33+00:00","breadcrumb":{"@id":"https:\/\/previews.elleven.digital\/acocearense\/noticia\/sinobras-e-agraciada-com-selo-cultura-para-empresa-amiga-da-cultura\/#breadcrumb"},"inLanguage":"pt-BR","potentialAction":[{"@type":"ReadAction","target":["https:\/\/previews.elleven.digital\/acocearense\/noticia\/sinobras-e-agraciada-com-selo-cultura-para-empresa-amiga-da-cultura\/"]}]},{"@type":"ImageObject","inLanguage":"pt-BR","@id":"https:\/\/previews.elleven.digital\/acocearense\/noticia\/sinobras-e-agraciada-com-selo-cultura-para-empresa-amiga-da-cultura\/#primaryimage","url":"https:\/\/previews.elleven.digital\/acocearense\/wp-content\/uploads\/2025\/05\/selo-cultura-para-768x576-1.jpg","contentUrl":"https:\/\/previews.elleven.digital\/acocearense\/wp-content\/uploads\/2025\/05\/selo-cultura-para-768x576-1.jpg","width":768,"height":576},{"@type":"BreadcrumbList","@id":"https:\/\/previews.elleven.digital\/acocearense\/noticia\/sinobras-e-agraciada-com-selo-cultura-para-empresa-amiga-da-cultura\/#breadcrumb","itemListElement":[{"@type":"ListItem","position":1,"name":"In\u00edcio","item":"https:\/\/previews.elleven.digital\/acocearense\/"},{"@type":"ListItem","position":2,"name":"Not\u00edcias","item":"https:\/\/previews.elleven.digital\/acocearense\/noticias\/"},{"@type":"ListItem","position":3,"name":"SINOBRAS \u00e9 agraciada com \u201cSelo Cultura Par\u00e1 \u2013 Empresa Amiga da Cultura\u201d"}]},{"@type":"WebSite","@id":"https:\/\/previews.elleven.digital\/acocearense\/#website","url":"https:\/\/previews.elleven.digital\/acocearense\/","name":"A\u00e7o Cearense","description":"H\u00e1 mais de 45 anos no mercado brasileiro do a\u00e7o.","alternateName":"A\u00e7o Cearense","potentialAction":[{"@type":"SearchAction","target":{"@type":"EntryPoint","urlTemplate":"https:\/\/previews.elleven.digital\/acocearense\/?s={search_term_string}"},"query-input":{"@type":"PropertyValueSpecification","valueRequired":true,"valueName":"search_term_string"}}],"inLanguage":"pt-BR"}]}},"_links":{"self":[{"href":"https:\/\/previews.elleven.digital\/acocearense\/wp-json\/wp\/v2\/noticia\/2094","targetHints":{"allow":["GET"]}}],"collection":[{"href":"https:\/\/previews.elleven.digital\/acocearense\/wp-json\/wp\/v2\/noticia"}],"about":[{"href":"https:\/\/previews.elleven.digital\/acocearense\/wp-json\/wp\/v2\/types\/noticia"}],"wp:featuredmedia":[{"embeddable":true,"href":"https:\/\/previews.elleven.digital\/acocearense\/wp-json\/wp\/v2\/media\/2092"}],"wp:attachment":[{"href":"https:\/\/previews.elleven.digital\/acocearense\/wp-json\/wp\/v2\/media?parent=2094"}],"wp:term":[{"taxonomy":"categoria-noticia","embeddable":true,"href":"https:\/\/previews.elleven.digital\/acocearense\/wp-json\/wp\/v2\/categoria-noticia?post=2094"}],"curies":[{"name":"wp","href":"https:\/\/api.w.org\/{rel}","templated":true}]}}