{"id":2083,"date":"2021-03-03T17:09:04","date_gmt":"2021-03-03T20:09:04","guid":{"rendered":"https:\/\/previews.elleven.digital\/acocearense\/?post_type=noticia&#038;p=2083"},"modified":"2025-05-07T17:12:03","modified_gmt":"2025-05-07T20:12:03","slug":"instituto-aco-cearense-completa-11-anos-com-mais-de-81-mil-pessoas-beneficiadas-ao-longo-de-sua-historia","status":"publish","type":"noticia","link":"https:\/\/previews.elleven.digital\/acocearense\/noticia\/instituto-aco-cearense-completa-11-anos-com-mais-de-81-mil-pessoas-beneficiadas-ao-longo-de-sua-historia\/","title":{"rendered":"Instituto A\u00e7o Cearense completa 11 anos com mais de 81 mil pessoas beneficiadas ao longo de sua hist\u00f3ria"},"content":{"rendered":"<p>O Instituto A\u00e7o Cearense contribui para o desenvolvimento social das comunidades do Cear\u00e1, do Par\u00e1 e do Tocantins, onde est\u00e3o localizadas a A\u00e7o Cearense Comercial, A\u00e7o Cearense Industrial, SINOBRAS e a SINOBRAS FLORESTAL, empresas do Grupo, por meio de apoio a iniciativas de institui\u00e7\u00f5es sociais, fortalecendo o engajamento das pessoas em a\u00e7\u00f5es que contribuem com o crescimento delas e das comunidades onde vivem.<\/p>\n<p>Com mais de R$14 milh\u00f5es investidos nestas a\u00e7\u00f5es, 174 institui\u00e7\u00f5es j\u00e1 foram atendidas, totalizando mais de 81 mil pessoas favorecidas. Entre os projetos apoiados est\u00e3o os de assist\u00eancia a crian\u00e7as e jovens em situa\u00e7\u00e3o de vulnerabilidade social, associa\u00e7\u00f5es para pessoas com defici\u00eancia e entidades que cuidam de idosos e tamb\u00e9m para pessoas com diabetes e hipertens\u00e3o, al\u00e9m de atletas cearenses que recebem patroc\u00ednio do Instituto por se destacarem na cena esportiva local e nacional.<\/p>\n<p>Segundo Rosemeire Matos, presidente do Instituto, chegar aos 11 anos de trabalho junto \u00e0s comunidades \u00e9 a compensa\u00e7\u00e3o de um trabalho sonhado a partir de muitos cora\u00e7\u00f5es. \u201cNosso esfor\u00e7o se materializa em sorrisos sempre que conseguimos realizar uma a\u00e7\u00e3o a partir do Instituto A\u00e7o Cearense. Temos muito orgulho da nossa trajet\u00f3ria que movimenta o terceiro setor, n\u00e3o s\u00f3 no quesito econ\u00f4mico, mas dando condi\u00e7\u00f5es de maior qualidade de vida a in\u00fameras pessoas que precisam\u201d, explica a presidente.<\/p>\n<h2>Onze anos de hist\u00f3ria<\/h2>\n<p>Em 2010, o Instituto A\u00e7o Cearense come\u00e7ou como um servi\u00e7o assistencialista, fazendo a\u00e7\u00f5es internas para os colaboradores. Depois a iniciativa foi transformada no Instituto WMA, que com a necessidade de fortalecer mais a marca, passou a ser chamado de Instituto A\u00e7o Cearense. Hoje, atende diversas institui\u00e7\u00f5es carentes, al\u00e9m de desenvolver as comunidades do entorno das empresas do Grupo fomentando o esporte, a educa\u00e7\u00e3o, as artes e o empreendedorismo.<\/p>\n<h2>A\u00e7\u00f5es durante a pandemia de Covid-19<\/h2>\n<p>Em 2020, o Instituto A\u00e7o Cearense completava dez anos quando foi surpreendido em meio \u00e0s suas comemora\u00e7\u00f5es pela pandemia de Covid-19. Muitas atividades foram suspensas e tantas outras adaptadas ao novo momento que o mundo enfrenta ainda hoje. Mas, com a for\u00e7a e a perseveran\u00e7a dos que fazem essa engrenagem se mover, muitas a\u00e7\u00f5es puderam ser realizadas para minimizar o impacto da pandemia na vida de muitas pessoas em situa\u00e7\u00e3o de vulnerabilidade.<\/p>\n<p>Como forma de mitigar os efeitos da pandemia, foram doadas cestas b\u00e1sicas para fam\u00edlias carentes e trabalhadores afetados diretamente pela pandemia, como m\u00fasicos e profissionais de eventos. Tamb\u00e9m kits de higiene, contendo shampoo, \u00e1gua sanit\u00e1ria, sabonete, pasta de dente, desinfetante, detergente e sab\u00e3o em p\u00f3, distribu\u00eddos para comunidades no Par\u00e1 e no Cear\u00e1, al\u00e9m de mil m\u00e1scaras para fam\u00edlias no Cear\u00e1. O instituto tamb\u00e9m realizou, por meio da SINOBRAS, a cess\u00e3o de dez cilindros de oxig\u00eanio para a Secretaria de Sa\u00fade de Marab\u00e1, com o objetivo de ajudar na recupera\u00e7\u00e3o das pessoas infectadas.<\/p>\n","protected":false},"featured_media":2093,"template":"","meta":{"_acf_changed":false,"inline_featured_image":false},"categoria-noticia":[],"class_list":["post-2083","noticia","type-noticia","status-publish","has-post-thumbnail","hentry"],"acf":{"link":""},"yoast_head":"<!-- This site is optimized with the Yoast SEO plugin v25.9 - https:\/\/yoast.com\/wordpress\/plugins\/seo\/ -->\n<title>Instituto A\u00e7o Cearense completa 11 anos com mais de 81 mil pessoas beneficiadas ao longo de sua hist\u00f3ria - Grupo A\u00e7o Cearense<\/title>\n<meta name=\"robots\" content=\"index, follow, max-snippet:-1, max-image-preview:large, max-video-preview:-1\" \/>\n<link rel=\"canonical\" href=\"https:\/\/previews.elleven.digital\/acocearense\/noticia\/instituto-aco-cearense-completa-11-anos-com-mais-de-81-mil-pessoas-beneficiadas-ao-longo-de-sua-historia\/\" \/>\n<meta property=\"og:locale\" content=\"pt_BR\" \/>\n<meta property=\"og:type\" content=\"article\" \/>\n<meta property=\"og:title\" content=\"Instituto A\u00e7o Cearense completa 11 anos com mais de 81 mil pessoas beneficiadas ao longo de sua hist\u00f3ria - Grupo A\u00e7o Cearense\" \/>\n<meta property=\"og:description\" content=\"O Instituto A\u00e7o Cearense contribui para o desenvolvimento social das comunidades do Cear\u00e1, do Par\u00e1(...)\" \/>\n<meta property=\"og:url\" content=\"https:\/\/previews.elleven.digital\/acocearense\/noticia\/instituto-aco-cearense-completa-11-anos-com-mais-de-81-mil-pessoas-beneficiadas-ao-longo-de-sua-historia\/\" \/>\n<meta property=\"og:site_name\" content=\"Grupo A\u00e7o Cearense\" \/>\n<meta property=\"article:modified_time\" content=\"2025-05-07T20:12:03+00:00\" \/>\n<meta property=\"og:image\" content=\"https:\/\/previews.elleven.digital\/acocearense\/wp-content\/uploads\/2025\/05\/iac-11-anos-768x576-1.jpg\" \/>\n\t<meta property=\"og:image:width\" content=\"768\" \/>\n\t<meta property=\"og:image:height\" content=\"576\" \/>\n\t<meta property=\"og:image:type\" content=\"image\/jpeg\" \/>\n<meta name=\"twitter:card\" content=\"summary_large_image\" \/>\n<meta name=\"twitter:label1\" content=\"Est. tempo de leitura\" \/>\n\t<meta name=\"twitter:data1\" content=\"3 minutos\" \/>\n<script type=\"application\/ld+json\" class=\"yoast-schema-graph\">{\"@context\":\"https:\/\/schema.org\",\"@graph\":[{\"@type\":\"WebPage\",\"@id\":\"https:\/\/previews.elleven.digital\/acocearense\/noticia\/instituto-aco-cearense-completa-11-anos-com-mais-de-81-mil-pessoas-beneficiadas-ao-longo-de-sua-historia\/\",\"url\":\"https:\/\/previews.elleven.digital\/acocearense\/noticia\/instituto-aco-cearense-completa-11-anos-com-mais-de-81-mil-pessoas-beneficiadas-ao-longo-de-sua-historia\/\",\"name\":\"Instituto A\u00e7o Cearense completa 11 anos com mais de 81 mil pessoas beneficiadas ao longo de sua hist\u00f3ria - Grupo A\u00e7o Cearense\",\"isPartOf\":{\"@id\":\"https:\/\/previews.elleven.digital\/acocearense\/#website\"},\"primaryImageOfPage\":{\"@id\":\"https:\/\/previews.elleven.digital\/acocearense\/noticia\/instituto-aco-cearense-completa-11-anos-com-mais-de-81-mil-pessoas-beneficiadas-ao-longo-de-sua-historia\/#primaryimage\"},\"image\":{\"@id\":\"https:\/\/previews.elleven.digital\/acocearense\/noticia\/instituto-aco-cearense-completa-11-anos-com-mais-de-81-mil-pessoas-beneficiadas-ao-longo-de-sua-historia\/#primaryimage\"},\"thumbnailUrl\":\"https:\/\/previews.elleven.digital\/acocearense\/wp-content\/uploads\/2025\/05\/iac-11-anos-768x576-1.jpg\",\"datePublished\":\"2021-03-03T20:09:04+00:00\",\"dateModified\":\"2025-05-07T20:12:03+00:00\",\"breadcrumb\":{\"@id\":\"https:\/\/previews.elleven.digital\/acocearense\/noticia\/instituto-aco-cearense-completa-11-anos-com-mais-de-81-mil-pessoas-beneficiadas-ao-longo-de-sua-historia\/#breadcrumb\"},\"inLanguage\":\"pt-BR\",\"potentialAction\":[{\"@type\":\"ReadAction\",\"target\":[\"https:\/\/previews.elleven.digital\/acocearense\/noticia\/instituto-aco-cearense-completa-11-anos-com-mais-de-81-mil-pessoas-beneficiadas-ao-longo-de-sua-historia\/\"]}]},{\"@type\":\"ImageObject\",\"inLanguage\":\"pt-BR\",\"@id\":\"https:\/\/previews.elleven.digital\/acocearense\/noticia\/instituto-aco-cearense-completa-11-anos-com-mais-de-81-mil-pessoas-beneficiadas-ao-longo-de-sua-historia\/#primaryimage\",\"url\":\"https:\/\/previews.elleven.digital\/acocearense\/wp-content\/uploads\/2025\/05\/iac-11-anos-768x576-1.jpg\",\"contentUrl\":\"https:\/\/previews.elleven.digital\/acocearense\/wp-content\/uploads\/2025\/05\/iac-11-anos-768x576-1.jpg\",\"width\":768,\"height\":576},{\"@type\":\"BreadcrumbList\",\"@id\":\"https:\/\/previews.elleven.digital\/acocearense\/noticia\/instituto-aco-cearense-completa-11-anos-com-mais-de-81-mil-pessoas-beneficiadas-ao-longo-de-sua-historia\/#breadcrumb\",\"itemListElement\":[{\"@type\":\"ListItem\",\"position\":1,\"name\":\"In\u00edcio\",\"item\":\"https:\/\/previews.elleven.digital\/acocearense\/\"},{\"@type\":\"ListItem\",\"position\":2,\"name\":\"Not\u00edcias\",\"item\":\"https:\/\/previews.elleven.digital\/acocearense\/noticias\/\"},{\"@type\":\"ListItem\",\"position\":3,\"name\":\"Instituto A\u00e7o Cearense completa 11 anos com mais de 81 mil pessoas beneficiadas ao longo de sua hist\u00f3ria\"}]},{\"@type\":\"WebSite\",\"@id\":\"https:\/\/previews.elleven.digital\/acocearense\/#website\",\"url\":\"https:\/\/previews.elleven.digital\/acocearense\/\",\"name\":\"A\u00e7o Cearense\",\"description\":\"H\u00e1 mais de 45 anos no mercado brasileiro do a\u00e7o.\",\"alternateName\":\"A\u00e7o Cearense\",\"potentialAction\":[{\"@type\":\"SearchAction\",\"target\":{\"@type\":\"EntryPoint\",\"urlTemplate\":\"https:\/\/previews.elleven.digital\/acocearense\/?s={search_term_string}\"},\"query-input\":{\"@type\":\"PropertyValueSpecification\",\"valueRequired\":true,\"valueName\":\"search_term_string\"}}],\"inLanguage\":\"pt-BR\"}]}<\/script>\n<!-- \/ Yoast SEO plugin. -->","yoast_head_json":{"title":"Instituto A\u00e7o Cearense completa 11 anos com mais de 81 mil pessoas beneficiadas ao longo de sua hist\u00f3ria - Grupo A\u00e7o Cearense","robots":{"index":"index","follow":"follow","max-snippet":"max-snippet:-1","max-image-preview":"max-image-preview:large","max-video-preview":"max-video-preview:-1"},"canonical":"https:\/\/previews.elleven.digital\/acocearense\/noticia\/instituto-aco-cearense-completa-11-anos-com-mais-de-81-mil-pessoas-beneficiadas-ao-longo-de-sua-historia\/","og_locale":"pt_BR","og_type":"article","og_title":"Instituto A\u00e7o Cearense completa 11 anos com mais de 81 mil pessoas beneficiadas ao longo de sua hist\u00f3ria - Grupo A\u00e7o Cearense","og_description":"O Instituto A\u00e7o Cearense contribui para o desenvolvimento social das comunidades do Cear\u00e1, do Par\u00e1(...)","og_url":"https:\/\/previews.elleven.digital\/acocearense\/noticia\/instituto-aco-cearense-completa-11-anos-com-mais-de-81-mil-pessoas-beneficiadas-ao-longo-de-sua-historia\/","og_site_name":"Grupo A\u00e7o Cearense","article_modified_time":"2025-05-07T20:12:03+00:00","og_image":[{"width":768,"height":576,"url":"https:\/\/previews.elleven.digital\/acocearense\/wp-content\/uploads\/2025\/05\/iac-11-anos-768x576-1.jpg","type":"image\/jpeg"}],"twitter_card":"summary_large_image","twitter_misc":{"Est. tempo de leitura":"3 minutos"},"schema":{"@context":"https:\/\/schema.org","@graph":[{"@type":"WebPage","@id":"https:\/\/previews.elleven.digital\/acocearense\/noticia\/instituto-aco-cearense-completa-11-anos-com-mais-de-81-mil-pessoas-beneficiadas-ao-longo-de-sua-historia\/","url":"https:\/\/previews.elleven.digital\/acocearense\/noticia\/instituto-aco-cearense-completa-11-anos-com-mais-de-81-mil-pessoas-beneficiadas-ao-longo-de-sua-historia\/","name":"Instituto A\u00e7o Cearense completa 11 anos com mais de 81 mil pessoas beneficiadas ao longo de sua hist\u00f3ria - Grupo A\u00e7o Cearense","isPartOf":{"@id":"https:\/\/previews.elleven.digital\/acocearense\/#website"},"primaryImageOfPage":{"@id":"https:\/\/previews.elleven.digital\/acocearense\/noticia\/instituto-aco-cearense-completa-11-anos-com-mais-de-81-mil-pessoas-beneficiadas-ao-longo-de-sua-historia\/#primaryimage"},"image":{"@id":"https:\/\/previews.elleven.digital\/acocearense\/noticia\/instituto-aco-cearense-completa-11-anos-com-mais-de-81-mil-pessoas-beneficiadas-ao-longo-de-sua-historia\/#primaryimage"},"thumbnailUrl":"https:\/\/previews.elleven.digital\/acocearense\/wp-content\/uploads\/2025\/05\/iac-11-anos-768x576-1.jpg","datePublished":"2021-03-03T20:09:04+00:00","dateModified":"2025-05-07T20:12:03+00:00","breadcrumb":{"@id":"https:\/\/previews.elleven.digital\/acocearense\/noticia\/instituto-aco-cearense-completa-11-anos-com-mais-de-81-mil-pessoas-beneficiadas-ao-longo-de-sua-historia\/#breadcrumb"},"inLanguage":"pt-BR","potentialAction":[{"@type":"ReadAction","target":["https:\/\/previews.elleven.digital\/acocearense\/noticia\/instituto-aco-cearense-completa-11-anos-com-mais-de-81-mil-pessoas-beneficiadas-ao-longo-de-sua-historia\/"]}]},{"@type":"ImageObject","inLanguage":"pt-BR","@id":"https:\/\/previews.elleven.digital\/acocearense\/noticia\/instituto-aco-cearense-completa-11-anos-com-mais-de-81-mil-pessoas-beneficiadas-ao-longo-de-sua-historia\/#primaryimage","url":"https:\/\/previews.elleven.digital\/acocearense\/wp-content\/uploads\/2025\/05\/iac-11-anos-768x576-1.jpg","contentUrl":"https:\/\/previews.elleven.digital\/acocearense\/wp-content\/uploads\/2025\/05\/iac-11-anos-768x576-1.jpg","width":768,"height":576},{"@type":"BreadcrumbList","@id":"https:\/\/previews.elleven.digital\/acocearense\/noticia\/instituto-aco-cearense-completa-11-anos-com-mais-de-81-mil-pessoas-beneficiadas-ao-longo-de-sua-historia\/#breadcrumb","itemListElement":[{"@type":"ListItem","position":1,"name":"In\u00edcio","item":"https:\/\/previews.elleven.digital\/acocearense\/"},{"@type":"ListItem","position":2,"name":"Not\u00edcias","item":"https:\/\/previews.elleven.digital\/acocearense\/noticias\/"},{"@type":"ListItem","position":3,"name":"Instituto A\u00e7o Cearense completa 11 anos com mais de 81 mil pessoas beneficiadas ao longo de sua hist\u00f3ria"}]},{"@type":"WebSite","@id":"https:\/\/previews.elleven.digital\/acocearense\/#website","url":"https:\/\/previews.elleven.digital\/acocearense\/","name":"A\u00e7o Cearense","description":"H\u00e1 mais de 45 anos no mercado brasileiro do a\u00e7o.","alternateName":"A\u00e7o Cearense","potentialAction":[{"@type":"SearchAction","target":{"@type":"EntryPoint","urlTemplate":"https:\/\/previews.elleven.digital\/acocearense\/?s={search_term_string}"},"query-input":{"@type":"PropertyValueSpecification","valueRequired":true,"valueName":"search_term_string"}}],"inLanguage":"pt-BR"}]}},"_links":{"self":[{"href":"https:\/\/previews.elleven.digital\/acocearense\/wp-json\/wp\/v2\/noticia\/2083","targetHints":{"allow":["GET"]}}],"collection":[{"href":"https:\/\/previews.elleven.digital\/acocearense\/wp-json\/wp\/v2\/noticia"}],"about":[{"href":"https:\/\/previews.elleven.digital\/acocearense\/wp-json\/wp\/v2\/types\/noticia"}],"wp:featuredmedia":[{"embeddable":true,"href":"https:\/\/previews.elleven.digital\/acocearense\/wp-json\/wp\/v2\/media\/2093"}],"wp:attachment":[{"href":"https:\/\/previews.elleven.digital\/acocearense\/wp-json\/wp\/v2\/media?parent=2083"}],"wp:term":[{"taxonomy":"categoria-noticia","embeddable":true,"href":"https:\/\/previews.elleven.digital\/acocearense\/wp-json\/wp\/v2\/categoria-noticia?post=2083"}],"curies":[{"name":"wp","href":"https:\/\/api.w.org\/{rel}","templated":true}]}}