{"id":2081,"date":"2021-02-10T17:08:01","date_gmt":"2021-02-10T20:08:01","guid":{"rendered":"https:\/\/previews.elleven.digital\/acocearense\/?post_type=noticia&#038;p=2081"},"modified":"2025-05-07T17:08:32","modified_gmt":"2025-05-07T20:08:32","slug":"instituto-aco-cearense-fomenta-o-esporte-e-parabeniza-desportistas-pelo-dia-do-atleta-profissional","status":"publish","type":"noticia","link":"https:\/\/previews.elleven.digital\/acocearense\/noticia\/instituto-aco-cearense-fomenta-o-esporte-e-parabeniza-desportistas-pelo-dia-do-atleta-profissional\/","title":{"rendered":"Instituto A\u00e7o Cearense fomenta o esporte e parabeniza desportistas pelo Dia do Atleta Profissional"},"content":{"rendered":"<p>Dia 10 de fevereiro \u00e9 comemorado o Dia do Atleta Profissional, uma data para homenagear aqueles que s\u00e3o exemplo de muita disciplina, perseveran\u00e7a, foco e determina\u00e7\u00e3o. O Instituto A\u00e7o Cearense, acredita que o esporte \u00e9 mola propulsora de bem-estar e desenvolvimento social, por isso apoia e incentiva os atletas que fazem parte da hist\u00f3ria da institui\u00e7\u00e3o, para que nunca desistam.<\/p>\n<p>Mesmo com a pandemia de Covid-19, os atletas apoiados pelo Instituto A\u00e7o Cearense mantiveram suas rotinas de treino, com todos os cuidados, e aos poucos foram voltando a participar de competi\u00e7\u00f5es. Jonathan Benvindo, que luta karat\u00ea desde os sete anos, hoje, com 17, j\u00e1 contabiliza mais de 200 medalhas e p\u00f3dios pelo mundo afora. Ainda \u00e9 um adolescente, mas o esporte faz parte da sua vida como uma profiss\u00e3o. Seu sonho \u00e9 se tornar um atleta ol\u00edmpico e trazer grandes conquistas para o pa\u00eds. \u201cO esporte mudou a minha vida e a da minha fam\u00edlia, tanto financeiramente como social e culturalmente. Meu sonho \u00e9 poder viver do karat\u00ea e trazer mais medalhas para o Cear\u00e1 e o Brasil\u201d, conta.<\/p>\n<p>Para o atleta Gilberto Silva, paraciclista cearense patrocinado pelo Instituto A\u00e7o Cearense h\u00e1 10 anos, com mais 300 p\u00f3dios ao longo de sua hist\u00f3ria, a vida de atleta profissional \u00e9 um sonho que tamb\u00e9m come\u00e7ou na inf\u00e2ncia e foi questionado por muitas pessoas, devido a uma paralisia que o deixou com uma defici\u00eancia na perna. Apesar das dificuldades, ele nunca desistiu. Atualmente, Gilberto participa de in\u00fameras competi\u00e7\u00f5es e foi campe\u00e3o brasileiro de paracilcismo em 2017, medalha de bronze em 2019 e \u00e9 o atual vice-campe\u00e3o cearense de mountain bike na categoria Elite.<\/p>\n<p>\u00c9 com essas hist\u00f3rias que o Instituto A\u00e7o Cearense se inspira e quer incentivar outras empresas a apoiar a sa\u00fade, o bem-estar e fomentar o esporte como s\u00edmbolo de constru\u00e7\u00e3o de valores e desenvolvimento das pessoas.<\/p>\n<p>&nbsp;<\/p>\n<p><strong>Mais informa\u00e7\u00f5es para a Imprensa:<\/strong><\/p>\n<p>AD2M Engenharia de Comunica\u00e7\u00e3o<\/p>\n<p><a href=\"http:\/\/www.ad2m.com.br\/\">www.ad2m.com.br<\/a>\u00a0| (85) 3258.1001<\/p>\n<p>Camila Grangeiro \u2013\u00a0<a href=\"mailto:camilagrangeiro@ad2m.com.br\">camilagrangeiro@ad2m.com.br<\/a>\u00a0| (85) 9.8157.4929 \/ (85) 9.9659.6890<\/p>\n<p>Manoella Monteiro \u2013\u00a0<a href=\"mailto:manoella@ad2m.com.br\">manoella@ad2m.com.br<\/a>| (85) 9.8851.9529<\/p>\n<p>Mauro Costa \u2013\u00a0<a href=\"mailto:maurocosta@ad2m.com.br\">maurocosta@ad2m.com.br<\/a>\u00a0| (85) 9.8879.8474<\/p>\n","protected":false},"featured_media":2065,"template":"","meta":{"_acf_changed":false,"inline_featured_image":false},"categoria-noticia":[],"class_list":["post-2081","noticia","type-noticia","status-publish","has-post-thumbnail","hentry"],"acf":{"link":""},"yoast_head":"<!-- This site is optimized with the Yoast SEO plugin v25.9 - https:\/\/yoast.com\/wordpress\/plugins\/seo\/ -->\n<title>Instituto A\u00e7o Cearense fomenta o esporte e parabeniza desportistas pelo Dia do Atleta Profissional - Grupo A\u00e7o Cearense<\/title>\n<meta name=\"robots\" content=\"index, follow, max-snippet:-1, max-image-preview:large, max-video-preview:-1\" \/>\n<link rel=\"canonical\" href=\"https:\/\/previews.elleven.digital\/acocearense\/noticia\/instituto-aco-cearense-fomenta-o-esporte-e-parabeniza-desportistas-pelo-dia-do-atleta-profissional\/\" \/>\n<meta property=\"og:locale\" content=\"pt_BR\" \/>\n<meta property=\"og:type\" content=\"article\" \/>\n<meta property=\"og:title\" content=\"Instituto A\u00e7o Cearense fomenta o esporte e parabeniza desportistas pelo Dia do Atleta Profissional - Grupo A\u00e7o Cearense\" \/>\n<meta property=\"og:description\" content=\"Dia 10 de fevereiro \u00e9 comemorado o Dia do Atleta Profissional, uma data para homenagear(...)\" \/>\n<meta property=\"og:url\" content=\"https:\/\/previews.elleven.digital\/acocearense\/noticia\/instituto-aco-cearense-fomenta-o-esporte-e-parabeniza-desportistas-pelo-dia-do-atleta-profissional\/\" \/>\n<meta property=\"og:site_name\" content=\"Grupo A\u00e7o Cearense\" \/>\n<meta property=\"article:modified_time\" content=\"2025-05-07T20:08:32+00:00\" \/>\n<meta property=\"og:image\" content=\"https:\/\/previews.elleven.digital\/acocearense\/wp-content\/uploads\/2025\/05\/Instituto-Aco-Cearense-fomenta-o-esporte-e-parabeniza-desportistas-pelo-Dia-do-Atleta-Profissional-2.jpeg\" \/>\n\t<meta property=\"og:image:width\" content=\"1024\" \/>\n\t<meta property=\"og:image:height\" content=\"769\" \/>\n\t<meta property=\"og:image:type\" content=\"image\/jpeg\" \/>\n<meta name=\"twitter:card\" content=\"summary_large_image\" \/>\n<meta name=\"twitter:label1\" content=\"Est. tempo de leitura\" \/>\n\t<meta name=\"twitter:data1\" content=\"3 minutos\" \/>\n<script type=\"application\/ld+json\" class=\"yoast-schema-graph\">{\"@context\":\"https:\/\/schema.org\",\"@graph\":[{\"@type\":\"WebPage\",\"@id\":\"https:\/\/previews.elleven.digital\/acocearense\/noticia\/instituto-aco-cearense-fomenta-o-esporte-e-parabeniza-desportistas-pelo-dia-do-atleta-profissional\/\",\"url\":\"https:\/\/previews.elleven.digital\/acocearense\/noticia\/instituto-aco-cearense-fomenta-o-esporte-e-parabeniza-desportistas-pelo-dia-do-atleta-profissional\/\",\"name\":\"Instituto A\u00e7o Cearense fomenta o esporte e parabeniza desportistas pelo Dia do Atleta Profissional - Grupo A\u00e7o Cearense\",\"isPartOf\":{\"@id\":\"https:\/\/previews.elleven.digital\/acocearense\/#website\"},\"primaryImageOfPage\":{\"@id\":\"https:\/\/previews.elleven.digital\/acocearense\/noticia\/instituto-aco-cearense-fomenta-o-esporte-e-parabeniza-desportistas-pelo-dia-do-atleta-profissional\/#primaryimage\"},\"image\":{\"@id\":\"https:\/\/previews.elleven.digital\/acocearense\/noticia\/instituto-aco-cearense-fomenta-o-esporte-e-parabeniza-desportistas-pelo-dia-do-atleta-profissional\/#primaryimage\"},\"thumbnailUrl\":\"https:\/\/previews.elleven.digital\/acocearense\/wp-content\/uploads\/2025\/05\/Instituto-Aco-Cearense-fomenta-o-esporte-e-parabeniza-desportistas-pelo-Dia-do-Atleta-Profissional-2.jpeg\",\"datePublished\":\"2021-02-10T20:08:01+00:00\",\"dateModified\":\"2025-05-07T20:08:32+00:00\",\"breadcrumb\":{\"@id\":\"https:\/\/previews.elleven.digital\/acocearense\/noticia\/instituto-aco-cearense-fomenta-o-esporte-e-parabeniza-desportistas-pelo-dia-do-atleta-profissional\/#breadcrumb\"},\"inLanguage\":\"pt-BR\",\"potentialAction\":[{\"@type\":\"ReadAction\",\"target\":[\"https:\/\/previews.elleven.digital\/acocearense\/noticia\/instituto-aco-cearense-fomenta-o-esporte-e-parabeniza-desportistas-pelo-dia-do-atleta-profissional\/\"]}]},{\"@type\":\"ImageObject\",\"inLanguage\":\"pt-BR\",\"@id\":\"https:\/\/previews.elleven.digital\/acocearense\/noticia\/instituto-aco-cearense-fomenta-o-esporte-e-parabeniza-desportistas-pelo-dia-do-atleta-profissional\/#primaryimage\",\"url\":\"https:\/\/previews.elleven.digital\/acocearense\/wp-content\/uploads\/2025\/05\/Instituto-Aco-Cearense-fomenta-o-esporte-e-parabeniza-desportistas-pelo-Dia-do-Atleta-Profissional-2.jpeg\",\"contentUrl\":\"https:\/\/previews.elleven.digital\/acocearense\/wp-content\/uploads\/2025\/05\/Instituto-Aco-Cearense-fomenta-o-esporte-e-parabeniza-desportistas-pelo-Dia-do-Atleta-Profissional-2.jpeg\",\"width\":1024,\"height\":769},{\"@type\":\"BreadcrumbList\",\"@id\":\"https:\/\/previews.elleven.digital\/acocearense\/noticia\/instituto-aco-cearense-fomenta-o-esporte-e-parabeniza-desportistas-pelo-dia-do-atleta-profissional\/#breadcrumb\",\"itemListElement\":[{\"@type\":\"ListItem\",\"position\":1,\"name\":\"In\u00edcio\",\"item\":\"https:\/\/previews.elleven.digital\/acocearense\/\"},{\"@type\":\"ListItem\",\"position\":2,\"name\":\"Not\u00edcias\",\"item\":\"https:\/\/previews.elleven.digital\/acocearense\/noticias\/\"},{\"@type\":\"ListItem\",\"position\":3,\"name\":\"Instituto A\u00e7o Cearense fomenta o esporte e parabeniza desportistas pelo Dia do Atleta Profissional\"}]},{\"@type\":\"WebSite\",\"@id\":\"https:\/\/previews.elleven.digital\/acocearense\/#website\",\"url\":\"https:\/\/previews.elleven.digital\/acocearense\/\",\"name\":\"A\u00e7o Cearense\",\"description\":\"H\u00e1 mais de 45 anos no mercado brasileiro do a\u00e7o.\",\"alternateName\":\"A\u00e7o Cearense\",\"potentialAction\":[{\"@type\":\"SearchAction\",\"target\":{\"@type\":\"EntryPoint\",\"urlTemplate\":\"https:\/\/previews.elleven.digital\/acocearense\/?s={search_term_string}\"},\"query-input\":{\"@type\":\"PropertyValueSpecification\",\"valueRequired\":true,\"valueName\":\"search_term_string\"}}],\"inLanguage\":\"pt-BR\"}]}<\/script>\n<!-- \/ Yoast SEO plugin. -->","yoast_head_json":{"title":"Instituto A\u00e7o Cearense fomenta o esporte e parabeniza desportistas pelo Dia do Atleta Profissional - Grupo A\u00e7o Cearense","robots":{"index":"index","follow":"follow","max-snippet":"max-snippet:-1","max-image-preview":"max-image-preview:large","max-video-preview":"max-video-preview:-1"},"canonical":"https:\/\/previews.elleven.digital\/acocearense\/noticia\/instituto-aco-cearense-fomenta-o-esporte-e-parabeniza-desportistas-pelo-dia-do-atleta-profissional\/","og_locale":"pt_BR","og_type":"article","og_title":"Instituto A\u00e7o Cearense fomenta o esporte e parabeniza desportistas pelo Dia do Atleta Profissional - Grupo A\u00e7o Cearense","og_description":"Dia 10 de fevereiro \u00e9 comemorado o Dia do Atleta Profissional, uma data para homenagear(...)","og_url":"https:\/\/previews.elleven.digital\/acocearense\/noticia\/instituto-aco-cearense-fomenta-o-esporte-e-parabeniza-desportistas-pelo-dia-do-atleta-profissional\/","og_site_name":"Grupo A\u00e7o Cearense","article_modified_time":"2025-05-07T20:08:32+00:00","og_image":[{"width":1024,"height":769,"url":"https:\/\/previews.elleven.digital\/acocearense\/wp-content\/uploads\/2025\/05\/Instituto-Aco-Cearense-fomenta-o-esporte-e-parabeniza-desportistas-pelo-Dia-do-Atleta-Profissional-2.jpeg","type":"image\/jpeg"}],"twitter_card":"summary_large_image","twitter_misc":{"Est. tempo de leitura":"3 minutos"},"schema":{"@context":"https:\/\/schema.org","@graph":[{"@type":"WebPage","@id":"https:\/\/previews.elleven.digital\/acocearense\/noticia\/instituto-aco-cearense-fomenta-o-esporte-e-parabeniza-desportistas-pelo-dia-do-atleta-profissional\/","url":"https:\/\/previews.elleven.digital\/acocearense\/noticia\/instituto-aco-cearense-fomenta-o-esporte-e-parabeniza-desportistas-pelo-dia-do-atleta-profissional\/","name":"Instituto A\u00e7o Cearense fomenta o esporte e parabeniza desportistas pelo Dia do Atleta Profissional - Grupo A\u00e7o Cearense","isPartOf":{"@id":"https:\/\/previews.elleven.digital\/acocearense\/#website"},"primaryImageOfPage":{"@id":"https:\/\/previews.elleven.digital\/acocearense\/noticia\/instituto-aco-cearense-fomenta-o-esporte-e-parabeniza-desportistas-pelo-dia-do-atleta-profissional\/#primaryimage"},"image":{"@id":"https:\/\/previews.elleven.digital\/acocearense\/noticia\/instituto-aco-cearense-fomenta-o-esporte-e-parabeniza-desportistas-pelo-dia-do-atleta-profissional\/#primaryimage"},"thumbnailUrl":"https:\/\/previews.elleven.digital\/acocearense\/wp-content\/uploads\/2025\/05\/Instituto-Aco-Cearense-fomenta-o-esporte-e-parabeniza-desportistas-pelo-Dia-do-Atleta-Profissional-2.jpeg","datePublished":"2021-02-10T20:08:01+00:00","dateModified":"2025-05-07T20:08:32+00:00","breadcrumb":{"@id":"https:\/\/previews.elleven.digital\/acocearense\/noticia\/instituto-aco-cearense-fomenta-o-esporte-e-parabeniza-desportistas-pelo-dia-do-atleta-profissional\/#breadcrumb"},"inLanguage":"pt-BR","potentialAction":[{"@type":"ReadAction","target":["https:\/\/previews.elleven.digital\/acocearense\/noticia\/instituto-aco-cearense-fomenta-o-esporte-e-parabeniza-desportistas-pelo-dia-do-atleta-profissional\/"]}]},{"@type":"ImageObject","inLanguage":"pt-BR","@id":"https:\/\/previews.elleven.digital\/acocearense\/noticia\/instituto-aco-cearense-fomenta-o-esporte-e-parabeniza-desportistas-pelo-dia-do-atleta-profissional\/#primaryimage","url":"https:\/\/previews.elleven.digital\/acocearense\/wp-content\/uploads\/2025\/05\/Instituto-Aco-Cearense-fomenta-o-esporte-e-parabeniza-desportistas-pelo-Dia-do-Atleta-Profissional-2.jpeg","contentUrl":"https:\/\/previews.elleven.digital\/acocearense\/wp-content\/uploads\/2025\/05\/Instituto-Aco-Cearense-fomenta-o-esporte-e-parabeniza-desportistas-pelo-Dia-do-Atleta-Profissional-2.jpeg","width":1024,"height":769},{"@type":"BreadcrumbList","@id":"https:\/\/previews.elleven.digital\/acocearense\/noticia\/instituto-aco-cearense-fomenta-o-esporte-e-parabeniza-desportistas-pelo-dia-do-atleta-profissional\/#breadcrumb","itemListElement":[{"@type":"ListItem","position":1,"name":"In\u00edcio","item":"https:\/\/previews.elleven.digital\/acocearense\/"},{"@type":"ListItem","position":2,"name":"Not\u00edcias","item":"https:\/\/previews.elleven.digital\/acocearense\/noticias\/"},{"@type":"ListItem","position":3,"name":"Instituto A\u00e7o Cearense fomenta o esporte e parabeniza desportistas pelo Dia do Atleta Profissional"}]},{"@type":"WebSite","@id":"https:\/\/previews.elleven.digital\/acocearense\/#website","url":"https:\/\/previews.elleven.digital\/acocearense\/","name":"A\u00e7o Cearense","description":"H\u00e1 mais de 45 anos no mercado brasileiro do a\u00e7o.","alternateName":"A\u00e7o Cearense","potentialAction":[{"@type":"SearchAction","target":{"@type":"EntryPoint","urlTemplate":"https:\/\/previews.elleven.digital\/acocearense\/?s={search_term_string}"},"query-input":{"@type":"PropertyValueSpecification","valueRequired":true,"valueName":"search_term_string"}}],"inLanguage":"pt-BR"}]}},"_links":{"self":[{"href":"https:\/\/previews.elleven.digital\/acocearense\/wp-json\/wp\/v2\/noticia\/2081","targetHints":{"allow":["GET"]}}],"collection":[{"href":"https:\/\/previews.elleven.digital\/acocearense\/wp-json\/wp\/v2\/noticia"}],"about":[{"href":"https:\/\/previews.elleven.digital\/acocearense\/wp-json\/wp\/v2\/types\/noticia"}],"wp:featuredmedia":[{"embeddable":true,"href":"https:\/\/previews.elleven.digital\/acocearense\/wp-json\/wp\/v2\/media\/2065"}],"wp:attachment":[{"href":"https:\/\/previews.elleven.digital\/acocearense\/wp-json\/wp\/v2\/media?parent=2081"}],"wp:term":[{"taxonomy":"categoria-noticia","embeddable":true,"href":"https:\/\/previews.elleven.digital\/acocearense\/wp-json\/wp\/v2\/categoria-noticia?post=2081"}],"curies":[{"name":"wp","href":"https:\/\/api.w.org\/{rel}","templated":true}]}}