{"id":2080,"date":"2021-01-22T17:07:35","date_gmt":"2021-01-22T20:07:35","guid":{"rendered":"https:\/\/previews.elleven.digital\/acocearense\/?post_type=noticia&#038;p=2080"},"modified":"2025-05-07T17:07:58","modified_gmt":"2025-05-07T20:07:58","slug":"nota-de-esclarecimento-grupo-aco-cearense","status":"publish","type":"noticia","link":"https:\/\/previews.elleven.digital\/acocearense\/noticia\/nota-de-esclarecimento-grupo-aco-cearense\/","title":{"rendered":"Nota de Esclarecimento Grupo A\u00e7o Cearense"},"content":{"rendered":"<p>Em decorr\u00eancia da mat\u00e9ria intitulada \u201cSider\u00fargica escolhe o Tocantins para expandir<br \/>\nseus investimentos\u201d, publicada no dia 20 de janeiro de 2021, no site da Secretaria da<br \/>\nInd\u00fastria, Com\u00e9rcio e Servi\u00e7os do Estado do Tocantins, e replicada em diversos<br \/>\nportais, esclarecemos que:<\/p>\n<ul>\n<li>Em diversos momentos, a mat\u00e9ria atribui \u00e0 empresa \u201cMRX \u2013 Sider\u00fargica Norte<br \/>\nBrasil\u201d, erroneamente, dados e informa\u00e7\u00f5es pr\u00f3prios da Sider\u00fargica Norte<br \/>\nBrasil S.A. \u2013 SINOBRAS.<\/li>\n<li>Todos os dados publicados sobre faturamento, produtos, log\u00edstica e<br \/>\natendimento dizem respeito apenas \u00e0 SINOBRAS, que n\u00e3o possui qualquer<br \/>\nliga\u00e7\u00e3o com a MRX ou qualquer empresa de seu Grupo.<\/li>\n<li>A instala\u00e7\u00e3o de uma unidade industrial na cidade de Barrol\u00e2ndia, citada na<br \/>\nmat\u00e9ria, n\u00e3o \u00e9 de responsabilidade da Sider\u00fargica Norte Brasil S.A.- SINOBRAS.<\/li>\n<\/ul>\n<p>O site da empresa MRX, inclusive, cont\u00e9m, indevidamente, informa\u00e7\u00f5es pertencentes<br \/>\n\u00e0 SINOBRAS e n\u00e3o ao Grupo MRX, que nunca integrou ou tem qualquer v\u00ednculo com o<br \/>\nGrupo A\u00e7o Cearense, do qual a SINOBRAS faz parte.<\/p>\n<p>A SINOBRAS esclarece que avalia e apura o assunto com cautela, e adotar\u00e1 as medidas<br \/>\nlegais cab\u00edveis em se confirmando pr\u00e1ticas de apropria\u00e7\u00e3o indevida de informa\u00e7\u00f5es<br \/>\nempresariais, conforme seja o caso.<\/p>\n<h2>Sobre a SINOBRAS<\/h2>\n<p>A SINOBRAS faz parte do Grupo A\u00e7o Cearense, que tem mais de 40 anos de atua\u00e7\u00e3o no<br \/>\nmercado brasileiro, e oferece aos clientes produtos em a\u00e7os longos para a constru\u00e7\u00e3o<br \/>\ncivil, como vergalh\u00f5es SI-50 e SI-60, treli\u00e7as, arame recozido, tela e tela coluna, atua<br \/>\nh\u00e1 14 anos em Marab\u00e1, no Estado do Par\u00e1 por meio da opera\u00e7\u00e3o de uma sider\u00fargica<br \/>\nadquirida em 2006. A atua\u00e7\u00e3o da empresa no estado do Par\u00e1 contribui positiva e<br \/>\nsignificativamente para o desenvolvimento de infraestrutura e o progresso econ\u00f4mico<br \/>\nda regi\u00e3o e, portanto, do pa\u00eds.<\/p>\n<p>&nbsp;<\/p>\n<p><strong>Comunica\u00e7\u00e3o Grupo A\u00e7o Cearense<\/strong><br \/>\nNeliza Ferraz \u2013 Coordenadora de Comunica\u00e7\u00e3o<br \/>\n(85) 991889978 \u2013 40112137<br \/>\nneliza.ferraz@acocearense.com.br<\/p>\n<p>&nbsp;<\/p>\n<p><strong>Mais informa\u00e7\u00f5es para a Imprensa:<\/strong><br \/>\nAD2M Engenharia de Comunica\u00e7\u00e3o\u00a0| +55 (85) 3258.1001<br \/>\nCamila Grangeiro \u2013\u00a0camilagrangeiro@ad2m.com.br\u00a0| +55 (85) 981574929\/\u00a0996596890<br \/>\nMauro Costa \u2013\u00a0maurocosta@ad2m.com.br\u00a0|\u00a0+55\u00a0(85) 988798474<\/p>\n","protected":false},"featured_media":2066,"template":"","meta":{"_acf_changed":false,"inline_featured_image":false},"categoria-noticia":[],"class_list":["post-2080","noticia","type-noticia","status-publish","has-post-thumbnail","hentry"],"acf":{"link":""},"yoast_head":"<!-- This site is optimized with the Yoast SEO plugin v25.9 - https:\/\/yoast.com\/wordpress\/plugins\/seo\/ -->\n<title>Nota de Esclarecimento Grupo A\u00e7o Cearense - Grupo A\u00e7o Cearense<\/title>\n<meta name=\"robots\" content=\"index, follow, max-snippet:-1, max-image-preview:large, max-video-preview:-1\" \/>\n<link rel=\"canonical\" href=\"https:\/\/previews.elleven.digital\/acocearense\/noticia\/nota-de-esclarecimento-grupo-aco-cearense\/\" \/>\n<meta property=\"og:locale\" content=\"pt_BR\" \/>\n<meta property=\"og:type\" content=\"article\" \/>\n<meta property=\"og:title\" content=\"Nota de Esclarecimento Grupo A\u00e7o Cearense - Grupo A\u00e7o Cearense\" \/>\n<meta property=\"og:description\" content=\"Em decorr\u00eancia da mat\u00e9ria intitulada \u201cSider\u00fargica escolhe o Tocantins para expandir seus investimentos\u201d, publicada no(...)\" \/>\n<meta property=\"og:url\" content=\"https:\/\/previews.elleven.digital\/acocearense\/noticia\/nota-de-esclarecimento-grupo-aco-cearense\/\" \/>\n<meta property=\"og:site_name\" content=\"Grupo A\u00e7o Cearense\" \/>\n<meta property=\"article:modified_time\" content=\"2025-05-07T20:07:58+00:00\" \/>\n<meta property=\"og:image\" content=\"https:\/\/previews.elleven.digital\/acocearense\/wp-content\/uploads\/2025\/05\/logo-gac-capa-768x576-1.jpg\" \/>\n\t<meta property=\"og:image:width\" content=\"768\" \/>\n\t<meta property=\"og:image:height\" content=\"576\" \/>\n\t<meta property=\"og:image:type\" content=\"image\/jpeg\" \/>\n<meta name=\"twitter:card\" content=\"summary_large_image\" \/>\n<meta name=\"twitter:label1\" content=\"Est. tempo de leitura\" \/>\n\t<meta name=\"twitter:data1\" content=\"2 minutos\" \/>\n<script type=\"application\/ld+json\" class=\"yoast-schema-graph\">{\"@context\":\"https:\/\/schema.org\",\"@graph\":[{\"@type\":\"WebPage\",\"@id\":\"https:\/\/previews.elleven.digital\/acocearense\/noticia\/nota-de-esclarecimento-grupo-aco-cearense\/\",\"url\":\"https:\/\/previews.elleven.digital\/acocearense\/noticia\/nota-de-esclarecimento-grupo-aco-cearense\/\",\"name\":\"Nota de Esclarecimento Grupo A\u00e7o Cearense - Grupo A\u00e7o Cearense\",\"isPartOf\":{\"@id\":\"https:\/\/previews.elleven.digital\/acocearense\/#website\"},\"primaryImageOfPage\":{\"@id\":\"https:\/\/previews.elleven.digital\/acocearense\/noticia\/nota-de-esclarecimento-grupo-aco-cearense\/#primaryimage\"},\"image\":{\"@id\":\"https:\/\/previews.elleven.digital\/acocearense\/noticia\/nota-de-esclarecimento-grupo-aco-cearense\/#primaryimage\"},\"thumbnailUrl\":\"https:\/\/previews.elleven.digital\/acocearense\/wp-content\/uploads\/2025\/05\/logo-gac-capa-768x576-1.jpg\",\"datePublished\":\"2021-01-22T20:07:35+00:00\",\"dateModified\":\"2025-05-07T20:07:58+00:00\",\"breadcrumb\":{\"@id\":\"https:\/\/previews.elleven.digital\/acocearense\/noticia\/nota-de-esclarecimento-grupo-aco-cearense\/#breadcrumb\"},\"inLanguage\":\"pt-BR\",\"potentialAction\":[{\"@type\":\"ReadAction\",\"target\":[\"https:\/\/previews.elleven.digital\/acocearense\/noticia\/nota-de-esclarecimento-grupo-aco-cearense\/\"]}]},{\"@type\":\"ImageObject\",\"inLanguage\":\"pt-BR\",\"@id\":\"https:\/\/previews.elleven.digital\/acocearense\/noticia\/nota-de-esclarecimento-grupo-aco-cearense\/#primaryimage\",\"url\":\"https:\/\/previews.elleven.digital\/acocearense\/wp-content\/uploads\/2025\/05\/logo-gac-capa-768x576-1.jpg\",\"contentUrl\":\"https:\/\/previews.elleven.digital\/acocearense\/wp-content\/uploads\/2025\/05\/logo-gac-capa-768x576-1.jpg\",\"width\":768,\"height\":576},{\"@type\":\"BreadcrumbList\",\"@id\":\"https:\/\/previews.elleven.digital\/acocearense\/noticia\/nota-de-esclarecimento-grupo-aco-cearense\/#breadcrumb\",\"itemListElement\":[{\"@type\":\"ListItem\",\"position\":1,\"name\":\"In\u00edcio\",\"item\":\"https:\/\/previews.elleven.digital\/acocearense\/\"},{\"@type\":\"ListItem\",\"position\":2,\"name\":\"Not\u00edcias\",\"item\":\"https:\/\/previews.elleven.digital\/acocearense\/noticias\/\"},{\"@type\":\"ListItem\",\"position\":3,\"name\":\"Nota de Esclarecimento Grupo A\u00e7o Cearense\"}]},{\"@type\":\"WebSite\",\"@id\":\"https:\/\/previews.elleven.digital\/acocearense\/#website\",\"url\":\"https:\/\/previews.elleven.digital\/acocearense\/\",\"name\":\"A\u00e7o Cearense\",\"description\":\"H\u00e1 mais de 45 anos no mercado brasileiro do a\u00e7o.\",\"alternateName\":\"A\u00e7o Cearense\",\"potentialAction\":[{\"@type\":\"SearchAction\",\"target\":{\"@type\":\"EntryPoint\",\"urlTemplate\":\"https:\/\/previews.elleven.digital\/acocearense\/?s={search_term_string}\"},\"query-input\":{\"@type\":\"PropertyValueSpecification\",\"valueRequired\":true,\"valueName\":\"search_term_string\"}}],\"inLanguage\":\"pt-BR\"}]}<\/script>\n<!-- \/ Yoast SEO plugin. -->","yoast_head_json":{"title":"Nota de Esclarecimento Grupo A\u00e7o Cearense - Grupo A\u00e7o Cearense","robots":{"index":"index","follow":"follow","max-snippet":"max-snippet:-1","max-image-preview":"max-image-preview:large","max-video-preview":"max-video-preview:-1"},"canonical":"https:\/\/previews.elleven.digital\/acocearense\/noticia\/nota-de-esclarecimento-grupo-aco-cearense\/","og_locale":"pt_BR","og_type":"article","og_title":"Nota de Esclarecimento Grupo A\u00e7o Cearense - Grupo A\u00e7o Cearense","og_description":"Em decorr\u00eancia da mat\u00e9ria intitulada \u201cSider\u00fargica escolhe o Tocantins para expandir seus investimentos\u201d, publicada no(...)","og_url":"https:\/\/previews.elleven.digital\/acocearense\/noticia\/nota-de-esclarecimento-grupo-aco-cearense\/","og_site_name":"Grupo A\u00e7o Cearense","article_modified_time":"2025-05-07T20:07:58+00:00","og_image":[{"width":768,"height":576,"url":"https:\/\/previews.elleven.digital\/acocearense\/wp-content\/uploads\/2025\/05\/logo-gac-capa-768x576-1.jpg","type":"image\/jpeg"}],"twitter_card":"summary_large_image","twitter_misc":{"Est. tempo de leitura":"2 minutos"},"schema":{"@context":"https:\/\/schema.org","@graph":[{"@type":"WebPage","@id":"https:\/\/previews.elleven.digital\/acocearense\/noticia\/nota-de-esclarecimento-grupo-aco-cearense\/","url":"https:\/\/previews.elleven.digital\/acocearense\/noticia\/nota-de-esclarecimento-grupo-aco-cearense\/","name":"Nota de Esclarecimento Grupo A\u00e7o Cearense - Grupo A\u00e7o Cearense","isPartOf":{"@id":"https:\/\/previews.elleven.digital\/acocearense\/#website"},"primaryImageOfPage":{"@id":"https:\/\/previews.elleven.digital\/acocearense\/noticia\/nota-de-esclarecimento-grupo-aco-cearense\/#primaryimage"},"image":{"@id":"https:\/\/previews.elleven.digital\/acocearense\/noticia\/nota-de-esclarecimento-grupo-aco-cearense\/#primaryimage"},"thumbnailUrl":"https:\/\/previews.elleven.digital\/acocearense\/wp-content\/uploads\/2025\/05\/logo-gac-capa-768x576-1.jpg","datePublished":"2021-01-22T20:07:35+00:00","dateModified":"2025-05-07T20:07:58+00:00","breadcrumb":{"@id":"https:\/\/previews.elleven.digital\/acocearense\/noticia\/nota-de-esclarecimento-grupo-aco-cearense\/#breadcrumb"},"inLanguage":"pt-BR","potentialAction":[{"@type":"ReadAction","target":["https:\/\/previews.elleven.digital\/acocearense\/noticia\/nota-de-esclarecimento-grupo-aco-cearense\/"]}]},{"@type":"ImageObject","inLanguage":"pt-BR","@id":"https:\/\/previews.elleven.digital\/acocearense\/noticia\/nota-de-esclarecimento-grupo-aco-cearense\/#primaryimage","url":"https:\/\/previews.elleven.digital\/acocearense\/wp-content\/uploads\/2025\/05\/logo-gac-capa-768x576-1.jpg","contentUrl":"https:\/\/previews.elleven.digital\/acocearense\/wp-content\/uploads\/2025\/05\/logo-gac-capa-768x576-1.jpg","width":768,"height":576},{"@type":"BreadcrumbList","@id":"https:\/\/previews.elleven.digital\/acocearense\/noticia\/nota-de-esclarecimento-grupo-aco-cearense\/#breadcrumb","itemListElement":[{"@type":"ListItem","position":1,"name":"In\u00edcio","item":"https:\/\/previews.elleven.digital\/acocearense\/"},{"@type":"ListItem","position":2,"name":"Not\u00edcias","item":"https:\/\/previews.elleven.digital\/acocearense\/noticias\/"},{"@type":"ListItem","position":3,"name":"Nota de Esclarecimento Grupo A\u00e7o Cearense"}]},{"@type":"WebSite","@id":"https:\/\/previews.elleven.digital\/acocearense\/#website","url":"https:\/\/previews.elleven.digital\/acocearense\/","name":"A\u00e7o Cearense","description":"H\u00e1 mais de 45 anos no mercado brasileiro do a\u00e7o.","alternateName":"A\u00e7o Cearense","potentialAction":[{"@type":"SearchAction","target":{"@type":"EntryPoint","urlTemplate":"https:\/\/previews.elleven.digital\/acocearense\/?s={search_term_string}"},"query-input":{"@type":"PropertyValueSpecification","valueRequired":true,"valueName":"search_term_string"}}],"inLanguage":"pt-BR"}]}},"_links":{"self":[{"href":"https:\/\/previews.elleven.digital\/acocearense\/wp-json\/wp\/v2\/noticia\/2080","targetHints":{"allow":["GET"]}}],"collection":[{"href":"https:\/\/previews.elleven.digital\/acocearense\/wp-json\/wp\/v2\/noticia"}],"about":[{"href":"https:\/\/previews.elleven.digital\/acocearense\/wp-json\/wp\/v2\/types\/noticia"}],"wp:featuredmedia":[{"embeddable":true,"href":"https:\/\/previews.elleven.digital\/acocearense\/wp-json\/wp\/v2\/media\/2066"}],"wp:attachment":[{"href":"https:\/\/previews.elleven.digital\/acocearense\/wp-json\/wp\/v2\/media?parent=2080"}],"wp:term":[{"taxonomy":"categoria-noticia","embeddable":true,"href":"https:\/\/previews.elleven.digital\/acocearense\/wp-json\/wp\/v2\/categoria-noticia?post=2080"}],"curies":[{"name":"wp","href":"https:\/\/api.w.org\/{rel}","templated":true}]}}