{"id":2078,"date":"2020-12-16T17:06:41","date_gmt":"2020-12-16T20:06:41","guid":{"rendered":"https:\/\/previews.elleven.digital\/acocearense\/?post_type=noticia&#038;p=2078"},"modified":"2025-05-07T17:07:07","modified_gmt":"2025-05-07T20:07:07","slug":"instituto-aco-cearense-presenteou-mais-de-400-criancas-carentes-na-campanha-abraco-feliz","status":"publish","type":"noticia","link":"https:\/\/previews.elleven.digital\/acocearense\/noticia\/instituto-aco-cearense-presenteou-mais-de-400-criancas-carentes-na-campanha-abraco-feliz\/","title":{"rendered":"Instituto A\u00e7o Cearense presenteou mais de 400 crian\u00e7as carentes na Campanha Abra\u00e7o Feliz"},"content":{"rendered":"<p>Um ano totalmente diferente \u00e9 o m\u00ednimo que podemos falar de 2020. Houve muitas mudan\u00e7as e grandes dificuldades, mas a solidariedade foi a grande marca de aprendizado que vamos levar desse momento t\u00e3o desafiador. H\u00e1 seis anos o Instituto A\u00e7o Cearense lan\u00e7ou uma campanha intitulada\u00a0Abra\u00e7o Feliz, que como o nome mesmo prop\u00f5e, leva um abra\u00e7o caloroso, acompanhado de um presente de Natal, a crian\u00e7as em situa\u00e7\u00e3o de vulnerabilidade social. Este ano, a campanha ganhou um novo formato e presenteou mais de 400 crian\u00e7as de\u00a04\u00a0institui\u00e7\u00f5es em dezembro.<\/p>\n<p>Em decorr\u00eancia da pandemia da Covid-19, a campanha foi adaptada, passando a ser digital. As cartinhas que todos os anos eram escritas pelas crian\u00e7as das institui\u00e7\u00f5es apoiadas pela entidade, este ano viraram \u00e1udios. \u00c1rvores de Natal foram espalhadas pelas empresas do Grupo A\u00e7o Cearense, localizadas no Cear\u00e1, Par\u00e1 e Tocantins, e dentro dos enfeites natalinos, fotos da crian\u00e7ada, acompanhadas de um c\u00f3digo que permitia que o colaborador realizasse um cadastro e recebesse um \u00e1udio da pr\u00f3pria crian\u00e7a com seu pedido. Os presentes doados pelos colaboradores foram enviados para as institui\u00e7\u00f5es e l\u00e1 distribu\u00eddos \u00e0s crian\u00e7as.<\/p>\n<p>A gerente comercial da A\u00e7o Cearense Comercial, Amanda Feij\u00f3, escolheu presentear duas crian\u00e7as neste ano, como forma de tornar esse Natal um pouco mais especial.\u00a0 \u201cSempre participo da campanha e este ano fiquei um pouco triste porque as crian\u00e7as n\u00e3o poderiam vir aqui receber o nosso abra\u00e7o. Por outro lado, achei muito inovadora a forma como a empresa fez para que elas n\u00e3o ficassem sem o presente. No final, ainda recebi um v\u00eddeo de agradecimento das crian\u00e7as que presenteei e fiquei bastante emocionada\u201d, afirma a gestora.<\/p>\n<h2>Sobre o Instituto A\u00e7o Cearense<\/h2>\n<p>O Instituto A\u00e7o Cearense \u00e9 o respons\u00e1vel por todas as a\u00e7\u00f5es\u00a0do Grupo A\u00e7o Cearense\u00a0de cunho social, educacional, esportivo\u00a0e de empreendedorismo, contribuindo para o desenvolvimento do Cear\u00e1 e tamb\u00e9m do Par\u00e1 e\u00a0do\u00a0Tocantins, onde est\u00e3o localizadas as empresas\u00a0A\u00e7o Cearense Comercial, A\u00e7o Cearense Industrial, SINOBRAS e a SINOBRAS FLORESTAL, todas do Grupo. Com mais de R$14 milh\u00f5es investidos,\u00a0167\u00a0institui\u00e7\u00f5es j\u00e1 foram atendidas, totalizando mais de 80 mil pessoas beneficiadas.<\/p>\n","protected":false},"featured_media":2068,"template":"","meta":{"_acf_changed":false,"inline_featured_image":false},"categoria-noticia":[],"class_list":["post-2078","noticia","type-noticia","status-publish","has-post-thumbnail","hentry"],"acf":{"link":""},"yoast_head":"<!-- This site is optimized with the Yoast SEO plugin v25.9 - https:\/\/yoast.com\/wordpress\/plugins\/seo\/ -->\n<title>Instituto A\u00e7o Cearense presenteou mais de 400 crian\u00e7as carentes na Campanha Abra\u00e7o Feliz - Grupo A\u00e7o Cearense<\/title>\n<meta name=\"robots\" content=\"index, follow, max-snippet:-1, max-image-preview:large, max-video-preview:-1\" \/>\n<link rel=\"canonical\" href=\"https:\/\/previews.elleven.digital\/acocearense\/noticia\/instituto-aco-cearense-presenteou-mais-de-400-criancas-carentes-na-campanha-abraco-feliz\/\" \/>\n<meta property=\"og:locale\" content=\"pt_BR\" \/>\n<meta property=\"og:type\" content=\"article\" \/>\n<meta property=\"og:title\" content=\"Instituto A\u00e7o Cearense presenteou mais de 400 crian\u00e7as carentes na Campanha Abra\u00e7o Feliz - Grupo A\u00e7o Cearense\" \/>\n<meta property=\"og:description\" content=\"Um ano totalmente diferente \u00e9 o m\u00ednimo que podemos falar de 2020. Houve muitas mudan\u00e7as(...)\" \/>\n<meta property=\"og:url\" content=\"https:\/\/previews.elleven.digital\/acocearense\/noticia\/instituto-aco-cearense-presenteou-mais-de-400-criancas-carentes-na-campanha-abraco-feliz\/\" \/>\n<meta property=\"og:site_name\" content=\"Grupo A\u00e7o Cearense\" \/>\n<meta property=\"article:modified_time\" content=\"2025-05-07T20:07:07+00:00\" \/>\n<meta property=\"og:image\" content=\"https:\/\/previews.elleven.digital\/acocearense\/wp-content\/uploads\/2025\/05\/Abraco-Feliz-2-768x576-1.jpeg\" \/>\n\t<meta property=\"og:image:width\" content=\"768\" \/>\n\t<meta property=\"og:image:height\" content=\"576\" \/>\n\t<meta property=\"og:image:type\" content=\"image\/jpeg\" \/>\n<meta name=\"twitter:card\" content=\"summary_large_image\" \/>\n<meta name=\"twitter:label1\" content=\"Est. tempo de leitura\" \/>\n\t<meta name=\"twitter:data1\" content=\"3 minutos\" \/>\n<script type=\"application\/ld+json\" class=\"yoast-schema-graph\">{\"@context\":\"https:\/\/schema.org\",\"@graph\":[{\"@type\":\"WebPage\",\"@id\":\"https:\/\/previews.elleven.digital\/acocearense\/noticia\/instituto-aco-cearense-presenteou-mais-de-400-criancas-carentes-na-campanha-abraco-feliz\/\",\"url\":\"https:\/\/previews.elleven.digital\/acocearense\/noticia\/instituto-aco-cearense-presenteou-mais-de-400-criancas-carentes-na-campanha-abraco-feliz\/\",\"name\":\"Instituto A\u00e7o Cearense presenteou mais de 400 crian\u00e7as carentes na Campanha Abra\u00e7o Feliz - Grupo A\u00e7o Cearense\",\"isPartOf\":{\"@id\":\"https:\/\/previews.elleven.digital\/acocearense\/#website\"},\"primaryImageOfPage\":{\"@id\":\"https:\/\/previews.elleven.digital\/acocearense\/noticia\/instituto-aco-cearense-presenteou-mais-de-400-criancas-carentes-na-campanha-abraco-feliz\/#primaryimage\"},\"image\":{\"@id\":\"https:\/\/previews.elleven.digital\/acocearense\/noticia\/instituto-aco-cearense-presenteou-mais-de-400-criancas-carentes-na-campanha-abraco-feliz\/#primaryimage\"},\"thumbnailUrl\":\"https:\/\/previews.elleven.digital\/acocearense\/wp-content\/uploads\/2025\/05\/Abraco-Feliz-2-768x576-1.jpeg\",\"datePublished\":\"2020-12-16T20:06:41+00:00\",\"dateModified\":\"2025-05-07T20:07:07+00:00\",\"breadcrumb\":{\"@id\":\"https:\/\/previews.elleven.digital\/acocearense\/noticia\/instituto-aco-cearense-presenteou-mais-de-400-criancas-carentes-na-campanha-abraco-feliz\/#breadcrumb\"},\"inLanguage\":\"pt-BR\",\"potentialAction\":[{\"@type\":\"ReadAction\",\"target\":[\"https:\/\/previews.elleven.digital\/acocearense\/noticia\/instituto-aco-cearense-presenteou-mais-de-400-criancas-carentes-na-campanha-abraco-feliz\/\"]}]},{\"@type\":\"ImageObject\",\"inLanguage\":\"pt-BR\",\"@id\":\"https:\/\/previews.elleven.digital\/acocearense\/noticia\/instituto-aco-cearense-presenteou-mais-de-400-criancas-carentes-na-campanha-abraco-feliz\/#primaryimage\",\"url\":\"https:\/\/previews.elleven.digital\/acocearense\/wp-content\/uploads\/2025\/05\/Abraco-Feliz-2-768x576-1.jpeg\",\"contentUrl\":\"https:\/\/previews.elleven.digital\/acocearense\/wp-content\/uploads\/2025\/05\/Abraco-Feliz-2-768x576-1.jpeg\",\"width\":768,\"height\":576},{\"@type\":\"BreadcrumbList\",\"@id\":\"https:\/\/previews.elleven.digital\/acocearense\/noticia\/instituto-aco-cearense-presenteou-mais-de-400-criancas-carentes-na-campanha-abraco-feliz\/#breadcrumb\",\"itemListElement\":[{\"@type\":\"ListItem\",\"position\":1,\"name\":\"In\u00edcio\",\"item\":\"https:\/\/previews.elleven.digital\/acocearense\/\"},{\"@type\":\"ListItem\",\"position\":2,\"name\":\"Not\u00edcias\",\"item\":\"https:\/\/previews.elleven.digital\/acocearense\/noticias\/\"},{\"@type\":\"ListItem\",\"position\":3,\"name\":\"Instituto A\u00e7o Cearense presenteou mais de 400 crian\u00e7as carentes na Campanha Abra\u00e7o Feliz\"}]},{\"@type\":\"WebSite\",\"@id\":\"https:\/\/previews.elleven.digital\/acocearense\/#website\",\"url\":\"https:\/\/previews.elleven.digital\/acocearense\/\",\"name\":\"A\u00e7o Cearense\",\"description\":\"H\u00e1 mais de 45 anos no mercado brasileiro do a\u00e7o.\",\"alternateName\":\"A\u00e7o Cearense\",\"potentialAction\":[{\"@type\":\"SearchAction\",\"target\":{\"@type\":\"EntryPoint\",\"urlTemplate\":\"https:\/\/previews.elleven.digital\/acocearense\/?s={search_term_string}\"},\"query-input\":{\"@type\":\"PropertyValueSpecification\",\"valueRequired\":true,\"valueName\":\"search_term_string\"}}],\"inLanguage\":\"pt-BR\"}]}<\/script>\n<!-- \/ Yoast SEO plugin. -->","yoast_head_json":{"title":"Instituto A\u00e7o Cearense presenteou mais de 400 crian\u00e7as carentes na Campanha Abra\u00e7o Feliz - Grupo A\u00e7o Cearense","robots":{"index":"index","follow":"follow","max-snippet":"max-snippet:-1","max-image-preview":"max-image-preview:large","max-video-preview":"max-video-preview:-1"},"canonical":"https:\/\/previews.elleven.digital\/acocearense\/noticia\/instituto-aco-cearense-presenteou-mais-de-400-criancas-carentes-na-campanha-abraco-feliz\/","og_locale":"pt_BR","og_type":"article","og_title":"Instituto A\u00e7o Cearense presenteou mais de 400 crian\u00e7as carentes na Campanha Abra\u00e7o Feliz - Grupo A\u00e7o Cearense","og_description":"Um ano totalmente diferente \u00e9 o m\u00ednimo que podemos falar de 2020. Houve muitas mudan\u00e7as(...)","og_url":"https:\/\/previews.elleven.digital\/acocearense\/noticia\/instituto-aco-cearense-presenteou-mais-de-400-criancas-carentes-na-campanha-abraco-feliz\/","og_site_name":"Grupo A\u00e7o Cearense","article_modified_time":"2025-05-07T20:07:07+00:00","og_image":[{"width":768,"height":576,"url":"https:\/\/previews.elleven.digital\/acocearense\/wp-content\/uploads\/2025\/05\/Abraco-Feliz-2-768x576-1.jpeg","type":"image\/jpeg"}],"twitter_card":"summary_large_image","twitter_misc":{"Est. tempo de leitura":"3 minutos"},"schema":{"@context":"https:\/\/schema.org","@graph":[{"@type":"WebPage","@id":"https:\/\/previews.elleven.digital\/acocearense\/noticia\/instituto-aco-cearense-presenteou-mais-de-400-criancas-carentes-na-campanha-abraco-feliz\/","url":"https:\/\/previews.elleven.digital\/acocearense\/noticia\/instituto-aco-cearense-presenteou-mais-de-400-criancas-carentes-na-campanha-abraco-feliz\/","name":"Instituto A\u00e7o Cearense presenteou mais de 400 crian\u00e7as carentes na Campanha Abra\u00e7o Feliz - Grupo A\u00e7o Cearense","isPartOf":{"@id":"https:\/\/previews.elleven.digital\/acocearense\/#website"},"primaryImageOfPage":{"@id":"https:\/\/previews.elleven.digital\/acocearense\/noticia\/instituto-aco-cearense-presenteou-mais-de-400-criancas-carentes-na-campanha-abraco-feliz\/#primaryimage"},"image":{"@id":"https:\/\/previews.elleven.digital\/acocearense\/noticia\/instituto-aco-cearense-presenteou-mais-de-400-criancas-carentes-na-campanha-abraco-feliz\/#primaryimage"},"thumbnailUrl":"https:\/\/previews.elleven.digital\/acocearense\/wp-content\/uploads\/2025\/05\/Abraco-Feliz-2-768x576-1.jpeg","datePublished":"2020-12-16T20:06:41+00:00","dateModified":"2025-05-07T20:07:07+00:00","breadcrumb":{"@id":"https:\/\/previews.elleven.digital\/acocearense\/noticia\/instituto-aco-cearense-presenteou-mais-de-400-criancas-carentes-na-campanha-abraco-feliz\/#breadcrumb"},"inLanguage":"pt-BR","potentialAction":[{"@type":"ReadAction","target":["https:\/\/previews.elleven.digital\/acocearense\/noticia\/instituto-aco-cearense-presenteou-mais-de-400-criancas-carentes-na-campanha-abraco-feliz\/"]}]},{"@type":"ImageObject","inLanguage":"pt-BR","@id":"https:\/\/previews.elleven.digital\/acocearense\/noticia\/instituto-aco-cearense-presenteou-mais-de-400-criancas-carentes-na-campanha-abraco-feliz\/#primaryimage","url":"https:\/\/previews.elleven.digital\/acocearense\/wp-content\/uploads\/2025\/05\/Abraco-Feliz-2-768x576-1.jpeg","contentUrl":"https:\/\/previews.elleven.digital\/acocearense\/wp-content\/uploads\/2025\/05\/Abraco-Feliz-2-768x576-1.jpeg","width":768,"height":576},{"@type":"BreadcrumbList","@id":"https:\/\/previews.elleven.digital\/acocearense\/noticia\/instituto-aco-cearense-presenteou-mais-de-400-criancas-carentes-na-campanha-abraco-feliz\/#breadcrumb","itemListElement":[{"@type":"ListItem","position":1,"name":"In\u00edcio","item":"https:\/\/previews.elleven.digital\/acocearense\/"},{"@type":"ListItem","position":2,"name":"Not\u00edcias","item":"https:\/\/previews.elleven.digital\/acocearense\/noticias\/"},{"@type":"ListItem","position":3,"name":"Instituto A\u00e7o Cearense presenteou mais de 400 crian\u00e7as carentes na Campanha Abra\u00e7o Feliz"}]},{"@type":"WebSite","@id":"https:\/\/previews.elleven.digital\/acocearense\/#website","url":"https:\/\/previews.elleven.digital\/acocearense\/","name":"A\u00e7o Cearense","description":"H\u00e1 mais de 45 anos no mercado brasileiro do a\u00e7o.","alternateName":"A\u00e7o Cearense","potentialAction":[{"@type":"SearchAction","target":{"@type":"EntryPoint","urlTemplate":"https:\/\/previews.elleven.digital\/acocearense\/?s={search_term_string}"},"query-input":{"@type":"PropertyValueSpecification","valueRequired":true,"valueName":"search_term_string"}}],"inLanguage":"pt-BR"}]}},"_links":{"self":[{"href":"https:\/\/previews.elleven.digital\/acocearense\/wp-json\/wp\/v2\/noticia\/2078","targetHints":{"allow":["GET"]}}],"collection":[{"href":"https:\/\/previews.elleven.digital\/acocearense\/wp-json\/wp\/v2\/noticia"}],"about":[{"href":"https:\/\/previews.elleven.digital\/acocearense\/wp-json\/wp\/v2\/types\/noticia"}],"wp:featuredmedia":[{"embeddable":true,"href":"https:\/\/previews.elleven.digital\/acocearense\/wp-json\/wp\/v2\/media\/2068"}],"wp:attachment":[{"href":"https:\/\/previews.elleven.digital\/acocearense\/wp-json\/wp\/v2\/media?parent=2078"}],"wp:term":[{"taxonomy":"categoria-noticia","embeddable":true,"href":"https:\/\/previews.elleven.digital\/acocearense\/wp-json\/wp\/v2\/categoria-noticia?post=2078"}],"curies":[{"name":"wp","href":"https:\/\/api.w.org\/{rel}","templated":true}]}}