{"id":2075,"date":"2020-11-26T17:05:26","date_gmt":"2020-11-26T20:05:26","guid":{"rendered":"https:\/\/previews.elleven.digital\/acocearense\/?post_type=noticia&#038;p=2075"},"modified":"2025-05-07T17:05:52","modified_gmt":"2025-05-07T20:05:52","slug":"entrevista-com-neliza-ferraz-coordenadora-de-comunicacao-corporativa-no-grupo-aco-cearense","status":"publish","type":"noticia","link":"https:\/\/previews.elleven.digital\/acocearense\/noticia\/entrevista-com-neliza-ferraz-coordenadora-de-comunicacao-corporativa-no-grupo-aco-cearense\/","title":{"rendered":"Entrevista com Neliza Ferraz, Coordenadora de Comunica\u00e7\u00e3o Corporativa no Grupo A\u00e7o Cearense"},"content":{"rendered":"<p>Coordenadora de Comunica\u00e7\u00e3o do Grupo A\u00e7o Cearense, jornalista com Especializa\u00e7\u00e3o em Gest\u00e3o da Comunica\u00e7\u00e3o Empresarial e MBA em Gest\u00e3o Ambiental. Profissional com quase 20 anos de experi\u00eancia na \u00e1rea de Comunica\u00e7\u00e3o Empresarial, com foco em Comunica\u00e7\u00e3o Integrada. Reconhecida como uma das 5 Melhores Executivas de Comunica\u00e7\u00e3o em 2020 no Pr\u00eamio Top Mega Brasil\/ Nordeste. Participa do\u00a026 desde 2010.<\/p>\n<p><span class=\"im\"><strong>1. Como decidiu que gostaria de seguir a carreira da Comunica\u00e7\u00e3o?<\/strong><br \/>\n<\/span>\u00a0Sempre acreditei no poder transformador da comunica\u00e7\u00e3o e por ser uma pessoa curiosa, boa ouvinte e comunicativa, nunca imaginei atuar em outra \u00e1rea.<span class=\"im\"><br \/>\n<\/span><\/p>\n<p><span class=\"im\"><br \/>\n<strong>2. Uma das suas principais realiza\u00e7\u00f5es \u00e9 a implanta\u00e7\u00e3o da \u00e1rea de Comunica\u00e7\u00e3o em empresas. Quais os desafios ao realizar essa inser\u00e7\u00e3o?<\/strong><br \/>\n<\/span>Eu diria que \u00e9 uma jun\u00e7\u00e3o de v\u00e1rios desafios. Posso citar alguns que considero mais importantes como: o conhecimento profundo do neg\u00f3cio da empresa; a an\u00e1lise do momento que a empresa vive; a sele\u00e7\u00e3o de pessoas capacitadas e com foco no que \u00e9 necess\u00e1rio realizar; o saber ouvir e estar atenta ao que acontece em todos os setores; o planejamento estrat\u00e9gico; e monitoramento das etapas do processo.<\/p>\n<p>&nbsp;<\/p>\n<p><strong>3. H\u00e1 12 anos voc\u00ea comanda o time de Comunica\u00e7\u00e3o do Grupo A\u00e7o Cearense, quais conquistas e cases de sucesso marcaram essa trajet\u00f3ria?<\/strong><br \/>\nCada ano h\u00e1 sempre um novo desafio, uma nova meta e um novo objetivo para a Comunica\u00e7\u00e3o. Este ano, devido a pandemia, tivemos que nos reinventar para atender nossos colaboradores, clientes, fornecedores e p\u00fablico em geral com precis\u00e3o, agilidade e assertividade. T\u00ednhamos uma ferramenta preciosa, a informa\u00e7\u00e3o, por isso nos esfor\u00e7amos ainda mais para chegar a todos os nossos stakeholders. Certamente isso tudo s\u00f3 foi poss\u00edvel pelo Tima\u00e7o de que fa\u00e7o parte. Cada um com suas qualidades \u00edmpares, trouxe um olhar atento, uma palavra ajustada e uma novidade para toda essa jornada.<span class=\"im\"><br \/>\n<\/span><\/p>\n<p><span class=\"im\"><br \/>\n<strong>4. Voc\u00ea considera que a comunica\u00e7\u00e3o para um Grupo inserido no mercado sider\u00fargico brasileiro \u00e9 diferente de outros segmentos? Quais s\u00e3o as prioridades?<\/strong><br \/>\n<\/span>Todo segmento tem suas particularidades. Acredito que para fazermos entregas excelentes em qualquer segmento temos que saber plenamente do neg\u00f3cio e dos desafios que o circundam. Tamb\u00e9m \u00e9 de fundamental import\u00e2ncia entender o que se passa no Brasil e no mundo. As pessoas est\u00e3o conectadas e a informa\u00e7\u00e3o tem uma velocidade surreal. Temos que estar antenados e sempre sair na frente.<span class=\"im\"><br \/>\n<\/span><\/p>\n<p><span class=\"im\"><br \/>\n<strong>5. Como \u00e9 fazer comunica\u00e7\u00e3o para uma empresa com uma carteira de 16 mil clientes em todo o pa\u00eds?<\/strong><br \/>\n<\/span>\u00c9 um desafio, porque as pessoas n\u00e3o est\u00e3o no mesmo local e nem no mesmo Estado. Por isso consideramos na nossa estrat\u00e9gia a cultura de cada regi\u00e3o e uma linguagem simples, objetiva e criativa.<span class=\"im\"><br \/>\n<\/span><\/p>\n<p><span class=\"im\"><br \/>\n<strong>6. Como voc\u00ea avalia o cen\u00e1rio atual de comunica\u00e7\u00e3o corporativa?<\/strong><br \/>\n<\/span>A Comunica\u00e7\u00e3o nunca foi t\u00e3o falada e tratada estrategicamente como agora. O cen\u00e1rio nos exige adapta\u00e7\u00e3o \u00e0s r\u00e1pidas mudan\u00e7as e sobretudo narrativas cada vez mais humanizadas. A empatia \u00e9 algo fundamental na rela\u00e7\u00e3o entre empresa e colaborador. A comunica\u00e7\u00e3o precisa ser veloz e causar encantamento.<\/p>\n<p><span class=\"im\"><br \/>\n<strong>7. Voc\u00ea ficou entre as 5 melhores Executivas de Comunica\u00e7\u00e3o no Pr\u00eamio Top Mega Brasil\/Nordeste 2020, o que significou para voc\u00ea esse reconhecimento?<\/strong><br \/>\n<\/span>S\u00f3 a indica\u00e7\u00e3o de estar entre as feras da comunica\u00e7\u00e3o corporativa j\u00e1 me deixou feliz. S\u00e3o muitos anos de estudo e aprendizado, investindo tempo, conhecimento, energia e, principalmente, paix\u00e3o. Tenho quase 20 anos de atua\u00e7\u00e3o e estar entre as 5 melhores Executivas de Comunica\u00e7\u00e3o do Nordeste \u00e9 mais que um reconhecimento, \u00e9 a certeza de que n\u00e3o podemos parar na busca pelo aperfei\u00e7oamento.<\/p>\n<p>&nbsp;<\/p>\n<p><strong>Fonte:<\/strong>\u00a0<a href=\"https:\/\/www.nossomeio.com.br\/entrevista-com-neliza-ferraz-coordenadora-de-comunicacao-corporativa-no-grupo-aco-cearense\/\">Nosso Meio<\/a><\/p>\n","protected":false},"featured_media":2071,"template":"","meta":{"_acf_changed":false,"inline_featured_image":false},"categoria-noticia":[],"class_list":["post-2075","noticia","type-noticia","status-publish","has-post-thumbnail","hentry"],"acf":{"link":""},"yoast_head":"<!-- This site is optimized with the Yoast SEO plugin v25.9 - https:\/\/yoast.com\/wordpress\/plugins\/seo\/ -->\n<title>Entrevista com Neliza Ferraz, Coordenadora de Comunica\u00e7\u00e3o Corporativa no Grupo A\u00e7o Cearense - Grupo A\u00e7o Cearense<\/title>\n<meta name=\"robots\" content=\"index, follow, max-snippet:-1, max-image-preview:large, max-video-preview:-1\" \/>\n<link rel=\"canonical\" href=\"https:\/\/previews.elleven.digital\/acocearense\/noticia\/entrevista-com-neliza-ferraz-coordenadora-de-comunicacao-corporativa-no-grupo-aco-cearense\/\" \/>\n<meta property=\"og:locale\" content=\"pt_BR\" \/>\n<meta property=\"og:type\" content=\"article\" \/>\n<meta property=\"og:title\" content=\"Entrevista com Neliza Ferraz, Coordenadora de Comunica\u00e7\u00e3o Corporativa no Grupo A\u00e7o Cearense - Grupo A\u00e7o Cearense\" \/>\n<meta property=\"og:description\" content=\"Coordenadora de Comunica\u00e7\u00e3o do Grupo A\u00e7o Cearense, jornalista com Especializa\u00e7\u00e3o em Gest\u00e3o da Comunica\u00e7\u00e3o Empresarial(...)\" \/>\n<meta property=\"og:url\" content=\"https:\/\/previews.elleven.digital\/acocearense\/noticia\/entrevista-com-neliza-ferraz-coordenadora-de-comunicacao-corporativa-no-grupo-aco-cearense\/\" \/>\n<meta property=\"og:site_name\" content=\"Grupo A\u00e7o Cearense\" \/>\n<meta property=\"article:modified_time\" content=\"2025-05-07T20:05:52+00:00\" \/>\n<meta property=\"og:image\" content=\"https:\/\/previews.elleven.digital\/acocearense\/wp-content\/uploads\/2025\/05\/Neliza-Ferraz.jpeg\" \/>\n\t<meta property=\"og:image:width\" content=\"692\" \/>\n\t<meta property=\"og:image:height\" content=\"594\" \/>\n\t<meta property=\"og:image:type\" content=\"image\/jpeg\" \/>\n<meta name=\"twitter:card\" content=\"summary_large_image\" \/>\n<meta name=\"twitter:label1\" content=\"Est. tempo de leitura\" \/>\n\t<meta name=\"twitter:data1\" content=\"4 minutos\" \/>\n<script type=\"application\/ld+json\" class=\"yoast-schema-graph\">{\"@context\":\"https:\/\/schema.org\",\"@graph\":[{\"@type\":\"WebPage\",\"@id\":\"https:\/\/previews.elleven.digital\/acocearense\/noticia\/entrevista-com-neliza-ferraz-coordenadora-de-comunicacao-corporativa-no-grupo-aco-cearense\/\",\"url\":\"https:\/\/previews.elleven.digital\/acocearense\/noticia\/entrevista-com-neliza-ferraz-coordenadora-de-comunicacao-corporativa-no-grupo-aco-cearense\/\",\"name\":\"Entrevista com Neliza Ferraz, Coordenadora de Comunica\u00e7\u00e3o Corporativa no Grupo A\u00e7o Cearense - Grupo A\u00e7o Cearense\",\"isPartOf\":{\"@id\":\"https:\/\/previews.elleven.digital\/acocearense\/#website\"},\"primaryImageOfPage\":{\"@id\":\"https:\/\/previews.elleven.digital\/acocearense\/noticia\/entrevista-com-neliza-ferraz-coordenadora-de-comunicacao-corporativa-no-grupo-aco-cearense\/#primaryimage\"},\"image\":{\"@id\":\"https:\/\/previews.elleven.digital\/acocearense\/noticia\/entrevista-com-neliza-ferraz-coordenadora-de-comunicacao-corporativa-no-grupo-aco-cearense\/#primaryimage\"},\"thumbnailUrl\":\"https:\/\/previews.elleven.digital\/acocearense\/wp-content\/uploads\/2025\/05\/Neliza-Ferraz.jpeg\",\"datePublished\":\"2020-11-26T20:05:26+00:00\",\"dateModified\":\"2025-05-07T20:05:52+00:00\",\"breadcrumb\":{\"@id\":\"https:\/\/previews.elleven.digital\/acocearense\/noticia\/entrevista-com-neliza-ferraz-coordenadora-de-comunicacao-corporativa-no-grupo-aco-cearense\/#breadcrumb\"},\"inLanguage\":\"pt-BR\",\"potentialAction\":[{\"@type\":\"ReadAction\",\"target\":[\"https:\/\/previews.elleven.digital\/acocearense\/noticia\/entrevista-com-neliza-ferraz-coordenadora-de-comunicacao-corporativa-no-grupo-aco-cearense\/\"]}]},{\"@type\":\"ImageObject\",\"inLanguage\":\"pt-BR\",\"@id\":\"https:\/\/previews.elleven.digital\/acocearense\/noticia\/entrevista-com-neliza-ferraz-coordenadora-de-comunicacao-corporativa-no-grupo-aco-cearense\/#primaryimage\",\"url\":\"https:\/\/previews.elleven.digital\/acocearense\/wp-content\/uploads\/2025\/05\/Neliza-Ferraz.jpeg\",\"contentUrl\":\"https:\/\/previews.elleven.digital\/acocearense\/wp-content\/uploads\/2025\/05\/Neliza-Ferraz.jpeg\",\"width\":692,\"height\":594},{\"@type\":\"BreadcrumbList\",\"@id\":\"https:\/\/previews.elleven.digital\/acocearense\/noticia\/entrevista-com-neliza-ferraz-coordenadora-de-comunicacao-corporativa-no-grupo-aco-cearense\/#breadcrumb\",\"itemListElement\":[{\"@type\":\"ListItem\",\"position\":1,\"name\":\"In\u00edcio\",\"item\":\"https:\/\/previews.elleven.digital\/acocearense\/\"},{\"@type\":\"ListItem\",\"position\":2,\"name\":\"Not\u00edcias\",\"item\":\"https:\/\/previews.elleven.digital\/acocearense\/noticias\/\"},{\"@type\":\"ListItem\",\"position\":3,\"name\":\"Entrevista com Neliza Ferraz, Coordenadora de Comunica\u00e7\u00e3o Corporativa no Grupo A\u00e7o Cearense\"}]},{\"@type\":\"WebSite\",\"@id\":\"https:\/\/previews.elleven.digital\/acocearense\/#website\",\"url\":\"https:\/\/previews.elleven.digital\/acocearense\/\",\"name\":\"A\u00e7o Cearense\",\"description\":\"H\u00e1 mais de 45 anos no mercado brasileiro do a\u00e7o.\",\"alternateName\":\"A\u00e7o Cearense\",\"potentialAction\":[{\"@type\":\"SearchAction\",\"target\":{\"@type\":\"EntryPoint\",\"urlTemplate\":\"https:\/\/previews.elleven.digital\/acocearense\/?s={search_term_string}\"},\"query-input\":{\"@type\":\"PropertyValueSpecification\",\"valueRequired\":true,\"valueName\":\"search_term_string\"}}],\"inLanguage\":\"pt-BR\"}]}<\/script>\n<!-- \/ Yoast SEO plugin. -->","yoast_head_json":{"title":"Entrevista com Neliza Ferraz, Coordenadora de Comunica\u00e7\u00e3o Corporativa no Grupo A\u00e7o Cearense - Grupo A\u00e7o Cearense","robots":{"index":"index","follow":"follow","max-snippet":"max-snippet:-1","max-image-preview":"max-image-preview:large","max-video-preview":"max-video-preview:-1"},"canonical":"https:\/\/previews.elleven.digital\/acocearense\/noticia\/entrevista-com-neliza-ferraz-coordenadora-de-comunicacao-corporativa-no-grupo-aco-cearense\/","og_locale":"pt_BR","og_type":"article","og_title":"Entrevista com Neliza Ferraz, Coordenadora de Comunica\u00e7\u00e3o Corporativa no Grupo A\u00e7o Cearense - Grupo A\u00e7o Cearense","og_description":"Coordenadora de Comunica\u00e7\u00e3o do Grupo A\u00e7o Cearense, jornalista com Especializa\u00e7\u00e3o em Gest\u00e3o da Comunica\u00e7\u00e3o Empresarial(...)","og_url":"https:\/\/previews.elleven.digital\/acocearense\/noticia\/entrevista-com-neliza-ferraz-coordenadora-de-comunicacao-corporativa-no-grupo-aco-cearense\/","og_site_name":"Grupo A\u00e7o Cearense","article_modified_time":"2025-05-07T20:05:52+00:00","og_image":[{"width":692,"height":594,"url":"https:\/\/previews.elleven.digital\/acocearense\/wp-content\/uploads\/2025\/05\/Neliza-Ferraz.jpeg","type":"image\/jpeg"}],"twitter_card":"summary_large_image","twitter_misc":{"Est. tempo de leitura":"4 minutos"},"schema":{"@context":"https:\/\/schema.org","@graph":[{"@type":"WebPage","@id":"https:\/\/previews.elleven.digital\/acocearense\/noticia\/entrevista-com-neliza-ferraz-coordenadora-de-comunicacao-corporativa-no-grupo-aco-cearense\/","url":"https:\/\/previews.elleven.digital\/acocearense\/noticia\/entrevista-com-neliza-ferraz-coordenadora-de-comunicacao-corporativa-no-grupo-aco-cearense\/","name":"Entrevista com Neliza Ferraz, Coordenadora de Comunica\u00e7\u00e3o Corporativa no Grupo A\u00e7o Cearense - Grupo A\u00e7o Cearense","isPartOf":{"@id":"https:\/\/previews.elleven.digital\/acocearense\/#website"},"primaryImageOfPage":{"@id":"https:\/\/previews.elleven.digital\/acocearense\/noticia\/entrevista-com-neliza-ferraz-coordenadora-de-comunicacao-corporativa-no-grupo-aco-cearense\/#primaryimage"},"image":{"@id":"https:\/\/previews.elleven.digital\/acocearense\/noticia\/entrevista-com-neliza-ferraz-coordenadora-de-comunicacao-corporativa-no-grupo-aco-cearense\/#primaryimage"},"thumbnailUrl":"https:\/\/previews.elleven.digital\/acocearense\/wp-content\/uploads\/2025\/05\/Neliza-Ferraz.jpeg","datePublished":"2020-11-26T20:05:26+00:00","dateModified":"2025-05-07T20:05:52+00:00","breadcrumb":{"@id":"https:\/\/previews.elleven.digital\/acocearense\/noticia\/entrevista-com-neliza-ferraz-coordenadora-de-comunicacao-corporativa-no-grupo-aco-cearense\/#breadcrumb"},"inLanguage":"pt-BR","potentialAction":[{"@type":"ReadAction","target":["https:\/\/previews.elleven.digital\/acocearense\/noticia\/entrevista-com-neliza-ferraz-coordenadora-de-comunicacao-corporativa-no-grupo-aco-cearense\/"]}]},{"@type":"ImageObject","inLanguage":"pt-BR","@id":"https:\/\/previews.elleven.digital\/acocearense\/noticia\/entrevista-com-neliza-ferraz-coordenadora-de-comunicacao-corporativa-no-grupo-aco-cearense\/#primaryimage","url":"https:\/\/previews.elleven.digital\/acocearense\/wp-content\/uploads\/2025\/05\/Neliza-Ferraz.jpeg","contentUrl":"https:\/\/previews.elleven.digital\/acocearense\/wp-content\/uploads\/2025\/05\/Neliza-Ferraz.jpeg","width":692,"height":594},{"@type":"BreadcrumbList","@id":"https:\/\/previews.elleven.digital\/acocearense\/noticia\/entrevista-com-neliza-ferraz-coordenadora-de-comunicacao-corporativa-no-grupo-aco-cearense\/#breadcrumb","itemListElement":[{"@type":"ListItem","position":1,"name":"In\u00edcio","item":"https:\/\/previews.elleven.digital\/acocearense\/"},{"@type":"ListItem","position":2,"name":"Not\u00edcias","item":"https:\/\/previews.elleven.digital\/acocearense\/noticias\/"},{"@type":"ListItem","position":3,"name":"Entrevista com Neliza Ferraz, Coordenadora de Comunica\u00e7\u00e3o Corporativa no Grupo A\u00e7o Cearense"}]},{"@type":"WebSite","@id":"https:\/\/previews.elleven.digital\/acocearense\/#website","url":"https:\/\/previews.elleven.digital\/acocearense\/","name":"A\u00e7o Cearense","description":"H\u00e1 mais de 45 anos no mercado brasileiro do a\u00e7o.","alternateName":"A\u00e7o Cearense","potentialAction":[{"@type":"SearchAction","target":{"@type":"EntryPoint","urlTemplate":"https:\/\/previews.elleven.digital\/acocearense\/?s={search_term_string}"},"query-input":{"@type":"PropertyValueSpecification","valueRequired":true,"valueName":"search_term_string"}}],"inLanguage":"pt-BR"}]}},"_links":{"self":[{"href":"https:\/\/previews.elleven.digital\/acocearense\/wp-json\/wp\/v2\/noticia\/2075","targetHints":{"allow":["GET"]}}],"collection":[{"href":"https:\/\/previews.elleven.digital\/acocearense\/wp-json\/wp\/v2\/noticia"}],"about":[{"href":"https:\/\/previews.elleven.digital\/acocearense\/wp-json\/wp\/v2\/types\/noticia"}],"wp:featuredmedia":[{"embeddable":true,"href":"https:\/\/previews.elleven.digital\/acocearense\/wp-json\/wp\/v2\/media\/2071"}],"wp:attachment":[{"href":"https:\/\/previews.elleven.digital\/acocearense\/wp-json\/wp\/v2\/media?parent=2075"}],"wp:term":[{"taxonomy":"categoria-noticia","embeddable":true,"href":"https:\/\/previews.elleven.digital\/acocearense\/wp-json\/wp\/v2\/categoria-noticia?post=2075"}],"curies":[{"name":"wp","href":"https:\/\/api.w.org\/{rel}","templated":true}]}}