{"id":2063,"date":"2020-10-22T17:02:15","date_gmt":"2020-10-22T20:02:15","guid":{"rendered":"https:\/\/previews.elleven.digital\/acocearense\/?post_type=noticia&#038;p=2063"},"modified":"2025-05-07T17:04:57","modified_gmt":"2025-05-07T20:04:57","slug":"grupo-aco-cearense-esta-entre-as-maiores-e-melhores-empresas-do-pais-segundo-a-revista-epoca-negocios-360","status":"publish","type":"noticia","link":"https:\/\/previews.elleven.digital\/acocearense\/noticia\/grupo-aco-cearense-esta-entre-as-maiores-e-melhores-empresas-do-pais-segundo-a-revista-epoca-negocios-360\/","title":{"rendered":"Grupo A\u00e7o Cearense est\u00e1 entre as maiores e melhores empresas do pa\u00eds segundo a revista \u00c9poca Neg\u00f3cios 360\u00b0"},"content":{"rendered":"<p>O Grupo A\u00e7o Cearense est\u00e1 mais uma vez no ranking da edi\u00e7\u00e3o especial \u00c9poca Neg\u00f3cios 360\u00ba. Neste ano, o Grupo figura na 291\u00aa coloca\u00e7\u00e3o entre as 500 maiores empresas do pa\u00eds e na 207\u00aa entre as 334 melhores companhias em excel\u00eancia, com destaque em diversos setores\u00a0da economia,\u00a0alcan\u00e7ando ainda\u00a0o 2\u00ba lugar no indicador\u00a0Desempenho Financeiro e o 5\u00ba no indicador Sustentabilidade, no segmento de Minera\u00e7\u00e3o e Siderurgia.<\/p>\n<p><img loading=\"lazy\" decoding=\"async\" class=\"size-medium wp-image-9023 aligncenter\" src=\"https:\/\/previews.elleven.digital\/acocearense\/wp-content\/uploads\/2020\/10\/Feed-V3-300x300.jpg\" sizes=\"auto, (max-width: 300px) 100vw, 300px\" srcset=\"https:\/\/previews.elleven.digital\/acocearense\/wp-content\/uploads\/2020\/10\/Feed-V3-300x300.jpg 300w, https:\/\/previews.elleven.digital\/acocearense\/wp-content\/uploads\/2020\/10\/Feed-V3-150x150.jpg 150w, https:\/\/previews.elleven.digital\/acocearense\/wp-content\/uploads\/2020\/10\/Feed-V3-768x768.jpg 768w, https:\/\/previews.elleven.digital\/acocearense\/wp-content\/uploads\/2020\/10\/Feed-V3.jpg 984w\" alt=\"\u00c9poca de Neg\u00f3cios\" width=\"300\" height=\"300\" \/><\/p>\n<p>O anu\u00e1rio \u00c9poca Neg\u00f3cios 360\u00ba tem como objetivo eleger as melhores companhias do pa\u00eds, em parceria com a Funda\u00e7\u00e3o Dom Cabral, e \u00e9 um dos mais completos rankings empresariais, reconhecendo grande destaques nas dimens\u00f5es de desempenho financeiro, governan\u00e7a corporativa, inova\u00e7\u00e3o, pessoas, sustentabilidade e vis\u00e3o de futuro.<\/p>\n","protected":false},"featured_media":2073,"template":"","meta":{"_acf_changed":false,"inline_featured_image":false},"categoria-noticia":[],"class_list":["post-2063","noticia","type-noticia","status-publish","has-post-thumbnail","hentry"],"acf":{"link":""},"yoast_head":"<!-- This site is optimized with the Yoast SEO plugin v25.9 - https:\/\/yoast.com\/wordpress\/plugins\/seo\/ -->\n<title>Grupo A\u00e7o Cearense est\u00e1 entre as maiores e melhores empresas do pa\u00eds segundo a revista \u00c9poca Neg\u00f3cios 360\u00b0 - Grupo A\u00e7o Cearense<\/title>\n<meta name=\"robots\" content=\"index, follow, max-snippet:-1, max-image-preview:large, max-video-preview:-1\" \/>\n<link rel=\"canonical\" href=\"https:\/\/previews.elleven.digital\/acocearense\/noticia\/grupo-aco-cearense-esta-entre-as-maiores-e-melhores-empresas-do-pais-segundo-a-revista-epoca-negocios-360\/\" \/>\n<meta property=\"og:locale\" content=\"pt_BR\" \/>\n<meta property=\"og:type\" content=\"article\" \/>\n<meta property=\"og:title\" content=\"Grupo A\u00e7o Cearense est\u00e1 entre as maiores e melhores empresas do pa\u00eds segundo a revista \u00c9poca Neg\u00f3cios 360\u00b0 - Grupo A\u00e7o Cearense\" \/>\n<meta property=\"og:description\" content=\"O Grupo A\u00e7o Cearense est\u00e1 mais uma vez no ranking da edi\u00e7\u00e3o especial \u00c9poca Neg\u00f3cios(...)\" \/>\n<meta property=\"og:url\" content=\"https:\/\/previews.elleven.digital\/acocearense\/noticia\/grupo-aco-cearense-esta-entre-as-maiores-e-melhores-empresas-do-pais-segundo-a-revista-epoca-negocios-360\/\" \/>\n<meta property=\"og:site_name\" content=\"Grupo A\u00e7o Cearense\" \/>\n<meta property=\"article:modified_time\" content=\"2025-05-07T20:04:57+00:00\" \/>\n<meta property=\"og:image\" content=\"https:\/\/previews.elleven.digital\/acocearense\/wp-content\/uploads\/2025\/05\/poca-de-Negocios-300x239-1.png\" \/>\n\t<meta property=\"og:image:width\" content=\"300\" \/>\n\t<meta property=\"og:image:height\" content=\"239\" \/>\n\t<meta property=\"og:image:type\" content=\"image\/png\" \/>\n<meta name=\"twitter:card\" content=\"summary_large_image\" \/>\n<meta name=\"twitter:label1\" content=\"Est. tempo de leitura\" \/>\n\t<meta name=\"twitter:data1\" content=\"2 minutos\" \/>\n<script type=\"application\/ld+json\" class=\"yoast-schema-graph\">{\"@context\":\"https:\/\/schema.org\",\"@graph\":[{\"@type\":\"WebPage\",\"@id\":\"https:\/\/previews.elleven.digital\/acocearense\/noticia\/grupo-aco-cearense-esta-entre-as-maiores-e-melhores-empresas-do-pais-segundo-a-revista-epoca-negocios-360\/\",\"url\":\"https:\/\/previews.elleven.digital\/acocearense\/noticia\/grupo-aco-cearense-esta-entre-as-maiores-e-melhores-empresas-do-pais-segundo-a-revista-epoca-negocios-360\/\",\"name\":\"Grupo A\u00e7o Cearense est\u00e1 entre as maiores e melhores empresas do pa\u00eds segundo a revista \u00c9poca Neg\u00f3cios 360\u00b0 - Grupo A\u00e7o Cearense\",\"isPartOf\":{\"@id\":\"https:\/\/previews.elleven.digital\/acocearense\/#website\"},\"primaryImageOfPage\":{\"@id\":\"https:\/\/previews.elleven.digital\/acocearense\/noticia\/grupo-aco-cearense-esta-entre-as-maiores-e-melhores-empresas-do-pais-segundo-a-revista-epoca-negocios-360\/#primaryimage\"},\"image\":{\"@id\":\"https:\/\/previews.elleven.digital\/acocearense\/noticia\/grupo-aco-cearense-esta-entre-as-maiores-e-melhores-empresas-do-pais-segundo-a-revista-epoca-negocios-360\/#primaryimage\"},\"thumbnailUrl\":\"https:\/\/previews.elleven.digital\/acocearense\/wp-content\/uploads\/2025\/05\/poca-de-Negocios-300x239-1.png\",\"datePublished\":\"2020-10-22T20:02:15+00:00\",\"dateModified\":\"2025-05-07T20:04:57+00:00\",\"breadcrumb\":{\"@id\":\"https:\/\/previews.elleven.digital\/acocearense\/noticia\/grupo-aco-cearense-esta-entre-as-maiores-e-melhores-empresas-do-pais-segundo-a-revista-epoca-negocios-360\/#breadcrumb\"},\"inLanguage\":\"pt-BR\",\"potentialAction\":[{\"@type\":\"ReadAction\",\"target\":[\"https:\/\/previews.elleven.digital\/acocearense\/noticia\/grupo-aco-cearense-esta-entre-as-maiores-e-melhores-empresas-do-pais-segundo-a-revista-epoca-negocios-360\/\"]}]},{\"@type\":\"ImageObject\",\"inLanguage\":\"pt-BR\",\"@id\":\"https:\/\/previews.elleven.digital\/acocearense\/noticia\/grupo-aco-cearense-esta-entre-as-maiores-e-melhores-empresas-do-pais-segundo-a-revista-epoca-negocios-360\/#primaryimage\",\"url\":\"https:\/\/previews.elleven.digital\/acocearense\/wp-content\/uploads\/2025\/05\/poca-de-Negocios-300x239-1.png\",\"contentUrl\":\"https:\/\/previews.elleven.digital\/acocearense\/wp-content\/uploads\/2025\/05\/poca-de-Negocios-300x239-1.png\",\"width\":300,\"height\":239},{\"@type\":\"BreadcrumbList\",\"@id\":\"https:\/\/previews.elleven.digital\/acocearense\/noticia\/grupo-aco-cearense-esta-entre-as-maiores-e-melhores-empresas-do-pais-segundo-a-revista-epoca-negocios-360\/#breadcrumb\",\"itemListElement\":[{\"@type\":\"ListItem\",\"position\":1,\"name\":\"In\u00edcio\",\"item\":\"https:\/\/previews.elleven.digital\/acocearense\/\"},{\"@type\":\"ListItem\",\"position\":2,\"name\":\"Not\u00edcias\",\"item\":\"https:\/\/previews.elleven.digital\/acocearense\/noticias\/\"},{\"@type\":\"ListItem\",\"position\":3,\"name\":\"Grupo A\u00e7o Cearense est\u00e1 entre as maiores e melhores empresas do pa\u00eds segundo a revista \u00c9poca Neg\u00f3cios 360\u00b0\"}]},{\"@type\":\"WebSite\",\"@id\":\"https:\/\/previews.elleven.digital\/acocearense\/#website\",\"url\":\"https:\/\/previews.elleven.digital\/acocearense\/\",\"name\":\"A\u00e7o Cearense\",\"description\":\"H\u00e1 mais de 45 anos no mercado brasileiro do a\u00e7o.\",\"alternateName\":\"A\u00e7o Cearense\",\"potentialAction\":[{\"@type\":\"SearchAction\",\"target\":{\"@type\":\"EntryPoint\",\"urlTemplate\":\"https:\/\/previews.elleven.digital\/acocearense\/?s={search_term_string}\"},\"query-input\":{\"@type\":\"PropertyValueSpecification\",\"valueRequired\":true,\"valueName\":\"search_term_string\"}}],\"inLanguage\":\"pt-BR\"}]}<\/script>\n<!-- \/ Yoast SEO plugin. -->","yoast_head_json":{"title":"Grupo A\u00e7o Cearense est\u00e1 entre as maiores e melhores empresas do pa\u00eds segundo a revista \u00c9poca Neg\u00f3cios 360\u00b0 - Grupo A\u00e7o Cearense","robots":{"index":"index","follow":"follow","max-snippet":"max-snippet:-1","max-image-preview":"max-image-preview:large","max-video-preview":"max-video-preview:-1"},"canonical":"https:\/\/previews.elleven.digital\/acocearense\/noticia\/grupo-aco-cearense-esta-entre-as-maiores-e-melhores-empresas-do-pais-segundo-a-revista-epoca-negocios-360\/","og_locale":"pt_BR","og_type":"article","og_title":"Grupo A\u00e7o Cearense est\u00e1 entre as maiores e melhores empresas do pa\u00eds segundo a revista \u00c9poca Neg\u00f3cios 360\u00b0 - Grupo A\u00e7o Cearense","og_description":"O Grupo A\u00e7o Cearense est\u00e1 mais uma vez no ranking da edi\u00e7\u00e3o especial \u00c9poca Neg\u00f3cios(...)","og_url":"https:\/\/previews.elleven.digital\/acocearense\/noticia\/grupo-aco-cearense-esta-entre-as-maiores-e-melhores-empresas-do-pais-segundo-a-revista-epoca-negocios-360\/","og_site_name":"Grupo A\u00e7o Cearense","article_modified_time":"2025-05-07T20:04:57+00:00","og_image":[{"width":300,"height":239,"url":"https:\/\/previews.elleven.digital\/acocearense\/wp-content\/uploads\/2025\/05\/poca-de-Negocios-300x239-1.png","type":"image\/png"}],"twitter_card":"summary_large_image","twitter_misc":{"Est. tempo de leitura":"2 minutos"},"schema":{"@context":"https:\/\/schema.org","@graph":[{"@type":"WebPage","@id":"https:\/\/previews.elleven.digital\/acocearense\/noticia\/grupo-aco-cearense-esta-entre-as-maiores-e-melhores-empresas-do-pais-segundo-a-revista-epoca-negocios-360\/","url":"https:\/\/previews.elleven.digital\/acocearense\/noticia\/grupo-aco-cearense-esta-entre-as-maiores-e-melhores-empresas-do-pais-segundo-a-revista-epoca-negocios-360\/","name":"Grupo A\u00e7o Cearense est\u00e1 entre as maiores e melhores empresas do pa\u00eds segundo a revista \u00c9poca Neg\u00f3cios 360\u00b0 - Grupo A\u00e7o Cearense","isPartOf":{"@id":"https:\/\/previews.elleven.digital\/acocearense\/#website"},"primaryImageOfPage":{"@id":"https:\/\/previews.elleven.digital\/acocearense\/noticia\/grupo-aco-cearense-esta-entre-as-maiores-e-melhores-empresas-do-pais-segundo-a-revista-epoca-negocios-360\/#primaryimage"},"image":{"@id":"https:\/\/previews.elleven.digital\/acocearense\/noticia\/grupo-aco-cearense-esta-entre-as-maiores-e-melhores-empresas-do-pais-segundo-a-revista-epoca-negocios-360\/#primaryimage"},"thumbnailUrl":"https:\/\/previews.elleven.digital\/acocearense\/wp-content\/uploads\/2025\/05\/poca-de-Negocios-300x239-1.png","datePublished":"2020-10-22T20:02:15+00:00","dateModified":"2025-05-07T20:04:57+00:00","breadcrumb":{"@id":"https:\/\/previews.elleven.digital\/acocearense\/noticia\/grupo-aco-cearense-esta-entre-as-maiores-e-melhores-empresas-do-pais-segundo-a-revista-epoca-negocios-360\/#breadcrumb"},"inLanguage":"pt-BR","potentialAction":[{"@type":"ReadAction","target":["https:\/\/previews.elleven.digital\/acocearense\/noticia\/grupo-aco-cearense-esta-entre-as-maiores-e-melhores-empresas-do-pais-segundo-a-revista-epoca-negocios-360\/"]}]},{"@type":"ImageObject","inLanguage":"pt-BR","@id":"https:\/\/previews.elleven.digital\/acocearense\/noticia\/grupo-aco-cearense-esta-entre-as-maiores-e-melhores-empresas-do-pais-segundo-a-revista-epoca-negocios-360\/#primaryimage","url":"https:\/\/previews.elleven.digital\/acocearense\/wp-content\/uploads\/2025\/05\/poca-de-Negocios-300x239-1.png","contentUrl":"https:\/\/previews.elleven.digital\/acocearense\/wp-content\/uploads\/2025\/05\/poca-de-Negocios-300x239-1.png","width":300,"height":239},{"@type":"BreadcrumbList","@id":"https:\/\/previews.elleven.digital\/acocearense\/noticia\/grupo-aco-cearense-esta-entre-as-maiores-e-melhores-empresas-do-pais-segundo-a-revista-epoca-negocios-360\/#breadcrumb","itemListElement":[{"@type":"ListItem","position":1,"name":"In\u00edcio","item":"https:\/\/previews.elleven.digital\/acocearense\/"},{"@type":"ListItem","position":2,"name":"Not\u00edcias","item":"https:\/\/previews.elleven.digital\/acocearense\/noticias\/"},{"@type":"ListItem","position":3,"name":"Grupo A\u00e7o Cearense est\u00e1 entre as maiores e melhores empresas do pa\u00eds segundo a revista \u00c9poca Neg\u00f3cios 360\u00b0"}]},{"@type":"WebSite","@id":"https:\/\/previews.elleven.digital\/acocearense\/#website","url":"https:\/\/previews.elleven.digital\/acocearense\/","name":"A\u00e7o Cearense","description":"H\u00e1 mais de 45 anos no mercado brasileiro do a\u00e7o.","alternateName":"A\u00e7o Cearense","potentialAction":[{"@type":"SearchAction","target":{"@type":"EntryPoint","urlTemplate":"https:\/\/previews.elleven.digital\/acocearense\/?s={search_term_string}"},"query-input":{"@type":"PropertyValueSpecification","valueRequired":true,"valueName":"search_term_string"}}],"inLanguage":"pt-BR"}]}},"_links":{"self":[{"href":"https:\/\/previews.elleven.digital\/acocearense\/wp-json\/wp\/v2\/noticia\/2063","targetHints":{"allow":["GET"]}}],"collection":[{"href":"https:\/\/previews.elleven.digital\/acocearense\/wp-json\/wp\/v2\/noticia"}],"about":[{"href":"https:\/\/previews.elleven.digital\/acocearense\/wp-json\/wp\/v2\/types\/noticia"}],"wp:featuredmedia":[{"embeddable":true,"href":"https:\/\/previews.elleven.digital\/acocearense\/wp-json\/wp\/v2\/media\/2073"}],"wp:attachment":[{"href":"https:\/\/previews.elleven.digital\/acocearense\/wp-json\/wp\/v2\/media?parent=2063"}],"wp:term":[{"taxonomy":"categoria-noticia","embeddable":true,"href":"https:\/\/previews.elleven.digital\/acocearense\/wp-json\/wp\/v2\/categoria-noticia?post=2063"}],"curies":[{"name":"wp","href":"https:\/\/api.w.org\/{rel}","templated":true}]}}