{"id":2062,"date":"2020-10-22T17:01:42","date_gmt":"2020-10-22T20:01:42","guid":{"rendered":"https:\/\/previews.elleven.digital\/acocearense\/?post_type=noticia&#038;p=2062"},"modified":"2025-05-07T17:02:01","modified_gmt":"2025-05-07T20:02:01","slug":"seminario-futura-trends-2020-e-apoiado-pelo-grupo-aco-cearense","status":"publish","type":"noticia","link":"https:\/\/previews.elleven.digital\/acocearense\/noticia\/seminario-futura-trends-2020-e-apoiado-pelo-grupo-aco-cearense\/","title":{"rendered":"Semin\u00e1rio Futura Trends 2020 \u00e9 apoiado pelo Grupo A\u00e7o Cearense"},"content":{"rendered":"<p>Os povos do mundo presenciam uma das mais agressivas pandemias da hist\u00f3ria da humanidade. 41 milh\u00f5es de contaminados no mundo, mais de 5 milh\u00f5es s\u00f3 no Brasil, perdas humanas acima das duas guerras mundiais. Esse ser\u00e1 o assunto da edi\u00e7\u00e3o de 2020 do Semin\u00e1rio Futura Trens, apoiado pelo Grupo A\u00e7o Cearense, que ter\u00e1 como tema central \u201cDilemas Humanos P\u00f3s-COVID-19\u201d.<\/p>\n<p>O evento acontecer\u00e1 nos dias 26, 27, 28 e 29 de outubro e este ano, em fun\u00e7\u00e3o da pandemia do Coronav\u00edrus, ser\u00e1 realizado exclusivamente pelos canais digitais, por meio de um WEBINAR ao vivo e dentro das plataformas digitais do Grupo O POVO, realizador do evento. As inscri\u00e7\u00f5es est\u00e3o sendo realizadas pelo link:\u00a0<a href=\"https:\/\/seminariofuturatrends.com.br\/#inscreva-se\">https:\/\/seminariofuturatrends.com.br\/#inscreva-se<\/a>.<\/p>\n<p>A programa\u00e7\u00e3o conta com Grandes Nomes convidados para palestras em uma jornada de quatro dias de 90 minutos cada, sempre a partir das 18 horas (hor\u00e1rio de Bras\u00edlia), neste que \u00e9 o principal evento de conhecimento da regi\u00e3o nordeste do Brasil.<\/p>\n","protected":false},"featured_media":2044,"template":"","meta":{"_acf_changed":false,"inline_featured_image":false},"categoria-noticia":[],"class_list":["post-2062","noticia","type-noticia","status-publish","has-post-thumbnail","hentry"],"acf":{"link":""},"yoast_head":"<!-- This site is optimized with the Yoast SEO plugin v25.9 - https:\/\/yoast.com\/wordpress\/plugins\/seo\/ -->\n<title>Semin\u00e1rio Futura Trends 2020 \u00e9 apoiado pelo Grupo A\u00e7o Cearense - Grupo A\u00e7o Cearense<\/title>\n<meta name=\"robots\" content=\"index, follow, max-snippet:-1, max-image-preview:large, max-video-preview:-1\" \/>\n<link rel=\"canonical\" href=\"https:\/\/previews.elleven.digital\/acocearense\/noticia\/seminario-futura-trends-2020-e-apoiado-pelo-grupo-aco-cearense\/\" \/>\n<meta property=\"og:locale\" content=\"pt_BR\" \/>\n<meta property=\"og:type\" content=\"article\" \/>\n<meta property=\"og:title\" content=\"Semin\u00e1rio Futura Trends 2020 \u00e9 apoiado pelo Grupo A\u00e7o Cearense - Grupo A\u00e7o Cearense\" \/>\n<meta property=\"og:description\" content=\"Os povos do mundo presenciam uma das mais agressivas pandemias da hist\u00f3ria da humanidade. 41(...)\" \/>\n<meta property=\"og:url\" content=\"https:\/\/previews.elleven.digital\/acocearense\/noticia\/seminario-futura-trends-2020-e-apoiado-pelo-grupo-aco-cearense\/\" \/>\n<meta property=\"og:site_name\" content=\"Grupo A\u00e7o Cearense\" \/>\n<meta property=\"article:modified_time\" content=\"2025-05-07T20:02:01+00:00\" \/>\n<meta property=\"og:image\" content=\"https:\/\/previews.elleven.digital\/acocearense\/wp-content\/uploads\/2025\/05\/unnamed-1-2.png\" \/>\n\t<meta property=\"og:image:width\" content=\"1200\" \/>\n\t<meta property=\"og:image:height\" content=\"630\" \/>\n\t<meta property=\"og:image:type\" content=\"image\/png\" \/>\n<meta name=\"twitter:card\" content=\"summary_large_image\" \/>\n<meta name=\"twitter:label1\" content=\"Est. tempo de leitura\" \/>\n\t<meta name=\"twitter:data1\" content=\"2 minutos\" \/>\n<script type=\"application\/ld+json\" class=\"yoast-schema-graph\">{\"@context\":\"https:\/\/schema.org\",\"@graph\":[{\"@type\":\"WebPage\",\"@id\":\"https:\/\/previews.elleven.digital\/acocearense\/noticia\/seminario-futura-trends-2020-e-apoiado-pelo-grupo-aco-cearense\/\",\"url\":\"https:\/\/previews.elleven.digital\/acocearense\/noticia\/seminario-futura-trends-2020-e-apoiado-pelo-grupo-aco-cearense\/\",\"name\":\"Semin\u00e1rio Futura Trends 2020 \u00e9 apoiado pelo Grupo A\u00e7o Cearense - Grupo A\u00e7o Cearense\",\"isPartOf\":{\"@id\":\"https:\/\/previews.elleven.digital\/acocearense\/#website\"},\"primaryImageOfPage\":{\"@id\":\"https:\/\/previews.elleven.digital\/acocearense\/noticia\/seminario-futura-trends-2020-e-apoiado-pelo-grupo-aco-cearense\/#primaryimage\"},\"image\":{\"@id\":\"https:\/\/previews.elleven.digital\/acocearense\/noticia\/seminario-futura-trends-2020-e-apoiado-pelo-grupo-aco-cearense\/#primaryimage\"},\"thumbnailUrl\":\"https:\/\/previews.elleven.digital\/acocearense\/wp-content\/uploads\/2025\/05\/unnamed-1-2.png\",\"datePublished\":\"2020-10-22T20:01:42+00:00\",\"dateModified\":\"2025-05-07T20:02:01+00:00\",\"breadcrumb\":{\"@id\":\"https:\/\/previews.elleven.digital\/acocearense\/noticia\/seminario-futura-trends-2020-e-apoiado-pelo-grupo-aco-cearense\/#breadcrumb\"},\"inLanguage\":\"pt-BR\",\"potentialAction\":[{\"@type\":\"ReadAction\",\"target\":[\"https:\/\/previews.elleven.digital\/acocearense\/noticia\/seminario-futura-trends-2020-e-apoiado-pelo-grupo-aco-cearense\/\"]}]},{\"@type\":\"ImageObject\",\"inLanguage\":\"pt-BR\",\"@id\":\"https:\/\/previews.elleven.digital\/acocearense\/noticia\/seminario-futura-trends-2020-e-apoiado-pelo-grupo-aco-cearense\/#primaryimage\",\"url\":\"https:\/\/previews.elleven.digital\/acocearense\/wp-content\/uploads\/2025\/05\/unnamed-1-2.png\",\"contentUrl\":\"https:\/\/previews.elleven.digital\/acocearense\/wp-content\/uploads\/2025\/05\/unnamed-1-2.png\",\"width\":1200,\"height\":630},{\"@type\":\"BreadcrumbList\",\"@id\":\"https:\/\/previews.elleven.digital\/acocearense\/noticia\/seminario-futura-trends-2020-e-apoiado-pelo-grupo-aco-cearense\/#breadcrumb\",\"itemListElement\":[{\"@type\":\"ListItem\",\"position\":1,\"name\":\"In\u00edcio\",\"item\":\"https:\/\/previews.elleven.digital\/acocearense\/\"},{\"@type\":\"ListItem\",\"position\":2,\"name\":\"Not\u00edcias\",\"item\":\"https:\/\/previews.elleven.digital\/acocearense\/noticias\/\"},{\"@type\":\"ListItem\",\"position\":3,\"name\":\"Semin\u00e1rio Futura Trends 2020 \u00e9 apoiado pelo Grupo A\u00e7o Cearense\"}]},{\"@type\":\"WebSite\",\"@id\":\"https:\/\/previews.elleven.digital\/acocearense\/#website\",\"url\":\"https:\/\/previews.elleven.digital\/acocearense\/\",\"name\":\"A\u00e7o Cearense\",\"description\":\"H\u00e1 mais de 45 anos no mercado brasileiro do a\u00e7o.\",\"alternateName\":\"A\u00e7o Cearense\",\"potentialAction\":[{\"@type\":\"SearchAction\",\"target\":{\"@type\":\"EntryPoint\",\"urlTemplate\":\"https:\/\/previews.elleven.digital\/acocearense\/?s={search_term_string}\"},\"query-input\":{\"@type\":\"PropertyValueSpecification\",\"valueRequired\":true,\"valueName\":\"search_term_string\"}}],\"inLanguage\":\"pt-BR\"}]}<\/script>\n<!-- \/ Yoast SEO plugin. -->","yoast_head_json":{"title":"Semin\u00e1rio Futura Trends 2020 \u00e9 apoiado pelo Grupo A\u00e7o Cearense - Grupo A\u00e7o Cearense","robots":{"index":"index","follow":"follow","max-snippet":"max-snippet:-1","max-image-preview":"max-image-preview:large","max-video-preview":"max-video-preview:-1"},"canonical":"https:\/\/previews.elleven.digital\/acocearense\/noticia\/seminario-futura-trends-2020-e-apoiado-pelo-grupo-aco-cearense\/","og_locale":"pt_BR","og_type":"article","og_title":"Semin\u00e1rio Futura Trends 2020 \u00e9 apoiado pelo Grupo A\u00e7o Cearense - Grupo A\u00e7o Cearense","og_description":"Os povos do mundo presenciam uma das mais agressivas pandemias da hist\u00f3ria da humanidade. 41(...)","og_url":"https:\/\/previews.elleven.digital\/acocearense\/noticia\/seminario-futura-trends-2020-e-apoiado-pelo-grupo-aco-cearense\/","og_site_name":"Grupo A\u00e7o Cearense","article_modified_time":"2025-05-07T20:02:01+00:00","og_image":[{"width":1200,"height":630,"url":"https:\/\/previews.elleven.digital\/acocearense\/wp-content\/uploads\/2025\/05\/unnamed-1-2.png","type":"image\/png"}],"twitter_card":"summary_large_image","twitter_misc":{"Est. tempo de leitura":"2 minutos"},"schema":{"@context":"https:\/\/schema.org","@graph":[{"@type":"WebPage","@id":"https:\/\/previews.elleven.digital\/acocearense\/noticia\/seminario-futura-trends-2020-e-apoiado-pelo-grupo-aco-cearense\/","url":"https:\/\/previews.elleven.digital\/acocearense\/noticia\/seminario-futura-trends-2020-e-apoiado-pelo-grupo-aco-cearense\/","name":"Semin\u00e1rio Futura Trends 2020 \u00e9 apoiado pelo Grupo A\u00e7o Cearense - Grupo A\u00e7o Cearense","isPartOf":{"@id":"https:\/\/previews.elleven.digital\/acocearense\/#website"},"primaryImageOfPage":{"@id":"https:\/\/previews.elleven.digital\/acocearense\/noticia\/seminario-futura-trends-2020-e-apoiado-pelo-grupo-aco-cearense\/#primaryimage"},"image":{"@id":"https:\/\/previews.elleven.digital\/acocearense\/noticia\/seminario-futura-trends-2020-e-apoiado-pelo-grupo-aco-cearense\/#primaryimage"},"thumbnailUrl":"https:\/\/previews.elleven.digital\/acocearense\/wp-content\/uploads\/2025\/05\/unnamed-1-2.png","datePublished":"2020-10-22T20:01:42+00:00","dateModified":"2025-05-07T20:02:01+00:00","breadcrumb":{"@id":"https:\/\/previews.elleven.digital\/acocearense\/noticia\/seminario-futura-trends-2020-e-apoiado-pelo-grupo-aco-cearense\/#breadcrumb"},"inLanguage":"pt-BR","potentialAction":[{"@type":"ReadAction","target":["https:\/\/previews.elleven.digital\/acocearense\/noticia\/seminario-futura-trends-2020-e-apoiado-pelo-grupo-aco-cearense\/"]}]},{"@type":"ImageObject","inLanguage":"pt-BR","@id":"https:\/\/previews.elleven.digital\/acocearense\/noticia\/seminario-futura-trends-2020-e-apoiado-pelo-grupo-aco-cearense\/#primaryimage","url":"https:\/\/previews.elleven.digital\/acocearense\/wp-content\/uploads\/2025\/05\/unnamed-1-2.png","contentUrl":"https:\/\/previews.elleven.digital\/acocearense\/wp-content\/uploads\/2025\/05\/unnamed-1-2.png","width":1200,"height":630},{"@type":"BreadcrumbList","@id":"https:\/\/previews.elleven.digital\/acocearense\/noticia\/seminario-futura-trends-2020-e-apoiado-pelo-grupo-aco-cearense\/#breadcrumb","itemListElement":[{"@type":"ListItem","position":1,"name":"In\u00edcio","item":"https:\/\/previews.elleven.digital\/acocearense\/"},{"@type":"ListItem","position":2,"name":"Not\u00edcias","item":"https:\/\/previews.elleven.digital\/acocearense\/noticias\/"},{"@type":"ListItem","position":3,"name":"Semin\u00e1rio Futura Trends 2020 \u00e9 apoiado pelo Grupo A\u00e7o Cearense"}]},{"@type":"WebSite","@id":"https:\/\/previews.elleven.digital\/acocearense\/#website","url":"https:\/\/previews.elleven.digital\/acocearense\/","name":"A\u00e7o Cearense","description":"H\u00e1 mais de 45 anos no mercado brasileiro do a\u00e7o.","alternateName":"A\u00e7o Cearense","potentialAction":[{"@type":"SearchAction","target":{"@type":"EntryPoint","urlTemplate":"https:\/\/previews.elleven.digital\/acocearense\/?s={search_term_string}"},"query-input":{"@type":"PropertyValueSpecification","valueRequired":true,"valueName":"search_term_string"}}],"inLanguage":"pt-BR"}]}},"_links":{"self":[{"href":"https:\/\/previews.elleven.digital\/acocearense\/wp-json\/wp\/v2\/noticia\/2062","targetHints":{"allow":["GET"]}}],"collection":[{"href":"https:\/\/previews.elleven.digital\/acocearense\/wp-json\/wp\/v2\/noticia"}],"about":[{"href":"https:\/\/previews.elleven.digital\/acocearense\/wp-json\/wp\/v2\/types\/noticia"}],"wp:featuredmedia":[{"embeddable":true,"href":"https:\/\/previews.elleven.digital\/acocearense\/wp-json\/wp\/v2\/media\/2044"}],"wp:attachment":[{"href":"https:\/\/previews.elleven.digital\/acocearense\/wp-json\/wp\/v2\/media?parent=2062"}],"wp:term":[{"taxonomy":"categoria-noticia","embeddable":true,"href":"https:\/\/previews.elleven.digital\/acocearense\/wp-json\/wp\/v2\/categoria-noticia?post=2062"}],"curies":[{"name":"wp","href":"https:\/\/api.w.org\/{rel}","templated":true}]}}