{"id":2061,"date":"2020-10-01T17:00:24","date_gmt":"2020-10-01T20:00:24","guid":{"rendered":"https:\/\/previews.elleven.digital\/acocearense\/?post_type=noticia&#038;p=2061"},"modified":"2025-05-07T17:00:50","modified_gmt":"2025-05-07T20:00:50","slug":"grupo-aco-cearense-realiza-palestras-sobre-setembro-amarelo-para-colaboradores","status":"publish","type":"noticia","link":"https:\/\/previews.elleven.digital\/acocearense\/noticia\/grupo-aco-cearense-realiza-palestras-sobre-setembro-amarelo-para-colaboradores\/","title":{"rendered":"Grupo A\u00e7o Cearense realiza palestras sobre Setembro Amarelo para colaboradores"},"content":{"rendered":"<p align=\"justify\">O m\u00eas de setembro trouxe com ele um importante alerta \u00e0 toda a popula\u00e7\u00e3o, \u00e9 preciso ficar atento aos cuidados com a sa\u00fade emocional e mental. O Setembro Amarelo, campanha de preven\u00e7\u00e3o ao suic\u00eddio, foi o mote da palestra realizada pelo Grupo A\u00e7o Cearense para seus colaboradores das unidades situadas no Cear\u00e1, Para e Tocantins. O encontro foi realizado na \u00faltima ter\u00e7a-feira (29) de forma on-line.<\/p>\n<p align=\"justify\">As psic\u00f3logas L\u00edgiane Santiago e Tamyres Barbosa, conversaram com os colaboradores sobre a import\u00e2ncia de\u00a0manter o ambiente agrad\u00e1vel e identificar gatilhos emocionais que podem ser causadores de depress\u00e3o e ansiedade.<\/p>\n<p align=\"justify\">\u201cQuando as empresas abrem espa\u00e7o para abordar o tema setembro amarelo, temos a oportunidade de levar a mais pessoas acesso a informa\u00e7\u00f5es e estabelecer um di\u00e1logo mais aberto, afinal, a realidade \u00e9 que raras s\u00e3o as vezes que se fala sobre o suic\u00eddio no ambiente de trabalho.<\/p>\n<p align=\"justify\">As palestras sobre acolhimento e preven\u00e7\u00e3o ao suic\u00eddio em empresas podem oferecer uma ferramenta de apoio para o colaborador, atrav\u00e9s de respostas preventivas, di\u00e1logo com psic\u00f3logos, informa\u00e7\u00f5es para uma pessoa que esteja sofrendo em sil\u00eancio, como tamb\u00e9m para aqueles colegas de trabalho pr\u00f3ximos \u00e0 pessoa em risco\u201d, explica L\u00edgiane Santiago.<\/p>\n<p align=\"justify\"><img loading=\"lazy\" decoding=\"async\" class=\"alignright wp-image-8884\" src=\"https:\/\/previews.elleven.digital\/acocearense\/wp-content\/uploads\/2020\/10\/unnamed-2-223x300.jpg\" sizes=\"auto, (max-width: 209px) 100vw, 209px\" srcset=\"https:\/\/previews.elleven.digital\/acocearense\/wp-content\/uploads\/2020\/10\/unnamed-2-223x300.jpg 223w, https:\/\/previews.elleven.digital\/acocearense\/wp-content\/uploads\/2020\/10\/unnamed-2-760x1024.jpg 760w, https:\/\/previews.elleven.digital\/acocearense\/wp-content\/uploads\/2020\/10\/unnamed-2.jpg 762w\" alt=\"\" width=\"209\" height=\"281\" \/><\/p>\n<p align=\"justify\">A colaboradora Elaine Marcia Xavier, da SINOBRAS, empresa do Grupo situada em Marab\u00e1-PA, achou a palestra muito did\u00e1tica e importante. \u201cN\u00e3o devemos julgar e sim oferecer\u00a0ajuda,\u00a0depress\u00e3o n\u00e3o\u00a0\u00e9\u00a0frescura.<\/p>\n<p align=\"justify\">As pessoas que cometem o suic\u00eddio n\u00e3o querem morrer, elas querem fugir do sofrimento. Temos que ficar atentos e oferecer ajuda pois o\u00a0suic\u00eddio n\u00e3o \u00e9, e nunca deve ser, uma op\u00e7\u00e3o.\u00a0A vida \u00e9 o bem mais precioso que temos e precisamos lutar diariamente por ela\u201d, destacou a colaboradora.<\/p>\n<p align=\"justify\">Al\u00e9m da palestra, todos os gestores do Grupo receberam um\u00a0guia\u00a0de orienta\u00e7\u00e3o na\u00a0identifica\u00e7\u00e3o dos sinais de alerta.\u00a0Mais do que mostrar esses sinais que os colaboradores podem dar em rela\u00e7\u00e3o \u00e0 sa\u00fade emocional, o guia contribui com a\u00e7\u00f5es que podem ajudar o gestor no encaminhamento desse colaborador a um profissional da \u00e1rea de sa\u00fade.<\/p>\n","protected":false},"featured_media":2045,"template":"","meta":{"_acf_changed":false,"inline_featured_image":false},"categoria-noticia":[],"class_list":["post-2061","noticia","type-noticia","status-publish","has-post-thumbnail","hentry"],"acf":{"link":""},"yoast_head":"<!-- This site is optimized with the Yoast SEO plugin v25.9 - https:\/\/yoast.com\/wordpress\/plugins\/seo\/ -->\n<title>Grupo A\u00e7o Cearense realiza palestras sobre Setembro Amarelo para colaboradores - Grupo A\u00e7o Cearense<\/title>\n<meta name=\"robots\" content=\"index, follow, max-snippet:-1, max-image-preview:large, max-video-preview:-1\" \/>\n<link rel=\"canonical\" href=\"https:\/\/previews.elleven.digital\/acocearense\/noticia\/grupo-aco-cearense-realiza-palestras-sobre-setembro-amarelo-para-colaboradores\/\" \/>\n<meta property=\"og:locale\" content=\"pt_BR\" \/>\n<meta property=\"og:type\" content=\"article\" \/>\n<meta property=\"og:title\" content=\"Grupo A\u00e7o Cearense realiza palestras sobre Setembro Amarelo para colaboradores - Grupo A\u00e7o Cearense\" \/>\n<meta property=\"og:description\" content=\"O m\u00eas de setembro trouxe com ele um importante alerta \u00e0 toda a popula\u00e7\u00e3o, \u00e9(...)\" \/>\n<meta property=\"og:url\" content=\"https:\/\/previews.elleven.digital\/acocearense\/noticia\/grupo-aco-cearense-realiza-palestras-sobre-setembro-amarelo-para-colaboradores\/\" \/>\n<meta property=\"og:site_name\" content=\"Grupo A\u00e7o Cearense\" \/>\n<meta property=\"article:modified_time\" content=\"2025-05-07T20:00:50+00:00\" \/>\n<meta property=\"og:image\" content=\"https:\/\/previews.elleven.digital\/acocearense\/wp-content\/uploads\/2025\/05\/setembro-amarelo-gac.jpg\" \/>\n\t<meta property=\"og:image:width\" content=\"500\" \/>\n\t<meta property=\"og:image:height\" content=\"400\" \/>\n\t<meta property=\"og:image:type\" content=\"image\/jpeg\" \/>\n<meta name=\"twitter:card\" content=\"summary_large_image\" \/>\n<meta name=\"twitter:label1\" content=\"Est. tempo de leitura\" \/>\n\t<meta name=\"twitter:data1\" content=\"3 minutos\" \/>\n<script type=\"application\/ld+json\" class=\"yoast-schema-graph\">{\"@context\":\"https:\/\/schema.org\",\"@graph\":[{\"@type\":\"WebPage\",\"@id\":\"https:\/\/previews.elleven.digital\/acocearense\/noticia\/grupo-aco-cearense-realiza-palestras-sobre-setembro-amarelo-para-colaboradores\/\",\"url\":\"https:\/\/previews.elleven.digital\/acocearense\/noticia\/grupo-aco-cearense-realiza-palestras-sobre-setembro-amarelo-para-colaboradores\/\",\"name\":\"Grupo A\u00e7o Cearense realiza palestras sobre Setembro Amarelo para colaboradores - Grupo A\u00e7o Cearense\",\"isPartOf\":{\"@id\":\"https:\/\/previews.elleven.digital\/acocearense\/#website\"},\"primaryImageOfPage\":{\"@id\":\"https:\/\/previews.elleven.digital\/acocearense\/noticia\/grupo-aco-cearense-realiza-palestras-sobre-setembro-amarelo-para-colaboradores\/#primaryimage\"},\"image\":{\"@id\":\"https:\/\/previews.elleven.digital\/acocearense\/noticia\/grupo-aco-cearense-realiza-palestras-sobre-setembro-amarelo-para-colaboradores\/#primaryimage\"},\"thumbnailUrl\":\"https:\/\/previews.elleven.digital\/acocearense\/wp-content\/uploads\/2025\/05\/setembro-amarelo-gac.jpg\",\"datePublished\":\"2020-10-01T20:00:24+00:00\",\"dateModified\":\"2025-05-07T20:00:50+00:00\",\"breadcrumb\":{\"@id\":\"https:\/\/previews.elleven.digital\/acocearense\/noticia\/grupo-aco-cearense-realiza-palestras-sobre-setembro-amarelo-para-colaboradores\/#breadcrumb\"},\"inLanguage\":\"pt-BR\",\"potentialAction\":[{\"@type\":\"ReadAction\",\"target\":[\"https:\/\/previews.elleven.digital\/acocearense\/noticia\/grupo-aco-cearense-realiza-palestras-sobre-setembro-amarelo-para-colaboradores\/\"]}]},{\"@type\":\"ImageObject\",\"inLanguage\":\"pt-BR\",\"@id\":\"https:\/\/previews.elleven.digital\/acocearense\/noticia\/grupo-aco-cearense-realiza-palestras-sobre-setembro-amarelo-para-colaboradores\/#primaryimage\",\"url\":\"https:\/\/previews.elleven.digital\/acocearense\/wp-content\/uploads\/2025\/05\/setembro-amarelo-gac.jpg\",\"contentUrl\":\"https:\/\/previews.elleven.digital\/acocearense\/wp-content\/uploads\/2025\/05\/setembro-amarelo-gac.jpg\",\"width\":500,\"height\":400},{\"@type\":\"BreadcrumbList\",\"@id\":\"https:\/\/previews.elleven.digital\/acocearense\/noticia\/grupo-aco-cearense-realiza-palestras-sobre-setembro-amarelo-para-colaboradores\/#breadcrumb\",\"itemListElement\":[{\"@type\":\"ListItem\",\"position\":1,\"name\":\"In\u00edcio\",\"item\":\"https:\/\/previews.elleven.digital\/acocearense\/\"},{\"@type\":\"ListItem\",\"position\":2,\"name\":\"Not\u00edcias\",\"item\":\"https:\/\/previews.elleven.digital\/acocearense\/noticias\/\"},{\"@type\":\"ListItem\",\"position\":3,\"name\":\"Grupo A\u00e7o Cearense realiza palestras sobre Setembro Amarelo para colaboradores\"}]},{\"@type\":\"WebSite\",\"@id\":\"https:\/\/previews.elleven.digital\/acocearense\/#website\",\"url\":\"https:\/\/previews.elleven.digital\/acocearense\/\",\"name\":\"A\u00e7o Cearense\",\"description\":\"H\u00e1 mais de 45 anos no mercado brasileiro do a\u00e7o.\",\"alternateName\":\"A\u00e7o Cearense\",\"potentialAction\":[{\"@type\":\"SearchAction\",\"target\":{\"@type\":\"EntryPoint\",\"urlTemplate\":\"https:\/\/previews.elleven.digital\/acocearense\/?s={search_term_string}\"},\"query-input\":{\"@type\":\"PropertyValueSpecification\",\"valueRequired\":true,\"valueName\":\"search_term_string\"}}],\"inLanguage\":\"pt-BR\"}]}<\/script>\n<!-- \/ Yoast SEO plugin. -->","yoast_head_json":{"title":"Grupo A\u00e7o Cearense realiza palestras sobre Setembro Amarelo para colaboradores - Grupo A\u00e7o Cearense","robots":{"index":"index","follow":"follow","max-snippet":"max-snippet:-1","max-image-preview":"max-image-preview:large","max-video-preview":"max-video-preview:-1"},"canonical":"https:\/\/previews.elleven.digital\/acocearense\/noticia\/grupo-aco-cearense-realiza-palestras-sobre-setembro-amarelo-para-colaboradores\/","og_locale":"pt_BR","og_type":"article","og_title":"Grupo A\u00e7o Cearense realiza palestras sobre Setembro Amarelo para colaboradores - Grupo A\u00e7o Cearense","og_description":"O m\u00eas de setembro trouxe com ele um importante alerta \u00e0 toda a popula\u00e7\u00e3o, \u00e9(...)","og_url":"https:\/\/previews.elleven.digital\/acocearense\/noticia\/grupo-aco-cearense-realiza-palestras-sobre-setembro-amarelo-para-colaboradores\/","og_site_name":"Grupo A\u00e7o Cearense","article_modified_time":"2025-05-07T20:00:50+00:00","og_image":[{"width":500,"height":400,"url":"https:\/\/previews.elleven.digital\/acocearense\/wp-content\/uploads\/2025\/05\/setembro-amarelo-gac.jpg","type":"image\/jpeg"}],"twitter_card":"summary_large_image","twitter_misc":{"Est. tempo de leitura":"3 minutos"},"schema":{"@context":"https:\/\/schema.org","@graph":[{"@type":"WebPage","@id":"https:\/\/previews.elleven.digital\/acocearense\/noticia\/grupo-aco-cearense-realiza-palestras-sobre-setembro-amarelo-para-colaboradores\/","url":"https:\/\/previews.elleven.digital\/acocearense\/noticia\/grupo-aco-cearense-realiza-palestras-sobre-setembro-amarelo-para-colaboradores\/","name":"Grupo A\u00e7o Cearense realiza palestras sobre Setembro Amarelo para colaboradores - Grupo A\u00e7o Cearense","isPartOf":{"@id":"https:\/\/previews.elleven.digital\/acocearense\/#website"},"primaryImageOfPage":{"@id":"https:\/\/previews.elleven.digital\/acocearense\/noticia\/grupo-aco-cearense-realiza-palestras-sobre-setembro-amarelo-para-colaboradores\/#primaryimage"},"image":{"@id":"https:\/\/previews.elleven.digital\/acocearense\/noticia\/grupo-aco-cearense-realiza-palestras-sobre-setembro-amarelo-para-colaboradores\/#primaryimage"},"thumbnailUrl":"https:\/\/previews.elleven.digital\/acocearense\/wp-content\/uploads\/2025\/05\/setembro-amarelo-gac.jpg","datePublished":"2020-10-01T20:00:24+00:00","dateModified":"2025-05-07T20:00:50+00:00","breadcrumb":{"@id":"https:\/\/previews.elleven.digital\/acocearense\/noticia\/grupo-aco-cearense-realiza-palestras-sobre-setembro-amarelo-para-colaboradores\/#breadcrumb"},"inLanguage":"pt-BR","potentialAction":[{"@type":"ReadAction","target":["https:\/\/previews.elleven.digital\/acocearense\/noticia\/grupo-aco-cearense-realiza-palestras-sobre-setembro-amarelo-para-colaboradores\/"]}]},{"@type":"ImageObject","inLanguage":"pt-BR","@id":"https:\/\/previews.elleven.digital\/acocearense\/noticia\/grupo-aco-cearense-realiza-palestras-sobre-setembro-amarelo-para-colaboradores\/#primaryimage","url":"https:\/\/previews.elleven.digital\/acocearense\/wp-content\/uploads\/2025\/05\/setembro-amarelo-gac.jpg","contentUrl":"https:\/\/previews.elleven.digital\/acocearense\/wp-content\/uploads\/2025\/05\/setembro-amarelo-gac.jpg","width":500,"height":400},{"@type":"BreadcrumbList","@id":"https:\/\/previews.elleven.digital\/acocearense\/noticia\/grupo-aco-cearense-realiza-palestras-sobre-setembro-amarelo-para-colaboradores\/#breadcrumb","itemListElement":[{"@type":"ListItem","position":1,"name":"In\u00edcio","item":"https:\/\/previews.elleven.digital\/acocearense\/"},{"@type":"ListItem","position":2,"name":"Not\u00edcias","item":"https:\/\/previews.elleven.digital\/acocearense\/noticias\/"},{"@type":"ListItem","position":3,"name":"Grupo A\u00e7o Cearense realiza palestras sobre Setembro Amarelo para colaboradores"}]},{"@type":"WebSite","@id":"https:\/\/previews.elleven.digital\/acocearense\/#website","url":"https:\/\/previews.elleven.digital\/acocearense\/","name":"A\u00e7o Cearense","description":"H\u00e1 mais de 45 anos no mercado brasileiro do a\u00e7o.","alternateName":"A\u00e7o Cearense","potentialAction":[{"@type":"SearchAction","target":{"@type":"EntryPoint","urlTemplate":"https:\/\/previews.elleven.digital\/acocearense\/?s={search_term_string}"},"query-input":{"@type":"PropertyValueSpecification","valueRequired":true,"valueName":"search_term_string"}}],"inLanguage":"pt-BR"}]}},"_links":{"self":[{"href":"https:\/\/previews.elleven.digital\/acocearense\/wp-json\/wp\/v2\/noticia\/2061","targetHints":{"allow":["GET"]}}],"collection":[{"href":"https:\/\/previews.elleven.digital\/acocearense\/wp-json\/wp\/v2\/noticia"}],"about":[{"href":"https:\/\/previews.elleven.digital\/acocearense\/wp-json\/wp\/v2\/types\/noticia"}],"wp:featuredmedia":[{"embeddable":true,"href":"https:\/\/previews.elleven.digital\/acocearense\/wp-json\/wp\/v2\/media\/2045"}],"wp:attachment":[{"href":"https:\/\/previews.elleven.digital\/acocearense\/wp-json\/wp\/v2\/media?parent=2061"}],"wp:term":[{"taxonomy":"categoria-noticia","embeddable":true,"href":"https:\/\/previews.elleven.digital\/acocearense\/wp-json\/wp\/v2\/categoria-noticia?post=2061"}],"curies":[{"name":"wp","href":"https:\/\/api.w.org\/{rel}","templated":true}]}}